{"id":391161,"date":"2026-02-27T14:00:00","date_gmt":"2026-02-27T17:00:00","guid":{"rendered":"https:\/\/portaltela.pt\/noticias\/2026\/02\/27\/coproducao-portuguesa-vence-cesar-de-melhor-animacao\/"},"modified":"2026-02-27T14:00:00","modified_gmt":"2026-02-27T17:00:00","slug":"coproducao-portuguesa-vence-cesar-de-melhor-animacao","status":"publish","type":"post","link":"https:\/\/portaltela.pt\/noticias\/2026\/02\/27\/coproducao-portuguesa-vence-cesar-de-melhor-animacao\/","title":{"rendered":"Coprodu\u00e7\u00e3o portuguesa vence C\u00e9sar de melhor anima\u00e7\u00e3o"},"content":{"rendered":"<p>Foram anunciados, na quinta-feira \u00e0 noite, os vencedores da 51.\u00aa edi\u00e7\u00e3o dos C\u00e9sar, os pr\u00e9mios do cinema franc\u00eas. Entre os galardoados est\u00e1 uma coprodu\u00e7\u00e3o portuguesa: Filha da \u00c1gua ganhou o C\u00e9sar de melhor curta-metragem de anima\u00e7\u00e3o. A obra \u00e9 uma coprodu\u00e7\u00e3o entre Caimans Productions (Fran\u00e7a), Valk Productions (Holanda) e Animais (Portugal), com apoio do ICA.<\/p>\n<p>O produtor Nuno Amorim, da Animais, reagiu ao pr\u00e9mio. Considerou-o \u201creconhecimento do percurso do filme\u201d e da vis\u00e3o de Sandra Desmazi\u00e8res. Acrescentou que a distin\u00e7\u00e3o refor\u00e7a o compromisso da Animais com a anima\u00e7\u00e3o de autor e evidencia a presen\u00e7a do cinema portugu\u00eas a n\u00edvel internacional.<\/p>\n<p>Filha da \u00c1gua apresenta Mia, uma mulher que mergulha em apneia para revisitar mem\u00f3rias de amor, perda e maternidade n\u00e3o concretizada. O filme n\u00e3o tem di\u00e1logos e \u00e9 constru\u00eddo com anima\u00e7\u00e3o desenhada e pintada \u00e0 m\u00e3o, enfatizando tempo, \u00e1gua e mem\u00f3ria.<\/p>\n<h3>Elementos premiados e reconhecimentos<\/h3>\n<p>O C\u00e9sar de melhor filme franc\u00eas foi atribu\u00eddo a L\u2019Attachement, de Carine Tardieu, que aborda a estrutura familiar numa narrativa sobre paternidade, uma livreira feminista e uma crian\u00e7a.<\/p>\n<h3>Realiza\u00e7\u00e3o e filme estrangeiro<\/h3>\n<p>Richard Linklater recebeu o C\u00e9sar de realiza\u00e7\u00e3o pela obra Nouvelle Vague, que rev\u00ea fases-chave da hist\u00f3ria do cinema. O pr\u00e9mio de melhor filme estrangeiro ficou com Batalha Atr\u00e1s da Batalha, candidato aos \u00d3scars que se realizam a 15 de mar\u00e7o.<\/p>\n<h3>Interpretatividade e estreias<\/h3>\n<p>L\u00e9a Drucker venceu a categoria de interpreta\u00e7\u00e3o por Dossier 137, enquanto Laurent Lafitte foi reconhecido por A Mulher mais rica do mundo. Ambos os filmes tiveram previs\u00f5es de estreia em Portugal nas pr\u00f3ximas semanas.<\/p>\n","protected":false},"excerpt":{"rendered":"<ul>\n<li>A 51.\u00aa edi\u00e7\u00e3o dos C\u00e9sar anunciou os vencedores; \u201cFilha da \u00c1gua\u201d venceu o C\u00e9sar de melhor curta-metragem de anima\u00e7\u00e3o, coprodu\u00e7\u00e3o entre Fran\u00e7a, Holanda e Portugal com apoio do Instituto do Cinema e do Audiovisual (ICA).<\/li>\n<li>O produtor Nuno Amorim, da Animais, destacou que o pr\u00e9mio \u00e9 reconhecimento ao percurso do filme e \u00e0 vis\u00e3o da realizadora Sandra Desmazi\u00e8res, refor\u00e7ando a presen\u00e7a portuguesa no cinema internacional.<\/li>\n<li>A sinopse oficial descreve Mia, uma mulher que mergulha em apneia ao longo da vida, revisitando mem\u00f3rias de amor, perda e maternidade, numa anima\u00e7\u00e3o inteiramente desenhada e pintada \u00e0 m\u00e3o, sem di\u00e1logos.<\/li>\n<li>O C\u00e9sar de melhor filme franc\u00eas foi para \u201cL\u2019Attachement\u201d (Carine Tardieu); o de realiza\u00e7\u00e3o foi para Richard Linklater, por \u201cNouvelle Vague\u201d. O melhor filme estrangeiro ficou com \u201cBatalha Atr\u00e1s da Batalha\u201d.<\/li>\n<li>Nas categorias de interpreta\u00e7\u00e3o foram partilhadas entre L\u00e9a Drucker (\u201cDossier 137\u201d) e Laurent Lafitte (\u201cA Mulher mais rica do mundo\u201d); estes filmes chegam a Portugal nas pr\u00f3ximas semanas.<\/li>\n<\/ul>\n","protected":false},"author":2,"featured_media":391168,"comment_status":"closed","ping_status":"closed","sticky":false,"template":"","format":"standard","meta":{"footnotes":""},"categories":[1],"tags":[5812,3091,112,2158,1033,1014],"class_list":["post-391161","post","type-post","status-publish","format-standard","has-post-thumbnail","hentry","category-noticias","tag-animacao","tag-animais","tag-cinema","tag-coproducoes-internacionais","tag-made-in-portugal","tag-portugal"],"yoast_head":"<!-- This site is optimized with the Yoast SEO plugin v27.2 - https:\/\/yoast.com\/product\/yoast-seo-wordpress\/ -->\n<title>Coprodu\u00e7\u00e3o portuguesa vence C\u00e9sar de melhor anima\u00e7\u00e3o - Portal Tela Portugal<\/title>\n<meta name=\"robots\" content=\"index, follow, max-snippet:-1, max-image-preview:large, max-video-preview:-1\" \/>\n<meta property=\"og:locale\" content=\"pt_PT\" \/>\n<meta property=\"og:type\" content=\"article\" \/>\n<meta property=\"og:title\" content=\"Coprodu\u00e7\u00e3o portuguesa vence C\u00e9sar de melhor anima\u00e7\u00e3o - Portal Tela Portugal\" \/>\n<meta property=\"og:description\" content=\"A 51.\u00aa edi\u00e7\u00e3o dos C\u00e9sar anunciou os vencedores; \u201cFilha da \u00c1gua\u201d venceu o C\u00e9sar de melhor curta-metragem de anima\u00e7\u00e3o, coprodu\u00e7\u00e3o entre Fran\u00e7a, Holanda e Portugal com apoio do Instituto do Cinema e do Audiovisual (ICA). O produtor Nuno Amorim, da Animais, destacou que o pr\u00e9mio \u00e9 reconhecimento ao percurso do filme e \u00e0 vis\u00e3o da realizadora Sandra Desmazi\u00e8res, refor\u00e7ando a presen\u00e7a portuguesa no cinema internacional. A sinopse oficial descreve Mia, uma mulher que mergulha em apneia ao longo da vida, revisitando mem\u00f3rias de amor, perda e maternidade, numa anima\u00e7\u00e3o inteiramente desenhada e pintada \u00e0 m\u00e3o, sem di\u00e1logos. O C\u00e9sar de melhor filme franc\u00eas foi para \u201cL\u2019Attachement\u201d (Carine Tardieu); o de realiza\u00e7\u00e3o foi para Richard Linklater, por \u201cNouvelle Vague\u201d. O melhor filme estrangeiro ficou com \u201cBatalha Atr\u00e1s da Batalha\u201d. Nas categorias de interpreta\u00e7\u00e3o foram partilhadas entre L\u00e9a Drucker (\u201cDossier 137\u201d) e Laurent Lafitte (\u201cA Mulher mais rica do mundo\u201d); estes filmes chegam a Portugal nas pr\u00f3ximas semanas.\" \/>\n<meta property=\"og:url\" content=\"https:\/\/portaltela.pt\/noticias\/2026\/02\/27\/coproducao-portuguesa-vence-cesar-de-melhor-animacao\/\" \/>\n<meta property=\"og:site_name\" content=\"Portal Tela Portugal\" \/>\n<meta property=\"article:published_time\" content=\"2026-02-27T17:00:00+00:00\" \/>\n<meta name=\"author\" content=\"Telinha\" \/>\n<meta name=\"twitter:card\" content=\"summary_large_image\" \/>\n<meta name=\"twitter:label1\" content=\"Escrito por\" \/>\n\t<meta name=\"twitter:data1\" content=\"Telinha\" \/>\n\t<meta name=\"twitter:label2\" content=\"Tempo estimado de leitura\" \/>\n\t<meta name=\"twitter:data2\" content=\"1 minuto\" \/>\n<script type=\"application\/ld+json\" class=\"yoast-schema-graph\">{\"@context\":\"https:\/\/schema.org\",\"@graph\":[{\"@type\":\"Article\",\"@id\":\"https:\/\/portaltela.pt\/noticias\/2026\/02\/27\/coproducao-portuguesa-vence-cesar-de-melhor-animacao\/#article\",\"isPartOf\":{\"@id\":\"https:\/\/portaltela.pt\/noticias\/2026\/02\/27\/coproducao-portuguesa-vence-cesar-de-melhor-animacao\/\"},\"author\":{\"name\":\"Telinha\",\"@id\":\"https:\/\/portaltela.pt\/#\/schema\/person\/c4278d4a6028830caff9ee44b42d32ed\"},\"headline\":\"Coprodu\u00e7\u00e3o portuguesa vence C\u00e9sar de melhor anima\u00e7\u00e3o\",\"datePublished\":\"2026-02-27T17:00:00+00:00\",\"mainEntityOfPage\":{\"@id\":\"https:\/\/portaltela.pt\/noticias\/2026\/02\/27\/coproducao-portuguesa-vence-cesar-de-melhor-animacao\/\"},\"wordCount\":299,\"image\":{\"@id\":\"https:\/\/portaltela.pt\/noticias\/2026\/02\/27\/coproducao-portuguesa-vence-cesar-de-melhor-animacao\/#primaryimage\"},\"thumbnailUrl\":\"https:\/\/portaltela.pt\/s.01k8rhncp4jt1\/2026\/02\/image-2038.jpg\",\"keywords\":[\"anima\u00e7\u00e3o\",\"animais\",\"cinema\",\"coprodu\u00e7\u00f5es internacionais\",\"Made in Portugal\",\"Portugal\"],\"articleSection\":[\"Not\u00edcias\"],\"inLanguage\":\"pt-PT\"},{\"@type\":\"WebPage\",\"@id\":\"https:\/\/portaltela.pt\/noticias\/2026\/02\/27\/coproducao-portuguesa-vence-cesar-de-melhor-animacao\/\",\"url\":\"https:\/\/portaltela.pt\/noticias\/2026\/02\/27\/coproducao-portuguesa-vence-cesar-de-melhor-animacao\/\",\"name\":\"Coprodu\u00e7\u00e3o portuguesa vence C\u00e9sar de melhor anima\u00e7\u00e3o - Portal Tela Portugal\",\"isPartOf\":{\"@id\":\"https:\/\/portaltela.pt\/#website\"},\"primaryImageOfPage\":{\"@id\":\"https:\/\/portaltela.pt\/noticias\/2026\/02\/27\/coproducao-portuguesa-vence-cesar-de-melhor-animacao\/#primaryimage\"},\"image\":{\"@id\":\"https:\/\/portaltela.pt\/noticias\/2026\/02\/27\/coproducao-portuguesa-vence-cesar-de-melhor-animacao\/#primaryimage\"},\"thumbnailUrl\":\"https:\/\/portaltela.pt\/s.01k8rhncp4jt1\/2026\/02\/image-2038.jpg\",\"datePublished\":\"2026-02-27T17:00:00+00:00\",\"author\":{\"@id\":\"https:\/\/portaltela.pt\/#\/schema\/person\/c4278d4a6028830caff9ee44b42d32ed\"},\"breadcrumb\":{\"@id\":\"https:\/\/portaltela.pt\/noticias\/2026\/02\/27\/coproducao-portuguesa-vence-cesar-de-melhor-animacao\/#breadcrumb\"},\"inLanguage\":\"pt-PT\",\"potentialAction\":[{\"@type\":\"ReadAction\",\"target\":[\"https:\/\/portaltela.pt\/noticias\/2026\/02\/27\/coproducao-portuguesa-vence-cesar-de-melhor-animacao\/\"]}]},{\"@type\":\"ImageObject\",\"inLanguage\":\"pt-PT\",\"@id\":\"https:\/\/portaltela.pt\/noticias\/2026\/02\/27\/coproducao-portuguesa-vence-cesar-de-melhor-animacao\/#primaryimage\",\"url\":\"https:\/\/portaltela.pt\/s.01k8rhncp4jt1\/2026\/02\/image-2038.jpg\",\"contentUrl\":\"https:\/\/portaltela.pt\/s.01k8rhncp4jt1\/2026\/02\/image-2038.jpg\",\"width\":796,\"height\":448,\"caption\":\"Considerados os principais pr\u00e9mios do cinema franc\u00eas, os C\u00e9sar distinguem anualmente as obras e profissionais que mais se destacaram no panorama cinematogr\u00e1fico\"},{\"@type\":\"BreadcrumbList\",\"@id\":\"https:\/\/portaltela.pt\/noticias\/2026\/02\/27\/coproducao-portuguesa-vence-cesar-de-melhor-animacao\/#breadcrumb\",\"itemListElement\":[{\"@type\":\"ListItem\",\"position\":1,\"name\":\"In\u00edcio\",\"item\":\"https:\/\/portaltela.pt\/\"},{\"@type\":\"ListItem\",\"position\":2,\"name\":\"Coprodu\u00e7\u00e3o portuguesa vence C\u00e9sar de melhor anima\u00e7\u00e3o\"}]},{\"@type\":\"WebSite\",\"@id\":\"https:\/\/portaltela.pt\/#website\",\"url\":\"https:\/\/portaltela.pt\/\",\"name\":\"Portal Tela Portugal\",\"description\":\"\",\"potentialAction\":[{\"@type\":\"SearchAction\",\"target\":{\"@type\":\"EntryPoint\",\"urlTemplate\":\"https:\/\/portaltela.pt\/?s={search_term_string}\"},\"query-input\":{\"@type\":\"PropertyValueSpecification\",\"valueRequired\":true,\"valueName\":\"search_term_string\"}}],\"inLanguage\":\"pt-PT\"},{\"@type\":\"Person\",\"@id\":\"https:\/\/portaltela.pt\/#\/schema\/person\/c4278d4a6028830caff9ee44b42d32ed\",\"name\":\"Telinha\",\"image\":{\"@type\":\"ImageObject\",\"inLanguage\":\"pt-PT\",\"@id\":\"https:\/\/portaltela.pt\/s.01k8rhncp4jt1\/2025\/11\/talking-bot-125x125.png\",\"url\":\"https:\/\/portaltela.pt\/s.01k8rhncp4jt1\/2025\/11\/talking-bot-125x125.png\",\"contentUrl\":\"https:\/\/portaltela.pt\/s.01k8rhncp4jt1\/2025\/11\/talking-bot-125x125.png\",\"caption\":\"Telinha\"},\"sameAs\":[\"https:\/\/portaltela.pt\/\"],\"url\":\"https:\/\/portaltela.pt\/por\/367410592786\/\"}]}<\/script>\n<!-- \/ Yoast SEO plugin. -->","yoast_head_json":{"title":"Coprodu\u00e7\u00e3o portuguesa vence C\u00e9sar de melhor anima\u00e7\u00e3o - Portal Tela Portugal","robots":{"index":"index","follow":"follow","max-snippet":"max-snippet:-1","max-image-preview":"max-image-preview:large","max-video-preview":"max-video-preview:-1"},"og_locale":"pt_PT","og_type":"article","og_title":"Coprodu\u00e7\u00e3o portuguesa vence C\u00e9sar de melhor anima\u00e7\u00e3o - Portal Tela Portugal","og_description":"A 51.\u00aa edi\u00e7\u00e3o dos C\u00e9sar anunciou os vencedores; \u201cFilha da \u00c1gua\u201d venceu o C\u00e9sar de melhor curta-metragem de anima\u00e7\u00e3o, coprodu\u00e7\u00e3o entre Fran\u00e7a, Holanda e Portugal com apoio do Instituto do Cinema e do Audiovisual (ICA). O produtor Nuno Amorim, da Animais, destacou que o pr\u00e9mio \u00e9 reconhecimento ao percurso do filme e \u00e0 vis\u00e3o da realizadora Sandra Desmazi\u00e8res, refor\u00e7ando a presen\u00e7a portuguesa no cinema internacional. A sinopse oficial descreve Mia, uma mulher que mergulha em apneia ao longo da vida, revisitando mem\u00f3rias de amor, perda e maternidade, numa anima\u00e7\u00e3o inteiramente desenhada e pintada \u00e0 m\u00e3o, sem di\u00e1logos. O C\u00e9sar de melhor filme franc\u00eas foi para \u201cL\u2019Attachement\u201d (Carine Tardieu); o de realiza\u00e7\u00e3o foi para Richard Linklater, por \u201cNouvelle Vague\u201d. O melhor filme estrangeiro ficou com \u201cBatalha Atr\u00e1s da Batalha\u201d. Nas categorias de interpreta\u00e7\u00e3o foram partilhadas entre L\u00e9a Drucker (\u201cDossier 137\u201d) e Laurent Lafitte (\u201cA Mulher mais rica do mundo\u201d); estes filmes chegam a Portugal nas pr\u00f3ximas semanas.","og_url":"https:\/\/portaltela.pt\/noticias\/2026\/02\/27\/coproducao-portuguesa-vence-cesar-de-melhor-animacao\/","og_site_name":"Portal Tela Portugal","article_published_time":"2026-02-27T17:00:00+00:00","author":"Telinha","twitter_card":"summary_large_image","twitter_misc":{"Escrito por":"Telinha","Tempo estimado de leitura":"1 minuto"},"schema":{"@context":"https:\/\/schema.org","@graph":[{"@type":"Article","@id":"https:\/\/portaltela.pt\/noticias\/2026\/02\/27\/coproducao-portuguesa-vence-cesar-de-melhor-animacao\/#article","isPartOf":{"@id":"https:\/\/portaltela.pt\/noticias\/2026\/02\/27\/coproducao-portuguesa-vence-cesar-de-melhor-animacao\/"},"author":{"name":"Telinha","@id":"https:\/\/portaltela.pt\/#\/schema\/person\/c4278d4a6028830caff9ee44b42d32ed"},"headline":"Coprodu\u00e7\u00e3o portuguesa vence C\u00e9sar de melhor anima\u00e7\u00e3o","datePublished":"2026-02-27T17:00:00+00:00","mainEntityOfPage":{"@id":"https:\/\/portaltela.pt\/noticias\/2026\/02\/27\/coproducao-portuguesa-vence-cesar-de-melhor-animacao\/"},"wordCount":299,"image":{"@id":"https:\/\/portaltela.pt\/noticias\/2026\/02\/27\/coproducao-portuguesa-vence-cesar-de-melhor-animacao\/#primaryimage"},"thumbnailUrl":"https:\/\/portaltela.pt\/s.01k8rhncp4jt1\/2026\/02\/image-2038.jpg","keywords":["anima\u00e7\u00e3o","animais","cinema","coprodu\u00e7\u00f5es internacionais","Made in Portugal","Portugal"],"articleSection":["Not\u00edcias"],"inLanguage":"pt-PT"},{"@type":"WebPage","@id":"https:\/\/portaltela.pt\/noticias\/2026\/02\/27\/coproducao-portuguesa-vence-cesar-de-melhor-animacao\/","url":"https:\/\/portaltela.pt\/noticias\/2026\/02\/27\/coproducao-portuguesa-vence-cesar-de-melhor-animacao\/","name":"Coprodu\u00e7\u00e3o portuguesa vence C\u00e9sar de melhor anima\u00e7\u00e3o - Portal Tela Portugal","isPartOf":{"@id":"https:\/\/portaltela.pt\/#website"},"primaryImageOfPage":{"@id":"https:\/\/portaltela.pt\/noticias\/2026\/02\/27\/coproducao-portuguesa-vence-cesar-de-melhor-animacao\/#primaryimage"},"image":{"@id":"https:\/\/portaltela.pt\/noticias\/2026\/02\/27\/coproducao-portuguesa-vence-cesar-de-melhor-animacao\/#primaryimage"},"thumbnailUrl":"https:\/\/portaltela.pt\/s.01k8rhncp4jt1\/2026\/02\/image-2038.jpg","datePublished":"2026-02-27T17:00:00+00:00","author":{"@id":"https:\/\/portaltela.pt\/#\/schema\/person\/c4278d4a6028830caff9ee44b42d32ed"},"breadcrumb":{"@id":"https:\/\/portaltela.pt\/noticias\/2026\/02\/27\/coproducao-portuguesa-vence-cesar-de-melhor-animacao\/#breadcrumb"},"inLanguage":"pt-PT","potentialAction":[{"@type":"ReadAction","target":["https:\/\/portaltela.pt\/noticias\/2026\/02\/27\/coproducao-portuguesa-vence-cesar-de-melhor-animacao\/"]}]},{"@type":"ImageObject","inLanguage":"pt-PT","@id":"https:\/\/portaltela.pt\/noticias\/2026\/02\/27\/coproducao-portuguesa-vence-cesar-de-melhor-animacao\/#primaryimage","url":"https:\/\/portaltela.pt\/s.01k8rhncp4jt1\/2026\/02\/image-2038.jpg","contentUrl":"https:\/\/portaltela.pt\/s.01k8rhncp4jt1\/2026\/02\/image-2038.jpg","width":796,"height":448,"caption":"Considerados os principais pr\u00e9mios do cinema franc\u00eas, os C\u00e9sar distinguem anualmente as obras e profissionais que mais se destacaram no panorama cinematogr\u00e1fico"},{"@type":"BreadcrumbList","@id":"https:\/\/portaltela.pt\/noticias\/2026\/02\/27\/coproducao-portuguesa-vence-cesar-de-melhor-animacao\/#breadcrumb","itemListElement":[{"@type":"ListItem","position":1,"name":"In\u00edcio","item":"https:\/\/portaltela.pt\/"},{"@type":"ListItem","position":2,"name":"Coprodu\u00e7\u00e3o portuguesa vence C\u00e9sar de melhor anima\u00e7\u00e3o"}]},{"@type":"WebSite","@id":"https:\/\/portaltela.pt\/#website","url":"https:\/\/portaltela.pt\/","name":"Portal Tela Portugal","description":"","potentialAction":[{"@type":"SearchAction","target":{"@type":"EntryPoint","urlTemplate":"https:\/\/portaltela.pt\/?s={search_term_string}"},"query-input":{"@type":"PropertyValueSpecification","valueRequired":true,"valueName":"search_term_string"}}],"inLanguage":"pt-PT"},{"@type":"Person","@id":"https:\/\/portaltela.pt\/#\/schema\/person\/c4278d4a6028830caff9ee44b42d32ed","name":"Telinha","image":{"@type":"ImageObject","inLanguage":"pt-PT","@id":"https:\/\/portaltela.pt\/s.01k8rhncp4jt1\/2025\/11\/talking-bot-125x125.png","url":"https:\/\/portaltela.pt\/s.01k8rhncp4jt1\/2025\/11\/talking-bot-125x125.png","contentUrl":"https:\/\/portaltela.pt\/s.01k8rhncp4jt1\/2025\/11\/talking-bot-125x125.png","caption":"Telinha"},"sameAs":["https:\/\/portaltela.pt\/"],"url":"https:\/\/portaltela.pt\/por\/367410592786\/"}]}},"_links":{"self":[{"href":"https:\/\/portaltela.pt\/api\/wp\/v2\/posts\/391161","targetHints":{"allow":["GET"]}}],"collection":[{"href":"https:\/\/portaltela.pt\/api\/wp\/v2\/posts"}],"about":[{"href":"https:\/\/portaltela.pt\/api\/wp\/v2\/types\/post"}],"author":[{"embeddable":true,"href":"https:\/\/portaltela.pt\/api\/wp\/v2\/users\/2"}],"replies":[{"embeddable":true,"href":"https:\/\/portaltela.pt\/api\/wp\/v2\/comments?post=391161"}],"version-history":[{"count":0,"href":"https:\/\/portaltela.pt\/api\/wp\/v2\/posts\/391161\/revisions"}],"wp:featuredmedia":[{"embeddable":true,"href":"https:\/\/portaltela.pt\/api\/wp\/v2\/media\/391168"}],"wp:attachment":[{"href":"https:\/\/portaltela.pt\/api\/wp\/v2\/media?parent=391161"}],"wp:term":[{"taxonomy":"category","embeddable":true,"href":"https:\/\/portaltela.pt\/api\/wp\/v2\/categories?post=391161"},{"taxonomy":"post_tag","embeddable":true,"href":"https:\/\/portaltela.pt\/api\/wp\/v2\/tags?post=391161"}],"curies":[{"name":"wp","href":"https:\/\/api.w.org\/{rel}","templated":true}]}}