{"id":391138,"date":"2026-02-27T13:28:00","date_gmt":"2026-02-27T16:28:00","guid":{"rendered":"https:\/\/portaltela.pt\/noticias\/2026\/02\/27\/metabolismo-urbano-aponta-caminhos-para-as-cidades-do-futuro\/"},"modified":"2026-02-27T13:28:00","modified_gmt":"2026-02-27T16:28:00","slug":"metabolismo-urbano-aponta-caminhos-para-as-cidades-do-futuro","status":"publish","type":"post","link":"https:\/\/portaltela.pt\/noticias\/2026\/02\/27\/metabolismo-urbano-aponta-caminhos-para-as-cidades-do-futuro\/","title":{"rendered":"Metabolismo urbano aponta caminhos para as cidades do futuro"},"content":{"rendered":"<p>Metabolismo Urbano: caminhos para as cidades do futuro foi o tema central de uma confer\u00eancia realizada no Centro Cultural de Bel\u00e9m, em Lisboa, no dia 12 de Fevereiro. O encontro discutiu como mobilidade, habita\u00e7\u00e3o e energia podem tornar os centros urbanos mais resilientes a fen\u00f3menos extremos.<\/p>\n<p>Scientistas, gestores p\u00fablicos e especialistas apresentaram abordagens para urbanismo com vis\u00e3o de longo prazo. O objetivo \u00e9 orientar pol\u00edticas p\u00fablicas com base em dados, potenciando governa\u00e7\u00e3o antecipat\u00f3ria para enfrentar desafios atuais e futuros. A ideia \u00e9 tratar o planeamento como investimento, n\u00e3o custo.<\/p>\n<h3>Mobilidade e acessibilidade<\/h3>\n<p>A integra\u00e7\u00e3o digital na mobilidade foi destacada como fator central para a experi\u00eancia urbana. A ideia \u00e9 facilitar percursos simples e centrados no cidad\u00e3o, com sistemas que se tornem invis\u00edveis ao utilizador, mas presentes na pr\u00e1tica di\u00e1ria.<\/p>\n<p>A evolu\u00e7\u00e3o do ecossistema autom\u00f3vel e energ\u00e9tico foi igualmente abordada, com refer\u00eancia \u00e0 expans\u00e3o de ve\u00edculos el\u00e9ctricos cada vez mais integrados na rotina digital. A coordena\u00e7\u00e3o entre mobilidade, energia e tecnologia abre novas possibilidades para cidades mais eficientes.<\/p>\n<p>O papel da mobilidade como instrumento de melhoria da qualidade de vida foi colocado como prioridade, defendendo modelos de transporte a pedido que assegurem acesso mais igualit\u00e1rio e menos dependente de hor\u00e1rios fixos.<\/p>\n<p>A acessibilidade urbana foi apresentada como o principal bem das cidades, com refer\u00eancia aos n\u00edveis de habita\u00e7\u00e3o p\u00fablica em Portugal. O debate destacou a necessidade de pol\u00edticas que integrem uso do solo, transporte e densidade para reduzir desigualdades.<\/p>\n<h3>Cidade dos 15 minutos<\/h3>\n<p>O conceito de cidade dos 15 minutos foi ilustrado com o caso de Alverca, em Vila Franca de Xira, onde servi\u00e7os essenciais seriam acess\u00edveis a p\u00e9 ou de bicicleta em pouco tempo. A ideia passa por regenera\u00e7\u00e3o urbana e bairros mais humanos, com liga\u00e7\u00f5es pedonais e reconvers\u00f5es de \u00e1reas industriais.<\/p>\n<p>A transforma\u00e7\u00e3o exige continuidade pol\u00edtica e envolvimento comunit\u00e1rio, envolvendo mobilidade, habita\u00e7\u00e3o, servi\u00e7os e espa\u00e7o p\u00fablico para tornar as \u00e1reas mais pr\u00f3ximas e funcionais.<\/p>\n<h3>Energia e clima<\/h3>\n<p>No cap\u00edtulo da energia, especialistas defenderam uma mudan\u00e7a de paradigma para cidad\u00e3os que gerem e partilhem energia localmente, com autoconsumo coletivo e projetos-piloto que promovam autonomia energ\u00e9tica.<\/p>\n<p>A participa\u00e7\u00e3o cidad\u00e3 foi destacada como fator essencial, com a necessidade de simplificar procedimentos para facilitar a cria\u00e7\u00e3o de comunidades de energia em diferentes bairros e territ\u00f3rios.<\/p>\n<h3>Novos metabolismos urbanos<\/h3>\n<p>Guimar\u00e3es destacou-se como refer\u00eancia de adapta\u00e7\u00e3o clim\u00e1tica, com planos de 2016 e o t\u00edtulo de Capital Verde Europeia 2026. Iniciativas incluem redes de drenagem sustent\u00e1vel, infraestruturas verdes e comunidades de energia para reduzir riscos de fen\u00f3menos extremos.<\/p>\n<p>Um painel contou com a presen\u00e7a de especialistas que discutiram a articula\u00e7\u00e3o entre inova\u00e7\u00e3o e territ\u00f3rio, incluindo solu\u00e7\u00f5es como fachadas verdes equipadas com sensores para medir impactos ambientais e apoiar o planeamento urbano.<\/p>\n<h3>Cultura e identidade<\/h3>\n<p>A import\u00e2ncia da identidade local foi sublinhada, com alertas sobre os riscos de padroniza\u00e7\u00e3o das cidades. O debate enfatizou o papel do tecido cultural regional e a necessidade de manter a influ\u00eancia de cada regi\u00e3o sem perder a sua ess\u00eancia.<\/p>\n<p>A confer\u00eancia encerrou destacando que mobilidade, habita\u00e7\u00e3o, energia, cultura e adapta\u00e7\u00e3o clim\u00e1tica exigem uma governa\u00e7\u00e3o integrada e baseada em dados, com participa\u00e7\u00e3o comunit\u00e1ria e vis\u00e3o de longo prazo para tornar as cidades mais humanas e resilientes.<\/p>\n","protected":false},"excerpt":{"rendered":"<ul>\n<li>A confer\u00eancia \u201cUrbe: que caminhos para Portugal?\u201d, realizada a 12 de fevereiro no Centro Cultural de Bel\u00e9m, discutiu cidades portuguesas mais inclusivas, sustent\u00e1veis e inovadoras, com foco em mobilidade, habita\u00e7\u00e3o e energia.<\/li>\n<li>As Na\u00e7\u00f5es Unidas estimam que 68% da popula\u00e7\u00e3o mundial viver\u00e1 em \u00e1reas urbanas at\u00e9 2050, e Portugal encara desafios de fragmenta\u00e7\u00e3o territorial, habita\u00e7\u00e3o e vulnerabilidade clim\u00e1tica.<\/li>\n<li>Na mobilidade, destacou-se a integra\u00e7\u00e3o digital e sistemas invis\u00edveis que facilitam a vida urbana, a expans\u00e3o de ve\u00edculos el\u00e9tricos e a ideia de transporte a pedido para melhorar acessibilidade.<\/li>\n<li>O conceito da cidade dos 15 minutos foi exemplificado por Alverca, com servi\u00e7os essenciais a 15 minutos a p\u00e9 ou de bicicleta, regenera\u00e7\u00e3o de zonas industriais em \u00e1reas habitacionais e cria\u00e7\u00e3o de percursos pedonais e cicl\u00e1veis.<\/li>\n<li>Em energia e clima, defenderam-se modelos de prosumers (produtores\/consumidores locais) e participa\u00e7\u00e3o cidad\u00e3; Guimar\u00e3es foi apresentado como refer\u00eancia de adapta\u00e7\u00e3o clim\u00e1tica e cidade verde europeia em 2026, com solu\u00e7\u00f5es de infraestruturas verdes e gest\u00e3o integrada.<\/li>\n<\/ul>\n","protected":false},"author":2,"featured_media":391142,"comment_status":"closed","ping_status":"closed","sticky":false,"template":"","format":"standard","meta":{"footnotes":""},"categories":[1],"tags":[6470,174,1145,150,2110,189],"class_list":["post-391138","post","type-post","status-publish","format-standard","has-post-thumbnail","hentry","category-noticias","tag-capital-verde-europeia-2026","tag-energia","tag-guimaraes","tag-habitacao","tag-mobilidade","tag-urbanismo"],"yoast_head":"<!-- This site is optimized with the Yoast SEO plugin v27.2 - https:\/\/yoast.com\/product\/yoast-seo-wordpress\/ -->\n<title>Metabolismo urbano aponta caminhos para as cidades do futuro - Portal Tela Portugal<\/title>\n<meta name=\"robots\" content=\"index, follow, max-snippet:-1, max-image-preview:large, max-video-preview:-1\" \/>\n<meta property=\"og:locale\" content=\"pt_PT\" \/>\n<meta property=\"og:type\" content=\"article\" \/>\n<meta property=\"og:title\" content=\"Metabolismo urbano aponta caminhos para as cidades do futuro - Portal Tela Portugal\" \/>\n<meta property=\"og:description\" content=\"A confer\u00eancia \u201cUrbe: que caminhos para Portugal?\u201d, realizada a 12 de fevereiro no Centro Cultural de Bel\u00e9m, discutiu cidades portuguesas mais inclusivas, sustent\u00e1veis e inovadoras, com foco em mobilidade, habita\u00e7\u00e3o e energia. As Na\u00e7\u00f5es Unidas estimam que 68% da popula\u00e7\u00e3o mundial viver\u00e1 em \u00e1reas urbanas at\u00e9 2050, e Portugal encara desafios de fragmenta\u00e7\u00e3o territorial, habita\u00e7\u00e3o e vulnerabilidade clim\u00e1tica. Na mobilidade, destacou-se a integra\u00e7\u00e3o digital e sistemas invis\u00edveis que facilitam a vida urbana, a expans\u00e3o de ve\u00edculos el\u00e9tricos e a ideia de transporte a pedido para melhorar acessibilidade. O conceito da cidade dos 15 minutos foi exemplificado por Alverca, com servi\u00e7os essenciais a 15 minutos a p\u00e9 ou de bicicleta, regenera\u00e7\u00e3o de zonas industriais em \u00e1reas habitacionais e cria\u00e7\u00e3o de percursos pedonais e cicl\u00e1veis. Em energia e clima, defenderam-se modelos de prosumers (produtores\/consumidores locais) e participa\u00e7\u00e3o cidad\u00e3; Guimar\u00e3es foi apresentado como refer\u00eancia de adapta\u00e7\u00e3o clim\u00e1tica e cidade verde europeia em 2026, com solu\u00e7\u00f5es de infraestruturas verdes e gest\u00e3o integrada.\" \/>\n<meta property=\"og:url\" content=\"https:\/\/portaltela.pt\/noticias\/2026\/02\/27\/metabolismo-urbano-aponta-caminhos-para-as-cidades-do-futuro\/\" \/>\n<meta property=\"og:site_name\" content=\"Portal Tela Portugal\" \/>\n<meta property=\"article:published_time\" content=\"2026-02-27T16:28:00+00:00\" \/>\n<meta name=\"author\" content=\"Telinha\" \/>\n<meta name=\"twitter:card\" content=\"summary_large_image\" \/>\n<meta name=\"twitter:label1\" content=\"Escrito por\" \/>\n\t<meta name=\"twitter:data1\" content=\"Telinha\" \/>\n\t<meta name=\"twitter:label2\" content=\"Tempo estimado de leitura\" \/>\n\t<meta name=\"twitter:data2\" content=\"3 minutos\" \/>\n<script type=\"application\/ld+json\" class=\"yoast-schema-graph\">{\"@context\":\"https:\/\/schema.org\",\"@graph\":[{\"@type\":\"Article\",\"@id\":\"https:\/\/portaltela.pt\/noticias\/2026\/02\/27\/metabolismo-urbano-aponta-caminhos-para-as-cidades-do-futuro\/#article\",\"isPartOf\":{\"@id\":\"https:\/\/portaltela.pt\/noticias\/2026\/02\/27\/metabolismo-urbano-aponta-caminhos-para-as-cidades-do-futuro\/\"},\"author\":{\"name\":\"Telinha\",\"@id\":\"https:\/\/portaltela.pt\/#\/schema\/person\/c4278d4a6028830caff9ee44b42d32ed\"},\"headline\":\"Metabolismo urbano aponta caminhos para as cidades do futuro\",\"datePublished\":\"2026-02-27T16:28:00+00:00\",\"mainEntityOfPage\":{\"@id\":\"https:\/\/portaltela.pt\/noticias\/2026\/02\/27\/metabolismo-urbano-aponta-caminhos-para-as-cidades-do-futuro\/\"},\"wordCount\":601,\"image\":{\"@id\":\"https:\/\/portaltela.pt\/noticias\/2026\/02\/27\/metabolismo-urbano-aponta-caminhos-para-as-cidades-do-futuro\/#primaryimage\"},\"thumbnailUrl\":\"https:\/\/portaltela.pt\/s.01k8rhncp4jt1\/2026\/02\/2070110.jpg\",\"keywords\":[\"Capital Verde Europeia 2026\",\"energia\",\"Guimar\u00e3es\",\"habita\u00e7\u00e3o\",\"mobilidade\",\"urbanismo\"],\"articleSection\":[\"Not\u00edcias\"],\"inLanguage\":\"pt-PT\"},{\"@type\":\"WebPage\",\"@id\":\"https:\/\/portaltela.pt\/noticias\/2026\/02\/27\/metabolismo-urbano-aponta-caminhos-para-as-cidades-do-futuro\/\",\"url\":\"https:\/\/portaltela.pt\/noticias\/2026\/02\/27\/metabolismo-urbano-aponta-caminhos-para-as-cidades-do-futuro\/\",\"name\":\"Metabolismo urbano aponta caminhos para as cidades do futuro - Portal Tela Portugal\",\"isPartOf\":{\"@id\":\"https:\/\/portaltela.pt\/#website\"},\"primaryImageOfPage\":{\"@id\":\"https:\/\/portaltela.pt\/noticias\/2026\/02\/27\/metabolismo-urbano-aponta-caminhos-para-as-cidades-do-futuro\/#primaryimage\"},\"image\":{\"@id\":\"https:\/\/portaltela.pt\/noticias\/2026\/02\/27\/metabolismo-urbano-aponta-caminhos-para-as-cidades-do-futuro\/#primaryimage\"},\"thumbnailUrl\":\"https:\/\/portaltela.pt\/s.01k8rhncp4jt1\/2026\/02\/2070110.jpg\",\"datePublished\":\"2026-02-27T16:28:00+00:00\",\"author\":{\"@id\":\"https:\/\/portaltela.pt\/#\/schema\/person\/c4278d4a6028830caff9ee44b42d32ed\"},\"breadcrumb\":{\"@id\":\"https:\/\/portaltela.pt\/noticias\/2026\/02\/27\/metabolismo-urbano-aponta-caminhos-para-as-cidades-do-futuro\/#breadcrumb\"},\"inLanguage\":\"pt-PT\",\"potentialAction\":[{\"@type\":\"ReadAction\",\"target\":[\"https:\/\/portaltela.pt\/noticias\/2026\/02\/27\/metabolismo-urbano-aponta-caminhos-para-as-cidades-do-futuro\/\"]}]},{\"@type\":\"ImageObject\",\"inLanguage\":\"pt-PT\",\"@id\":\"https:\/\/portaltela.pt\/noticias\/2026\/02\/27\/metabolismo-urbano-aponta-caminhos-para-as-cidades-do-futuro\/#primaryimage\",\"url\":\"https:\/\/portaltela.pt\/s.01k8rhncp4jt1\/2026\/02\/2070110.jpg\",\"contentUrl\":\"https:\/\/portaltela.pt\/s.01k8rhncp4jt1\/2026\/02\/2070110.jpg\",\"width\":796,\"height\":448,\"caption\":\"Photo\"},{\"@type\":\"BreadcrumbList\",\"@id\":\"https:\/\/portaltela.pt\/noticias\/2026\/02\/27\/metabolismo-urbano-aponta-caminhos-para-as-cidades-do-futuro\/#breadcrumb\",\"itemListElement\":[{\"@type\":\"ListItem\",\"position\":1,\"name\":\"In\u00edcio\",\"item\":\"https:\/\/portaltela.pt\/\"},{\"@type\":\"ListItem\",\"position\":2,\"name\":\"Metabolismo urbano aponta caminhos para as cidades do futuro\"}]},{\"@type\":\"WebSite\",\"@id\":\"https:\/\/portaltela.pt\/#website\",\"url\":\"https:\/\/portaltela.pt\/\",\"name\":\"Portal Tela Portugal\",\"description\":\"\",\"potentialAction\":[{\"@type\":\"SearchAction\",\"target\":{\"@type\":\"EntryPoint\",\"urlTemplate\":\"https:\/\/portaltela.pt\/?s={search_term_string}\"},\"query-input\":{\"@type\":\"PropertyValueSpecification\",\"valueRequired\":true,\"valueName\":\"search_term_string\"}}],\"inLanguage\":\"pt-PT\"},{\"@type\":\"Person\",\"@id\":\"https:\/\/portaltela.pt\/#\/schema\/person\/c4278d4a6028830caff9ee44b42d32ed\",\"name\":\"Telinha\",\"image\":{\"@type\":\"ImageObject\",\"inLanguage\":\"pt-PT\",\"@id\":\"https:\/\/portaltela.pt\/s.01k8rhncp4jt1\/2025\/11\/talking-bot-125x125.png\",\"url\":\"https:\/\/portaltela.pt\/s.01k8rhncp4jt1\/2025\/11\/talking-bot-125x125.png\",\"contentUrl\":\"https:\/\/portaltela.pt\/s.01k8rhncp4jt1\/2025\/11\/talking-bot-125x125.png\",\"caption\":\"Telinha\"},\"sameAs\":[\"https:\/\/portaltela.pt\/\"],\"url\":\"https:\/\/portaltela.pt\/por\/367410592786\/\"}]}<\/script>\n<!-- \/ Yoast SEO plugin. -->","yoast_head_json":{"title":"Metabolismo urbano aponta caminhos para as cidades do futuro - Portal Tela Portugal","robots":{"index":"index","follow":"follow","max-snippet":"max-snippet:-1","max-image-preview":"max-image-preview:large","max-video-preview":"max-video-preview:-1"},"og_locale":"pt_PT","og_type":"article","og_title":"Metabolismo urbano aponta caminhos para as cidades do futuro - Portal Tela Portugal","og_description":"A confer\u00eancia \u201cUrbe: que caminhos para Portugal?\u201d, realizada a 12 de fevereiro no Centro Cultural de Bel\u00e9m, discutiu cidades portuguesas mais inclusivas, sustent\u00e1veis e inovadoras, com foco em mobilidade, habita\u00e7\u00e3o e energia. As Na\u00e7\u00f5es Unidas estimam que 68% da popula\u00e7\u00e3o mundial viver\u00e1 em \u00e1reas urbanas at\u00e9 2050, e Portugal encara desafios de fragmenta\u00e7\u00e3o territorial, habita\u00e7\u00e3o e vulnerabilidade clim\u00e1tica. Na mobilidade, destacou-se a integra\u00e7\u00e3o digital e sistemas invis\u00edveis que facilitam a vida urbana, a expans\u00e3o de ve\u00edculos el\u00e9tricos e a ideia de transporte a pedido para melhorar acessibilidade. O conceito da cidade dos 15 minutos foi exemplificado por Alverca, com servi\u00e7os essenciais a 15 minutos a p\u00e9 ou de bicicleta, regenera\u00e7\u00e3o de zonas industriais em \u00e1reas habitacionais e cria\u00e7\u00e3o de percursos pedonais e cicl\u00e1veis. Em energia e clima, defenderam-se modelos de prosumers (produtores\/consumidores locais) e participa\u00e7\u00e3o cidad\u00e3; Guimar\u00e3es foi apresentado como refer\u00eancia de adapta\u00e7\u00e3o clim\u00e1tica e cidade verde europeia em 2026, com solu\u00e7\u00f5es de infraestruturas verdes e gest\u00e3o integrada.","og_url":"https:\/\/portaltela.pt\/noticias\/2026\/02\/27\/metabolismo-urbano-aponta-caminhos-para-as-cidades-do-futuro\/","og_site_name":"Portal Tela Portugal","article_published_time":"2026-02-27T16:28:00+00:00","author":"Telinha","twitter_card":"summary_large_image","twitter_misc":{"Escrito por":"Telinha","Tempo estimado de leitura":"3 minutos"},"schema":{"@context":"https:\/\/schema.org","@graph":[{"@type":"Article","@id":"https:\/\/portaltela.pt\/noticias\/2026\/02\/27\/metabolismo-urbano-aponta-caminhos-para-as-cidades-do-futuro\/#article","isPartOf":{"@id":"https:\/\/portaltela.pt\/noticias\/2026\/02\/27\/metabolismo-urbano-aponta-caminhos-para-as-cidades-do-futuro\/"},"author":{"name":"Telinha","@id":"https:\/\/portaltela.pt\/#\/schema\/person\/c4278d4a6028830caff9ee44b42d32ed"},"headline":"Metabolismo urbano aponta caminhos para as cidades do futuro","datePublished":"2026-02-27T16:28:00+00:00","mainEntityOfPage":{"@id":"https:\/\/portaltela.pt\/noticias\/2026\/02\/27\/metabolismo-urbano-aponta-caminhos-para-as-cidades-do-futuro\/"},"wordCount":601,"image":{"@id":"https:\/\/portaltela.pt\/noticias\/2026\/02\/27\/metabolismo-urbano-aponta-caminhos-para-as-cidades-do-futuro\/#primaryimage"},"thumbnailUrl":"https:\/\/portaltela.pt\/s.01k8rhncp4jt1\/2026\/02\/2070110.jpg","keywords":["Capital Verde Europeia 2026","energia","Guimar\u00e3es","habita\u00e7\u00e3o","mobilidade","urbanismo"],"articleSection":["Not\u00edcias"],"inLanguage":"pt-PT"},{"@type":"WebPage","@id":"https:\/\/portaltela.pt\/noticias\/2026\/02\/27\/metabolismo-urbano-aponta-caminhos-para-as-cidades-do-futuro\/","url":"https:\/\/portaltela.pt\/noticias\/2026\/02\/27\/metabolismo-urbano-aponta-caminhos-para-as-cidades-do-futuro\/","name":"Metabolismo urbano aponta caminhos para as cidades do futuro - Portal Tela Portugal","isPartOf":{"@id":"https:\/\/portaltela.pt\/#website"},"primaryImageOfPage":{"@id":"https:\/\/portaltela.pt\/noticias\/2026\/02\/27\/metabolismo-urbano-aponta-caminhos-para-as-cidades-do-futuro\/#primaryimage"},"image":{"@id":"https:\/\/portaltela.pt\/noticias\/2026\/02\/27\/metabolismo-urbano-aponta-caminhos-para-as-cidades-do-futuro\/#primaryimage"},"thumbnailUrl":"https:\/\/portaltela.pt\/s.01k8rhncp4jt1\/2026\/02\/2070110.jpg","datePublished":"2026-02-27T16:28:00+00:00","author":{"@id":"https:\/\/portaltela.pt\/#\/schema\/person\/c4278d4a6028830caff9ee44b42d32ed"},"breadcrumb":{"@id":"https:\/\/portaltela.pt\/noticias\/2026\/02\/27\/metabolismo-urbano-aponta-caminhos-para-as-cidades-do-futuro\/#breadcrumb"},"inLanguage":"pt-PT","potentialAction":[{"@type":"ReadAction","target":["https:\/\/portaltela.pt\/noticias\/2026\/02\/27\/metabolismo-urbano-aponta-caminhos-para-as-cidades-do-futuro\/"]}]},{"@type":"ImageObject","inLanguage":"pt-PT","@id":"https:\/\/portaltela.pt\/noticias\/2026\/02\/27\/metabolismo-urbano-aponta-caminhos-para-as-cidades-do-futuro\/#primaryimage","url":"https:\/\/portaltela.pt\/s.01k8rhncp4jt1\/2026\/02\/2070110.jpg","contentUrl":"https:\/\/portaltela.pt\/s.01k8rhncp4jt1\/2026\/02\/2070110.jpg","width":796,"height":448,"caption":"Photo"},{"@type":"BreadcrumbList","@id":"https:\/\/portaltela.pt\/noticias\/2026\/02\/27\/metabolismo-urbano-aponta-caminhos-para-as-cidades-do-futuro\/#breadcrumb","itemListElement":[{"@type":"ListItem","position":1,"name":"In\u00edcio","item":"https:\/\/portaltela.pt\/"},{"@type":"ListItem","position":2,"name":"Metabolismo urbano aponta caminhos para as cidades do futuro"}]},{"@type":"WebSite","@id":"https:\/\/portaltela.pt\/#website","url":"https:\/\/portaltela.pt\/","name":"Portal Tela Portugal","description":"","potentialAction":[{"@type":"SearchAction","target":{"@type":"EntryPoint","urlTemplate":"https:\/\/portaltela.pt\/?s={search_term_string}"},"query-input":{"@type":"PropertyValueSpecification","valueRequired":true,"valueName":"search_term_string"}}],"inLanguage":"pt-PT"},{"@type":"Person","@id":"https:\/\/portaltela.pt\/#\/schema\/person\/c4278d4a6028830caff9ee44b42d32ed","name":"Telinha","image":{"@type":"ImageObject","inLanguage":"pt-PT","@id":"https:\/\/portaltela.pt\/s.01k8rhncp4jt1\/2025\/11\/talking-bot-125x125.png","url":"https:\/\/portaltela.pt\/s.01k8rhncp4jt1\/2025\/11\/talking-bot-125x125.png","contentUrl":"https:\/\/portaltela.pt\/s.01k8rhncp4jt1\/2025\/11\/talking-bot-125x125.png","caption":"Telinha"},"sameAs":["https:\/\/portaltela.pt\/"],"url":"https:\/\/portaltela.pt\/por\/367410592786\/"}]}},"_links":{"self":[{"href":"https:\/\/portaltela.pt\/api\/wp\/v2\/posts\/391138","targetHints":{"allow":["GET"]}}],"collection":[{"href":"https:\/\/portaltela.pt\/api\/wp\/v2\/posts"}],"about":[{"href":"https:\/\/portaltela.pt\/api\/wp\/v2\/types\/post"}],"author":[{"embeddable":true,"href":"https:\/\/portaltela.pt\/api\/wp\/v2\/users\/2"}],"replies":[{"embeddable":true,"href":"https:\/\/portaltela.pt\/api\/wp\/v2\/comments?post=391138"}],"version-history":[{"count":0,"href":"https:\/\/portaltela.pt\/api\/wp\/v2\/posts\/391138\/revisions"}],"wp:featuredmedia":[{"embeddable":true,"href":"https:\/\/portaltela.pt\/api\/wp\/v2\/media\/391142"}],"wp:attachment":[{"href":"https:\/\/portaltela.pt\/api\/wp\/v2\/media?parent=391138"}],"wp:term":[{"taxonomy":"category","embeddable":true,"href":"https:\/\/portaltela.pt\/api\/wp\/v2\/categories?post=391138"},{"taxonomy":"post_tag","embeddable":true,"href":"https:\/\/portaltela.pt\/api\/wp\/v2\/tags?post=391138"}],"curies":[{"name":"wp","href":"https:\/\/api.w.org\/{rel}","templated":true}]}}