{"id":391120,"date":"2026-02-27T13:59:28","date_gmt":"2026-02-27T16:59:28","guid":{"rendered":"https:\/\/portaltela.pt\/noticias\/2026\/02\/27\/condenado-em-tribunal-por-tentativa-de-homicidio-contra-namorada\/"},"modified":"2026-02-27T13:59:28","modified_gmt":"2026-02-27T16:59:28","slug":"condenado-em-tribunal-por-tentativa-de-homicidio-contra-namorada","status":"publish","type":"post","link":"https:\/\/portaltela.pt\/noticias\/2026\/02\/27\/condenado-em-tribunal-por-tentativa-de-homicidio-contra-namorada\/","title":{"rendered":"Condenado em tribunal por tentativa de homic\u00eddio contra namorada"},"content":{"rendered":"<p>Um homem de 49 anos, j\u00e1 com pris\u00e3o preventiva decretada, foi alvo de deten\u00e7\u00e3o pela tentativa de matar \u00e0 facada a sua namorada, no concelho de Montemor-o-Novo. O epis\u00f3dio ocorreu na localidade de Patalim, na habita\u00e7\u00e3o do casal.<\/p>\n<p>O suspeito j\u00e1 cumpria uma pena com suspens\u00e3o, na qual lhe foi atribu\u00edda a proibi\u00e7\u00e3o de contactos com as v\u00edtimas e monitoriza\u00e7\u00e3o por pulseira eletr\u00f3nica. A condena\u00e7\u00e3o ocorreu a 16 de novembro de 2023, segundo o Minist\u00e9rio P\u00fablico.<\/p>\n<p>A decis\u00e3o de suspens\u00e3o inclu\u00eda a instala\u00e7\u00e3o de um dispositivo de monitoriza\u00e7\u00e3o eletr\u00f3nica. A v\u00edtima atual tem 51 anos. O arguido entregou-se num posto da GNR pr\u00f3ximo do local do crime e, posteriormente, ficou aos cuidados da Pol\u00edcia Judici\u00e1ria.<\/p>\n<p>De acordo com o MP, o homem foi considerado culpado por viol\u00eancia dom\u00e9stica contra a ex-mulher e dois filhos do casal, o que levou \u00e0quela senten\u00e7a suspensa. O novo caso est\u00e1 a ser investigado pelas autoridades competentes.<\/p>\n<p>O incidente levou \u00e0 interven\u00e7\u00e3o policial imediata, com a PJ a refor\u00e7ar a investiga\u00e7\u00e3o. A v\u00edtima foi encaminhada para avalia\u00e7\u00e3o m\u00e9dica e as autoridades continuam a apurar as circunst\u00e2ncias do ataque e o envolvimento do suspeito.<\/p>\n","protected":false},"excerpt":{"rendered":"<ul>\n<li>Um homem de 49 anos encontra-se em pris\u00e3o preventiva desde o in\u00edcio desta semana, ap\u00f3s ter esfaqueado a namorada na localidade de Patalim, Montemor-o-Novo.<\/li>\n<li>O suspeito deixou a habita\u00e7\u00e3o acreditando que a v\u00edtima tinha morrido, entregando-se depois num posto da Guarda Nacional Republicana pr\u00f3ximo do local do crime.<\/li>\n<li>Foi colocado aos cuidados da Pol\u00edcia Judici\u00e1ria.<\/li>\n<li>Em tribunal, o homem j\u00e1 tinha sido condenado a cinco anos de pris\u00e3o, suspensos, por viol\u00eancia dom\u00e9stica contra a ex-mulher e dois filhos de ambos, com suspens\u00e3o sujeita a uma pena acess\u00f3ria de proibi\u00e7\u00e3o de contactos e monitoriza\u00e7\u00e3o eletr\u00f3nica.<\/li>\n<li>Segundo o Minist\u00e9rio P\u00fablico, a condena\u00e7\u00e3o ocorreu a 16 de novembro de 2023.<\/li>\n<\/ul>\n","protected":false},"author":2,"featured_media":391136,"comment_status":"closed","ping_status":"closed","sticky":false,"template":"","format":"standard","meta":{"footnotes":""},"categories":[1],"tags":[147,1345,3315,939,214],"class_list":["post-391120","post","type-post","status-publish","format-standard","has-post-thumbnail","hentry","category-noticias","tag-crime","tag-homicidio","tag-pulseira-eletronica","tag-violencia","tag-violencia-domestica"],"yoast_head":"<!-- This site is optimized with the Yoast SEO plugin v27.2 - https:\/\/yoast.com\/product\/yoast-seo-wordpress\/ -->\n<title>Condenado em tribunal por tentativa de homic\u00eddio contra namorada - Portal Tela Portugal<\/title>\n<meta name=\"robots\" content=\"index, follow, max-snippet:-1, max-image-preview:large, max-video-preview:-1\" \/>\n<meta property=\"og:locale\" content=\"pt_PT\" \/>\n<meta property=\"og:type\" content=\"article\" \/>\n<meta property=\"og:title\" content=\"Condenado em tribunal por tentativa de homic\u00eddio contra namorada - Portal Tela Portugal\" \/>\n<meta property=\"og:description\" content=\"Um homem de 49 anos encontra-se em pris\u00e3o preventiva desde o in\u00edcio desta semana, ap\u00f3s ter esfaqueado a namorada na localidade de Patalim, Montemor-o-Novo. O suspeito deixou a habita\u00e7\u00e3o acreditando que a v\u00edtima tinha morrido, entregando-se depois num posto da Guarda Nacional Republicana pr\u00f3ximo do local do crime. Foi colocado aos cuidados da Pol\u00edcia Judici\u00e1ria. Em tribunal, o homem j\u00e1 tinha sido condenado a cinco anos de pris\u00e3o, suspensos, por viol\u00eancia dom\u00e9stica contra a ex-mulher e dois filhos de ambos, com suspens\u00e3o sujeita a uma pena acess\u00f3ria de proibi\u00e7\u00e3o de contactos e monitoriza\u00e7\u00e3o eletr\u00f3nica. Segundo o Minist\u00e9rio P\u00fablico, a condena\u00e7\u00e3o ocorreu a 16 de novembro de 2023.\" \/>\n<meta property=\"og:url\" content=\"https:\/\/portaltela.pt\/noticias\/2026\/02\/27\/condenado-em-tribunal-por-tentativa-de-homicidio-contra-namorada\/\" \/>\n<meta property=\"og:site_name\" content=\"Portal Tela Portugal\" \/>\n<meta property=\"article:published_time\" content=\"2026-02-27T16:59:28+00:00\" \/>\n<meta name=\"author\" content=\"Telinha\" \/>\n<meta name=\"twitter:card\" content=\"summary_large_image\" \/>\n<meta name=\"twitter:label1\" content=\"Escrito por\" \/>\n\t<meta name=\"twitter:data1\" content=\"Telinha\" \/>\n\t<meta name=\"twitter:label2\" content=\"Tempo estimado de leitura\" \/>\n\t<meta name=\"twitter:data2\" content=\"1 minuto\" \/>\n<script type=\"application\/ld+json\" class=\"yoast-schema-graph\">{\"@context\":\"https:\/\/schema.org\",\"@graph\":[{\"@type\":\"Article\",\"@id\":\"https:\/\/portaltela.pt\/noticias\/2026\/02\/27\/condenado-em-tribunal-por-tentativa-de-homicidio-contra-namorada\/#article\",\"isPartOf\":{\"@id\":\"https:\/\/portaltela.pt\/noticias\/2026\/02\/27\/condenado-em-tribunal-por-tentativa-de-homicidio-contra-namorada\/\"},\"author\":{\"name\":\"Telinha\",\"@id\":\"https:\/\/portaltela.pt\/#\/schema\/person\/c4278d4a6028830caff9ee44b42d32ed\"},\"headline\":\"Condenado em tribunal por tentativa de homic\u00eddio contra namorada\",\"datePublished\":\"2026-02-27T16:59:28+00:00\",\"mainEntityOfPage\":{\"@id\":\"https:\/\/portaltela.pt\/noticias\/2026\/02\/27\/condenado-em-tribunal-por-tentativa-de-homicidio-contra-namorada\/\"},\"wordCount\":225,\"image\":{\"@id\":\"https:\/\/portaltela.pt\/noticias\/2026\/02\/27\/condenado-em-tribunal-por-tentativa-de-homicidio-contra-namorada\/#primaryimage\"},\"thumbnailUrl\":\"https:\/\/portaltela.pt\/s.01k8rhncp4jt1\/2026\/02\/img_1500x1000uu2026-02-27-15-07-42-2269389-im-639078016800244870.jpg\",\"keywords\":[\"crime\",\"homic\u00eddio\",\"pulseira eletr\u00f3nica\",\"viol\u00eancia\",\"viol\u00eancia dom\u00e9stica\"],\"articleSection\":[\"Not\u00edcias\"],\"inLanguage\":\"pt-PT\"},{\"@type\":\"WebPage\",\"@id\":\"https:\/\/portaltela.pt\/noticias\/2026\/02\/27\/condenado-em-tribunal-por-tentativa-de-homicidio-contra-namorada\/\",\"url\":\"https:\/\/portaltela.pt\/noticias\/2026\/02\/27\/condenado-em-tribunal-por-tentativa-de-homicidio-contra-namorada\/\",\"name\":\"Condenado em tribunal por tentativa de homic\u00eddio contra namorada - Portal Tela Portugal\",\"isPartOf\":{\"@id\":\"https:\/\/portaltela.pt\/#website\"},\"primaryImageOfPage\":{\"@id\":\"https:\/\/portaltela.pt\/noticias\/2026\/02\/27\/condenado-em-tribunal-por-tentativa-de-homicidio-contra-namorada\/#primaryimage\"},\"image\":{\"@id\":\"https:\/\/portaltela.pt\/noticias\/2026\/02\/27\/condenado-em-tribunal-por-tentativa-de-homicidio-contra-namorada\/#primaryimage\"},\"thumbnailUrl\":\"https:\/\/portaltela.pt\/s.01k8rhncp4jt1\/2026\/02\/img_1500x1000uu2026-02-27-15-07-42-2269389-im-639078016800244870.jpg\",\"datePublished\":\"2026-02-27T16:59:28+00:00\",\"author\":{\"@id\":\"https:\/\/portaltela.pt\/#\/schema\/person\/c4278d4a6028830caff9ee44b42d32ed\"},\"breadcrumb\":{\"@id\":\"https:\/\/portaltela.pt\/noticias\/2026\/02\/27\/condenado-em-tribunal-por-tentativa-de-homicidio-contra-namorada\/#breadcrumb\"},\"inLanguage\":\"pt-PT\",\"potentialAction\":[{\"@type\":\"ReadAction\",\"target\":[\"https:\/\/portaltela.pt\/noticias\/2026\/02\/27\/condenado-em-tribunal-por-tentativa-de-homicidio-contra-namorada\/\"]}]},{\"@type\":\"ImageObject\",\"inLanguage\":\"pt-PT\",\"@id\":\"https:\/\/portaltela.pt\/noticias\/2026\/02\/27\/condenado-em-tribunal-por-tentativa-de-homicidio-contra-namorada\/#primaryimage\",\"url\":\"https:\/\/portaltela.pt\/s.01k8rhncp4jt1\/2026\/02\/img_1500x1000uu2026-02-27-15-07-42-2269389-im-639078016800244870.jpg\",\"contentUrl\":\"https:\/\/portaltela.pt\/s.01k8rhncp4jt1\/2026\/02\/img_1500x1000uu2026-02-27-15-07-42-2269389-im-639078016800244870.jpg\",\"width\":796,\"height\":448,\"caption\":\"Agressor a ser levado por inspetores da Pol\u00edcia Judici\u00e1ria\"},{\"@type\":\"BreadcrumbList\",\"@id\":\"https:\/\/portaltela.pt\/noticias\/2026\/02\/27\/condenado-em-tribunal-por-tentativa-de-homicidio-contra-namorada\/#breadcrumb\",\"itemListElement\":[{\"@type\":\"ListItem\",\"position\":1,\"name\":\"In\u00edcio\",\"item\":\"https:\/\/portaltela.pt\/\"},{\"@type\":\"ListItem\",\"position\":2,\"name\":\"Condenado em tribunal por tentativa de homic\u00eddio contra namorada\"}]},{\"@type\":\"WebSite\",\"@id\":\"https:\/\/portaltela.pt\/#website\",\"url\":\"https:\/\/portaltela.pt\/\",\"name\":\"Portal Tela Portugal\",\"description\":\"\",\"potentialAction\":[{\"@type\":\"SearchAction\",\"target\":{\"@type\":\"EntryPoint\",\"urlTemplate\":\"https:\/\/portaltela.pt\/?s={search_term_string}\"},\"query-input\":{\"@type\":\"PropertyValueSpecification\",\"valueRequired\":true,\"valueName\":\"search_term_string\"}}],\"inLanguage\":\"pt-PT\"},{\"@type\":\"Person\",\"@id\":\"https:\/\/portaltela.pt\/#\/schema\/person\/c4278d4a6028830caff9ee44b42d32ed\",\"name\":\"Telinha\",\"image\":{\"@type\":\"ImageObject\",\"inLanguage\":\"pt-PT\",\"@id\":\"https:\/\/portaltela.pt\/s.01k8rhncp4jt1\/2025\/11\/talking-bot-125x125.png\",\"url\":\"https:\/\/portaltela.pt\/s.01k8rhncp4jt1\/2025\/11\/talking-bot-125x125.png\",\"contentUrl\":\"https:\/\/portaltela.pt\/s.01k8rhncp4jt1\/2025\/11\/talking-bot-125x125.png\",\"caption\":\"Telinha\"},\"sameAs\":[\"https:\/\/portaltela.pt\/\"],\"url\":\"https:\/\/portaltela.pt\/por\/367410592786\/\"}]}<\/script>\n<!-- \/ Yoast SEO plugin. -->","yoast_head_json":{"title":"Condenado em tribunal por tentativa de homic\u00eddio contra namorada - Portal Tela Portugal","robots":{"index":"index","follow":"follow","max-snippet":"max-snippet:-1","max-image-preview":"max-image-preview:large","max-video-preview":"max-video-preview:-1"},"og_locale":"pt_PT","og_type":"article","og_title":"Condenado em tribunal por tentativa de homic\u00eddio contra namorada - Portal Tela Portugal","og_description":"Um homem de 49 anos encontra-se em pris\u00e3o preventiva desde o in\u00edcio desta semana, ap\u00f3s ter esfaqueado a namorada na localidade de Patalim, Montemor-o-Novo. O suspeito deixou a habita\u00e7\u00e3o acreditando que a v\u00edtima tinha morrido, entregando-se depois num posto da Guarda Nacional Republicana pr\u00f3ximo do local do crime. Foi colocado aos cuidados da Pol\u00edcia Judici\u00e1ria. Em tribunal, o homem j\u00e1 tinha sido condenado a cinco anos de pris\u00e3o, suspensos, por viol\u00eancia dom\u00e9stica contra a ex-mulher e dois filhos de ambos, com suspens\u00e3o sujeita a uma pena acess\u00f3ria de proibi\u00e7\u00e3o de contactos e monitoriza\u00e7\u00e3o eletr\u00f3nica. Segundo o Minist\u00e9rio P\u00fablico, a condena\u00e7\u00e3o ocorreu a 16 de novembro de 2023.","og_url":"https:\/\/portaltela.pt\/noticias\/2026\/02\/27\/condenado-em-tribunal-por-tentativa-de-homicidio-contra-namorada\/","og_site_name":"Portal Tela Portugal","article_published_time":"2026-02-27T16:59:28+00:00","author":"Telinha","twitter_card":"summary_large_image","twitter_misc":{"Escrito por":"Telinha","Tempo estimado de leitura":"1 minuto"},"schema":{"@context":"https:\/\/schema.org","@graph":[{"@type":"Article","@id":"https:\/\/portaltela.pt\/noticias\/2026\/02\/27\/condenado-em-tribunal-por-tentativa-de-homicidio-contra-namorada\/#article","isPartOf":{"@id":"https:\/\/portaltela.pt\/noticias\/2026\/02\/27\/condenado-em-tribunal-por-tentativa-de-homicidio-contra-namorada\/"},"author":{"name":"Telinha","@id":"https:\/\/portaltela.pt\/#\/schema\/person\/c4278d4a6028830caff9ee44b42d32ed"},"headline":"Condenado em tribunal por tentativa de homic\u00eddio contra namorada","datePublished":"2026-02-27T16:59:28+00:00","mainEntityOfPage":{"@id":"https:\/\/portaltela.pt\/noticias\/2026\/02\/27\/condenado-em-tribunal-por-tentativa-de-homicidio-contra-namorada\/"},"wordCount":225,"image":{"@id":"https:\/\/portaltela.pt\/noticias\/2026\/02\/27\/condenado-em-tribunal-por-tentativa-de-homicidio-contra-namorada\/#primaryimage"},"thumbnailUrl":"https:\/\/portaltela.pt\/s.01k8rhncp4jt1\/2026\/02\/img_1500x1000uu2026-02-27-15-07-42-2269389-im-639078016800244870.jpg","keywords":["crime","homic\u00eddio","pulseira eletr\u00f3nica","viol\u00eancia","viol\u00eancia dom\u00e9stica"],"articleSection":["Not\u00edcias"],"inLanguage":"pt-PT"},{"@type":"WebPage","@id":"https:\/\/portaltela.pt\/noticias\/2026\/02\/27\/condenado-em-tribunal-por-tentativa-de-homicidio-contra-namorada\/","url":"https:\/\/portaltela.pt\/noticias\/2026\/02\/27\/condenado-em-tribunal-por-tentativa-de-homicidio-contra-namorada\/","name":"Condenado em tribunal por tentativa de homic\u00eddio contra namorada - Portal Tela Portugal","isPartOf":{"@id":"https:\/\/portaltela.pt\/#website"},"primaryImageOfPage":{"@id":"https:\/\/portaltela.pt\/noticias\/2026\/02\/27\/condenado-em-tribunal-por-tentativa-de-homicidio-contra-namorada\/#primaryimage"},"image":{"@id":"https:\/\/portaltela.pt\/noticias\/2026\/02\/27\/condenado-em-tribunal-por-tentativa-de-homicidio-contra-namorada\/#primaryimage"},"thumbnailUrl":"https:\/\/portaltela.pt\/s.01k8rhncp4jt1\/2026\/02\/img_1500x1000uu2026-02-27-15-07-42-2269389-im-639078016800244870.jpg","datePublished":"2026-02-27T16:59:28+00:00","author":{"@id":"https:\/\/portaltela.pt\/#\/schema\/person\/c4278d4a6028830caff9ee44b42d32ed"},"breadcrumb":{"@id":"https:\/\/portaltela.pt\/noticias\/2026\/02\/27\/condenado-em-tribunal-por-tentativa-de-homicidio-contra-namorada\/#breadcrumb"},"inLanguage":"pt-PT","potentialAction":[{"@type":"ReadAction","target":["https:\/\/portaltela.pt\/noticias\/2026\/02\/27\/condenado-em-tribunal-por-tentativa-de-homicidio-contra-namorada\/"]}]},{"@type":"ImageObject","inLanguage":"pt-PT","@id":"https:\/\/portaltela.pt\/noticias\/2026\/02\/27\/condenado-em-tribunal-por-tentativa-de-homicidio-contra-namorada\/#primaryimage","url":"https:\/\/portaltela.pt\/s.01k8rhncp4jt1\/2026\/02\/img_1500x1000uu2026-02-27-15-07-42-2269389-im-639078016800244870.jpg","contentUrl":"https:\/\/portaltela.pt\/s.01k8rhncp4jt1\/2026\/02\/img_1500x1000uu2026-02-27-15-07-42-2269389-im-639078016800244870.jpg","width":796,"height":448,"caption":"Agressor a ser levado por inspetores da Pol\u00edcia Judici\u00e1ria"},{"@type":"BreadcrumbList","@id":"https:\/\/portaltela.pt\/noticias\/2026\/02\/27\/condenado-em-tribunal-por-tentativa-de-homicidio-contra-namorada\/#breadcrumb","itemListElement":[{"@type":"ListItem","position":1,"name":"In\u00edcio","item":"https:\/\/portaltela.pt\/"},{"@type":"ListItem","position":2,"name":"Condenado em tribunal por tentativa de homic\u00eddio contra namorada"}]},{"@type":"WebSite","@id":"https:\/\/portaltela.pt\/#website","url":"https:\/\/portaltela.pt\/","name":"Portal Tela Portugal","description":"","potentialAction":[{"@type":"SearchAction","target":{"@type":"EntryPoint","urlTemplate":"https:\/\/portaltela.pt\/?s={search_term_string}"},"query-input":{"@type":"PropertyValueSpecification","valueRequired":true,"valueName":"search_term_string"}}],"inLanguage":"pt-PT"},{"@type":"Person","@id":"https:\/\/portaltela.pt\/#\/schema\/person\/c4278d4a6028830caff9ee44b42d32ed","name":"Telinha","image":{"@type":"ImageObject","inLanguage":"pt-PT","@id":"https:\/\/portaltela.pt\/s.01k8rhncp4jt1\/2025\/11\/talking-bot-125x125.png","url":"https:\/\/portaltela.pt\/s.01k8rhncp4jt1\/2025\/11\/talking-bot-125x125.png","contentUrl":"https:\/\/portaltela.pt\/s.01k8rhncp4jt1\/2025\/11\/talking-bot-125x125.png","caption":"Telinha"},"sameAs":["https:\/\/portaltela.pt\/"],"url":"https:\/\/portaltela.pt\/por\/367410592786\/"}]}},"_links":{"self":[{"href":"https:\/\/portaltela.pt\/api\/wp\/v2\/posts\/391120","targetHints":{"allow":["GET"]}}],"collection":[{"href":"https:\/\/portaltela.pt\/api\/wp\/v2\/posts"}],"about":[{"href":"https:\/\/portaltela.pt\/api\/wp\/v2\/types\/post"}],"author":[{"embeddable":true,"href":"https:\/\/portaltela.pt\/api\/wp\/v2\/users\/2"}],"replies":[{"embeddable":true,"href":"https:\/\/portaltela.pt\/api\/wp\/v2\/comments?post=391120"}],"version-history":[{"count":0,"href":"https:\/\/portaltela.pt\/api\/wp\/v2\/posts\/391120\/revisions"}],"wp:featuredmedia":[{"embeddable":true,"href":"https:\/\/portaltela.pt\/api\/wp\/v2\/media\/391136"}],"wp:attachment":[{"href":"https:\/\/portaltela.pt\/api\/wp\/v2\/media?parent=391120"}],"wp:term":[{"taxonomy":"category","embeddable":true,"href":"https:\/\/portaltela.pt\/api\/wp\/v2\/categories?post=391120"},{"taxonomy":"post_tag","embeddable":true,"href":"https:\/\/portaltela.pt\/api\/wp\/v2\/tags?post=391120"}],"curies":[{"name":"wp","href":"https:\/\/api.w.org\/{rel}","templated":true}]}}