{"id":391119,"date":"2026-02-27T13:58:11","date_gmt":"2026-02-27T16:58:11","guid":{"rendered":"https:\/\/portaltela.pt\/noticias\/2026\/02\/27\/beatriz-prates-comenta-comentario-de-bernardina-brito-sobre-imigrantes-na-uber\/"},"modified":"2026-02-27T13:58:11","modified_gmt":"2026-02-27T16:58:11","slug":"beatriz-prates-comenta-comentario-de-bernardina-brito-sobre-imigrantes-na-uber","status":"publish","type":"post","link":"https:\/\/portaltela.pt\/noticias\/2026\/02\/27\/beatriz-prates-comenta-comentario-de-bernardina-brito-sobre-imigrantes-na-uber\/","title":{"rendered":"Beatriz Prates comenta coment\u00e1rio de Bernardina Brito sobre imigrantes na Uber"},"content":{"rendered":"<p>Foi divulgado que Beatriz Prates, apresentadora da CMTV, discordou de um coment\u00e1rio feito pela influenciadora Bernardina Brito sobre imigrantes trabalhadores na Uber. A nota p\u00fablica ocorreu ap\u00f3s a divulga\u00e7\u00e3o de um v\u00eddeo em que a influenciadora sugeria que esses trabalhadores deveriam tomar banho, o que gerou controv\u00e9rsia online.<\/p>\n<p>Segundo a cobertura, a apresentadora afirmou que a declara\u00e7\u00e3o \u00e9 pouco apropriada e n\u00e3o representa a posi\u00e7\u00e3o da esta\u00e7\u00e3o. O epis\u00f3dio ocorreu no contexto de cr\u00edticas online sobre coment\u00e1rios dirigidos a comunidades imigrantes. N\u00e3o foram reportadas a\u00e7\u00f5es legais at\u00e9 o momento.<\/p>\n<p>Bernardina Brito publicou o v\u00eddeo nas redes sociais, motivando rea\u00e7\u00f5es de seguidores e de figuras p\u00fablicas. A discuss\u00e3o envolve quest\u00f5es de respeito, integridade no discurso p\u00fablico e o tratamento de trabalhadores imigrantes em plataformas de transporte.<\/p>\n<h3>Rea\u00e7\u00e3o de Beatriz Prates<\/h3>\n<p>Beatriz Prates ressaltou que as afirma\u00e7\u00f5es cont\u00eam tom inadequado e podem ser prejudiciais. A apresentadora enfatizou a necessidade de manter o debate p\u00fablico em padr\u00f5es de civismo e n\u00e3o endossou conte\u00fado hostil. A posi\u00e7\u00e3o foi comunicada pela equipa de jornalismo da CMTV.<\/p>\n<h3>Contexto da controv\u00e9rsia<\/h3>\n<p>A controv\u00e9rsia envolve mensagens direcionadas a imigrantes que atuam na Uber. O tema levanta debates sobre discurso nas redes sociais, responsabilidade de influenciadores e impactos na imagem de grupos migrantes. A situa\u00e7\u00e3o continua em acompanhamento editorial.<\/p>\n","protected":false},"excerpt":{"rendered":"<ul>\n<li>Beatriz Prates, apresentadora da CMTV, comentou publicamente um v\u00eddeo de Bernardina Brito.<\/li>\n<li>No v\u00eddeo, Bernardina Brito afirmava que imigrantes deviam tomar banho.<\/li>\n<li>Beatriz Prates qualificou o coment\u00e1rio como \u201cfoi um bocadinho infeliz\u201d.<\/li>\n<li>A not\u00edcia foi publicada pelo CM Jornal em 27 de fevereiro de 2026 \u00e0s 16:58.<\/li>\n<li>A mat\u00e9ria aborda a pol\u00eamica gerada por coment\u00e1rios sobre imigrantes e o seu trabalho na Uber.<\/li>\n<\/ul>\n","protected":false},"author":2,"featured_media":391132,"comment_status":"closed","ping_status":"closed","sticky":false,"template":"","format":"standard","meta":{"footnotes":""},"categories":[12,1],"tags":[3035,1904,6276,712,1921,88],"class_list":["post-391119","post","type-post","status-publish","format-standard","has-post-thumbnail","hentry","category-entretenimento","category-noticias","tag-comunidade","tag-discurso-de-odio","tag-discursos","tag-imigracao","tag-imigrantes","tag-redes-sociais"],"yoast_head":"<!-- This site is optimized with the Yoast SEO plugin v27.2 - https:\/\/yoast.com\/product\/yoast-seo-wordpress\/ -->\n<title>Beatriz Prates comenta coment\u00e1rio de Bernardina Brito sobre imigrantes na Uber - Portal Tela Portugal<\/title>\n<meta name=\"robots\" content=\"index, follow, max-snippet:-1, max-image-preview:large, max-video-preview:-1\" \/>\n<meta property=\"og:locale\" content=\"pt_PT\" \/>\n<meta property=\"og:type\" content=\"article\" \/>\n<meta property=\"og:title\" content=\"Beatriz Prates comenta coment\u00e1rio de Bernardina Brito sobre imigrantes na Uber - Portal Tela Portugal\" \/>\n<meta property=\"og:description\" content=\"Beatriz Prates, apresentadora da CMTV, comentou publicamente um v\u00eddeo de Bernardina Brito. No v\u00eddeo, Bernardina Brito afirmava que imigrantes deviam tomar banho. Beatriz Prates qualificou o coment\u00e1rio como \u201cfoi um bocadinho infeliz\u201d. A not\u00edcia foi publicada pelo CM Jornal em 27 de fevereiro de 2026 \u00e0s 16:58. A mat\u00e9ria aborda a pol\u00eamica gerada por coment\u00e1rios sobre imigrantes e o seu trabalho na Uber.\" \/>\n<meta property=\"og:url\" content=\"https:\/\/portaltela.pt\/noticias\/2026\/02\/27\/beatriz-prates-comenta-comentario-de-bernardina-brito-sobre-imigrantes-na-uber\/\" \/>\n<meta property=\"og:site_name\" content=\"Portal Tela Portugal\" \/>\n<meta property=\"article:published_time\" content=\"2026-02-27T16:58:11+00:00\" \/>\n<meta name=\"author\" content=\"Telinha\" \/>\n<meta name=\"twitter:card\" content=\"summary_large_image\" \/>\n<meta name=\"twitter:label1\" content=\"Escrito por\" \/>\n\t<meta name=\"twitter:data1\" content=\"Telinha\" \/>\n\t<meta name=\"twitter:label2\" content=\"Tempo estimado de leitura\" \/>\n\t<meta name=\"twitter:data2\" content=\"1 minuto\" \/>\n<script type=\"application\/ld+json\" class=\"yoast-schema-graph\">{\"@context\":\"https:\/\/schema.org\",\"@graph\":[{\"@type\":\"Article\",\"@id\":\"https:\/\/portaltela.pt\/noticias\/2026\/02\/27\/beatriz-prates-comenta-comentario-de-bernardina-brito-sobre-imigrantes-na-uber\/#article\",\"isPartOf\":{\"@id\":\"https:\/\/portaltela.pt\/noticias\/2026\/02\/27\/beatriz-prates-comenta-comentario-de-bernardina-brito-sobre-imigrantes-na-uber\/\"},\"author\":{\"name\":\"Telinha\",\"@id\":\"https:\/\/portaltela.pt\/#\/schema\/person\/c4278d4a6028830caff9ee44b42d32ed\"},\"headline\":\"Beatriz Prates comenta coment\u00e1rio de Bernardina Brito sobre imigrantes na Uber\",\"datePublished\":\"2026-02-27T16:58:11+00:00\",\"mainEntityOfPage\":{\"@id\":\"https:\/\/portaltela.pt\/noticias\/2026\/02\/27\/beatriz-prates-comenta-comentario-de-bernardina-brito-sobre-imigrantes-na-uber\/\"},\"wordCount\":253,\"image\":{\"@id\":\"https:\/\/portaltela.pt\/noticias\/2026\/02\/27\/beatriz-prates-comenta-comentario-de-bernardina-brito-sobre-imigrantes-na-uber\/#primaryimage\"},\"thumbnailUrl\":\"https:\/\/portaltela.pt\/s.01k8rhncp4jt1\/2026\/02\/img_1280x722uu2026-02-27-16-57-49-2269422.jpg\",\"keywords\":[\"comunidade\",\"discurso de \u00f3dio\",\"discursos\",\"imigra\u00e7\u00e3o\",\"imigrantes\",\"redes sociais\"],\"articleSection\":[\"Entretenimento\",\"Not\u00edcias\"],\"inLanguage\":\"pt-PT\"},{\"@type\":\"WebPage\",\"@id\":\"https:\/\/portaltela.pt\/noticias\/2026\/02\/27\/beatriz-prates-comenta-comentario-de-bernardina-brito-sobre-imigrantes-na-uber\/\",\"url\":\"https:\/\/portaltela.pt\/noticias\/2026\/02\/27\/beatriz-prates-comenta-comentario-de-bernardina-brito-sobre-imigrantes-na-uber\/\",\"name\":\"Beatriz Prates comenta coment\u00e1rio de Bernardina Brito sobre imigrantes na Uber - Portal Tela Portugal\",\"isPartOf\":{\"@id\":\"https:\/\/portaltela.pt\/#website\"},\"primaryImageOfPage\":{\"@id\":\"https:\/\/portaltela.pt\/noticias\/2026\/02\/27\/beatriz-prates-comenta-comentario-de-bernardina-brito-sobre-imigrantes-na-uber\/#primaryimage\"},\"image\":{\"@id\":\"https:\/\/portaltela.pt\/noticias\/2026\/02\/27\/beatriz-prates-comenta-comentario-de-bernardina-brito-sobre-imigrantes-na-uber\/#primaryimage\"},\"thumbnailUrl\":\"https:\/\/portaltela.pt\/s.01k8rhncp4jt1\/2026\/02\/img_1280x722uu2026-02-27-16-57-49-2269422.jpg\",\"datePublished\":\"2026-02-27T16:58:11+00:00\",\"author\":{\"@id\":\"https:\/\/portaltela.pt\/#\/schema\/person\/c4278d4a6028830caff9ee44b42d32ed\"},\"breadcrumb\":{\"@id\":\"https:\/\/portaltela.pt\/noticias\/2026\/02\/27\/beatriz-prates-comenta-comentario-de-bernardina-brito-sobre-imigrantes-na-uber\/#breadcrumb\"},\"inLanguage\":\"pt-PT\",\"potentialAction\":[{\"@type\":\"ReadAction\",\"target\":[\"https:\/\/portaltela.pt\/noticias\/2026\/02\/27\/beatriz-prates-comenta-comentario-de-bernardina-brito-sobre-imigrantes-na-uber\/\"]}]},{\"@type\":\"ImageObject\",\"inLanguage\":\"pt-PT\",\"@id\":\"https:\/\/portaltela.pt\/noticias\/2026\/02\/27\/beatriz-prates-comenta-comentario-de-bernardina-brito-sobre-imigrantes-na-uber\/#primaryimage\",\"url\":\"https:\/\/portaltela.pt\/s.01k8rhncp4jt1\/2026\/02\/img_1280x722uu2026-02-27-16-57-49-2269422.jpg\",\"contentUrl\":\"https:\/\/portaltela.pt\/s.01k8rhncp4jt1\/2026\/02\/img_1280x722uu2026-02-27-16-57-49-2269422.jpg\",\"width\":796,\"height\":448,\"caption\":\"Photo\"},{\"@type\":\"BreadcrumbList\",\"@id\":\"https:\/\/portaltela.pt\/noticias\/2026\/02\/27\/beatriz-prates-comenta-comentario-de-bernardina-brito-sobre-imigrantes-na-uber\/#breadcrumb\",\"itemListElement\":[{\"@type\":\"ListItem\",\"position\":1,\"name\":\"In\u00edcio\",\"item\":\"https:\/\/portaltela.pt\/\"},{\"@type\":\"ListItem\",\"position\":2,\"name\":\"Beatriz Prates comenta coment\u00e1rio de Bernardina Brito sobre imigrantes na Uber\"}]},{\"@type\":\"WebSite\",\"@id\":\"https:\/\/portaltela.pt\/#website\",\"url\":\"https:\/\/portaltela.pt\/\",\"name\":\"Portal Tela Portugal\",\"description\":\"\",\"potentialAction\":[{\"@type\":\"SearchAction\",\"target\":{\"@type\":\"EntryPoint\",\"urlTemplate\":\"https:\/\/portaltela.pt\/?s={search_term_string}\"},\"query-input\":{\"@type\":\"PropertyValueSpecification\",\"valueRequired\":true,\"valueName\":\"search_term_string\"}}],\"inLanguage\":\"pt-PT\"},{\"@type\":\"Person\",\"@id\":\"https:\/\/portaltela.pt\/#\/schema\/person\/c4278d4a6028830caff9ee44b42d32ed\",\"name\":\"Telinha\",\"image\":{\"@type\":\"ImageObject\",\"inLanguage\":\"pt-PT\",\"@id\":\"https:\/\/portaltela.pt\/s.01k8rhncp4jt1\/2025\/11\/talking-bot-125x125.png\",\"url\":\"https:\/\/portaltela.pt\/s.01k8rhncp4jt1\/2025\/11\/talking-bot-125x125.png\",\"contentUrl\":\"https:\/\/portaltela.pt\/s.01k8rhncp4jt1\/2025\/11\/talking-bot-125x125.png\",\"caption\":\"Telinha\"},\"sameAs\":[\"https:\/\/portaltela.pt\/\"],\"url\":\"https:\/\/portaltela.pt\/por\/367410592786\/\"}]}<\/script>\n<!-- \/ Yoast SEO plugin. -->","yoast_head_json":{"title":"Beatriz Prates comenta coment\u00e1rio de Bernardina Brito sobre imigrantes na Uber - Portal Tela Portugal","robots":{"index":"index","follow":"follow","max-snippet":"max-snippet:-1","max-image-preview":"max-image-preview:large","max-video-preview":"max-video-preview:-1"},"og_locale":"pt_PT","og_type":"article","og_title":"Beatriz Prates comenta coment\u00e1rio de Bernardina Brito sobre imigrantes na Uber - Portal Tela Portugal","og_description":"Beatriz Prates, apresentadora da CMTV, comentou publicamente um v\u00eddeo de Bernardina Brito. No v\u00eddeo, Bernardina Brito afirmava que imigrantes deviam tomar banho. Beatriz Prates qualificou o coment\u00e1rio como \u201cfoi um bocadinho infeliz\u201d. A not\u00edcia foi publicada pelo CM Jornal em 27 de fevereiro de 2026 \u00e0s 16:58. A mat\u00e9ria aborda a pol\u00eamica gerada por coment\u00e1rios sobre imigrantes e o seu trabalho na Uber.","og_url":"https:\/\/portaltela.pt\/noticias\/2026\/02\/27\/beatriz-prates-comenta-comentario-de-bernardina-brito-sobre-imigrantes-na-uber\/","og_site_name":"Portal Tela Portugal","article_published_time":"2026-02-27T16:58:11+00:00","author":"Telinha","twitter_card":"summary_large_image","twitter_misc":{"Escrito por":"Telinha","Tempo estimado de leitura":"1 minuto"},"schema":{"@context":"https:\/\/schema.org","@graph":[{"@type":"Article","@id":"https:\/\/portaltela.pt\/noticias\/2026\/02\/27\/beatriz-prates-comenta-comentario-de-bernardina-brito-sobre-imigrantes-na-uber\/#article","isPartOf":{"@id":"https:\/\/portaltela.pt\/noticias\/2026\/02\/27\/beatriz-prates-comenta-comentario-de-bernardina-brito-sobre-imigrantes-na-uber\/"},"author":{"name":"Telinha","@id":"https:\/\/portaltela.pt\/#\/schema\/person\/c4278d4a6028830caff9ee44b42d32ed"},"headline":"Beatriz Prates comenta coment\u00e1rio de Bernardina Brito sobre imigrantes na Uber","datePublished":"2026-02-27T16:58:11+00:00","mainEntityOfPage":{"@id":"https:\/\/portaltela.pt\/noticias\/2026\/02\/27\/beatriz-prates-comenta-comentario-de-bernardina-brito-sobre-imigrantes-na-uber\/"},"wordCount":253,"image":{"@id":"https:\/\/portaltela.pt\/noticias\/2026\/02\/27\/beatriz-prates-comenta-comentario-de-bernardina-brito-sobre-imigrantes-na-uber\/#primaryimage"},"thumbnailUrl":"https:\/\/portaltela.pt\/s.01k8rhncp4jt1\/2026\/02\/img_1280x722uu2026-02-27-16-57-49-2269422.jpg","keywords":["comunidade","discurso de \u00f3dio","discursos","imigra\u00e7\u00e3o","imigrantes","redes sociais"],"articleSection":["Entretenimento","Not\u00edcias"],"inLanguage":"pt-PT"},{"@type":"WebPage","@id":"https:\/\/portaltela.pt\/noticias\/2026\/02\/27\/beatriz-prates-comenta-comentario-de-bernardina-brito-sobre-imigrantes-na-uber\/","url":"https:\/\/portaltela.pt\/noticias\/2026\/02\/27\/beatriz-prates-comenta-comentario-de-bernardina-brito-sobre-imigrantes-na-uber\/","name":"Beatriz Prates comenta coment\u00e1rio de Bernardina Brito sobre imigrantes na Uber - Portal Tela Portugal","isPartOf":{"@id":"https:\/\/portaltela.pt\/#website"},"primaryImageOfPage":{"@id":"https:\/\/portaltela.pt\/noticias\/2026\/02\/27\/beatriz-prates-comenta-comentario-de-bernardina-brito-sobre-imigrantes-na-uber\/#primaryimage"},"image":{"@id":"https:\/\/portaltela.pt\/noticias\/2026\/02\/27\/beatriz-prates-comenta-comentario-de-bernardina-brito-sobre-imigrantes-na-uber\/#primaryimage"},"thumbnailUrl":"https:\/\/portaltela.pt\/s.01k8rhncp4jt1\/2026\/02\/img_1280x722uu2026-02-27-16-57-49-2269422.jpg","datePublished":"2026-02-27T16:58:11+00:00","author":{"@id":"https:\/\/portaltela.pt\/#\/schema\/person\/c4278d4a6028830caff9ee44b42d32ed"},"breadcrumb":{"@id":"https:\/\/portaltela.pt\/noticias\/2026\/02\/27\/beatriz-prates-comenta-comentario-de-bernardina-brito-sobre-imigrantes-na-uber\/#breadcrumb"},"inLanguage":"pt-PT","potentialAction":[{"@type":"ReadAction","target":["https:\/\/portaltela.pt\/noticias\/2026\/02\/27\/beatriz-prates-comenta-comentario-de-bernardina-brito-sobre-imigrantes-na-uber\/"]}]},{"@type":"ImageObject","inLanguage":"pt-PT","@id":"https:\/\/portaltela.pt\/noticias\/2026\/02\/27\/beatriz-prates-comenta-comentario-de-bernardina-brito-sobre-imigrantes-na-uber\/#primaryimage","url":"https:\/\/portaltela.pt\/s.01k8rhncp4jt1\/2026\/02\/img_1280x722uu2026-02-27-16-57-49-2269422.jpg","contentUrl":"https:\/\/portaltela.pt\/s.01k8rhncp4jt1\/2026\/02\/img_1280x722uu2026-02-27-16-57-49-2269422.jpg","width":796,"height":448,"caption":"Photo"},{"@type":"BreadcrumbList","@id":"https:\/\/portaltela.pt\/noticias\/2026\/02\/27\/beatriz-prates-comenta-comentario-de-bernardina-brito-sobre-imigrantes-na-uber\/#breadcrumb","itemListElement":[{"@type":"ListItem","position":1,"name":"In\u00edcio","item":"https:\/\/portaltela.pt\/"},{"@type":"ListItem","position":2,"name":"Beatriz Prates comenta coment\u00e1rio de Bernardina Brito sobre imigrantes na Uber"}]},{"@type":"WebSite","@id":"https:\/\/portaltela.pt\/#website","url":"https:\/\/portaltela.pt\/","name":"Portal Tela Portugal","description":"","potentialAction":[{"@type":"SearchAction","target":{"@type":"EntryPoint","urlTemplate":"https:\/\/portaltela.pt\/?s={search_term_string}"},"query-input":{"@type":"PropertyValueSpecification","valueRequired":true,"valueName":"search_term_string"}}],"inLanguage":"pt-PT"},{"@type":"Person","@id":"https:\/\/portaltela.pt\/#\/schema\/person\/c4278d4a6028830caff9ee44b42d32ed","name":"Telinha","image":{"@type":"ImageObject","inLanguage":"pt-PT","@id":"https:\/\/portaltela.pt\/s.01k8rhncp4jt1\/2025\/11\/talking-bot-125x125.png","url":"https:\/\/portaltela.pt\/s.01k8rhncp4jt1\/2025\/11\/talking-bot-125x125.png","contentUrl":"https:\/\/portaltela.pt\/s.01k8rhncp4jt1\/2025\/11\/talking-bot-125x125.png","caption":"Telinha"},"sameAs":["https:\/\/portaltela.pt\/"],"url":"https:\/\/portaltela.pt\/por\/367410592786\/"}]}},"_links":{"self":[{"href":"https:\/\/portaltela.pt\/api\/wp\/v2\/posts\/391119","targetHints":{"allow":["GET"]}}],"collection":[{"href":"https:\/\/portaltela.pt\/api\/wp\/v2\/posts"}],"about":[{"href":"https:\/\/portaltela.pt\/api\/wp\/v2\/types\/post"}],"author":[{"embeddable":true,"href":"https:\/\/portaltela.pt\/api\/wp\/v2\/users\/2"}],"replies":[{"embeddable":true,"href":"https:\/\/portaltela.pt\/api\/wp\/v2\/comments?post=391119"}],"version-history":[{"count":0,"href":"https:\/\/portaltela.pt\/api\/wp\/v2\/posts\/391119\/revisions"}],"wp:featuredmedia":[{"embeddable":true,"href":"https:\/\/portaltela.pt\/api\/wp\/v2\/media\/391132"}],"wp:attachment":[{"href":"https:\/\/portaltela.pt\/api\/wp\/v2\/media?parent=391119"}],"wp:term":[{"taxonomy":"category","embeddable":true,"href":"https:\/\/portaltela.pt\/api\/wp\/v2\/categories?post=391119"},{"taxonomy":"post_tag","embeddable":true,"href":"https:\/\/portaltela.pt\/api\/wp\/v2\/tags?post=391119"}],"curies":[{"name":"wp","href":"https:\/\/api.w.org\/{rel}","templated":true}]}}