{"id":391118,"date":"2026-02-27T13:51:00","date_gmt":"2026-02-27T16:51:00","guid":{"rendered":"https:\/\/portaltela.pt\/noticias\/2026\/02\/27\/montenegro-reage-a-criticas-de-passos-coelho\/"},"modified":"2026-02-27T13:51:00","modified_gmt":"2026-02-27T16:51:00","slug":"montenegro-reage-a-criticas-de-passos-coelho","status":"publish","type":"post","link":"https:\/\/portaltela.pt\/noticias\/politica\/2026\/02\/27\/montenegro-reage-a-criticas-de-passos-coelho\/","title":{"rendered":"Montenegro reage a cr\u00edticas de Passos Coelho"},"content":{"rendered":"<p>O primeiro-ministro Lu\u00eds Montenegro respondeu \u00e0s cr\u00edticas de Pedro Passos Coelho sem entrar em pol\u00e9micas, afirmando que o foco \u00e9 governar e resolver problemas concretos do pa\u00eds. Disse que n\u00e3o vai alimentar debates paralelos e que o papel dele \u00e9 agir, n\u00e3o comentar cen\u00e1rios.<\/p>\n<p>Montenegro sustentou que a fun\u00e7\u00e3o de um chefe de Governo \u00e9 tomar decis\u00f5es r\u00e1pidas para responder \u00e0s situa\u00e7\u00f5es. Refor\u00e7ou que o pa\u00eds precisa de medidas que ajudem os cidad\u00e3os, destacando que o governo est\u00e1 a agir com rapidez, mas com algum controlo.<\/p>\n<p>Sobre as intemp\u00e9ries recentes, o l\u00edder do Executivo garantiu que o Governo est\u00e1 a actuar com celeridade e a disponibilizar apoio \u00e0s empresas, sem deixar de assegurar mecanismos de fiscaliza\u00e7\u00e3o. O objetivo \u00e9 equilibrar rapidez com rigor.<\/p>\n<p>Quanto aos crit\u00e9rios de atribui\u00e7\u00e3o de apoios, o Primeiro-Ministro explicou que preju\u00edzos at\u00e9 5 mil euros exigem registo fotogr\u00e1fico, enquanto perdas at\u00e9 10 mil euros pedem vistoria da c\u00e2mara municipal. N\u00e3o deve haver automatismos.<\/p>\n<p>Montenegro reiterou que as decis\u00f5es foram tomadas de forma c\u00e9lere para responder \u00e0s necessidades mais urgentes, mantendo um processo \u00e1gil com um m\u00ednimo de controlo. O objetivo \u00e9 um \/processo eficaz, sem comprometer a supervis\u00e3o.<\/p>\n<p>Afirmou ainda que o Governo est\u00e1 dispon\u00edvel para apoiar as empresas afetadas, diante de um volume significativo de pedidos de ajuda. A mensagem central \u00e9 a de agir com responsabilidade e transpar\u00eancia.<\/p>\n","protected":false},"excerpt":{"rendered":"<ul>\n<li>O primeiro-ministro Lu\u00eds Montenegro rejeitou alimentar pol\u00e9micas, dizendo que a fun\u00e7\u00e3o dele \u00e9 agir como executor, n\u00e3o comentador.<\/li>\n<li>Garantiu que o Governo atua com rapidez para responder \u00e0s intemp\u00e9ries, mantendo mecanismos m\u00ednimos de controlo.<\/li>\n<li>Destacou a disponibilidade do governo para as empresas, com v\u00e1rias solicita\u00e7\u00f5es de emerg\u00eancia a tratar.<\/li>\n<li>Defendeu que a rapidez no apoio n\u00e3o pode comprometer a fiscaliza\u00e7\u00e3o, mantendo controlo m\u00ednimo.<\/li>\n<li>Detalhou os crit\u00e9rios para atribui\u00e7\u00e3o de apoios: at\u00e9 cinco mil euros exigem registo fotogr\u00e1fico; at\u00e9 dez mil euros requerem vistoria da c\u00e2mara municipal.<\/li>\n<\/ul>\n","protected":false},"author":2,"featured_media":391135,"comment_status":"closed","ping_status":"closed","sticky":false,"template":"","format":"standard","meta":{"footnotes":""},"categories":[1,5],"tags":[1738,1211,34,2832,1014,332],"class_list":["post-391118","post","type-post","status-publish","format-standard","has-post-thumbnail","hentry","category-noticias","category-politica","tag-apoio-institucional","tag-apoio-social","tag-governo","tag-politica","tag-portugal","tag-transparencia"],"yoast_head":"<!-- This site is optimized with the Yoast SEO plugin v27.2 - https:\/\/yoast.com\/product\/yoast-seo-wordpress\/ -->\n<title>Montenegro reage a cr\u00edticas de Passos Coelho - Portal Tela Portugal<\/title>\n<meta name=\"robots\" content=\"index, follow, max-snippet:-1, max-image-preview:large, max-video-preview:-1\" \/>\n<meta property=\"og:locale\" content=\"pt_PT\" \/>\n<meta property=\"og:type\" content=\"article\" \/>\n<meta property=\"og:title\" content=\"Montenegro reage a cr\u00edticas de Passos Coelho - Portal Tela Portugal\" \/>\n<meta property=\"og:description\" content=\"O primeiro-ministro Lu\u00eds Montenegro rejeitou alimentar pol\u00e9micas, dizendo que a fun\u00e7\u00e3o dele \u00e9 agir como executor, n\u00e3o comentador. Garantiu que o Governo atua com rapidez para responder \u00e0s intemp\u00e9ries, mantendo mecanismos m\u00ednimos de controlo. Destacou a disponibilidade do governo para as empresas, com v\u00e1rias solicita\u00e7\u00f5es de emerg\u00eancia a tratar. Defendeu que a rapidez no apoio n\u00e3o pode comprometer a fiscaliza\u00e7\u00e3o, mantendo controlo m\u00ednimo. Detalhou os crit\u00e9rios para atribui\u00e7\u00e3o de apoios: at\u00e9 cinco mil euros exigem registo fotogr\u00e1fico; at\u00e9 dez mil euros requerem vistoria da c\u00e2mara municipal.\" \/>\n<meta property=\"og:url\" content=\"https:\/\/portaltela.pt\/noticias\/2026\/02\/27\/montenegro-reage-a-criticas-de-passos-coelho\/\" \/>\n<meta property=\"og:site_name\" content=\"Portal Tela Portugal\" \/>\n<meta property=\"article:published_time\" content=\"2026-02-27T16:51:00+00:00\" \/>\n<meta name=\"author\" content=\"Telinha\" \/>\n<meta name=\"twitter:card\" content=\"summary_large_image\" \/>\n<meta name=\"twitter:label1\" content=\"Escrito por\" \/>\n\t<meta name=\"twitter:data1\" content=\"Telinha\" \/>\n\t<meta name=\"twitter:label2\" content=\"Tempo estimado de leitura\" \/>\n\t<meta name=\"twitter:data2\" content=\"1 minuto\" \/>\n<script type=\"application\/ld+json\" class=\"yoast-schema-graph\">{\"@context\":\"https:\/\/schema.org\",\"@graph\":[{\"@type\":\"Article\",\"@id\":\"https:\/\/portaltela.pt\/noticias\/2026\/02\/27\/montenegro-reage-a-criticas-de-passos-coelho\/#article\",\"isPartOf\":{\"@id\":\"https:\/\/portaltela.pt\/noticias\/2026\/02\/27\/montenegro-reage-a-criticas-de-passos-coelho\/\"},\"author\":{\"name\":\"Telinha\",\"@id\":\"https:\/\/portaltela.pt\/#\/schema\/person\/c4278d4a6028830caff9ee44b42d32ed\"},\"headline\":\"Montenegro reage a cr\u00edticas de Passos Coelho\",\"datePublished\":\"2026-02-27T16:51:00+00:00\",\"mainEntityOfPage\":{\"@id\":\"https:\/\/portaltela.pt\/noticias\/2026\/02\/27\/montenegro-reage-a-criticas-de-passos-coelho\/\"},\"wordCount\":253,\"image\":{\"@id\":\"https:\/\/portaltela.pt\/noticias\/2026\/02\/27\/montenegro-reage-a-criticas-de-passos-coelho\/#primaryimage\"},\"thumbnailUrl\":\"https:\/\/portaltela.pt\/s.01k8rhncp4jt1\/2026\/02\/img_1500x1000uu2026-02-27-16-38-05-2269414.jpg\",\"keywords\":[\"apoio institucional\",\"Apoio Social\",\"governo\",\"pol\u00edtica\",\"Portugal\",\"transpar\u00eancia\"],\"articleSection\":[\"Not\u00edcias\",\"Pol\u00edtica\"],\"inLanguage\":\"pt-PT\"},{\"@type\":\"WebPage\",\"@id\":\"https:\/\/portaltela.pt\/noticias\/2026\/02\/27\/montenegro-reage-a-criticas-de-passos-coelho\/\",\"url\":\"https:\/\/portaltela.pt\/noticias\/2026\/02\/27\/montenegro-reage-a-criticas-de-passos-coelho\/\",\"name\":\"Montenegro reage a cr\u00edticas de Passos Coelho - Portal Tela Portugal\",\"isPartOf\":{\"@id\":\"https:\/\/portaltela.pt\/#website\"},\"primaryImageOfPage\":{\"@id\":\"https:\/\/portaltela.pt\/noticias\/2026\/02\/27\/montenegro-reage-a-criticas-de-passos-coelho\/#primaryimage\"},\"image\":{\"@id\":\"https:\/\/portaltela.pt\/noticias\/2026\/02\/27\/montenegro-reage-a-criticas-de-passos-coelho\/#primaryimage\"},\"thumbnailUrl\":\"https:\/\/portaltela.pt\/s.01k8rhncp4jt1\/2026\/02\/img_1500x1000uu2026-02-27-16-38-05-2269414.jpg\",\"datePublished\":\"2026-02-27T16:51:00+00:00\",\"author\":{\"@id\":\"https:\/\/portaltela.pt\/#\/schema\/person\/c4278d4a6028830caff9ee44b42d32ed\"},\"breadcrumb\":{\"@id\":\"https:\/\/portaltela.pt\/noticias\/2026\/02\/27\/montenegro-reage-a-criticas-de-passos-coelho\/#breadcrumb\"},\"inLanguage\":\"pt-PT\",\"potentialAction\":[{\"@type\":\"ReadAction\",\"target\":[\"https:\/\/portaltela.pt\/noticias\/2026\/02\/27\/montenegro-reage-a-criticas-de-passos-coelho\/\"]}]},{\"@type\":\"ImageObject\",\"inLanguage\":\"pt-PT\",\"@id\":\"https:\/\/portaltela.pt\/noticias\/2026\/02\/27\/montenegro-reage-a-criticas-de-passos-coelho\/#primaryimage\",\"url\":\"https:\/\/portaltela.pt\/s.01k8rhncp4jt1\/2026\/02\/img_1500x1000uu2026-02-27-16-38-05-2269414.jpg\",\"contentUrl\":\"https:\/\/portaltela.pt\/s.01k8rhncp4jt1\/2026\/02\/img_1500x1000uu2026-02-27-16-38-05-2269414.jpg\",\"width\":796,\"height\":448,\"caption\":\"Lu\u00eds Montenegro\"},{\"@type\":\"BreadcrumbList\",\"@id\":\"https:\/\/portaltela.pt\/noticias\/2026\/02\/27\/montenegro-reage-a-criticas-de-passos-coelho\/#breadcrumb\",\"itemListElement\":[{\"@type\":\"ListItem\",\"position\":1,\"name\":\"In\u00edcio\",\"item\":\"https:\/\/portaltela.pt\/\"},{\"@type\":\"ListItem\",\"position\":2,\"name\":\"Montenegro reage a cr\u00edticas de Passos Coelho\"}]},{\"@type\":\"WebSite\",\"@id\":\"https:\/\/portaltela.pt\/#website\",\"url\":\"https:\/\/portaltela.pt\/\",\"name\":\"Portal Tela Portugal\",\"description\":\"\",\"potentialAction\":[{\"@type\":\"SearchAction\",\"target\":{\"@type\":\"EntryPoint\",\"urlTemplate\":\"https:\/\/portaltela.pt\/?s={search_term_string}\"},\"query-input\":{\"@type\":\"PropertyValueSpecification\",\"valueRequired\":true,\"valueName\":\"search_term_string\"}}],\"inLanguage\":\"pt-PT\"},{\"@type\":\"Person\",\"@id\":\"https:\/\/portaltela.pt\/#\/schema\/person\/c4278d4a6028830caff9ee44b42d32ed\",\"name\":\"Telinha\",\"image\":{\"@type\":\"ImageObject\",\"inLanguage\":\"pt-PT\",\"@id\":\"https:\/\/portaltela.pt\/s.01k8rhncp4jt1\/2025\/11\/talking-bot-125x125.png\",\"url\":\"https:\/\/portaltela.pt\/s.01k8rhncp4jt1\/2025\/11\/talking-bot-125x125.png\",\"contentUrl\":\"https:\/\/portaltela.pt\/s.01k8rhncp4jt1\/2025\/11\/talking-bot-125x125.png\",\"caption\":\"Telinha\"},\"sameAs\":[\"https:\/\/portaltela.pt\/\"],\"url\":\"https:\/\/portaltela.pt\/por\/367410592786\/\"}]}<\/script>\n<!-- \/ Yoast SEO plugin. -->","yoast_head_json":{"title":"Montenegro reage a cr\u00edticas de Passos Coelho - Portal Tela Portugal","robots":{"index":"index","follow":"follow","max-snippet":"max-snippet:-1","max-image-preview":"max-image-preview:large","max-video-preview":"max-video-preview:-1"},"og_locale":"pt_PT","og_type":"article","og_title":"Montenegro reage a cr\u00edticas de Passos Coelho - Portal Tela Portugal","og_description":"O primeiro-ministro Lu\u00eds Montenegro rejeitou alimentar pol\u00e9micas, dizendo que a fun\u00e7\u00e3o dele \u00e9 agir como executor, n\u00e3o comentador. Garantiu que o Governo atua com rapidez para responder \u00e0s intemp\u00e9ries, mantendo mecanismos m\u00ednimos de controlo. Destacou a disponibilidade do governo para as empresas, com v\u00e1rias solicita\u00e7\u00f5es de emerg\u00eancia a tratar. Defendeu que a rapidez no apoio n\u00e3o pode comprometer a fiscaliza\u00e7\u00e3o, mantendo controlo m\u00ednimo. Detalhou os crit\u00e9rios para atribui\u00e7\u00e3o de apoios: at\u00e9 cinco mil euros exigem registo fotogr\u00e1fico; at\u00e9 dez mil euros requerem vistoria da c\u00e2mara municipal.","og_url":"https:\/\/portaltela.pt\/noticias\/2026\/02\/27\/montenegro-reage-a-criticas-de-passos-coelho\/","og_site_name":"Portal Tela Portugal","article_published_time":"2026-02-27T16:51:00+00:00","author":"Telinha","twitter_card":"summary_large_image","twitter_misc":{"Escrito por":"Telinha","Tempo estimado de leitura":"1 minuto"},"schema":{"@context":"https:\/\/schema.org","@graph":[{"@type":"Article","@id":"https:\/\/portaltela.pt\/noticias\/2026\/02\/27\/montenegro-reage-a-criticas-de-passos-coelho\/#article","isPartOf":{"@id":"https:\/\/portaltela.pt\/noticias\/2026\/02\/27\/montenegro-reage-a-criticas-de-passos-coelho\/"},"author":{"name":"Telinha","@id":"https:\/\/portaltela.pt\/#\/schema\/person\/c4278d4a6028830caff9ee44b42d32ed"},"headline":"Montenegro reage a cr\u00edticas de Passos Coelho","datePublished":"2026-02-27T16:51:00+00:00","mainEntityOfPage":{"@id":"https:\/\/portaltela.pt\/noticias\/2026\/02\/27\/montenegro-reage-a-criticas-de-passos-coelho\/"},"wordCount":253,"image":{"@id":"https:\/\/portaltela.pt\/noticias\/2026\/02\/27\/montenegro-reage-a-criticas-de-passos-coelho\/#primaryimage"},"thumbnailUrl":"https:\/\/portaltela.pt\/s.01k8rhncp4jt1\/2026\/02\/img_1500x1000uu2026-02-27-16-38-05-2269414.jpg","keywords":["apoio institucional","Apoio Social","governo","pol\u00edtica","Portugal","transpar\u00eancia"],"articleSection":["Not\u00edcias","Pol\u00edtica"],"inLanguage":"pt-PT"},{"@type":"WebPage","@id":"https:\/\/portaltela.pt\/noticias\/2026\/02\/27\/montenegro-reage-a-criticas-de-passos-coelho\/","url":"https:\/\/portaltela.pt\/noticias\/2026\/02\/27\/montenegro-reage-a-criticas-de-passos-coelho\/","name":"Montenegro reage a cr\u00edticas de Passos Coelho - Portal Tela Portugal","isPartOf":{"@id":"https:\/\/portaltela.pt\/#website"},"primaryImageOfPage":{"@id":"https:\/\/portaltela.pt\/noticias\/2026\/02\/27\/montenegro-reage-a-criticas-de-passos-coelho\/#primaryimage"},"image":{"@id":"https:\/\/portaltela.pt\/noticias\/2026\/02\/27\/montenegro-reage-a-criticas-de-passos-coelho\/#primaryimage"},"thumbnailUrl":"https:\/\/portaltela.pt\/s.01k8rhncp4jt1\/2026\/02\/img_1500x1000uu2026-02-27-16-38-05-2269414.jpg","datePublished":"2026-02-27T16:51:00+00:00","author":{"@id":"https:\/\/portaltela.pt\/#\/schema\/person\/c4278d4a6028830caff9ee44b42d32ed"},"breadcrumb":{"@id":"https:\/\/portaltela.pt\/noticias\/2026\/02\/27\/montenegro-reage-a-criticas-de-passos-coelho\/#breadcrumb"},"inLanguage":"pt-PT","potentialAction":[{"@type":"ReadAction","target":["https:\/\/portaltela.pt\/noticias\/2026\/02\/27\/montenegro-reage-a-criticas-de-passos-coelho\/"]}]},{"@type":"ImageObject","inLanguage":"pt-PT","@id":"https:\/\/portaltela.pt\/noticias\/2026\/02\/27\/montenegro-reage-a-criticas-de-passos-coelho\/#primaryimage","url":"https:\/\/portaltela.pt\/s.01k8rhncp4jt1\/2026\/02\/img_1500x1000uu2026-02-27-16-38-05-2269414.jpg","contentUrl":"https:\/\/portaltela.pt\/s.01k8rhncp4jt1\/2026\/02\/img_1500x1000uu2026-02-27-16-38-05-2269414.jpg","width":796,"height":448,"caption":"Lu\u00eds Montenegro"},{"@type":"BreadcrumbList","@id":"https:\/\/portaltela.pt\/noticias\/2026\/02\/27\/montenegro-reage-a-criticas-de-passos-coelho\/#breadcrumb","itemListElement":[{"@type":"ListItem","position":1,"name":"In\u00edcio","item":"https:\/\/portaltela.pt\/"},{"@type":"ListItem","position":2,"name":"Montenegro reage a cr\u00edticas de Passos Coelho"}]},{"@type":"WebSite","@id":"https:\/\/portaltela.pt\/#website","url":"https:\/\/portaltela.pt\/","name":"Portal Tela Portugal","description":"","potentialAction":[{"@type":"SearchAction","target":{"@type":"EntryPoint","urlTemplate":"https:\/\/portaltela.pt\/?s={search_term_string}"},"query-input":{"@type":"PropertyValueSpecification","valueRequired":true,"valueName":"search_term_string"}}],"inLanguage":"pt-PT"},{"@type":"Person","@id":"https:\/\/portaltela.pt\/#\/schema\/person\/c4278d4a6028830caff9ee44b42d32ed","name":"Telinha","image":{"@type":"ImageObject","inLanguage":"pt-PT","@id":"https:\/\/portaltela.pt\/s.01k8rhncp4jt1\/2025\/11\/talking-bot-125x125.png","url":"https:\/\/portaltela.pt\/s.01k8rhncp4jt1\/2025\/11\/talking-bot-125x125.png","contentUrl":"https:\/\/portaltela.pt\/s.01k8rhncp4jt1\/2025\/11\/talking-bot-125x125.png","caption":"Telinha"},"sameAs":["https:\/\/portaltela.pt\/"],"url":"https:\/\/portaltela.pt\/por\/367410592786\/"}]}},"_links":{"self":[{"href":"https:\/\/portaltela.pt\/api\/wp\/v2\/posts\/391118","targetHints":{"allow":["GET"]}}],"collection":[{"href":"https:\/\/portaltela.pt\/api\/wp\/v2\/posts"}],"about":[{"href":"https:\/\/portaltela.pt\/api\/wp\/v2\/types\/post"}],"author":[{"embeddable":true,"href":"https:\/\/portaltela.pt\/api\/wp\/v2\/users\/2"}],"replies":[{"embeddable":true,"href":"https:\/\/portaltela.pt\/api\/wp\/v2\/comments?post=391118"}],"version-history":[{"count":0,"href":"https:\/\/portaltela.pt\/api\/wp\/v2\/posts\/391118\/revisions"}],"wp:featuredmedia":[{"embeddable":true,"href":"https:\/\/portaltela.pt\/api\/wp\/v2\/media\/391135"}],"wp:attachment":[{"href":"https:\/\/portaltela.pt\/api\/wp\/v2\/media?parent=391118"}],"wp:term":[{"taxonomy":"category","embeddable":true,"href":"https:\/\/portaltela.pt\/api\/wp\/v2\/categories?post=391118"},{"taxonomy":"post_tag","embeddable":true,"href":"https:\/\/portaltela.pt\/api\/wp\/v2\/tags?post=391118"}],"curies":[{"name":"wp","href":"https:\/\/api.w.org\/{rel}","templated":true}]}}