{"id":391113,"date":"2026-02-27T13:50:00","date_gmt":"2026-02-27T16:50:00","guid":{"rendered":"https:\/\/portaltela.pt\/noticias\/2026\/02\/27\/benfica-recorda-eusebio-no-final-dos-anos-90-para-negar-racismo-institucional\/"},"modified":"2026-02-27T13:50:00","modified_gmt":"2026-02-27T16:50:00","slug":"benfica-recorda-eusebio-no-final-dos-anos-90-para-negar-racismo-institucional","status":"publish","type":"post","link":"https:\/\/portaltela.pt\/desporto\/futebol\/2026\/02\/27\/benfica-recorda-eusebio-no-final-dos-anos-90-para-negar-racismo-institucional\/","title":{"rendered":"Benfica recorda Eus\u00e9bio no final dos anos 90 para negar racismo institucional"},"content":{"rendered":"<p>Lu\u00eds Pedro Sousa, chefe de reda\u00e7\u00e3o de Record, recordou num programa Record na Hora, emitido no Now, um epis\u00f3dio envolvendo o Benfica e uma acusa\u00e7\u00e3o de racismo no final da d\u00e9cada de 1990.<\/p>\n<p>O caso envolve o ex-jogador Donizete, ligado ao Benfica, associado a uma acusa\u00e7\u00e3o de racismo de ent\u00e3o. O epis\u00f3dio \u00e9 mencionado no contexto hist\u00f3rico do clube.<\/p>\n<p>Segundo a mem\u00f3ria apresentada, o epis\u00f3dio surge num momento em que o Benfica lembrou Eus\u00e9bio no final dos anos 90 para sustentar que n\u00e3o era racista, tentando esclarecer a postura do clube na altura.<\/p>\n","protected":false},"excerpt":{"rendered":"<ul>\n<li>Lu\u00eds Pedro Sousa, chefe de reda\u00e7\u00e3o do Record, recordou no programa Record na Hora, no Now, um epis\u00f3dio relacionado com o Benfica.<\/li>\n<li>O epis\u00f3dio envolve Donizete, antigo jogador do Benfica, e uma acusa\u00e7\u00e3o de racismo no final da d\u00e9cada de noventa.<\/li>\n<li>A mem\u00f3ria surge no contexto de uma tentativa de demonstrar que o clube n\u00e3o seria racista.<\/li>\n<li>A not\u00edcia aborda a lembran\u00e7a feita por Sousa sobre esse epis\u00f3dio espec\u00edfico.<\/li>\n<li>A refer\u00eancia associa-se a uma discuss\u00e3o hist\u00f3rica sobre o Benfica e quest\u00f5es raciais naquela altura.<\/li>\n<\/ul>\n","protected":false},"author":2,"featured_media":391128,"comment_status":"closed","ping_status":"closed","sticky":false,"template":"","format":"standard","meta":{"footnotes":""},"categories":[21,24],"tags":[1946,152,3933,32,299,6032],"class_list":["post-391113","post","type-post","status-publish","format-standard","has-post-thumbnail","hentry","category-desporto","category-futebol","tag-benfica","tag-desporto","tag-eusebio","tag-futebol","tag-historia","tag-racismo"],"yoast_head":"<!-- This site is optimized with the Yoast SEO plugin v27.2 - https:\/\/yoast.com\/product\/yoast-seo-wordpress\/ -->\n<title>Benfica recorda Eus\u00e9bio no final dos anos 90 para negar racismo institucional - Portal Tela Portugal<\/title>\n<meta name=\"robots\" content=\"index, follow, max-snippet:-1, max-image-preview:large, max-video-preview:-1\" \/>\n<meta property=\"og:locale\" content=\"pt_PT\" \/>\n<meta property=\"og:type\" content=\"article\" \/>\n<meta property=\"og:title\" content=\"Benfica recorda Eus\u00e9bio no final dos anos 90 para negar racismo institucional - Portal Tela Portugal\" \/>\n<meta property=\"og:description\" content=\"Lu\u00eds Pedro Sousa, chefe de reda\u00e7\u00e3o do Record, recordou no programa Record na Hora, no Now, um epis\u00f3dio relacionado com o Benfica. O epis\u00f3dio envolve Donizete, antigo jogador do Benfica, e uma acusa\u00e7\u00e3o de racismo no final da d\u00e9cada de noventa. A mem\u00f3ria surge no contexto de uma tentativa de demonstrar que o clube n\u00e3o seria racista. A not\u00edcia aborda a lembran\u00e7a feita por Sousa sobre esse epis\u00f3dio espec\u00edfico. A refer\u00eancia associa-se a uma discuss\u00e3o hist\u00f3rica sobre o Benfica e quest\u00f5es raciais naquela altura.\" \/>\n<meta property=\"og:url\" content=\"https:\/\/portaltela.pt\/noticias\/2026\/02\/27\/benfica-recorda-eusebio-no-final-dos-anos-90-para-negar-racismo-institucional\/\" \/>\n<meta property=\"og:site_name\" content=\"Portal Tela Portugal\" \/>\n<meta property=\"article:published_time\" content=\"2026-02-27T16:50:00+00:00\" \/>\n<meta name=\"author\" content=\"Telinha\" \/>\n<meta name=\"twitter:card\" content=\"summary_large_image\" \/>\n<meta name=\"twitter:label1\" content=\"Escrito por\" \/>\n\t<meta name=\"twitter:data1\" content=\"Telinha\" \/>\n\t<meta name=\"twitter:label2\" content=\"Tempo estimado de leitura\" \/>\n\t<meta name=\"twitter:data2\" content=\"1 minuto\" \/>\n<script type=\"application\/ld+json\" class=\"yoast-schema-graph\">{\"@context\":\"https:\/\/schema.org\",\"@graph\":[{\"@type\":\"Article\",\"@id\":\"https:\/\/portaltela.pt\/noticias\/2026\/02\/27\/benfica-recorda-eusebio-no-final-dos-anos-90-para-negar-racismo-institucional\/#article\",\"isPartOf\":{\"@id\":\"https:\/\/portaltela.pt\/noticias\/2026\/02\/27\/benfica-recorda-eusebio-no-final-dos-anos-90-para-negar-racismo-institucional\/\"},\"author\":{\"name\":\"Telinha\",\"@id\":\"https:\/\/portaltela.pt\/#\/schema\/person\/c4278d4a6028830caff9ee44b42d32ed\"},\"headline\":\"Benfica recorda Eus\u00e9bio no final dos anos 90 para negar racismo institucional\",\"datePublished\":\"2026-02-27T16:50:00+00:00\",\"mainEntityOfPage\":{\"@id\":\"https:\/\/portaltela.pt\/noticias\/2026\/02\/27\/benfica-recorda-eusebio-no-final-dos-anos-90-para-negar-racismo-institucional\/\"},\"wordCount\":115,\"image\":{\"@id\":\"https:\/\/portaltela.pt\/noticias\/2026\/02\/27\/benfica-recorda-eusebio-no-final-dos-anos-90-para-negar-racismo-institucional\/#primaryimage\"},\"thumbnailUrl\":\"https:\/\/portaltela.pt\/s.01k8rhncp4jt1\/2026\/02\/img_1200x721uu2026-02-27-16-41-50-2423958.jpg\",\"keywords\":[\"Benfica\",\"desporto\",\"Eus\u00e9bio\",\"futebol\",\"hist\u00f3ria\",\"racismo\"],\"articleSection\":[\"Desporto\",\"Futebol\"],\"inLanguage\":\"pt-PT\"},{\"@type\":\"WebPage\",\"@id\":\"https:\/\/portaltela.pt\/noticias\/2026\/02\/27\/benfica-recorda-eusebio-no-final-dos-anos-90-para-negar-racismo-institucional\/\",\"url\":\"https:\/\/portaltela.pt\/noticias\/2026\/02\/27\/benfica-recorda-eusebio-no-final-dos-anos-90-para-negar-racismo-institucional\/\",\"name\":\"Benfica recorda Eus\u00e9bio no final dos anos 90 para negar racismo institucional - Portal Tela Portugal\",\"isPartOf\":{\"@id\":\"https:\/\/portaltela.pt\/#website\"},\"primaryImageOfPage\":{\"@id\":\"https:\/\/portaltela.pt\/noticias\/2026\/02\/27\/benfica-recorda-eusebio-no-final-dos-anos-90-para-negar-racismo-institucional\/#primaryimage\"},\"image\":{\"@id\":\"https:\/\/portaltela.pt\/noticias\/2026\/02\/27\/benfica-recorda-eusebio-no-final-dos-anos-90-para-negar-racismo-institucional\/#primaryimage\"},\"thumbnailUrl\":\"https:\/\/portaltela.pt\/s.01k8rhncp4jt1\/2026\/02\/img_1200x721uu2026-02-27-16-41-50-2423958.jpg\",\"datePublished\":\"2026-02-27T16:50:00+00:00\",\"author\":{\"@id\":\"https:\/\/portaltela.pt\/#\/schema\/person\/c4278d4a6028830caff9ee44b42d32ed\"},\"breadcrumb\":{\"@id\":\"https:\/\/portaltela.pt\/noticias\/2026\/02\/27\/benfica-recorda-eusebio-no-final-dos-anos-90-para-negar-racismo-institucional\/#breadcrumb\"},\"inLanguage\":\"pt-PT\",\"potentialAction\":[{\"@type\":\"ReadAction\",\"target\":[\"https:\/\/portaltela.pt\/noticias\/2026\/02\/27\/benfica-recorda-eusebio-no-final-dos-anos-90-para-negar-racismo-institucional\/\"]}]},{\"@type\":\"ImageObject\",\"inLanguage\":\"pt-PT\",\"@id\":\"https:\/\/portaltela.pt\/noticias\/2026\/02\/27\/benfica-recorda-eusebio-no-final-dos-anos-90-para-negar-racismo-institucional\/#primaryimage\",\"url\":\"https:\/\/portaltela.pt\/s.01k8rhncp4jt1\/2026\/02\/img_1200x721uu2026-02-27-16-41-50-2423958.jpg\",\"contentUrl\":\"https:\/\/portaltela.pt\/s.01k8rhncp4jt1\/2026\/02\/img_1200x721uu2026-02-27-16-41-50-2423958.jpg\",\"width\":796,\"height\":448,\"caption\":\"Quando o Benfica lembrou Eus\u00e9bio no final da d\u00e9cada de 90 para provar que n\u00e3o era um clube racista\"},{\"@type\":\"BreadcrumbList\",\"@id\":\"https:\/\/portaltela.pt\/noticias\/2026\/02\/27\/benfica-recorda-eusebio-no-final-dos-anos-90-para-negar-racismo-institucional\/#breadcrumb\",\"itemListElement\":[{\"@type\":\"ListItem\",\"position\":1,\"name\":\"In\u00edcio\",\"item\":\"https:\/\/portaltela.pt\/\"},{\"@type\":\"ListItem\",\"position\":2,\"name\":\"Benfica recorda Eus\u00e9bio no final dos anos 90 para negar racismo institucional\"}]},{\"@type\":\"WebSite\",\"@id\":\"https:\/\/portaltela.pt\/#website\",\"url\":\"https:\/\/portaltela.pt\/\",\"name\":\"Portal Tela Portugal\",\"description\":\"\",\"potentialAction\":[{\"@type\":\"SearchAction\",\"target\":{\"@type\":\"EntryPoint\",\"urlTemplate\":\"https:\/\/portaltela.pt\/?s={search_term_string}\"},\"query-input\":{\"@type\":\"PropertyValueSpecification\",\"valueRequired\":true,\"valueName\":\"search_term_string\"}}],\"inLanguage\":\"pt-PT\"},{\"@type\":\"Person\",\"@id\":\"https:\/\/portaltela.pt\/#\/schema\/person\/c4278d4a6028830caff9ee44b42d32ed\",\"name\":\"Telinha\",\"image\":{\"@type\":\"ImageObject\",\"inLanguage\":\"pt-PT\",\"@id\":\"https:\/\/portaltela.pt\/s.01k8rhncp4jt1\/2025\/11\/talking-bot-125x125.png\",\"url\":\"https:\/\/portaltela.pt\/s.01k8rhncp4jt1\/2025\/11\/talking-bot-125x125.png\",\"contentUrl\":\"https:\/\/portaltela.pt\/s.01k8rhncp4jt1\/2025\/11\/talking-bot-125x125.png\",\"caption\":\"Telinha\"},\"sameAs\":[\"https:\/\/portaltela.pt\/\"],\"url\":\"https:\/\/portaltela.pt\/por\/367410592786\/\"}]}<\/script>\n<!-- \/ Yoast SEO plugin. -->","yoast_head_json":{"title":"Benfica recorda Eus\u00e9bio no final dos anos 90 para negar racismo institucional - Portal Tela Portugal","robots":{"index":"index","follow":"follow","max-snippet":"max-snippet:-1","max-image-preview":"max-image-preview:large","max-video-preview":"max-video-preview:-1"},"og_locale":"pt_PT","og_type":"article","og_title":"Benfica recorda Eus\u00e9bio no final dos anos 90 para negar racismo institucional - Portal Tela Portugal","og_description":"Lu\u00eds Pedro Sousa, chefe de reda\u00e7\u00e3o do Record, recordou no programa Record na Hora, no Now, um epis\u00f3dio relacionado com o Benfica. O epis\u00f3dio envolve Donizete, antigo jogador do Benfica, e uma acusa\u00e7\u00e3o de racismo no final da d\u00e9cada de noventa. A mem\u00f3ria surge no contexto de uma tentativa de demonstrar que o clube n\u00e3o seria racista. A not\u00edcia aborda a lembran\u00e7a feita por Sousa sobre esse epis\u00f3dio espec\u00edfico. A refer\u00eancia associa-se a uma discuss\u00e3o hist\u00f3rica sobre o Benfica e quest\u00f5es raciais naquela altura.","og_url":"https:\/\/portaltela.pt\/noticias\/2026\/02\/27\/benfica-recorda-eusebio-no-final-dos-anos-90-para-negar-racismo-institucional\/","og_site_name":"Portal Tela Portugal","article_published_time":"2026-02-27T16:50:00+00:00","author":"Telinha","twitter_card":"summary_large_image","twitter_misc":{"Escrito por":"Telinha","Tempo estimado de leitura":"1 minuto"},"schema":{"@context":"https:\/\/schema.org","@graph":[{"@type":"Article","@id":"https:\/\/portaltela.pt\/noticias\/2026\/02\/27\/benfica-recorda-eusebio-no-final-dos-anos-90-para-negar-racismo-institucional\/#article","isPartOf":{"@id":"https:\/\/portaltela.pt\/noticias\/2026\/02\/27\/benfica-recorda-eusebio-no-final-dos-anos-90-para-negar-racismo-institucional\/"},"author":{"name":"Telinha","@id":"https:\/\/portaltela.pt\/#\/schema\/person\/c4278d4a6028830caff9ee44b42d32ed"},"headline":"Benfica recorda Eus\u00e9bio no final dos anos 90 para negar racismo institucional","datePublished":"2026-02-27T16:50:00+00:00","mainEntityOfPage":{"@id":"https:\/\/portaltela.pt\/noticias\/2026\/02\/27\/benfica-recorda-eusebio-no-final-dos-anos-90-para-negar-racismo-institucional\/"},"wordCount":115,"image":{"@id":"https:\/\/portaltela.pt\/noticias\/2026\/02\/27\/benfica-recorda-eusebio-no-final-dos-anos-90-para-negar-racismo-institucional\/#primaryimage"},"thumbnailUrl":"https:\/\/portaltela.pt\/s.01k8rhncp4jt1\/2026\/02\/img_1200x721uu2026-02-27-16-41-50-2423958.jpg","keywords":["Benfica","desporto","Eus\u00e9bio","futebol","hist\u00f3ria","racismo"],"articleSection":["Desporto","Futebol"],"inLanguage":"pt-PT"},{"@type":"WebPage","@id":"https:\/\/portaltela.pt\/noticias\/2026\/02\/27\/benfica-recorda-eusebio-no-final-dos-anos-90-para-negar-racismo-institucional\/","url":"https:\/\/portaltela.pt\/noticias\/2026\/02\/27\/benfica-recorda-eusebio-no-final-dos-anos-90-para-negar-racismo-institucional\/","name":"Benfica recorda Eus\u00e9bio no final dos anos 90 para negar racismo institucional - Portal Tela Portugal","isPartOf":{"@id":"https:\/\/portaltela.pt\/#website"},"primaryImageOfPage":{"@id":"https:\/\/portaltela.pt\/noticias\/2026\/02\/27\/benfica-recorda-eusebio-no-final-dos-anos-90-para-negar-racismo-institucional\/#primaryimage"},"image":{"@id":"https:\/\/portaltela.pt\/noticias\/2026\/02\/27\/benfica-recorda-eusebio-no-final-dos-anos-90-para-negar-racismo-institucional\/#primaryimage"},"thumbnailUrl":"https:\/\/portaltela.pt\/s.01k8rhncp4jt1\/2026\/02\/img_1200x721uu2026-02-27-16-41-50-2423958.jpg","datePublished":"2026-02-27T16:50:00+00:00","author":{"@id":"https:\/\/portaltela.pt\/#\/schema\/person\/c4278d4a6028830caff9ee44b42d32ed"},"breadcrumb":{"@id":"https:\/\/portaltela.pt\/noticias\/2026\/02\/27\/benfica-recorda-eusebio-no-final-dos-anos-90-para-negar-racismo-institucional\/#breadcrumb"},"inLanguage":"pt-PT","potentialAction":[{"@type":"ReadAction","target":["https:\/\/portaltela.pt\/noticias\/2026\/02\/27\/benfica-recorda-eusebio-no-final-dos-anos-90-para-negar-racismo-institucional\/"]}]},{"@type":"ImageObject","inLanguage":"pt-PT","@id":"https:\/\/portaltela.pt\/noticias\/2026\/02\/27\/benfica-recorda-eusebio-no-final-dos-anos-90-para-negar-racismo-institucional\/#primaryimage","url":"https:\/\/portaltela.pt\/s.01k8rhncp4jt1\/2026\/02\/img_1200x721uu2026-02-27-16-41-50-2423958.jpg","contentUrl":"https:\/\/portaltela.pt\/s.01k8rhncp4jt1\/2026\/02\/img_1200x721uu2026-02-27-16-41-50-2423958.jpg","width":796,"height":448,"caption":"Quando o Benfica lembrou Eus\u00e9bio no final da d\u00e9cada de 90 para provar que n\u00e3o era um clube racista"},{"@type":"BreadcrumbList","@id":"https:\/\/portaltela.pt\/noticias\/2026\/02\/27\/benfica-recorda-eusebio-no-final-dos-anos-90-para-negar-racismo-institucional\/#breadcrumb","itemListElement":[{"@type":"ListItem","position":1,"name":"In\u00edcio","item":"https:\/\/portaltela.pt\/"},{"@type":"ListItem","position":2,"name":"Benfica recorda Eus\u00e9bio no final dos anos 90 para negar racismo institucional"}]},{"@type":"WebSite","@id":"https:\/\/portaltela.pt\/#website","url":"https:\/\/portaltela.pt\/","name":"Portal Tela Portugal","description":"","potentialAction":[{"@type":"SearchAction","target":{"@type":"EntryPoint","urlTemplate":"https:\/\/portaltela.pt\/?s={search_term_string}"},"query-input":{"@type":"PropertyValueSpecification","valueRequired":true,"valueName":"search_term_string"}}],"inLanguage":"pt-PT"},{"@type":"Person","@id":"https:\/\/portaltela.pt\/#\/schema\/person\/c4278d4a6028830caff9ee44b42d32ed","name":"Telinha","image":{"@type":"ImageObject","inLanguage":"pt-PT","@id":"https:\/\/portaltela.pt\/s.01k8rhncp4jt1\/2025\/11\/talking-bot-125x125.png","url":"https:\/\/portaltela.pt\/s.01k8rhncp4jt1\/2025\/11\/talking-bot-125x125.png","contentUrl":"https:\/\/portaltela.pt\/s.01k8rhncp4jt1\/2025\/11\/talking-bot-125x125.png","caption":"Telinha"},"sameAs":["https:\/\/portaltela.pt\/"],"url":"https:\/\/portaltela.pt\/por\/367410592786\/"}]}},"_links":{"self":[{"href":"https:\/\/portaltela.pt\/api\/wp\/v2\/posts\/391113","targetHints":{"allow":["GET"]}}],"collection":[{"href":"https:\/\/portaltela.pt\/api\/wp\/v2\/posts"}],"about":[{"href":"https:\/\/portaltela.pt\/api\/wp\/v2\/types\/post"}],"author":[{"embeddable":true,"href":"https:\/\/portaltela.pt\/api\/wp\/v2\/users\/2"}],"replies":[{"embeddable":true,"href":"https:\/\/portaltela.pt\/api\/wp\/v2\/comments?post=391113"}],"version-history":[{"count":0,"href":"https:\/\/portaltela.pt\/api\/wp\/v2\/posts\/391113\/revisions"}],"wp:featuredmedia":[{"embeddable":true,"href":"https:\/\/portaltela.pt\/api\/wp\/v2\/media\/391128"}],"wp:attachment":[{"href":"https:\/\/portaltela.pt\/api\/wp\/v2\/media?parent=391113"}],"wp:term":[{"taxonomy":"category","embeddable":true,"href":"https:\/\/portaltela.pt\/api\/wp\/v2\/categories?post=391113"},{"taxonomy":"post_tag","embeddable":true,"href":"https:\/\/portaltela.pt\/api\/wp\/v2\/tags?post=391113"}],"curies":[{"name":"wp","href":"https:\/\/api.w.org\/{rel}","templated":true}]}}