{"id":391106,"date":"2026-02-27T13:36:00","date_gmt":"2026-02-27T16:36:00","guid":{"rendered":"https:\/\/portaltela.pt\/noticias\/2026\/02\/27\/ricardo-martins-pereira-comenta-marco-costa-a-arrendar-quartos-nas-redes\/"},"modified":"2026-02-27T13:36:00","modified_gmt":"2026-02-27T16:36:00","slug":"ricardo-martins-pereira-comenta-marco-costa-a-arrendar-quartos-nas-redes","status":"publish","type":"post","link":"https:\/\/portaltela.pt\/noticias\/2026\/02\/27\/ricardo-martins-pereira-comenta-marco-costa-a-arrendar-quartos-nas-redes\/","title":{"rendered":"Ricardo Martins Pereira comenta Marco Costa a arrendar quartos nas redes"},"content":{"rendered":"<p>O epis\u00f3dio envolve o comentador Ricardo Martins Pereira e o pasteleiro Marco Costa. O tema em causa \u00e9 a alegada atividade de Marco Costa nas redes sociais, onde estaria a disponibilizar quartos para arrendamento.<\/p>\n<p>Segundo a an\u00e1lise feita pelo comentador da CMTV, Marco Costa teria uma abordagem pr\u00e1tica para obter o que n\u00e3o tem, sugerindo que a estrat\u00e9gia do pasteleiro \u00e9 ir buscar oportunidades quando n\u00e3o as possui. As declara\u00e7\u00f5es foram feitas durante emiss\u00e3o da televis\u00e3o.<\/p>\n<p>O conte\u00fado em causa insere-se numa cobertura medi\u00e1tica sobre o empres\u00e1rio do ramo da pastelaria, com foco na rela\u00e7\u00e3o entre a visibilidade p\u00fablica de Marco Costa e as suas a\u00e7\u00f5es a n\u00edvel de neg\u00f3cios nas redes. A audi\u00eancia ficou a conhecer uma leitura sobre motiva\u00e7\u00e3o e oportunidade.<\/p>\n<h3>Contexto e rea\u00e7\u00e3o<\/h3>\n<p>As observa\u00e7\u00f5es de Ricardo Martins Pereira foram apresentadas no contexto de discuss\u00f5es sobre perfis de figuras p\u00fablicas ligadas \u00e0 televis\u00e3o e aos neg\u00f3cios de alimenta\u00e7\u00e3o. O tema gerou debate entre espectadores, sem que o programa tenha publicado uma resposta oficial de Marco Costa.<\/p>\n<p>Ainda n\u00e3o h\u00e1 confirma\u00e7\u00e3o de desenvolvimentos oficiais, nem de qualquer posi\u00e7\u00e3o p\u00fablica adicional por parte de Marco Costa. O p\u00fablico permanece atento a novas informa\u00e7\u00f5es que possam esclarecer a situa\u00e7\u00e3o e explicar a origem das publica\u00e7\u00f5es nas redes sociais.<\/p>\n","protected":false},"excerpt":{"rendered":"<ul>\n<li>Ricardo Martins Pereira comentou sobre Marco Costa estar a arrendar quartos nas redes sociais.<\/li>\n<li>O tema foi apresentado sob o t\u00edtulo \u201c\u00c9 a necessidade\u201d.<\/li>\n<li>Um comentador da CMTV disse que o pasteleiro \u00e9 uma pessoa que vai atr\u00e1s das coisas quando n\u00e3o as tem.<\/li>\n<li>O texto n\u00e3o inclui detalhes adicionais sobre a situa\u00e7\u00e3o.<\/li>\n<\/ul>\n","protected":false},"author":2,"featured_media":391108,"comment_status":"closed","ping_status":"closed","sticky":false,"template":"","format":"standard","meta":{"footnotes":""},"categories":[1],"tags":[86,195,788,31,5661,88],"class_list":["post-391106","post","type-post","status-publish","format-standard","has-post-thumbnail","hentry","category-noticias","tag-alimentacao","tag-informacao","tag-marketing","tag-negocios","tag-pessoas-publicas","tag-redes-sociais"],"yoast_head":"<!-- This site is optimized with the Yoast SEO plugin v27.2 - https:\/\/yoast.com\/product\/yoast-seo-wordpress\/ -->\n<title>Ricardo Martins Pereira comenta Marco Costa a arrendar quartos nas redes - Portal Tela Portugal<\/title>\n<meta name=\"robots\" content=\"index, follow, max-snippet:-1, max-image-preview:large, max-video-preview:-1\" \/>\n<meta property=\"og:locale\" content=\"pt_PT\" \/>\n<meta property=\"og:type\" content=\"article\" \/>\n<meta property=\"og:title\" content=\"Ricardo Martins Pereira comenta Marco Costa a arrendar quartos nas redes - Portal Tela Portugal\" \/>\n<meta property=\"og:description\" content=\"Ricardo Martins Pereira comentou sobre Marco Costa estar a arrendar quartos nas redes sociais. O tema foi apresentado sob o t\u00edtulo \u201c\u00c9 a necessidade\u201d. Um comentador da CMTV disse que o pasteleiro \u00e9 uma pessoa que vai atr\u00e1s das coisas quando n\u00e3o as tem. O texto n\u00e3o inclui detalhes adicionais sobre a situa\u00e7\u00e3o.\" \/>\n<meta property=\"og:url\" content=\"https:\/\/portaltela.pt\/noticias\/2026\/02\/27\/ricardo-martins-pereira-comenta-marco-costa-a-arrendar-quartos-nas-redes\/\" \/>\n<meta property=\"og:site_name\" content=\"Portal Tela Portugal\" \/>\n<meta property=\"article:published_time\" content=\"2026-02-27T16:36:00+00:00\" \/>\n<meta name=\"author\" content=\"Telinha\" \/>\n<meta name=\"twitter:card\" content=\"summary_large_image\" \/>\n<meta name=\"twitter:label1\" content=\"Escrito por\" \/>\n\t<meta name=\"twitter:data1\" content=\"Telinha\" \/>\n\t<meta name=\"twitter:label2\" content=\"Tempo estimado de leitura\" \/>\n\t<meta name=\"twitter:data2\" content=\"1 minuto\" \/>\n<script type=\"application\/ld+json\" class=\"yoast-schema-graph\">{\"@context\":\"https:\/\/schema.org\",\"@graph\":[{\"@type\":\"Article\",\"@id\":\"https:\/\/portaltela.pt\/noticias\/2026\/02\/27\/ricardo-martins-pereira-comenta-marco-costa-a-arrendar-quartos-nas-redes\/#article\",\"isPartOf\":{\"@id\":\"https:\/\/portaltela.pt\/noticias\/2026\/02\/27\/ricardo-martins-pereira-comenta-marco-costa-a-arrendar-quartos-nas-redes\/\"},\"author\":{\"name\":\"Telinha\",\"@id\":\"https:\/\/portaltela.pt\/#\/schema\/person\/c4278d4a6028830caff9ee44b42d32ed\"},\"headline\":\"Ricardo Martins Pereira comenta Marco Costa a arrendar quartos nas redes\",\"datePublished\":\"2026-02-27T16:36:00+00:00\",\"mainEntityOfPage\":{\"@id\":\"https:\/\/portaltela.pt\/noticias\/2026\/02\/27\/ricardo-martins-pereira-comenta-marco-costa-a-arrendar-quartos-nas-redes\/\"},\"wordCount\":250,\"image\":{\"@id\":\"https:\/\/portaltela.pt\/noticias\/2026\/02\/27\/ricardo-martins-pereira-comenta-marco-costa-a-arrendar-quartos-nas-redes\/#primaryimage\"},\"thumbnailUrl\":\"https:\/\/portaltela.pt\/s.01k8rhncp4jt1\/2026\/02\/img_1280x722uu2026-02-27-16-35-50-2269412.jpg\",\"keywords\":[\"alimenta\u00e7\u00e3o\",\"informa\u00e7\u00e3o\",\"marketing\",\"neg\u00f3cios\",\"pessoas p\u00fablicas\",\"redes sociais\"],\"articleSection\":[\"Not\u00edcias\"],\"inLanguage\":\"pt-PT\"},{\"@type\":\"WebPage\",\"@id\":\"https:\/\/portaltela.pt\/noticias\/2026\/02\/27\/ricardo-martins-pereira-comenta-marco-costa-a-arrendar-quartos-nas-redes\/\",\"url\":\"https:\/\/portaltela.pt\/noticias\/2026\/02\/27\/ricardo-martins-pereira-comenta-marco-costa-a-arrendar-quartos-nas-redes\/\",\"name\":\"Ricardo Martins Pereira comenta Marco Costa a arrendar quartos nas redes - Portal Tela Portugal\",\"isPartOf\":{\"@id\":\"https:\/\/portaltela.pt\/#website\"},\"primaryImageOfPage\":{\"@id\":\"https:\/\/portaltela.pt\/noticias\/2026\/02\/27\/ricardo-martins-pereira-comenta-marco-costa-a-arrendar-quartos-nas-redes\/#primaryimage\"},\"image\":{\"@id\":\"https:\/\/portaltela.pt\/noticias\/2026\/02\/27\/ricardo-martins-pereira-comenta-marco-costa-a-arrendar-quartos-nas-redes\/#primaryimage\"},\"thumbnailUrl\":\"https:\/\/portaltela.pt\/s.01k8rhncp4jt1\/2026\/02\/img_1280x722uu2026-02-27-16-35-50-2269412.jpg\",\"datePublished\":\"2026-02-27T16:36:00+00:00\",\"author\":{\"@id\":\"https:\/\/portaltela.pt\/#\/schema\/person\/c4278d4a6028830caff9ee44b42d32ed\"},\"breadcrumb\":{\"@id\":\"https:\/\/portaltela.pt\/noticias\/2026\/02\/27\/ricardo-martins-pereira-comenta-marco-costa-a-arrendar-quartos-nas-redes\/#breadcrumb\"},\"inLanguage\":\"pt-PT\",\"potentialAction\":[{\"@type\":\"ReadAction\",\"target\":[\"https:\/\/portaltela.pt\/noticias\/2026\/02\/27\/ricardo-martins-pereira-comenta-marco-costa-a-arrendar-quartos-nas-redes\/\"]}]},{\"@type\":\"ImageObject\",\"inLanguage\":\"pt-PT\",\"@id\":\"https:\/\/portaltela.pt\/noticias\/2026\/02\/27\/ricardo-martins-pereira-comenta-marco-costa-a-arrendar-quartos-nas-redes\/#primaryimage\",\"url\":\"https:\/\/portaltela.pt\/s.01k8rhncp4jt1\/2026\/02\/img_1280x722uu2026-02-27-16-35-50-2269412.jpg\",\"contentUrl\":\"https:\/\/portaltela.pt\/s.01k8rhncp4jt1\/2026\/02\/img_1280x722uu2026-02-27-16-35-50-2269412.jpg\",\"width\":796,\"height\":448,\"caption\":\"Photo\"},{\"@type\":\"BreadcrumbList\",\"@id\":\"https:\/\/portaltela.pt\/noticias\/2026\/02\/27\/ricardo-martins-pereira-comenta-marco-costa-a-arrendar-quartos-nas-redes\/#breadcrumb\",\"itemListElement\":[{\"@type\":\"ListItem\",\"position\":1,\"name\":\"In\u00edcio\",\"item\":\"https:\/\/portaltela.pt\/\"},{\"@type\":\"ListItem\",\"position\":2,\"name\":\"Ricardo Martins Pereira comenta Marco Costa a arrendar quartos nas redes\"}]},{\"@type\":\"WebSite\",\"@id\":\"https:\/\/portaltela.pt\/#website\",\"url\":\"https:\/\/portaltela.pt\/\",\"name\":\"Portal Tela Portugal\",\"description\":\"\",\"potentialAction\":[{\"@type\":\"SearchAction\",\"target\":{\"@type\":\"EntryPoint\",\"urlTemplate\":\"https:\/\/portaltela.pt\/?s={search_term_string}\"},\"query-input\":{\"@type\":\"PropertyValueSpecification\",\"valueRequired\":true,\"valueName\":\"search_term_string\"}}],\"inLanguage\":\"pt-PT\"},{\"@type\":\"Person\",\"@id\":\"https:\/\/portaltela.pt\/#\/schema\/person\/c4278d4a6028830caff9ee44b42d32ed\",\"name\":\"Telinha\",\"image\":{\"@type\":\"ImageObject\",\"inLanguage\":\"pt-PT\",\"@id\":\"https:\/\/portaltela.pt\/s.01k8rhncp4jt1\/2025\/11\/talking-bot-125x125.png\",\"url\":\"https:\/\/portaltela.pt\/s.01k8rhncp4jt1\/2025\/11\/talking-bot-125x125.png\",\"contentUrl\":\"https:\/\/portaltela.pt\/s.01k8rhncp4jt1\/2025\/11\/talking-bot-125x125.png\",\"caption\":\"Telinha\"},\"sameAs\":[\"https:\/\/portaltela.pt\/\"],\"url\":\"https:\/\/portaltela.pt\/por\/367410592786\/\"}]}<\/script>\n<!-- \/ Yoast SEO plugin. -->","yoast_head_json":{"title":"Ricardo Martins Pereira comenta Marco Costa a arrendar quartos nas redes - Portal Tela Portugal","robots":{"index":"index","follow":"follow","max-snippet":"max-snippet:-1","max-image-preview":"max-image-preview:large","max-video-preview":"max-video-preview:-1"},"og_locale":"pt_PT","og_type":"article","og_title":"Ricardo Martins Pereira comenta Marco Costa a arrendar quartos nas redes - Portal Tela Portugal","og_description":"Ricardo Martins Pereira comentou sobre Marco Costa estar a arrendar quartos nas redes sociais. O tema foi apresentado sob o t\u00edtulo \u201c\u00c9 a necessidade\u201d. Um comentador da CMTV disse que o pasteleiro \u00e9 uma pessoa que vai atr\u00e1s das coisas quando n\u00e3o as tem. O texto n\u00e3o inclui detalhes adicionais sobre a situa\u00e7\u00e3o.","og_url":"https:\/\/portaltela.pt\/noticias\/2026\/02\/27\/ricardo-martins-pereira-comenta-marco-costa-a-arrendar-quartos-nas-redes\/","og_site_name":"Portal Tela Portugal","article_published_time":"2026-02-27T16:36:00+00:00","author":"Telinha","twitter_card":"summary_large_image","twitter_misc":{"Escrito por":"Telinha","Tempo estimado de leitura":"1 minuto"},"schema":{"@context":"https:\/\/schema.org","@graph":[{"@type":"Article","@id":"https:\/\/portaltela.pt\/noticias\/2026\/02\/27\/ricardo-martins-pereira-comenta-marco-costa-a-arrendar-quartos-nas-redes\/#article","isPartOf":{"@id":"https:\/\/portaltela.pt\/noticias\/2026\/02\/27\/ricardo-martins-pereira-comenta-marco-costa-a-arrendar-quartos-nas-redes\/"},"author":{"name":"Telinha","@id":"https:\/\/portaltela.pt\/#\/schema\/person\/c4278d4a6028830caff9ee44b42d32ed"},"headline":"Ricardo Martins Pereira comenta Marco Costa a arrendar quartos nas redes","datePublished":"2026-02-27T16:36:00+00:00","mainEntityOfPage":{"@id":"https:\/\/portaltela.pt\/noticias\/2026\/02\/27\/ricardo-martins-pereira-comenta-marco-costa-a-arrendar-quartos-nas-redes\/"},"wordCount":250,"image":{"@id":"https:\/\/portaltela.pt\/noticias\/2026\/02\/27\/ricardo-martins-pereira-comenta-marco-costa-a-arrendar-quartos-nas-redes\/#primaryimage"},"thumbnailUrl":"https:\/\/portaltela.pt\/s.01k8rhncp4jt1\/2026\/02\/img_1280x722uu2026-02-27-16-35-50-2269412.jpg","keywords":["alimenta\u00e7\u00e3o","informa\u00e7\u00e3o","marketing","neg\u00f3cios","pessoas p\u00fablicas","redes sociais"],"articleSection":["Not\u00edcias"],"inLanguage":"pt-PT"},{"@type":"WebPage","@id":"https:\/\/portaltela.pt\/noticias\/2026\/02\/27\/ricardo-martins-pereira-comenta-marco-costa-a-arrendar-quartos-nas-redes\/","url":"https:\/\/portaltela.pt\/noticias\/2026\/02\/27\/ricardo-martins-pereira-comenta-marco-costa-a-arrendar-quartos-nas-redes\/","name":"Ricardo Martins Pereira comenta Marco Costa a arrendar quartos nas redes - Portal Tela Portugal","isPartOf":{"@id":"https:\/\/portaltela.pt\/#website"},"primaryImageOfPage":{"@id":"https:\/\/portaltela.pt\/noticias\/2026\/02\/27\/ricardo-martins-pereira-comenta-marco-costa-a-arrendar-quartos-nas-redes\/#primaryimage"},"image":{"@id":"https:\/\/portaltela.pt\/noticias\/2026\/02\/27\/ricardo-martins-pereira-comenta-marco-costa-a-arrendar-quartos-nas-redes\/#primaryimage"},"thumbnailUrl":"https:\/\/portaltela.pt\/s.01k8rhncp4jt1\/2026\/02\/img_1280x722uu2026-02-27-16-35-50-2269412.jpg","datePublished":"2026-02-27T16:36:00+00:00","author":{"@id":"https:\/\/portaltela.pt\/#\/schema\/person\/c4278d4a6028830caff9ee44b42d32ed"},"breadcrumb":{"@id":"https:\/\/portaltela.pt\/noticias\/2026\/02\/27\/ricardo-martins-pereira-comenta-marco-costa-a-arrendar-quartos-nas-redes\/#breadcrumb"},"inLanguage":"pt-PT","potentialAction":[{"@type":"ReadAction","target":["https:\/\/portaltela.pt\/noticias\/2026\/02\/27\/ricardo-martins-pereira-comenta-marco-costa-a-arrendar-quartos-nas-redes\/"]}]},{"@type":"ImageObject","inLanguage":"pt-PT","@id":"https:\/\/portaltela.pt\/noticias\/2026\/02\/27\/ricardo-martins-pereira-comenta-marco-costa-a-arrendar-quartos-nas-redes\/#primaryimage","url":"https:\/\/portaltela.pt\/s.01k8rhncp4jt1\/2026\/02\/img_1280x722uu2026-02-27-16-35-50-2269412.jpg","contentUrl":"https:\/\/portaltela.pt\/s.01k8rhncp4jt1\/2026\/02\/img_1280x722uu2026-02-27-16-35-50-2269412.jpg","width":796,"height":448,"caption":"Photo"},{"@type":"BreadcrumbList","@id":"https:\/\/portaltela.pt\/noticias\/2026\/02\/27\/ricardo-martins-pereira-comenta-marco-costa-a-arrendar-quartos-nas-redes\/#breadcrumb","itemListElement":[{"@type":"ListItem","position":1,"name":"In\u00edcio","item":"https:\/\/portaltela.pt\/"},{"@type":"ListItem","position":2,"name":"Ricardo Martins Pereira comenta Marco Costa a arrendar quartos nas redes"}]},{"@type":"WebSite","@id":"https:\/\/portaltela.pt\/#website","url":"https:\/\/portaltela.pt\/","name":"Portal Tela Portugal","description":"","potentialAction":[{"@type":"SearchAction","target":{"@type":"EntryPoint","urlTemplate":"https:\/\/portaltela.pt\/?s={search_term_string}"},"query-input":{"@type":"PropertyValueSpecification","valueRequired":true,"valueName":"search_term_string"}}],"inLanguage":"pt-PT"},{"@type":"Person","@id":"https:\/\/portaltela.pt\/#\/schema\/person\/c4278d4a6028830caff9ee44b42d32ed","name":"Telinha","image":{"@type":"ImageObject","inLanguage":"pt-PT","@id":"https:\/\/portaltela.pt\/s.01k8rhncp4jt1\/2025\/11\/talking-bot-125x125.png","url":"https:\/\/portaltela.pt\/s.01k8rhncp4jt1\/2025\/11\/talking-bot-125x125.png","contentUrl":"https:\/\/portaltela.pt\/s.01k8rhncp4jt1\/2025\/11\/talking-bot-125x125.png","caption":"Telinha"},"sameAs":["https:\/\/portaltela.pt\/"],"url":"https:\/\/portaltela.pt\/por\/367410592786\/"}]}},"_links":{"self":[{"href":"https:\/\/portaltela.pt\/api\/wp\/v2\/posts\/391106","targetHints":{"allow":["GET"]}}],"collection":[{"href":"https:\/\/portaltela.pt\/api\/wp\/v2\/posts"}],"about":[{"href":"https:\/\/portaltela.pt\/api\/wp\/v2\/types\/post"}],"author":[{"embeddable":true,"href":"https:\/\/portaltela.pt\/api\/wp\/v2\/users\/2"}],"replies":[{"embeddable":true,"href":"https:\/\/portaltela.pt\/api\/wp\/v2\/comments?post=391106"}],"version-history":[{"count":0,"href":"https:\/\/portaltela.pt\/api\/wp\/v2\/posts\/391106\/revisions"}],"wp:featuredmedia":[{"embeddable":true,"href":"https:\/\/portaltela.pt\/api\/wp\/v2\/media\/391108"}],"wp:attachment":[{"href":"https:\/\/portaltela.pt\/api\/wp\/v2\/media?parent=391106"}],"wp:term":[{"taxonomy":"category","embeddable":true,"href":"https:\/\/portaltela.pt\/api\/wp\/v2\/categories?post=391106"},{"taxonomy":"post_tag","embeddable":true,"href":"https:\/\/portaltela.pt\/api\/wp\/v2\/tags?post=391106"}],"curies":[{"name":"wp","href":"https:\/\/api.w.org\/{rel}","templated":true}]}}