{"id":391046,"date":"2026-02-27T13:14:43","date_gmt":"2026-02-27T16:14:43","guid":{"rendered":"https:\/\/portaltela.pt\/noticias\/2026\/02\/27\/funchal-dezenas-manifestam-se-pelo-direito-a-habitacao\/"},"modified":"2026-02-27T13:14:43","modified_gmt":"2026-02-27T16:14:43","slug":"funchal-dezenas-manifestam-se-pelo-direito-a-habitacao","status":"publish","type":"post","link":"https:\/\/portaltela.pt\/noticias\/2026\/02\/27\/funchal-dezenas-manifestam-se-pelo-direito-a-habitacao\/","title":{"rendered":"Funchal: dezenas manifestam-se pelo direito \u00e0 habita\u00e7\u00e3o"},"content":{"rendered":"<p>Dezenas de pessoas realizaram uma manifesta\u00e7\u00e3o silenciosa no Funchal, nesta sexta-feira, em frente \u00e0 Quinta Vigia, para exigir habita\u00e7\u00e3o acess\u00edvel e condi\u00e7\u00f5es dignas. O protesto foi organizado de forma pac\u00edfica e teve como objetivo chamar a aten\u00e7\u00e3o para a falta de apoios e de resposta governamental.<\/p>\n<p>Os manifestantes expuseram cartazes com mensagens a defender o direito \u00e0 habita\u00e7\u00e3o e a apontar o incumprimento de dispositivos constitucionais. A a\u00e7\u00e3o teve como foco a necessidade de pol\u00edticas que garantam uma habita\u00e7\u00e3o condigna para todos os residentes da regi\u00e3o.<\/p>\n<p>Entre os relatos que circulam entre os participantes est\u00e1 o caso de uma m\u00e3e que vive com o filho de dez anos, ambos v\u00edtimas de viol\u00eancia dom\u00e9stica. Segundo os relatos, foram afastados para uma pens\u00e3o e enfrentam dificuldades econ\u00f3micas, com a Seguran\u00e7a Social a considerar o rendimento atual suficiente para a subsist\u00eancia.<\/p>\n<p>Os participantes defendem a utiliza\u00e7\u00e3o de fogos p\u00fablicos vazios para fam\u00edlias necessitadas e pedem uma fiscaliza\u00e7\u00e3o cont\u00ednua das listas de atribui\u00e7\u00e3o de habita\u00e7\u00e3o, com o objetivo de assegurar o respeito pelos crit\u00e9rios e chegar a quem realmente precisa.<\/p>\n<h3>Vozes e consequ\u00eancias sociais<\/h3>\n<p>O movimento denuncia a falta de resposta governamental \u00e0s situa\u00e7\u00f5es de vulnerabilidade, destacando a necessidade de apoios mais robustos para fam\u00edlias que enfrentam riscos e instabilidade habitacional. Os organizadores apelam a uma interven\u00e7\u00e3o imediata para reduzir o n\u00famero de pessoas em situa\u00e7\u00e3o prec\u00e1ria na regi\u00e3o.<\/p>\n","protected":false},"excerpt":{"rendered":"<ul>\n<li>Decenas de pessoas manifestaram-se esta sexta-feira no Funchal, em frente \u00e0 Quinta Vigia, numa ac\u00e7\u00e3o silenciosa, a exigir habita\u00e7\u00e3o acess\u00edvel.<\/li>\n<li>Em cartazes, os participantes pediram que habita\u00e7\u00e3o seja um direito de todos os madeirenses e que se cumpra o artigo 65 da Constitui\u00e7\u00e3o da Rep\u00fablica Portuguesa.<\/li>\n<li>Entre os relatos est\u00e1 o de uma m\u00e3e v\u00edtima de viol\u00eancia dom\u00e9stica, que disse ter sido colocada numa pens\u00e3o para si e para o filho de dez anos, criticando a falta de apoios.<\/li>\n<li>A mulher disse que recebe 600 ewuros e que a Seguran\u00e7a Social afirmou que era mais do que suficiente para a sobreviv\u00eancia deles.<\/li>\n<li>Os manifestantes exigem que fogos p\u00fablicos vazios sejam disponibilizados \u00e0s fam\u00edlias necessitadas e que as listas de atribui\u00e7\u00e3o de habita\u00e7\u00e3o sejam investigadas e respeitadas.<\/li>\n<\/ul>\n","protected":false},"author":2,"featured_media":391052,"comment_status":"closed","ping_status":"closed","sticky":false,"template":"","format":"standard","meta":{"footnotes":""},"categories":[1],"tags":[3273,1120,150,1167,243,214],"class_list":["post-391046","post","type-post","status-publish","format-standard","has-post-thumbnail","hentry","category-noticias","tag-assuntos-sociais","tag-funchal","tag-habitacao","tag-habitacao-social","tag-seguranca-social","tag-violencia-domestica"],"yoast_head":"<!-- This site is optimized with the Yoast SEO plugin v27.2 - https:\/\/yoast.com\/product\/yoast-seo-wordpress\/ -->\n<title>Funchal: dezenas manifestam-se pelo direito \u00e0 habita\u00e7\u00e3o - Portal Tela Portugal<\/title>\n<meta name=\"robots\" content=\"index, follow, max-snippet:-1, max-image-preview:large, max-video-preview:-1\" \/>\n<meta property=\"og:locale\" content=\"pt_PT\" \/>\n<meta property=\"og:type\" content=\"article\" \/>\n<meta property=\"og:title\" content=\"Funchal: dezenas manifestam-se pelo direito \u00e0 habita\u00e7\u00e3o - Portal Tela Portugal\" \/>\n<meta property=\"og:description\" content=\"Decenas de pessoas manifestaram-se esta sexta-feira no Funchal, em frente \u00e0 Quinta Vigia, numa ac\u00e7\u00e3o silenciosa, a exigir habita\u00e7\u00e3o acess\u00edvel. Em cartazes, os participantes pediram que habita\u00e7\u00e3o seja um direito de todos os madeirenses e que se cumpra o artigo 65 da Constitui\u00e7\u00e3o da Rep\u00fablica Portuguesa. Entre os relatos est\u00e1 o de uma m\u00e3e v\u00edtima de viol\u00eancia dom\u00e9stica, que disse ter sido colocada numa pens\u00e3o para si e para o filho de dez anos, criticando a falta de apoios. A mulher disse que recebe 600 ewuros e que a Seguran\u00e7a Social afirmou que era mais do que suficiente para a sobreviv\u00eancia deles. Os manifestantes exigem que fogos p\u00fablicos vazios sejam disponibilizados \u00e0s fam\u00edlias necessitadas e que as listas de atribui\u00e7\u00e3o de habita\u00e7\u00e3o sejam investigadas e respeitadas.\" \/>\n<meta property=\"og:url\" content=\"https:\/\/portaltela.pt\/noticias\/2026\/02\/27\/funchal-dezenas-manifestam-se-pelo-direito-a-habitacao\/\" \/>\n<meta property=\"og:site_name\" content=\"Portal Tela Portugal\" \/>\n<meta property=\"article:published_time\" content=\"2026-02-27T16:14:43+00:00\" \/>\n<meta name=\"author\" content=\"Telinha\" \/>\n<meta name=\"twitter:card\" content=\"summary_large_image\" \/>\n<meta name=\"twitter:label1\" content=\"Escrito por\" \/>\n\t<meta name=\"twitter:data1\" content=\"Telinha\" \/>\n\t<meta name=\"twitter:label2\" content=\"Tempo estimado de leitura\" \/>\n\t<meta name=\"twitter:data2\" content=\"1 minuto\" \/>\n<script type=\"application\/ld+json\" class=\"yoast-schema-graph\">{\"@context\":\"https:\/\/schema.org\",\"@graph\":[{\"@type\":\"Article\",\"@id\":\"https:\/\/portaltela.pt\/noticias\/2026\/02\/27\/funchal-dezenas-manifestam-se-pelo-direito-a-habitacao\/#article\",\"isPartOf\":{\"@id\":\"https:\/\/portaltela.pt\/noticias\/2026\/02\/27\/funchal-dezenas-manifestam-se-pelo-direito-a-habitacao\/\"},\"author\":{\"name\":\"Telinha\",\"@id\":\"https:\/\/portaltela.pt\/#\/schema\/person\/c4278d4a6028830caff9ee44b42d32ed\"},\"headline\":\"Funchal: dezenas manifestam-se pelo direito \u00e0 habita\u00e7\u00e3o\",\"datePublished\":\"2026-02-27T16:14:43+00:00\",\"mainEntityOfPage\":{\"@id\":\"https:\/\/portaltela.pt\/noticias\/2026\/02\/27\/funchal-dezenas-manifestam-se-pelo-direito-a-habitacao\/\"},\"wordCount\":265,\"image\":{\"@id\":\"https:\/\/portaltela.pt\/noticias\/2026\/02\/27\/funchal-dezenas-manifestam-se-pelo-direito-a-habitacao\/#primaryimage\"},\"thumbnailUrl\":\"https:\/\/portaltela.pt\/s.01k8rhncp4jt1\/2026\/02\/img_1280x721uu2026-02-27-15-47-00-2269403.jpg\",\"keywords\":[\"Assuntos Sociais\",\"Funchal\",\"habita\u00e7\u00e3o\",\"habita\u00e7\u00e3o social\",\"seguran\u00e7a social\",\"viol\u00eancia dom\u00e9stica\"],\"articleSection\":[\"Not\u00edcias\"],\"inLanguage\":\"pt-PT\"},{\"@type\":\"WebPage\",\"@id\":\"https:\/\/portaltela.pt\/noticias\/2026\/02\/27\/funchal-dezenas-manifestam-se-pelo-direito-a-habitacao\/\",\"url\":\"https:\/\/portaltela.pt\/noticias\/2026\/02\/27\/funchal-dezenas-manifestam-se-pelo-direito-a-habitacao\/\",\"name\":\"Funchal: dezenas manifestam-se pelo direito \u00e0 habita\u00e7\u00e3o - Portal Tela Portugal\",\"isPartOf\":{\"@id\":\"https:\/\/portaltela.pt\/#website\"},\"primaryImageOfPage\":{\"@id\":\"https:\/\/portaltela.pt\/noticias\/2026\/02\/27\/funchal-dezenas-manifestam-se-pelo-direito-a-habitacao\/#primaryimage\"},\"image\":{\"@id\":\"https:\/\/portaltela.pt\/noticias\/2026\/02\/27\/funchal-dezenas-manifestam-se-pelo-direito-a-habitacao\/#primaryimage\"},\"thumbnailUrl\":\"https:\/\/portaltela.pt\/s.01k8rhncp4jt1\/2026\/02\/img_1280x721uu2026-02-27-15-47-00-2269403.jpg\",\"datePublished\":\"2026-02-27T16:14:43+00:00\",\"author\":{\"@id\":\"https:\/\/portaltela.pt\/#\/schema\/person\/c4278d4a6028830caff9ee44b42d32ed\"},\"breadcrumb\":{\"@id\":\"https:\/\/portaltela.pt\/noticias\/2026\/02\/27\/funchal-dezenas-manifestam-se-pelo-direito-a-habitacao\/#breadcrumb\"},\"inLanguage\":\"pt-PT\",\"potentialAction\":[{\"@type\":\"ReadAction\",\"target\":[\"https:\/\/portaltela.pt\/noticias\/2026\/02\/27\/funchal-dezenas-manifestam-se-pelo-direito-a-habitacao\/\"]}]},{\"@type\":\"ImageObject\",\"inLanguage\":\"pt-PT\",\"@id\":\"https:\/\/portaltela.pt\/noticias\/2026\/02\/27\/funchal-dezenas-manifestam-se-pelo-direito-a-habitacao\/#primaryimage\",\"url\":\"https:\/\/portaltela.pt\/s.01k8rhncp4jt1\/2026\/02\/img_1280x721uu2026-02-27-15-47-00-2269403.jpg\",\"contentUrl\":\"https:\/\/portaltela.pt\/s.01k8rhncp4jt1\/2026\/02\/img_1280x721uu2026-02-27-15-47-00-2269403.jpg\",\"width\":796,\"height\":448,\"caption\":\"Manifesta\u00e7\u00e3o no Funchal, ilha da Madeira pelo direito h\u00e1 habita\u00e7\u00e3o\"},{\"@type\":\"BreadcrumbList\",\"@id\":\"https:\/\/portaltela.pt\/noticias\/2026\/02\/27\/funchal-dezenas-manifestam-se-pelo-direito-a-habitacao\/#breadcrumb\",\"itemListElement\":[{\"@type\":\"ListItem\",\"position\":1,\"name\":\"In\u00edcio\",\"item\":\"https:\/\/portaltela.pt\/\"},{\"@type\":\"ListItem\",\"position\":2,\"name\":\"Funchal: dezenas manifestam-se pelo direito \u00e0 habita\u00e7\u00e3o\"}]},{\"@type\":\"WebSite\",\"@id\":\"https:\/\/portaltela.pt\/#website\",\"url\":\"https:\/\/portaltela.pt\/\",\"name\":\"Portal Tela Portugal\",\"description\":\"\",\"potentialAction\":[{\"@type\":\"SearchAction\",\"target\":{\"@type\":\"EntryPoint\",\"urlTemplate\":\"https:\/\/portaltela.pt\/?s={search_term_string}\"},\"query-input\":{\"@type\":\"PropertyValueSpecification\",\"valueRequired\":true,\"valueName\":\"search_term_string\"}}],\"inLanguage\":\"pt-PT\"},{\"@type\":\"Person\",\"@id\":\"https:\/\/portaltela.pt\/#\/schema\/person\/c4278d4a6028830caff9ee44b42d32ed\",\"name\":\"Telinha\",\"image\":{\"@type\":\"ImageObject\",\"inLanguage\":\"pt-PT\",\"@id\":\"https:\/\/portaltela.pt\/s.01k8rhncp4jt1\/2025\/11\/talking-bot-125x125.png\",\"url\":\"https:\/\/portaltela.pt\/s.01k8rhncp4jt1\/2025\/11\/talking-bot-125x125.png\",\"contentUrl\":\"https:\/\/portaltela.pt\/s.01k8rhncp4jt1\/2025\/11\/talking-bot-125x125.png\",\"caption\":\"Telinha\"},\"sameAs\":[\"https:\/\/portaltela.pt\/\"],\"url\":\"https:\/\/portaltela.pt\/por\/367410592786\/\"}]}<\/script>\n<!-- \/ Yoast SEO plugin. -->","yoast_head_json":{"title":"Funchal: dezenas manifestam-se pelo direito \u00e0 habita\u00e7\u00e3o - Portal Tela Portugal","robots":{"index":"index","follow":"follow","max-snippet":"max-snippet:-1","max-image-preview":"max-image-preview:large","max-video-preview":"max-video-preview:-1"},"og_locale":"pt_PT","og_type":"article","og_title":"Funchal: dezenas manifestam-se pelo direito \u00e0 habita\u00e7\u00e3o - Portal Tela Portugal","og_description":"Decenas de pessoas manifestaram-se esta sexta-feira no Funchal, em frente \u00e0 Quinta Vigia, numa ac\u00e7\u00e3o silenciosa, a exigir habita\u00e7\u00e3o acess\u00edvel. Em cartazes, os participantes pediram que habita\u00e7\u00e3o seja um direito de todos os madeirenses e que se cumpra o artigo 65 da Constitui\u00e7\u00e3o da Rep\u00fablica Portuguesa. Entre os relatos est\u00e1 o de uma m\u00e3e v\u00edtima de viol\u00eancia dom\u00e9stica, que disse ter sido colocada numa pens\u00e3o para si e para o filho de dez anos, criticando a falta de apoios. A mulher disse que recebe 600 ewuros e que a Seguran\u00e7a Social afirmou que era mais do que suficiente para a sobreviv\u00eancia deles. Os manifestantes exigem que fogos p\u00fablicos vazios sejam disponibilizados \u00e0s fam\u00edlias necessitadas e que as listas de atribui\u00e7\u00e3o de habita\u00e7\u00e3o sejam investigadas e respeitadas.","og_url":"https:\/\/portaltela.pt\/noticias\/2026\/02\/27\/funchal-dezenas-manifestam-se-pelo-direito-a-habitacao\/","og_site_name":"Portal Tela Portugal","article_published_time":"2026-02-27T16:14:43+00:00","author":"Telinha","twitter_card":"summary_large_image","twitter_misc":{"Escrito por":"Telinha","Tempo estimado de leitura":"1 minuto"},"schema":{"@context":"https:\/\/schema.org","@graph":[{"@type":"Article","@id":"https:\/\/portaltela.pt\/noticias\/2026\/02\/27\/funchal-dezenas-manifestam-se-pelo-direito-a-habitacao\/#article","isPartOf":{"@id":"https:\/\/portaltela.pt\/noticias\/2026\/02\/27\/funchal-dezenas-manifestam-se-pelo-direito-a-habitacao\/"},"author":{"name":"Telinha","@id":"https:\/\/portaltela.pt\/#\/schema\/person\/c4278d4a6028830caff9ee44b42d32ed"},"headline":"Funchal: dezenas manifestam-se pelo direito \u00e0 habita\u00e7\u00e3o","datePublished":"2026-02-27T16:14:43+00:00","mainEntityOfPage":{"@id":"https:\/\/portaltela.pt\/noticias\/2026\/02\/27\/funchal-dezenas-manifestam-se-pelo-direito-a-habitacao\/"},"wordCount":265,"image":{"@id":"https:\/\/portaltela.pt\/noticias\/2026\/02\/27\/funchal-dezenas-manifestam-se-pelo-direito-a-habitacao\/#primaryimage"},"thumbnailUrl":"https:\/\/portaltela.pt\/s.01k8rhncp4jt1\/2026\/02\/img_1280x721uu2026-02-27-15-47-00-2269403.jpg","keywords":["Assuntos Sociais","Funchal","habita\u00e7\u00e3o","habita\u00e7\u00e3o social","seguran\u00e7a social","viol\u00eancia dom\u00e9stica"],"articleSection":["Not\u00edcias"],"inLanguage":"pt-PT"},{"@type":"WebPage","@id":"https:\/\/portaltela.pt\/noticias\/2026\/02\/27\/funchal-dezenas-manifestam-se-pelo-direito-a-habitacao\/","url":"https:\/\/portaltela.pt\/noticias\/2026\/02\/27\/funchal-dezenas-manifestam-se-pelo-direito-a-habitacao\/","name":"Funchal: dezenas manifestam-se pelo direito \u00e0 habita\u00e7\u00e3o - Portal Tela Portugal","isPartOf":{"@id":"https:\/\/portaltela.pt\/#website"},"primaryImageOfPage":{"@id":"https:\/\/portaltela.pt\/noticias\/2026\/02\/27\/funchal-dezenas-manifestam-se-pelo-direito-a-habitacao\/#primaryimage"},"image":{"@id":"https:\/\/portaltela.pt\/noticias\/2026\/02\/27\/funchal-dezenas-manifestam-se-pelo-direito-a-habitacao\/#primaryimage"},"thumbnailUrl":"https:\/\/portaltela.pt\/s.01k8rhncp4jt1\/2026\/02\/img_1280x721uu2026-02-27-15-47-00-2269403.jpg","datePublished":"2026-02-27T16:14:43+00:00","author":{"@id":"https:\/\/portaltela.pt\/#\/schema\/person\/c4278d4a6028830caff9ee44b42d32ed"},"breadcrumb":{"@id":"https:\/\/portaltela.pt\/noticias\/2026\/02\/27\/funchal-dezenas-manifestam-se-pelo-direito-a-habitacao\/#breadcrumb"},"inLanguage":"pt-PT","potentialAction":[{"@type":"ReadAction","target":["https:\/\/portaltela.pt\/noticias\/2026\/02\/27\/funchal-dezenas-manifestam-se-pelo-direito-a-habitacao\/"]}]},{"@type":"ImageObject","inLanguage":"pt-PT","@id":"https:\/\/portaltela.pt\/noticias\/2026\/02\/27\/funchal-dezenas-manifestam-se-pelo-direito-a-habitacao\/#primaryimage","url":"https:\/\/portaltela.pt\/s.01k8rhncp4jt1\/2026\/02\/img_1280x721uu2026-02-27-15-47-00-2269403.jpg","contentUrl":"https:\/\/portaltela.pt\/s.01k8rhncp4jt1\/2026\/02\/img_1280x721uu2026-02-27-15-47-00-2269403.jpg","width":796,"height":448,"caption":"Manifesta\u00e7\u00e3o no Funchal, ilha da Madeira pelo direito h\u00e1 habita\u00e7\u00e3o"},{"@type":"BreadcrumbList","@id":"https:\/\/portaltela.pt\/noticias\/2026\/02\/27\/funchal-dezenas-manifestam-se-pelo-direito-a-habitacao\/#breadcrumb","itemListElement":[{"@type":"ListItem","position":1,"name":"In\u00edcio","item":"https:\/\/portaltela.pt\/"},{"@type":"ListItem","position":2,"name":"Funchal: dezenas manifestam-se pelo direito \u00e0 habita\u00e7\u00e3o"}]},{"@type":"WebSite","@id":"https:\/\/portaltela.pt\/#website","url":"https:\/\/portaltela.pt\/","name":"Portal Tela Portugal","description":"","potentialAction":[{"@type":"SearchAction","target":{"@type":"EntryPoint","urlTemplate":"https:\/\/portaltela.pt\/?s={search_term_string}"},"query-input":{"@type":"PropertyValueSpecification","valueRequired":true,"valueName":"search_term_string"}}],"inLanguage":"pt-PT"},{"@type":"Person","@id":"https:\/\/portaltela.pt\/#\/schema\/person\/c4278d4a6028830caff9ee44b42d32ed","name":"Telinha","image":{"@type":"ImageObject","inLanguage":"pt-PT","@id":"https:\/\/portaltela.pt\/s.01k8rhncp4jt1\/2025\/11\/talking-bot-125x125.png","url":"https:\/\/portaltela.pt\/s.01k8rhncp4jt1\/2025\/11\/talking-bot-125x125.png","contentUrl":"https:\/\/portaltela.pt\/s.01k8rhncp4jt1\/2025\/11\/talking-bot-125x125.png","caption":"Telinha"},"sameAs":["https:\/\/portaltela.pt\/"],"url":"https:\/\/portaltela.pt\/por\/367410592786\/"}]}},"_links":{"self":[{"href":"https:\/\/portaltela.pt\/api\/wp\/v2\/posts\/391046","targetHints":{"allow":["GET"]}}],"collection":[{"href":"https:\/\/portaltela.pt\/api\/wp\/v2\/posts"}],"about":[{"href":"https:\/\/portaltela.pt\/api\/wp\/v2\/types\/post"}],"author":[{"embeddable":true,"href":"https:\/\/portaltela.pt\/api\/wp\/v2\/users\/2"}],"replies":[{"embeddable":true,"href":"https:\/\/portaltela.pt\/api\/wp\/v2\/comments?post=391046"}],"version-history":[{"count":0,"href":"https:\/\/portaltela.pt\/api\/wp\/v2\/posts\/391046\/revisions"}],"wp:featuredmedia":[{"embeddable":true,"href":"https:\/\/portaltela.pt\/api\/wp\/v2\/media\/391052"}],"wp:attachment":[{"href":"https:\/\/portaltela.pt\/api\/wp\/v2\/media?parent=391046"}],"wp:term":[{"taxonomy":"category","embeddable":true,"href":"https:\/\/portaltela.pt\/api\/wp\/v2\/categories?post=391046"},{"taxonomy":"post_tag","embeddable":true,"href":"https:\/\/portaltela.pt\/api\/wp\/v2\/tags?post=391046"}],"curies":[{"name":"wp","href":"https:\/\/api.w.org\/{rel}","templated":true}]}}