{"id":391021,"date":"2026-02-27T12:31:00","date_gmt":"2026-02-27T15:31:00","guid":{"rendered":"https:\/\/portaltela.pt\/noticias\/2026\/02\/27\/esfera-publica-europeia-fragmentada-por-defeito\/"},"modified":"2026-02-27T12:31:00","modified_gmt":"2026-02-27T15:31:00","slug":"esfera-publica-europeia-fragmentada-por-defeito","status":"publish","type":"post","link":"https:\/\/portaltela.pt\/noticias\/politica\/2026\/02\/27\/esfera-publica-europeia-fragmentada-por-defeito\/","title":{"rendered":"Esfera p\u00fablica europeia fragmentada por defeito"},"content":{"rendered":"<p>A esfera p\u00fablica europeia continua a ser tema central no debate acad\u00e9mico sobre a legitimidade da integra\u00e7\u00e3o. A ideia de uma comunica\u00e7\u00e3o pan-europeia n\u00e3o se materializou, apesar de d\u00e9cadas de aprofundamento institucional. A fragmenta\u00e7\u00e3o deriva da pr\u00f3pria arquitetura da Uni\u00e3o Europeia.<\/p>\n<p>Ao distribuir autoridade a n\u00edvel supranacional e manter a competi\u00e7\u00e3o democr\u00e1tica a n\u00edvel nacional, o sistema facilita decis\u00f5es comuns, mas debates separados. O equil\u00edbrio pol\u00edtico favorece a decis\u00e3o conjunta sem exigir um demos europeu forte, o que mant\u00e9m a dist\u00e2ncia entre cidad\u00e3os e decis\u00f5es.<\/p>\n<p>A fun\u00e7\u00e3o estabilizadora da fragmenta\u00e7\u00e3o surge ao canalizar conflitos pol\u00edticos para as arenas nacionais. Quest\u00f5es potencialmente divisivas s\u00e3o negociadas entre governos e reinterpretadas domesticamente, influenciadas por media e incentivos eleitorais locais. O custo invis\u00edvel \u00e9 a dilui\u00e7\u00e3o de responsabilidades e a ambiguidade de alternativas pol\u00edticas.<\/p>\n<p>Portugal \u00e9 usado como ilustr\u00e7\u00e3o da l\u00f3gica: d\u00e9cadas de integra\u00e7\u00e3o produziram europeiza\u00e7\u00e3o das pol\u00edticas, mas n\u00e3o um debate p\u00fablico europeu cont\u00ednuo. Decis\u00f5es transnacionais resultam de din\u00e2micas acima das fronteiras, por\u00e9m as prioridades nacionais filtram a pol\u00edtica europeia.<\/p>\n<p>Analiticamente, a esfera p\u00fablica europeia n\u00e3o \u00e9 apenas incompleta; reflete o sistema pol\u00edtico multin\u00edvel que privilegia a efic\u00e1cia pol\u00edtica sobre a politiza\u00e7\u00e3o supranacional. A fragmenta\u00e7\u00e3o funciona como caracter\u00edstica funcional, n\u00e3o como falha isolada.<\/p>\n<p>A consequ\u00eancia imediata \u00e9 a dificuldade em formar prefer\u00eancias pol\u00edticas europeias claras. A pol\u00edtica europeia tende a aparecer como t\u00e9cnica ou inevit\u00e1vel, associada \u00e0 gest\u00e3o mais do que \u00e0 escolha. Este modelo alimenta desconfian\u00e7as e sensa\u00e7\u00f5es de d\u00e9fice democr\u00e1tico, porque o poder opera num n\u00edvel com confronto pol\u00edtico limitado.<\/p>\n<p>A partir deste dilema, uma esfera p\u00fablica europeia mais integrada exigiria maior politiza\u00e7\u00e3o e maior incerteza nas decis\u00f5es. Manter o modelo atual preserva compromissos, mas perpetua a fragmenta\u00e7\u00e3o do debate e a dist\u00e2ncia em rela\u00e7\u00e3o \u00e0s decis\u00f5es. A solu\u00e7\u00e3o n\u00e3o passa apenas por estrat\u00e9gias de comunica\u00e7\u00e3o; exige uma revis\u00e3o estrutural do funcionamento pol\u00edtico da Europa.<\/p>\n<p>Enquanto a integra\u00e7\u00e3o continuar neste equil\u00edbrio, a esfera p\u00fablica europeia manter-se-\u00e1 fragmentada por defeito. Compreender a l\u00f3gica facilita reconhecer que qualquer tentativa de superar o estado atual implicar\u00e1 redefinir o funcionamento pol\u00edtico da Europa.<\/p>\n","protected":false},"excerpt":{"rendered":"<ul>\n<li>A esfera p\u00fablica europeia continua fragmentada por defeito, resultado de um sistema pol\u00edtico multin\u00edvel que decide em comum, mas debate-se separadamente a n\u00edvel nacional.<\/li>\n<li>A fragmenta\u00e7\u00e3o tem fun\u00e7\u00e3o estabilizadora, desviando o conflito pol\u00edtico para as arenas nacionais para evitar clivagens transnacionais profundas, ainda que reduza a clareza das responsabilidades e a perce\u00e7\u00e3o de dist\u00e2ncia entre cidad\u00e3os e decis\u00f5es.<\/li>\n<li>Em Portugal, a europeiza\u00e7\u00e3o foi evidente nas pol\u00edticas p\u00fablicas, mas n\u00e3o ocorreu um debate p\u00fablico europeu cont\u00ednuo, com a pol\u00edtica europeia filtrada por prioridades nacionais mesmo quando as decis\u00f5es s\u00e3o transnacionais.<\/li>\n<li>Analiticamente, a fragmenta\u00e7\u00e3o n\u00e3o \u00e9 apenas uma falha, mas uma caracter\u00edstica funcional do sistema europeu, que privilegia a decis\u00e3o e a efic\u00e1cia pol\u00edtica em detrimento da politiza\u00e7\u00e3o supranacional.<\/li>\n<li>O dilema \u00e9 claro: uma esfera p\u00fablica europeia mais integrada exigiria maior politiza\u00e7\u00e3o e confronto ideol\u00f3gico, enquanto manter o equil\u00edbrio atual preserva a capacidade de compromisso, mas perpetua a fragmenta\u00e7\u00e3o e a dist\u00e2ncia democr\u00e1tica.<\/li>\n<\/ul>\n","protected":false},"author":2,"featured_media":391035,"comment_status":"closed","ping_status":"closed","sticky":false,"template":"","format":"standard","meta":{"footnotes":""},"categories":[1,5],"tags":[2795,2487,2213,2023,2832,5698],"class_list":["post-391021","post","type-post","status-publish","format-standard","has-post-thumbnail","hentry","category-noticias","category-politica","tag-democracia","tag-europa","tag-integracao-internacional","tag-organizacoes-internacionais","tag-politica","tag-politica-internacional"],"yoast_head":"<!-- This site is optimized with the Yoast SEO plugin v27.2 - https:\/\/yoast.com\/product\/yoast-seo-wordpress\/ -->\n<title>Esfera p\u00fablica europeia fragmentada por defeito - Portal Tela Portugal<\/title>\n<meta name=\"robots\" content=\"index, follow, max-snippet:-1, max-image-preview:large, max-video-preview:-1\" \/>\n<meta property=\"og:locale\" content=\"pt_PT\" \/>\n<meta property=\"og:type\" content=\"article\" \/>\n<meta property=\"og:title\" content=\"Esfera p\u00fablica europeia fragmentada por defeito - Portal Tela Portugal\" \/>\n<meta property=\"og:description\" content=\"A esfera p\u00fablica europeia continua fragmentada por defeito, resultado de um sistema pol\u00edtico multin\u00edvel que decide em comum, mas debate-se separadamente a n\u00edvel nacional. A fragmenta\u00e7\u00e3o tem fun\u00e7\u00e3o estabilizadora, desviando o conflito pol\u00edtico para as arenas nacionais para evitar clivagens transnacionais profundas, ainda que reduza a clareza das responsabilidades e a perce\u00e7\u00e3o de dist\u00e2ncia entre cidad\u00e3os e decis\u00f5es. Em Portugal, a europeiza\u00e7\u00e3o foi evidente nas pol\u00edticas p\u00fablicas, mas n\u00e3o ocorreu um debate p\u00fablico europeu cont\u00ednuo, com a pol\u00edtica europeia filtrada por prioridades nacionais mesmo quando as decis\u00f5es s\u00e3o transnacionais. Analiticamente, a fragmenta\u00e7\u00e3o n\u00e3o \u00e9 apenas uma falha, mas uma caracter\u00edstica funcional do sistema europeu, que privilegia a decis\u00e3o e a efic\u00e1cia pol\u00edtica em detrimento da politiza\u00e7\u00e3o supranacional. O dilema \u00e9 claro: uma esfera p\u00fablica europeia mais integrada exigiria maior politiza\u00e7\u00e3o e confronto ideol\u00f3gico, enquanto manter o equil\u00edbrio atual preserva a capacidade de compromisso, mas perpetua a fragmenta\u00e7\u00e3o e a dist\u00e2ncia democr\u00e1tica.\" \/>\n<meta property=\"og:url\" content=\"https:\/\/portaltela.pt\/noticias\/2026\/02\/27\/esfera-publica-europeia-fragmentada-por-defeito\/\" \/>\n<meta property=\"og:site_name\" content=\"Portal Tela Portugal\" \/>\n<meta property=\"article:published_time\" content=\"2026-02-27T15:31:00+00:00\" \/>\n<meta name=\"author\" content=\"Telinha\" \/>\n<meta name=\"twitter:card\" content=\"summary_large_image\" \/>\n<meta name=\"twitter:label1\" content=\"Escrito por\" \/>\n\t<meta name=\"twitter:data1\" content=\"Telinha\" \/>\n\t<meta name=\"twitter:label2\" content=\"Tempo estimado de leitura\" \/>\n\t<meta name=\"twitter:data2\" content=\"2 minutos\" \/>\n<script type=\"application\/ld+json\" class=\"yoast-schema-graph\">{\"@context\":\"https:\/\/schema.org\",\"@graph\":[{\"@type\":\"Article\",\"@id\":\"https:\/\/portaltela.pt\/noticias\/2026\/02\/27\/esfera-publica-europeia-fragmentada-por-defeito\/#article\",\"isPartOf\":{\"@id\":\"https:\/\/portaltela.pt\/noticias\/2026\/02\/27\/esfera-publica-europeia-fragmentada-por-defeito\/\"},\"author\":{\"name\":\"Telinha\",\"@id\":\"https:\/\/portaltela.pt\/#\/schema\/person\/c4278d4a6028830caff9ee44b42d32ed\"},\"headline\":\"Esfera p\u00fablica europeia fragmentada por defeito\",\"datePublished\":\"2026-02-27T15:31:00+00:00\",\"mainEntityOfPage\":{\"@id\":\"https:\/\/portaltela.pt\/noticias\/2026\/02\/27\/esfera-publica-europeia-fragmentada-por-defeito\/\"},\"wordCount\":422,\"image\":{\"@id\":\"https:\/\/portaltela.pt\/noticias\/2026\/02\/27\/esfera-publica-europeia-fragmentada-por-defeito\/#primaryimage\"},\"thumbnailUrl\":\"https:\/\/portaltela.pt\/s.01k8rhncp4jt1\/2026\/02\/2070326.jpg\",\"keywords\":[\"democracia\",\"Europa\",\"integra\u00e7\u00e3o internacional\",\"organiza\u00e7\u00f5es internacionais\",\"pol\u00edtica\",\"pol\u00edtica internacional\"],\"articleSection\":[\"Not\u00edcias\",\"Pol\u00edtica\"],\"inLanguage\":\"pt-PT\"},{\"@type\":\"WebPage\",\"@id\":\"https:\/\/portaltela.pt\/noticias\/2026\/02\/27\/esfera-publica-europeia-fragmentada-por-defeito\/\",\"url\":\"https:\/\/portaltela.pt\/noticias\/2026\/02\/27\/esfera-publica-europeia-fragmentada-por-defeito\/\",\"name\":\"Esfera p\u00fablica europeia fragmentada por defeito - Portal Tela Portugal\",\"isPartOf\":{\"@id\":\"https:\/\/portaltela.pt\/#website\"},\"primaryImageOfPage\":{\"@id\":\"https:\/\/portaltela.pt\/noticias\/2026\/02\/27\/esfera-publica-europeia-fragmentada-por-defeito\/#primaryimage\"},\"image\":{\"@id\":\"https:\/\/portaltela.pt\/noticias\/2026\/02\/27\/esfera-publica-europeia-fragmentada-por-defeito\/#primaryimage\"},\"thumbnailUrl\":\"https:\/\/portaltela.pt\/s.01k8rhncp4jt1\/2026\/02\/2070326.jpg\",\"datePublished\":\"2026-02-27T15:31:00+00:00\",\"author\":{\"@id\":\"https:\/\/portaltela.pt\/#\/schema\/person\/c4278d4a6028830caff9ee44b42d32ed\"},\"breadcrumb\":{\"@id\":\"https:\/\/portaltela.pt\/noticias\/2026\/02\/27\/esfera-publica-europeia-fragmentada-por-defeito\/#breadcrumb\"},\"inLanguage\":\"pt-PT\",\"potentialAction\":[{\"@type\":\"ReadAction\",\"target\":[\"https:\/\/portaltela.pt\/noticias\/2026\/02\/27\/esfera-publica-europeia-fragmentada-por-defeito\/\"]}]},{\"@type\":\"ImageObject\",\"inLanguage\":\"pt-PT\",\"@id\":\"https:\/\/portaltela.pt\/noticias\/2026\/02\/27\/esfera-publica-europeia-fragmentada-por-defeito\/#primaryimage\",\"url\":\"https:\/\/portaltela.pt\/s.01k8rhncp4jt1\/2026\/02\/2070326.jpg\",\"contentUrl\":\"https:\/\/portaltela.pt\/s.01k8rhncp4jt1\/2026\/02\/2070326.jpg\",\"width\":796,\"height\":448,\"caption\":\"Megafone P3\"},{\"@type\":\"BreadcrumbList\",\"@id\":\"https:\/\/portaltela.pt\/noticias\/2026\/02\/27\/esfera-publica-europeia-fragmentada-por-defeito\/#breadcrumb\",\"itemListElement\":[{\"@type\":\"ListItem\",\"position\":1,\"name\":\"In\u00edcio\",\"item\":\"https:\/\/portaltela.pt\/\"},{\"@type\":\"ListItem\",\"position\":2,\"name\":\"Esfera p\u00fablica europeia fragmentada por defeito\"}]},{\"@type\":\"WebSite\",\"@id\":\"https:\/\/portaltela.pt\/#website\",\"url\":\"https:\/\/portaltela.pt\/\",\"name\":\"Portal Tela Portugal\",\"description\":\"\",\"potentialAction\":[{\"@type\":\"SearchAction\",\"target\":{\"@type\":\"EntryPoint\",\"urlTemplate\":\"https:\/\/portaltela.pt\/?s={search_term_string}\"},\"query-input\":{\"@type\":\"PropertyValueSpecification\",\"valueRequired\":true,\"valueName\":\"search_term_string\"}}],\"inLanguage\":\"pt-PT\"},{\"@type\":\"Person\",\"@id\":\"https:\/\/portaltela.pt\/#\/schema\/person\/c4278d4a6028830caff9ee44b42d32ed\",\"name\":\"Telinha\",\"image\":{\"@type\":\"ImageObject\",\"inLanguage\":\"pt-PT\",\"@id\":\"https:\/\/portaltela.pt\/s.01k8rhncp4jt1\/2025\/11\/talking-bot-125x125.png\",\"url\":\"https:\/\/portaltela.pt\/s.01k8rhncp4jt1\/2025\/11\/talking-bot-125x125.png\",\"contentUrl\":\"https:\/\/portaltela.pt\/s.01k8rhncp4jt1\/2025\/11\/talking-bot-125x125.png\",\"caption\":\"Telinha\"},\"sameAs\":[\"https:\/\/portaltela.pt\/\"],\"url\":\"https:\/\/portaltela.pt\/por\/367410592786\/\"}]}<\/script>\n<!-- \/ Yoast SEO plugin. -->","yoast_head_json":{"title":"Esfera p\u00fablica europeia fragmentada por defeito - Portal Tela Portugal","robots":{"index":"index","follow":"follow","max-snippet":"max-snippet:-1","max-image-preview":"max-image-preview:large","max-video-preview":"max-video-preview:-1"},"og_locale":"pt_PT","og_type":"article","og_title":"Esfera p\u00fablica europeia fragmentada por defeito - Portal Tela Portugal","og_description":"A esfera p\u00fablica europeia continua fragmentada por defeito, resultado de um sistema pol\u00edtico multin\u00edvel que decide em comum, mas debate-se separadamente a n\u00edvel nacional. A fragmenta\u00e7\u00e3o tem fun\u00e7\u00e3o estabilizadora, desviando o conflito pol\u00edtico para as arenas nacionais para evitar clivagens transnacionais profundas, ainda que reduza a clareza das responsabilidades e a perce\u00e7\u00e3o de dist\u00e2ncia entre cidad\u00e3os e decis\u00f5es. Em Portugal, a europeiza\u00e7\u00e3o foi evidente nas pol\u00edticas p\u00fablicas, mas n\u00e3o ocorreu um debate p\u00fablico europeu cont\u00ednuo, com a pol\u00edtica europeia filtrada por prioridades nacionais mesmo quando as decis\u00f5es s\u00e3o transnacionais. Analiticamente, a fragmenta\u00e7\u00e3o n\u00e3o \u00e9 apenas uma falha, mas uma caracter\u00edstica funcional do sistema europeu, que privilegia a decis\u00e3o e a efic\u00e1cia pol\u00edtica em detrimento da politiza\u00e7\u00e3o supranacional. O dilema \u00e9 claro: uma esfera p\u00fablica europeia mais integrada exigiria maior politiza\u00e7\u00e3o e confronto ideol\u00f3gico, enquanto manter o equil\u00edbrio atual preserva a capacidade de compromisso, mas perpetua a fragmenta\u00e7\u00e3o e a dist\u00e2ncia democr\u00e1tica.","og_url":"https:\/\/portaltela.pt\/noticias\/2026\/02\/27\/esfera-publica-europeia-fragmentada-por-defeito\/","og_site_name":"Portal Tela Portugal","article_published_time":"2026-02-27T15:31:00+00:00","author":"Telinha","twitter_card":"summary_large_image","twitter_misc":{"Escrito por":"Telinha","Tempo estimado de leitura":"2 minutos"},"schema":{"@context":"https:\/\/schema.org","@graph":[{"@type":"Article","@id":"https:\/\/portaltela.pt\/noticias\/2026\/02\/27\/esfera-publica-europeia-fragmentada-por-defeito\/#article","isPartOf":{"@id":"https:\/\/portaltela.pt\/noticias\/2026\/02\/27\/esfera-publica-europeia-fragmentada-por-defeito\/"},"author":{"name":"Telinha","@id":"https:\/\/portaltela.pt\/#\/schema\/person\/c4278d4a6028830caff9ee44b42d32ed"},"headline":"Esfera p\u00fablica europeia fragmentada por defeito","datePublished":"2026-02-27T15:31:00+00:00","mainEntityOfPage":{"@id":"https:\/\/portaltela.pt\/noticias\/2026\/02\/27\/esfera-publica-europeia-fragmentada-por-defeito\/"},"wordCount":422,"image":{"@id":"https:\/\/portaltela.pt\/noticias\/2026\/02\/27\/esfera-publica-europeia-fragmentada-por-defeito\/#primaryimage"},"thumbnailUrl":"https:\/\/portaltela.pt\/s.01k8rhncp4jt1\/2026\/02\/2070326.jpg","keywords":["democracia","Europa","integra\u00e7\u00e3o internacional","organiza\u00e7\u00f5es internacionais","pol\u00edtica","pol\u00edtica internacional"],"articleSection":["Not\u00edcias","Pol\u00edtica"],"inLanguage":"pt-PT"},{"@type":"WebPage","@id":"https:\/\/portaltela.pt\/noticias\/2026\/02\/27\/esfera-publica-europeia-fragmentada-por-defeito\/","url":"https:\/\/portaltela.pt\/noticias\/2026\/02\/27\/esfera-publica-europeia-fragmentada-por-defeito\/","name":"Esfera p\u00fablica europeia fragmentada por defeito - Portal Tela Portugal","isPartOf":{"@id":"https:\/\/portaltela.pt\/#website"},"primaryImageOfPage":{"@id":"https:\/\/portaltela.pt\/noticias\/2026\/02\/27\/esfera-publica-europeia-fragmentada-por-defeito\/#primaryimage"},"image":{"@id":"https:\/\/portaltela.pt\/noticias\/2026\/02\/27\/esfera-publica-europeia-fragmentada-por-defeito\/#primaryimage"},"thumbnailUrl":"https:\/\/portaltela.pt\/s.01k8rhncp4jt1\/2026\/02\/2070326.jpg","datePublished":"2026-02-27T15:31:00+00:00","author":{"@id":"https:\/\/portaltela.pt\/#\/schema\/person\/c4278d4a6028830caff9ee44b42d32ed"},"breadcrumb":{"@id":"https:\/\/portaltela.pt\/noticias\/2026\/02\/27\/esfera-publica-europeia-fragmentada-por-defeito\/#breadcrumb"},"inLanguage":"pt-PT","potentialAction":[{"@type":"ReadAction","target":["https:\/\/portaltela.pt\/noticias\/2026\/02\/27\/esfera-publica-europeia-fragmentada-por-defeito\/"]}]},{"@type":"ImageObject","inLanguage":"pt-PT","@id":"https:\/\/portaltela.pt\/noticias\/2026\/02\/27\/esfera-publica-europeia-fragmentada-por-defeito\/#primaryimage","url":"https:\/\/portaltela.pt\/s.01k8rhncp4jt1\/2026\/02\/2070326.jpg","contentUrl":"https:\/\/portaltela.pt\/s.01k8rhncp4jt1\/2026\/02\/2070326.jpg","width":796,"height":448,"caption":"Megafone P3"},{"@type":"BreadcrumbList","@id":"https:\/\/portaltela.pt\/noticias\/2026\/02\/27\/esfera-publica-europeia-fragmentada-por-defeito\/#breadcrumb","itemListElement":[{"@type":"ListItem","position":1,"name":"In\u00edcio","item":"https:\/\/portaltela.pt\/"},{"@type":"ListItem","position":2,"name":"Esfera p\u00fablica europeia fragmentada por defeito"}]},{"@type":"WebSite","@id":"https:\/\/portaltela.pt\/#website","url":"https:\/\/portaltela.pt\/","name":"Portal Tela Portugal","description":"","potentialAction":[{"@type":"SearchAction","target":{"@type":"EntryPoint","urlTemplate":"https:\/\/portaltela.pt\/?s={search_term_string}"},"query-input":{"@type":"PropertyValueSpecification","valueRequired":true,"valueName":"search_term_string"}}],"inLanguage":"pt-PT"},{"@type":"Person","@id":"https:\/\/portaltela.pt\/#\/schema\/person\/c4278d4a6028830caff9ee44b42d32ed","name":"Telinha","image":{"@type":"ImageObject","inLanguage":"pt-PT","@id":"https:\/\/portaltela.pt\/s.01k8rhncp4jt1\/2025\/11\/talking-bot-125x125.png","url":"https:\/\/portaltela.pt\/s.01k8rhncp4jt1\/2025\/11\/talking-bot-125x125.png","contentUrl":"https:\/\/portaltela.pt\/s.01k8rhncp4jt1\/2025\/11\/talking-bot-125x125.png","caption":"Telinha"},"sameAs":["https:\/\/portaltela.pt\/"],"url":"https:\/\/portaltela.pt\/por\/367410592786\/"}]}},"_links":{"self":[{"href":"https:\/\/portaltela.pt\/api\/wp\/v2\/posts\/391021","targetHints":{"allow":["GET"]}}],"collection":[{"href":"https:\/\/portaltela.pt\/api\/wp\/v2\/posts"}],"about":[{"href":"https:\/\/portaltela.pt\/api\/wp\/v2\/types\/post"}],"author":[{"embeddable":true,"href":"https:\/\/portaltela.pt\/api\/wp\/v2\/users\/2"}],"replies":[{"embeddable":true,"href":"https:\/\/portaltela.pt\/api\/wp\/v2\/comments?post=391021"}],"version-history":[{"count":0,"href":"https:\/\/portaltela.pt\/api\/wp\/v2\/posts\/391021\/revisions"}],"wp:featuredmedia":[{"embeddable":true,"href":"https:\/\/portaltela.pt\/api\/wp\/v2\/media\/391035"}],"wp:attachment":[{"href":"https:\/\/portaltela.pt\/api\/wp\/v2\/media?parent=391021"}],"wp:term":[{"taxonomy":"category","embeddable":true,"href":"https:\/\/portaltela.pt\/api\/wp\/v2\/categories?post=391021"},{"taxonomy":"post_tag","embeddable":true,"href":"https:\/\/portaltela.pt\/api\/wp\/v2\/tags?post=391021"}],"curies":[{"name":"wp","href":"https:\/\/api.w.org\/{rel}","templated":true}]}}