{"id":391010,"date":"2026-02-27T12:54:00","date_gmt":"2026-02-27T15:54:00","guid":{"rendered":"https:\/\/portaltela.pt\/noticias\/2026\/02\/27\/meio-seculo-apos-a-proclamacao-saara-ocidental-continua-sem-independencia\/"},"modified":"2026-02-27T12:54:00","modified_gmt":"2026-02-27T15:54:00","slug":"meio-seculo-apos-a-proclamacao-saara-ocidental-continua-sem-independencia","status":"publish","type":"post","link":"https:\/\/portaltela.pt\/noticias\/2026\/02\/27\/meio-seculo-apos-a-proclamacao-saara-ocidental-continua-sem-independencia\/","title":{"rendered":"Meio s\u00e9culo ap\u00f3s a proclama\u00e7\u00e3o, Saara Ocidental continua sem independ\u00eancia"},"content":{"rendered":"<p>Meio s\u00e9culo ap\u00f3s a proclama\u00e7\u00e3o, o Sara Ocidental continua a aguardar a autodetermina\u00e7\u00e3o. A Frente Polis\u00e1rio proclamou a independ\u00eancia do territ\u00f3rio em 1973, frente \u00e0 ocupa\u00e7\u00e3o espanhola, e o processo permanece incompleto.<\/p>\n<p>O territ\u00f3rio \u00e9 hoje amplamente controlado por Marrocos, enquanto a popula\u00e7\u00e3o sarau\u00ed vive em parte no territ\u00f3rio ocupado e em condi\u00e7\u00f5es de refugiados. Estima-se que cerca de 170 mil sarau\u00eds residam no deserto da Arg\u00e9lia.<\/p>\n<p>Este anivers\u00e1rio ocorre num momento de negocia\u00e7\u00f5es e de aten\u00e7\u00f5es externas, com m\u00faltiplas partes interessadas a defender diferentes perspetivas sobre o estatuto futuro da regi\u00e3o.<\/p>\n<h3>Contexto e desdobramentos<\/h3>\n<p>A agenda internacional envolve debates sobre autodetermina\u00e7\u00e3o, fronteiras e seguran\u00e7a regional, com repercuss\u00f5es para a estabilidade no Norte de \u00c1frica e para as rela\u00e7\u00f5es entre Marrocos, Arg\u00e9lia e pa\u00edses aliados.<\/p>\n","protected":false},"excerpt":{"rendered":"<ul>\n<li>Passa meio s\u00e9culo desde que a Frente Polis\u00e1rio proclamou a independ\u00eancia do Sara Ocidental, em 1973.<\/li>\n<li>O Sara Ocidental \u00e9 hoje o \u00faltimo territ\u00f3rio n\u00e3o autonomamente governado em \u00c1frica.<\/li>\n<li>Existem 170 mil sarau\u00eds refugiados no deserto da Arg\u00e9lia.<\/li>\n<li>A autodetermina\u00e7\u00e3o do povo sarau\u00ed continua por cumprir, com grande parte do territ\u00f3rio ocupado pelo Marrocos.<\/li>\n<li>O debate sobre o futuro da regi\u00e3o envolve v\u00e1rias conversa\u00e7\u00f5es e interesses externos.<\/li>\n<\/ul>\n","protected":false},"author":2,"featured_media":391026,"comment_status":"closed","ping_status":"closed","sticky":false,"template":"","format":"standard","meta":{"footnotes":""},"categories":[1],"tags":[2254,3615,2198,4002,1015,2540],"class_list":["post-391010","post","type-post","status-publish","format-standard","has-post-thumbnail","hentry","category-noticias","tag-argelia","tag-autodeterminacao","tag-conflitos-internacionais","tag-fronteiras","tag-marrocos","tag-territorio"],"yoast_head":"<!-- This site is optimized with the Yoast SEO plugin v27.2 - https:\/\/yoast.com\/product\/yoast-seo-wordpress\/ -->\n<title>Meio s\u00e9culo ap\u00f3s a proclama\u00e7\u00e3o, Saara Ocidental continua sem independ\u00eancia - Portal Tela Portugal<\/title>\n<meta name=\"robots\" content=\"index, follow, max-snippet:-1, max-image-preview:large, max-video-preview:-1\" \/>\n<meta property=\"og:locale\" content=\"pt_PT\" \/>\n<meta property=\"og:type\" content=\"article\" \/>\n<meta property=\"og:title\" content=\"Meio s\u00e9culo ap\u00f3s a proclama\u00e7\u00e3o, Saara Ocidental continua sem independ\u00eancia - Portal Tela Portugal\" \/>\n<meta property=\"og:description\" content=\"Passa meio s\u00e9culo desde que a Frente Polis\u00e1rio proclamou a independ\u00eancia do Sara Ocidental, em 1973. O Sara Ocidental \u00e9 hoje o \u00faltimo territ\u00f3rio n\u00e3o autonomamente governado em \u00c1frica. Existem 170 mil sarau\u00eds refugiados no deserto da Arg\u00e9lia. A autodetermina\u00e7\u00e3o do povo sarau\u00ed continua por cumprir, com grande parte do territ\u00f3rio ocupado pelo Marrocos. O debate sobre o futuro da regi\u00e3o envolve v\u00e1rias conversa\u00e7\u00f5es e interesses externos.\" \/>\n<meta property=\"og:url\" content=\"https:\/\/portaltela.pt\/noticias\/2026\/02\/27\/meio-seculo-apos-a-proclamacao-saara-ocidental-continua-sem-independencia\/\" \/>\n<meta property=\"og:site_name\" content=\"Portal Tela Portugal\" \/>\n<meta property=\"article:published_time\" content=\"2026-02-27T15:54:00+00:00\" \/>\n<meta name=\"author\" content=\"Telinha\" \/>\n<meta name=\"twitter:card\" content=\"summary_large_image\" \/>\n<meta name=\"twitter:label1\" content=\"Escrito por\" \/>\n\t<meta name=\"twitter:data1\" content=\"Telinha\" \/>\n\t<meta name=\"twitter:label2\" content=\"Tempo estimado de leitura\" \/>\n\t<meta name=\"twitter:data2\" content=\"1 minuto\" \/>\n<script type=\"application\/ld+json\" class=\"yoast-schema-graph\">{\"@context\":\"https:\/\/schema.org\",\"@graph\":[{\"@type\":\"Article\",\"@id\":\"https:\/\/portaltela.pt\/noticias\/2026\/02\/27\/meio-seculo-apos-a-proclamacao-saara-ocidental-continua-sem-independencia\/#article\",\"isPartOf\":{\"@id\":\"https:\/\/portaltela.pt\/noticias\/2026\/02\/27\/meio-seculo-apos-a-proclamacao-saara-ocidental-continua-sem-independencia\/\"},\"author\":{\"name\":\"Telinha\",\"@id\":\"https:\/\/portaltela.pt\/#\/schema\/person\/c4278d4a6028830caff9ee44b42d32ed\"},\"headline\":\"Meio s\u00e9culo ap\u00f3s a proclama\u00e7\u00e3o, Saara Ocidental continua sem independ\u00eancia\",\"datePublished\":\"2026-02-27T15:54:00+00:00\",\"mainEntityOfPage\":{\"@id\":\"https:\/\/portaltela.pt\/noticias\/2026\/02\/27\/meio-seculo-apos-a-proclamacao-saara-ocidental-continua-sem-independencia\/\"},\"wordCount\":160,\"image\":{\"@id\":\"https:\/\/portaltela.pt\/noticias\/2026\/02\/27\/meio-seculo-apos-a-proclamacao-saara-ocidental-continua-sem-independencia\/#primaryimage\"},\"thumbnailUrl\":\"https:\/\/portaltela.pt\/s.01k8rhncp4jt1\/2026\/02\/2070235.jpg\",\"keywords\":[\"Arg\u00e9lia\",\"autodetermina\u00e7\u00e3o\",\"conflitos internacionais\",\"fronteiras\",\"Marrocos\",\"Territ\u00f3rio\"],\"articleSection\":[\"Not\u00edcias\"],\"inLanguage\":\"pt-PT\"},{\"@type\":\"WebPage\",\"@id\":\"https:\/\/portaltela.pt\/noticias\/2026\/02\/27\/meio-seculo-apos-a-proclamacao-saara-ocidental-continua-sem-independencia\/\",\"url\":\"https:\/\/portaltela.pt\/noticias\/2026\/02\/27\/meio-seculo-apos-a-proclamacao-saara-ocidental-continua-sem-independencia\/\",\"name\":\"Meio s\u00e9culo ap\u00f3s a proclama\u00e7\u00e3o, Saara Ocidental continua sem independ\u00eancia - Portal Tela Portugal\",\"isPartOf\":{\"@id\":\"https:\/\/portaltela.pt\/#website\"},\"primaryImageOfPage\":{\"@id\":\"https:\/\/portaltela.pt\/noticias\/2026\/02\/27\/meio-seculo-apos-a-proclamacao-saara-ocidental-continua-sem-independencia\/#primaryimage\"},\"image\":{\"@id\":\"https:\/\/portaltela.pt\/noticias\/2026\/02\/27\/meio-seculo-apos-a-proclamacao-saara-ocidental-continua-sem-independencia\/#primaryimage\"},\"thumbnailUrl\":\"https:\/\/portaltela.pt\/s.01k8rhncp4jt1\/2026\/02\/2070235.jpg\",\"datePublished\":\"2026-02-27T15:54:00+00:00\",\"author\":{\"@id\":\"https:\/\/portaltela.pt\/#\/schema\/person\/c4278d4a6028830caff9ee44b42d32ed\"},\"breadcrumb\":{\"@id\":\"https:\/\/portaltela.pt\/noticias\/2026\/02\/27\/meio-seculo-apos-a-proclamacao-saara-ocidental-continua-sem-independencia\/#breadcrumb\"},\"inLanguage\":\"pt-PT\",\"potentialAction\":[{\"@type\":\"ReadAction\",\"target\":[\"https:\/\/portaltela.pt\/noticias\/2026\/02\/27\/meio-seculo-apos-a-proclamacao-saara-ocidental-continua-sem-independencia\/\"]}]},{\"@type\":\"ImageObject\",\"inLanguage\":\"pt-PT\",\"@id\":\"https:\/\/portaltela.pt\/noticias\/2026\/02\/27\/meio-seculo-apos-a-proclamacao-saara-ocidental-continua-sem-independencia\/#primaryimage\",\"url\":\"https:\/\/portaltela.pt\/s.01k8rhncp4jt1\/2026\/02\/2070235.jpg\",\"contentUrl\":\"https:\/\/portaltela.pt\/s.01k8rhncp4jt1\/2026\/02\/2070235.jpg\",\"width\":796,\"height\":448,\"caption\":\"A Rep\u00fablica \u00c1rabe Sarau\u00ed Democr\u00e1tica foi proclamada a 27 de Fevereiro de 1976, estabelecendo a independ\u00eancia do Sara Ocidental.\"},{\"@type\":\"BreadcrumbList\",\"@id\":\"https:\/\/portaltela.pt\/noticias\/2026\/02\/27\/meio-seculo-apos-a-proclamacao-saara-ocidental-continua-sem-independencia\/#breadcrumb\",\"itemListElement\":[{\"@type\":\"ListItem\",\"position\":1,\"name\":\"In\u00edcio\",\"item\":\"https:\/\/portaltela.pt\/\"},{\"@type\":\"ListItem\",\"position\":2,\"name\":\"Meio s\u00e9culo ap\u00f3s a proclama\u00e7\u00e3o, Saara Ocidental continua sem independ\u00eancia\"}]},{\"@type\":\"WebSite\",\"@id\":\"https:\/\/portaltela.pt\/#website\",\"url\":\"https:\/\/portaltela.pt\/\",\"name\":\"Portal Tela Portugal\",\"description\":\"\",\"potentialAction\":[{\"@type\":\"SearchAction\",\"target\":{\"@type\":\"EntryPoint\",\"urlTemplate\":\"https:\/\/portaltela.pt\/?s={search_term_string}\"},\"query-input\":{\"@type\":\"PropertyValueSpecification\",\"valueRequired\":true,\"valueName\":\"search_term_string\"}}],\"inLanguage\":\"pt-PT\"},{\"@type\":\"Person\",\"@id\":\"https:\/\/portaltela.pt\/#\/schema\/person\/c4278d4a6028830caff9ee44b42d32ed\",\"name\":\"Telinha\",\"image\":{\"@type\":\"ImageObject\",\"inLanguage\":\"pt-PT\",\"@id\":\"https:\/\/portaltela.pt\/s.01k8rhncp4jt1\/2025\/11\/talking-bot-125x125.png\",\"url\":\"https:\/\/portaltela.pt\/s.01k8rhncp4jt1\/2025\/11\/talking-bot-125x125.png\",\"contentUrl\":\"https:\/\/portaltela.pt\/s.01k8rhncp4jt1\/2025\/11\/talking-bot-125x125.png\",\"caption\":\"Telinha\"},\"sameAs\":[\"https:\/\/portaltela.pt\/\"],\"url\":\"https:\/\/portaltela.pt\/por\/367410592786\/\"}]}<\/script>\n<!-- \/ Yoast SEO plugin. -->","yoast_head_json":{"title":"Meio s\u00e9culo ap\u00f3s a proclama\u00e7\u00e3o, Saara Ocidental continua sem independ\u00eancia - Portal Tela Portugal","robots":{"index":"index","follow":"follow","max-snippet":"max-snippet:-1","max-image-preview":"max-image-preview:large","max-video-preview":"max-video-preview:-1"},"og_locale":"pt_PT","og_type":"article","og_title":"Meio s\u00e9culo ap\u00f3s a proclama\u00e7\u00e3o, Saara Ocidental continua sem independ\u00eancia - Portal Tela Portugal","og_description":"Passa meio s\u00e9culo desde que a Frente Polis\u00e1rio proclamou a independ\u00eancia do Sara Ocidental, em 1973. O Sara Ocidental \u00e9 hoje o \u00faltimo territ\u00f3rio n\u00e3o autonomamente governado em \u00c1frica. Existem 170 mil sarau\u00eds refugiados no deserto da Arg\u00e9lia. A autodetermina\u00e7\u00e3o do povo sarau\u00ed continua por cumprir, com grande parte do territ\u00f3rio ocupado pelo Marrocos. O debate sobre o futuro da regi\u00e3o envolve v\u00e1rias conversa\u00e7\u00f5es e interesses externos.","og_url":"https:\/\/portaltela.pt\/noticias\/2026\/02\/27\/meio-seculo-apos-a-proclamacao-saara-ocidental-continua-sem-independencia\/","og_site_name":"Portal Tela Portugal","article_published_time":"2026-02-27T15:54:00+00:00","author":"Telinha","twitter_card":"summary_large_image","twitter_misc":{"Escrito por":"Telinha","Tempo estimado de leitura":"1 minuto"},"schema":{"@context":"https:\/\/schema.org","@graph":[{"@type":"Article","@id":"https:\/\/portaltela.pt\/noticias\/2026\/02\/27\/meio-seculo-apos-a-proclamacao-saara-ocidental-continua-sem-independencia\/#article","isPartOf":{"@id":"https:\/\/portaltela.pt\/noticias\/2026\/02\/27\/meio-seculo-apos-a-proclamacao-saara-ocidental-continua-sem-independencia\/"},"author":{"name":"Telinha","@id":"https:\/\/portaltela.pt\/#\/schema\/person\/c4278d4a6028830caff9ee44b42d32ed"},"headline":"Meio s\u00e9culo ap\u00f3s a proclama\u00e7\u00e3o, Saara Ocidental continua sem independ\u00eancia","datePublished":"2026-02-27T15:54:00+00:00","mainEntityOfPage":{"@id":"https:\/\/portaltela.pt\/noticias\/2026\/02\/27\/meio-seculo-apos-a-proclamacao-saara-ocidental-continua-sem-independencia\/"},"wordCount":160,"image":{"@id":"https:\/\/portaltela.pt\/noticias\/2026\/02\/27\/meio-seculo-apos-a-proclamacao-saara-ocidental-continua-sem-independencia\/#primaryimage"},"thumbnailUrl":"https:\/\/portaltela.pt\/s.01k8rhncp4jt1\/2026\/02\/2070235.jpg","keywords":["Arg\u00e9lia","autodetermina\u00e7\u00e3o","conflitos internacionais","fronteiras","Marrocos","Territ\u00f3rio"],"articleSection":["Not\u00edcias"],"inLanguage":"pt-PT"},{"@type":"WebPage","@id":"https:\/\/portaltela.pt\/noticias\/2026\/02\/27\/meio-seculo-apos-a-proclamacao-saara-ocidental-continua-sem-independencia\/","url":"https:\/\/portaltela.pt\/noticias\/2026\/02\/27\/meio-seculo-apos-a-proclamacao-saara-ocidental-continua-sem-independencia\/","name":"Meio s\u00e9culo ap\u00f3s a proclama\u00e7\u00e3o, Saara Ocidental continua sem independ\u00eancia - Portal Tela Portugal","isPartOf":{"@id":"https:\/\/portaltela.pt\/#website"},"primaryImageOfPage":{"@id":"https:\/\/portaltela.pt\/noticias\/2026\/02\/27\/meio-seculo-apos-a-proclamacao-saara-ocidental-continua-sem-independencia\/#primaryimage"},"image":{"@id":"https:\/\/portaltela.pt\/noticias\/2026\/02\/27\/meio-seculo-apos-a-proclamacao-saara-ocidental-continua-sem-independencia\/#primaryimage"},"thumbnailUrl":"https:\/\/portaltela.pt\/s.01k8rhncp4jt1\/2026\/02\/2070235.jpg","datePublished":"2026-02-27T15:54:00+00:00","author":{"@id":"https:\/\/portaltela.pt\/#\/schema\/person\/c4278d4a6028830caff9ee44b42d32ed"},"breadcrumb":{"@id":"https:\/\/portaltela.pt\/noticias\/2026\/02\/27\/meio-seculo-apos-a-proclamacao-saara-ocidental-continua-sem-independencia\/#breadcrumb"},"inLanguage":"pt-PT","potentialAction":[{"@type":"ReadAction","target":["https:\/\/portaltela.pt\/noticias\/2026\/02\/27\/meio-seculo-apos-a-proclamacao-saara-ocidental-continua-sem-independencia\/"]}]},{"@type":"ImageObject","inLanguage":"pt-PT","@id":"https:\/\/portaltela.pt\/noticias\/2026\/02\/27\/meio-seculo-apos-a-proclamacao-saara-ocidental-continua-sem-independencia\/#primaryimage","url":"https:\/\/portaltela.pt\/s.01k8rhncp4jt1\/2026\/02\/2070235.jpg","contentUrl":"https:\/\/portaltela.pt\/s.01k8rhncp4jt1\/2026\/02\/2070235.jpg","width":796,"height":448,"caption":"A Rep\u00fablica \u00c1rabe Sarau\u00ed Democr\u00e1tica foi proclamada a 27 de Fevereiro de 1976, estabelecendo a independ\u00eancia do Sara Ocidental."},{"@type":"BreadcrumbList","@id":"https:\/\/portaltela.pt\/noticias\/2026\/02\/27\/meio-seculo-apos-a-proclamacao-saara-ocidental-continua-sem-independencia\/#breadcrumb","itemListElement":[{"@type":"ListItem","position":1,"name":"In\u00edcio","item":"https:\/\/portaltela.pt\/"},{"@type":"ListItem","position":2,"name":"Meio s\u00e9culo ap\u00f3s a proclama\u00e7\u00e3o, Saara Ocidental continua sem independ\u00eancia"}]},{"@type":"WebSite","@id":"https:\/\/portaltela.pt\/#website","url":"https:\/\/portaltela.pt\/","name":"Portal Tela Portugal","description":"","potentialAction":[{"@type":"SearchAction","target":{"@type":"EntryPoint","urlTemplate":"https:\/\/portaltela.pt\/?s={search_term_string}"},"query-input":{"@type":"PropertyValueSpecification","valueRequired":true,"valueName":"search_term_string"}}],"inLanguage":"pt-PT"},{"@type":"Person","@id":"https:\/\/portaltela.pt\/#\/schema\/person\/c4278d4a6028830caff9ee44b42d32ed","name":"Telinha","image":{"@type":"ImageObject","inLanguage":"pt-PT","@id":"https:\/\/portaltela.pt\/s.01k8rhncp4jt1\/2025\/11\/talking-bot-125x125.png","url":"https:\/\/portaltela.pt\/s.01k8rhncp4jt1\/2025\/11\/talking-bot-125x125.png","contentUrl":"https:\/\/portaltela.pt\/s.01k8rhncp4jt1\/2025\/11\/talking-bot-125x125.png","caption":"Telinha"},"sameAs":["https:\/\/portaltela.pt\/"],"url":"https:\/\/portaltela.pt\/por\/367410592786\/"}]}},"_links":{"self":[{"href":"https:\/\/portaltela.pt\/api\/wp\/v2\/posts\/391010","targetHints":{"allow":["GET"]}}],"collection":[{"href":"https:\/\/portaltela.pt\/api\/wp\/v2\/posts"}],"about":[{"href":"https:\/\/portaltela.pt\/api\/wp\/v2\/types\/post"}],"author":[{"embeddable":true,"href":"https:\/\/portaltela.pt\/api\/wp\/v2\/users\/2"}],"replies":[{"embeddable":true,"href":"https:\/\/portaltela.pt\/api\/wp\/v2\/comments?post=391010"}],"version-history":[{"count":0,"href":"https:\/\/portaltela.pt\/api\/wp\/v2\/posts\/391010\/revisions"}],"wp:featuredmedia":[{"embeddable":true,"href":"https:\/\/portaltela.pt\/api\/wp\/v2\/media\/391026"}],"wp:attachment":[{"href":"https:\/\/portaltela.pt\/api\/wp\/v2\/media?parent=391010"}],"wp:term":[{"taxonomy":"category","embeddable":true,"href":"https:\/\/portaltela.pt\/api\/wp\/v2\/categories?post=391010"},{"taxonomy":"post_tag","embeddable":true,"href":"https:\/\/portaltela.pt\/api\/wp\/v2\/tags?post=391010"}],"curies":[{"name":"wp","href":"https:\/\/api.w.org\/{rel}","templated":true}]}}