{"id":390997,"date":"2026-02-27T12:33:00","date_gmt":"2026-02-27T15:33:00","guid":{"rendered":"https:\/\/portaltela.pt\/noticias\/2026\/02\/27\/adolescentes-europeias-sao-as-que-mais-fumam-aponta-estudo\/"},"modified":"2026-02-27T12:33:00","modified_gmt":"2026-02-27T15:33:00","slug":"adolescentes-europeias-sao-as-que-mais-fumam-aponta-estudo","status":"publish","type":"post","link":"https:\/\/portaltela.pt\/noticias\/2026\/02\/27\/adolescentes-europeias-sao-as-que-mais-fumam-aponta-estudo\/","title":{"rendered":"Adolescentes europeias s\u00e3o as que mais fumam, aponta estudo"},"content":{"rendered":"<p>Entre os dados divulgados pela Organiza\u00e7\u00e3o Mundial da Sa\u00fade (OMS) est\u00e1 a constata\u00e7\u00e3o de que as adolescentes europeias apresentam a maior taxa de consumo de tabaco entre as jovens de todo o mundo. A maioria das consumistas inicia na adolesc\u00eancia, com cigarros eletr\u00f3nicos a ganhar popularidade entre eles.<\/p>\n<p>Segundo o jornal The Guardian, quatro em cada dez mulheres adultas fumadoras a n\u00edvel global vivem na Europa, e cerca de quatro milh\u00f5es de jovens entre 13 e 15 anos no continente j\u00e1 usam produtos de tabaco. As cifras destacam um desafio regional urgente.<\/p>\n<p>Na pr\u00e1tica, a Europa regista a maior preval\u00eancia de utilizadores regulares de cigarros eletr\u00f3nicos entre jovens de 13 a 15 anos, com 14,3%. Entre adultos, o continente ocupa a segunda posi\u00e7\u00e3o mundial, apenas atr\u00e1s da \u00c1sia, neste tipo de consumo.<\/p>\n<p>Hans Kluge, diretor regional da OMS para a Europa, alerta que, sem a\u00e7\u00f5es r\u00e1pidas, a regi\u00e3o poder\u00e1 manter-se como a maior consumidora de tabaco at\u00e9 2030. A prioridade \u00e9 proteger os jovens do v\u00edcio em nicotina, cortando o marketing da ind\u00fastria.<\/p>\n<h3>Regulamenta\u00e7\u00e3o e pol\u00edticas p\u00fablicas<\/h3>\n<p>A OMS revela que apenas um ter\u00e7o dos pa\u00edses europeus abrange todos os espa\u00e7os p\u00fablicos com leis antitabagistas, e apenas um quarto pro\u00edbe a publicidade do tabaco. Paralelamente, o tabaco continua mais barato em dois ter\u00e7os dos pa\u00edses face a uma d\u00e9cada atr\u00e1s.<\/p>\n<p>Alguns exemplos regionais mostram respostas pol\u00edticas. B\u00e9lgica, Dinamarca e os Pa\u00edses Baixos implementaram medidas como regula\u00e7\u00e3o de novos produtos, suspens\u00e3o de sabores e restri\u00e7\u00e3o da publicidade para conter o consumo entre jovens.<\/p>\n<p>Estimativas oficiais apontam para cerca de 1,1 milh\u00e3o de mortes anuais ligadas ao tabaco na Europa, um valor que refor\u00e7a a necessidade de pol\u00edticas eficazes, fiscaliza\u00e7\u00e3o e educa\u00e7\u00e3o para reduzir o impacto no longo prazo.<\/p>\n","protected":false},"excerpt":{"rendered":"<ul>\n<li>As adolescentes europeias apresentam a maior taxa de consumo de tabaco a n\u00edvel mundial, e uma em cada sete utiliza cigarros eletr\u00f3nicos.<\/li>\n<li>Quatro em cada dez mulheres adultas fumadoras no planeta vivem na Europa, e quatro milh\u00f5es de adolescentes entre 13 e 15 anos no continente usam produtos de tabaco.<\/li>\n<li>O uso de cigarros eletr\u00f3nicos entre jovens \u00e9 o mais elevado, com 14,3% de crian\u00e7as e adolescentes entre 13 e 15 anos a serem utilizadores regulares; entre os adultos, a Europa \u00e9 a segunda com maior preval\u00eancia mundial, depois da \u00c1sia.<\/li>\n<li>Hans Kluge, diretor regional da OMS para a Europa, alerta que, sem a\u00e7\u00f5es r\u00e1pidas, a regi\u00e3o continuar\u00e1 a ser a maior consumidora de tabaco at\u00e9 2030; defende prote\u00e7\u00e3o de jovens contra nicotina e regras mais firmes \u00e0s ind\u00fastrias.<\/li>\n<li>A OMS constata lacunas legais: apenas um ter\u00e7o dos pa\u00edses tem leis antitabagistas que abrangem todos os espa\u00e7os p\u00fablicos e apenas um quarto pro\u00edbe publicidade; o tabaco est\u00e1 mais barato em dois ter\u00e7os dos pa\u00edses em rela\u00e7\u00e3o a uma d\u00e9cada atr\u00e1s.<\/li>\n<li>Estima-se que o consumo de tabaco cause 1,1 milh\u00f5es de mortes por ano na Europa.<\/li>\n<\/ul>\n","protected":false},"author":2,"featured_media":391004,"comment_status":"closed","ping_status":"closed","sticky":false,"template":"","format":"standard","meta":{"footnotes":""},"categories":[1],"tags":[5018,5087,2487,2844,271,4630],"class_list":["post-390997","post","type-post","status-publish","format-standard","has-post-thumbnail","hentry","category-noticias","tag-adolescentes","tag-educacao-para-a-saude","tag-europa","tag-jovens","tag-saude-publica","tag-tabagismo"],"yoast_head":"<!-- This site is optimized with the Yoast SEO plugin v27.2 - https:\/\/yoast.com\/product\/yoast-seo-wordpress\/ -->\n<title>Adolescentes europeias s\u00e3o as que mais fumam, aponta estudo - Portal Tela Portugal<\/title>\n<meta name=\"robots\" content=\"index, follow, max-snippet:-1, max-image-preview:large, max-video-preview:-1\" \/>\n<meta property=\"og:locale\" content=\"pt_PT\" \/>\n<meta property=\"og:type\" content=\"article\" \/>\n<meta property=\"og:title\" content=\"Adolescentes europeias s\u00e3o as que mais fumam, aponta estudo - Portal Tela Portugal\" \/>\n<meta property=\"og:description\" content=\"As adolescentes europeias apresentam a maior taxa de consumo de tabaco a n\u00edvel mundial, e uma em cada sete utiliza cigarros eletr\u00f3nicos. Quatro em cada dez mulheres adultas fumadoras no planeta vivem na Europa, e quatro milh\u00f5es de adolescentes entre 13 e 15 anos no continente usam produtos de tabaco. O uso de cigarros eletr\u00f3nicos entre jovens \u00e9 o mais elevado, com 14,3% de crian\u00e7as e adolescentes entre 13 e 15 anos a serem utilizadores regulares; entre os adultos, a Europa \u00e9 a segunda com maior preval\u00eancia mundial, depois da \u00c1sia. Hans Kluge, diretor regional da OMS para a Europa, alerta que, sem a\u00e7\u00f5es r\u00e1pidas, a regi\u00e3o continuar\u00e1 a ser a maior consumidora de tabaco at\u00e9 2030; defende prote\u00e7\u00e3o de jovens contra nicotina e regras mais firmes \u00e0s ind\u00fastrias. A OMS constata lacunas legais: apenas um ter\u00e7o dos pa\u00edses tem leis antitabagistas que abrangem todos os espa\u00e7os p\u00fablicos e apenas um quarto pro\u00edbe publicidade; o tabaco est\u00e1 mais barato em dois ter\u00e7os dos pa\u00edses em rela\u00e7\u00e3o a uma d\u00e9cada atr\u00e1s. Estima-se que o consumo de tabaco cause 1,1 milh\u00f5es de mortes por ano na Europa.\" \/>\n<meta property=\"og:url\" content=\"https:\/\/portaltela.pt\/noticias\/2026\/02\/27\/adolescentes-europeias-sao-as-que-mais-fumam-aponta-estudo\/\" \/>\n<meta property=\"og:site_name\" content=\"Portal Tela Portugal\" \/>\n<meta property=\"article:published_time\" content=\"2026-02-27T15:33:00+00:00\" \/>\n<meta name=\"author\" content=\"Telinha\" \/>\n<meta name=\"twitter:card\" content=\"summary_large_image\" \/>\n<meta name=\"twitter:label1\" content=\"Escrito por\" \/>\n\t<meta name=\"twitter:data1\" content=\"Telinha\" \/>\n\t<meta name=\"twitter:label2\" content=\"Tempo estimado de leitura\" \/>\n\t<meta name=\"twitter:data2\" content=\"2 minutos\" \/>\n<script type=\"application\/ld+json\" class=\"yoast-schema-graph\">{\"@context\":\"https:\/\/schema.org\",\"@graph\":[{\"@type\":\"Article\",\"@id\":\"https:\/\/portaltela.pt\/noticias\/2026\/02\/27\/adolescentes-europeias-sao-as-que-mais-fumam-aponta-estudo\/#article\",\"isPartOf\":{\"@id\":\"https:\/\/portaltela.pt\/noticias\/2026\/02\/27\/adolescentes-europeias-sao-as-que-mais-fumam-aponta-estudo\/\"},\"author\":{\"name\":\"Telinha\",\"@id\":\"https:\/\/portaltela.pt\/#\/schema\/person\/c4278d4a6028830caff9ee44b42d32ed\"},\"headline\":\"Adolescentes europeias s\u00e3o as que mais fumam, aponta estudo\",\"datePublished\":\"2026-02-27T15:33:00+00:00\",\"mainEntityOfPage\":{\"@id\":\"https:\/\/portaltela.pt\/noticias\/2026\/02\/27\/adolescentes-europeias-sao-as-que-mais-fumam-aponta-estudo\/\"},\"wordCount\":329,\"image\":{\"@id\":\"https:\/\/portaltela.pt\/noticias\/2026\/02\/27\/adolescentes-europeias-sao-as-que-mais-fumam-aponta-estudo\/#primaryimage\"},\"thumbnailUrl\":\"https:\/\/portaltela.pt\/s.01k8rhncp4jt1\/2026\/02\/image-2026.jpg\",\"keywords\":[\"adolescentes\",\"educa\u00e7\u00e3o para a sa\u00fade\",\"Europa\",\"jovens\",\"sa\u00fade p\u00fablica\",\"tabagismo\"],\"articleSection\":[\"Not\u00edcias\"],\"inLanguage\":\"pt-PT\"},{\"@type\":\"WebPage\",\"@id\":\"https:\/\/portaltela.pt\/noticias\/2026\/02\/27\/adolescentes-europeias-sao-as-que-mais-fumam-aponta-estudo\/\",\"url\":\"https:\/\/portaltela.pt\/noticias\/2026\/02\/27\/adolescentes-europeias-sao-as-que-mais-fumam-aponta-estudo\/\",\"name\":\"Adolescentes europeias s\u00e3o as que mais fumam, aponta estudo - Portal Tela Portugal\",\"isPartOf\":{\"@id\":\"https:\/\/portaltela.pt\/#website\"},\"primaryImageOfPage\":{\"@id\":\"https:\/\/portaltela.pt\/noticias\/2026\/02\/27\/adolescentes-europeias-sao-as-que-mais-fumam-aponta-estudo\/#primaryimage\"},\"image\":{\"@id\":\"https:\/\/portaltela.pt\/noticias\/2026\/02\/27\/adolescentes-europeias-sao-as-que-mais-fumam-aponta-estudo\/#primaryimage\"},\"thumbnailUrl\":\"https:\/\/portaltela.pt\/s.01k8rhncp4jt1\/2026\/02\/image-2026.jpg\",\"datePublished\":\"2026-02-27T15:33:00+00:00\",\"author\":{\"@id\":\"https:\/\/portaltela.pt\/#\/schema\/person\/c4278d4a6028830caff9ee44b42d32ed\"},\"breadcrumb\":{\"@id\":\"https:\/\/portaltela.pt\/noticias\/2026\/02\/27\/adolescentes-europeias-sao-as-que-mais-fumam-aponta-estudo\/#breadcrumb\"},\"inLanguage\":\"pt-PT\",\"potentialAction\":[{\"@type\":\"ReadAction\",\"target\":[\"https:\/\/portaltela.pt\/noticias\/2026\/02\/27\/adolescentes-europeias-sao-as-que-mais-fumam-aponta-estudo\/\"]}]},{\"@type\":\"ImageObject\",\"inLanguage\":\"pt-PT\",\"@id\":\"https:\/\/portaltela.pt\/noticias\/2026\/02\/27\/adolescentes-europeias-sao-as-que-mais-fumam-aponta-estudo\/#primaryimage\",\"url\":\"https:\/\/portaltela.pt\/s.01k8rhncp4jt1\/2026\/02\/image-2026.jpg\",\"contentUrl\":\"https:\/\/portaltela.pt\/s.01k8rhncp4jt1\/2026\/02\/image-2026.jpg\",\"width\":796,\"height\":448,\"caption\":\"Adolescentes europeias s\u00e3o as que mais fumam\"},{\"@type\":\"BreadcrumbList\",\"@id\":\"https:\/\/portaltela.pt\/noticias\/2026\/02\/27\/adolescentes-europeias-sao-as-que-mais-fumam-aponta-estudo\/#breadcrumb\",\"itemListElement\":[{\"@type\":\"ListItem\",\"position\":1,\"name\":\"In\u00edcio\",\"item\":\"https:\/\/portaltela.pt\/\"},{\"@type\":\"ListItem\",\"position\":2,\"name\":\"Adolescentes europeias s\u00e3o as que mais fumam, aponta estudo\"}]},{\"@type\":\"WebSite\",\"@id\":\"https:\/\/portaltela.pt\/#website\",\"url\":\"https:\/\/portaltela.pt\/\",\"name\":\"Portal Tela Portugal\",\"description\":\"\",\"potentialAction\":[{\"@type\":\"SearchAction\",\"target\":{\"@type\":\"EntryPoint\",\"urlTemplate\":\"https:\/\/portaltela.pt\/?s={search_term_string}\"},\"query-input\":{\"@type\":\"PropertyValueSpecification\",\"valueRequired\":true,\"valueName\":\"search_term_string\"}}],\"inLanguage\":\"pt-PT\"},{\"@type\":\"Person\",\"@id\":\"https:\/\/portaltela.pt\/#\/schema\/person\/c4278d4a6028830caff9ee44b42d32ed\",\"name\":\"Telinha\",\"image\":{\"@type\":\"ImageObject\",\"inLanguage\":\"pt-PT\",\"@id\":\"https:\/\/portaltela.pt\/s.01k8rhncp4jt1\/2025\/11\/talking-bot-125x125.png\",\"url\":\"https:\/\/portaltela.pt\/s.01k8rhncp4jt1\/2025\/11\/talking-bot-125x125.png\",\"contentUrl\":\"https:\/\/portaltela.pt\/s.01k8rhncp4jt1\/2025\/11\/talking-bot-125x125.png\",\"caption\":\"Telinha\"},\"sameAs\":[\"https:\/\/portaltela.pt\/\"],\"url\":\"https:\/\/portaltela.pt\/por\/367410592786\/\"}]}<\/script>\n<!-- \/ Yoast SEO plugin. -->","yoast_head_json":{"title":"Adolescentes europeias s\u00e3o as que mais fumam, aponta estudo - Portal Tela Portugal","robots":{"index":"index","follow":"follow","max-snippet":"max-snippet:-1","max-image-preview":"max-image-preview:large","max-video-preview":"max-video-preview:-1"},"og_locale":"pt_PT","og_type":"article","og_title":"Adolescentes europeias s\u00e3o as que mais fumam, aponta estudo - Portal Tela Portugal","og_description":"As adolescentes europeias apresentam a maior taxa de consumo de tabaco a n\u00edvel mundial, e uma em cada sete utiliza cigarros eletr\u00f3nicos. Quatro em cada dez mulheres adultas fumadoras no planeta vivem na Europa, e quatro milh\u00f5es de adolescentes entre 13 e 15 anos no continente usam produtos de tabaco. O uso de cigarros eletr\u00f3nicos entre jovens \u00e9 o mais elevado, com 14,3% de crian\u00e7as e adolescentes entre 13 e 15 anos a serem utilizadores regulares; entre os adultos, a Europa \u00e9 a segunda com maior preval\u00eancia mundial, depois da \u00c1sia. Hans Kluge, diretor regional da OMS para a Europa, alerta que, sem a\u00e7\u00f5es r\u00e1pidas, a regi\u00e3o continuar\u00e1 a ser a maior consumidora de tabaco at\u00e9 2030; defende prote\u00e7\u00e3o de jovens contra nicotina e regras mais firmes \u00e0s ind\u00fastrias. A OMS constata lacunas legais: apenas um ter\u00e7o dos pa\u00edses tem leis antitabagistas que abrangem todos os espa\u00e7os p\u00fablicos e apenas um quarto pro\u00edbe publicidade; o tabaco est\u00e1 mais barato em dois ter\u00e7os dos pa\u00edses em rela\u00e7\u00e3o a uma d\u00e9cada atr\u00e1s. Estima-se que o consumo de tabaco cause 1,1 milh\u00f5es de mortes por ano na Europa.","og_url":"https:\/\/portaltela.pt\/noticias\/2026\/02\/27\/adolescentes-europeias-sao-as-que-mais-fumam-aponta-estudo\/","og_site_name":"Portal Tela Portugal","article_published_time":"2026-02-27T15:33:00+00:00","author":"Telinha","twitter_card":"summary_large_image","twitter_misc":{"Escrito por":"Telinha","Tempo estimado de leitura":"2 minutos"},"schema":{"@context":"https:\/\/schema.org","@graph":[{"@type":"Article","@id":"https:\/\/portaltela.pt\/noticias\/2026\/02\/27\/adolescentes-europeias-sao-as-que-mais-fumam-aponta-estudo\/#article","isPartOf":{"@id":"https:\/\/portaltela.pt\/noticias\/2026\/02\/27\/adolescentes-europeias-sao-as-que-mais-fumam-aponta-estudo\/"},"author":{"name":"Telinha","@id":"https:\/\/portaltela.pt\/#\/schema\/person\/c4278d4a6028830caff9ee44b42d32ed"},"headline":"Adolescentes europeias s\u00e3o as que mais fumam, aponta estudo","datePublished":"2026-02-27T15:33:00+00:00","mainEntityOfPage":{"@id":"https:\/\/portaltela.pt\/noticias\/2026\/02\/27\/adolescentes-europeias-sao-as-que-mais-fumam-aponta-estudo\/"},"wordCount":329,"image":{"@id":"https:\/\/portaltela.pt\/noticias\/2026\/02\/27\/adolescentes-europeias-sao-as-que-mais-fumam-aponta-estudo\/#primaryimage"},"thumbnailUrl":"https:\/\/portaltela.pt\/s.01k8rhncp4jt1\/2026\/02\/image-2026.jpg","keywords":["adolescentes","educa\u00e7\u00e3o para a sa\u00fade","Europa","jovens","sa\u00fade p\u00fablica","tabagismo"],"articleSection":["Not\u00edcias"],"inLanguage":"pt-PT"},{"@type":"WebPage","@id":"https:\/\/portaltela.pt\/noticias\/2026\/02\/27\/adolescentes-europeias-sao-as-que-mais-fumam-aponta-estudo\/","url":"https:\/\/portaltela.pt\/noticias\/2026\/02\/27\/adolescentes-europeias-sao-as-que-mais-fumam-aponta-estudo\/","name":"Adolescentes europeias s\u00e3o as que mais fumam, aponta estudo - Portal Tela Portugal","isPartOf":{"@id":"https:\/\/portaltela.pt\/#website"},"primaryImageOfPage":{"@id":"https:\/\/portaltela.pt\/noticias\/2026\/02\/27\/adolescentes-europeias-sao-as-que-mais-fumam-aponta-estudo\/#primaryimage"},"image":{"@id":"https:\/\/portaltela.pt\/noticias\/2026\/02\/27\/adolescentes-europeias-sao-as-que-mais-fumam-aponta-estudo\/#primaryimage"},"thumbnailUrl":"https:\/\/portaltela.pt\/s.01k8rhncp4jt1\/2026\/02\/image-2026.jpg","datePublished":"2026-02-27T15:33:00+00:00","author":{"@id":"https:\/\/portaltela.pt\/#\/schema\/person\/c4278d4a6028830caff9ee44b42d32ed"},"breadcrumb":{"@id":"https:\/\/portaltela.pt\/noticias\/2026\/02\/27\/adolescentes-europeias-sao-as-que-mais-fumam-aponta-estudo\/#breadcrumb"},"inLanguage":"pt-PT","potentialAction":[{"@type":"ReadAction","target":["https:\/\/portaltela.pt\/noticias\/2026\/02\/27\/adolescentes-europeias-sao-as-que-mais-fumam-aponta-estudo\/"]}]},{"@type":"ImageObject","inLanguage":"pt-PT","@id":"https:\/\/portaltela.pt\/noticias\/2026\/02\/27\/adolescentes-europeias-sao-as-que-mais-fumam-aponta-estudo\/#primaryimage","url":"https:\/\/portaltela.pt\/s.01k8rhncp4jt1\/2026\/02\/image-2026.jpg","contentUrl":"https:\/\/portaltela.pt\/s.01k8rhncp4jt1\/2026\/02\/image-2026.jpg","width":796,"height":448,"caption":"Adolescentes europeias s\u00e3o as que mais fumam"},{"@type":"BreadcrumbList","@id":"https:\/\/portaltela.pt\/noticias\/2026\/02\/27\/adolescentes-europeias-sao-as-que-mais-fumam-aponta-estudo\/#breadcrumb","itemListElement":[{"@type":"ListItem","position":1,"name":"In\u00edcio","item":"https:\/\/portaltela.pt\/"},{"@type":"ListItem","position":2,"name":"Adolescentes europeias s\u00e3o as que mais fumam, aponta estudo"}]},{"@type":"WebSite","@id":"https:\/\/portaltela.pt\/#website","url":"https:\/\/portaltela.pt\/","name":"Portal Tela Portugal","description":"","potentialAction":[{"@type":"SearchAction","target":{"@type":"EntryPoint","urlTemplate":"https:\/\/portaltela.pt\/?s={search_term_string}"},"query-input":{"@type":"PropertyValueSpecification","valueRequired":true,"valueName":"search_term_string"}}],"inLanguage":"pt-PT"},{"@type":"Person","@id":"https:\/\/portaltela.pt\/#\/schema\/person\/c4278d4a6028830caff9ee44b42d32ed","name":"Telinha","image":{"@type":"ImageObject","inLanguage":"pt-PT","@id":"https:\/\/portaltela.pt\/s.01k8rhncp4jt1\/2025\/11\/talking-bot-125x125.png","url":"https:\/\/portaltela.pt\/s.01k8rhncp4jt1\/2025\/11\/talking-bot-125x125.png","contentUrl":"https:\/\/portaltela.pt\/s.01k8rhncp4jt1\/2025\/11\/talking-bot-125x125.png","caption":"Telinha"},"sameAs":["https:\/\/portaltela.pt\/"],"url":"https:\/\/portaltela.pt\/por\/367410592786\/"}]}},"_links":{"self":[{"href":"https:\/\/portaltela.pt\/api\/wp\/v2\/posts\/390997","targetHints":{"allow":["GET"]}}],"collection":[{"href":"https:\/\/portaltela.pt\/api\/wp\/v2\/posts"}],"about":[{"href":"https:\/\/portaltela.pt\/api\/wp\/v2\/types\/post"}],"author":[{"embeddable":true,"href":"https:\/\/portaltela.pt\/api\/wp\/v2\/users\/2"}],"replies":[{"embeddable":true,"href":"https:\/\/portaltela.pt\/api\/wp\/v2\/comments?post=390997"}],"version-history":[{"count":0,"href":"https:\/\/portaltela.pt\/api\/wp\/v2\/posts\/390997\/revisions"}],"wp:featuredmedia":[{"embeddable":true,"href":"https:\/\/portaltela.pt\/api\/wp\/v2\/media\/391004"}],"wp:attachment":[{"href":"https:\/\/portaltela.pt\/api\/wp\/v2\/media?parent=390997"}],"wp:term":[{"taxonomy":"category","embeddable":true,"href":"https:\/\/portaltela.pt\/api\/wp\/v2\/categories?post=390997"},{"taxonomy":"post_tag","embeddable":true,"href":"https:\/\/portaltela.pt\/api\/wp\/v2\/tags?post=390997"}],"curies":[{"name":"wp","href":"https:\/\/api.w.org\/{rel}","templated":true}]}}