{"id":390966,"date":"2026-02-27T12:25:51","date_gmt":"2026-02-27T15:25:51","guid":{"rendered":"https:\/\/portaltela.pt\/noticias\/2026\/02\/27\/coimbra-regista-recorde-de-precipitacao-entre-outubro-de-2025-e-fevereiro\/"},"modified":"2026-02-27T12:25:51","modified_gmt":"2026-02-27T15:25:51","slug":"coimbra-regista-recorde-de-precipitacao-entre-outubro-de-2025-e-fevereiro","status":"publish","type":"post","link":"https:\/\/portaltela.pt\/noticias\/2026\/02\/27\/coimbra-regista-recorde-de-precipitacao-entre-outubro-de-2025-e-fevereiro\/","title":{"rendered":"Coimbra regista recorde de precipita\u00e7\u00e3o entre outubro de 2025 e fevereiro"},"content":{"rendered":"<p>Coimbra registou, entre outubro de 2025 e fevereiro de 2026, um recorde hist\u00f3rico de precipita\u00e7\u00e3o. O dado foi confirmado pela APA e pelo IPMA, que apontam 1.238 mil\u00edmetros na cidade at\u00e9 16 de fevereiro. O recorde anterior data de 1966.<\/p>\n<p>A chuva intensificou-se nos \u00faltimos dias de janeiro, levando a cheias relevantes. A Barragem de Aguieira recebeu o aporte h\u00eddrico 3,5 vezes acima do normal, enquanto a Barragem das Fronhas registou um aumento de sete vezes.<\/p>\n<p>O presidente da Ag\u00eancia Portuguesa do Ambiente, Pimenta Machado, esteve em Coimbra para a assinatura de um protocolo entre a APA e a Ordem dos Engenheiros, visando um relat\u00f3rio t\u00e9cnico sobre as cheias de 2026 na Bacia do Mondego e a revis\u00e3o de modelos de risco.<\/p>\n<p>Segundo a APA, os inc\u00eandios ocorridos agravaram a gest\u00e3o das cheias, assim como o degelo da Serra da Estrela. O objetivo \u00e9 avaliar o contributo do degelo para o caudal do rio no \u00e2mbito do protocolo assinado hoje.<\/p>\n<p>O respons\u00e1vel lembrou que o projeto hidr\u00e1ulico da Bacia do Mondego foi concebido nos anos 1970 e executado nas d\u00e9cadas seguintes, numa altura em que o clima era diferente. O clima atual exige atualiza\u00e7\u00f5es para aumentar a resili\u00eancia.<\/p>\n<p>Machado destacou ainda a necessidade de adaptar o projeto \u00e0s altera\u00e7\u00f5es clim\u00e1ticas, com foco no regime de precipita\u00e7\u00e3o e no regime hidrol\u00f3gico, para reduzir vulnerabilidades em eventos extremos.<\/p>\n<p>A \u00eanfase recai na avalia\u00e7\u00e3o de infraestruturas, nomeadamente no sif\u00e3o junto \u00e0 A1, cujo funcionamento foi afetado pelos inc\u00eandios e pela quantidade de madeira queimada no rio. A comunidade cient\u00edfica dever\u00e1 estudar melhorias.<\/p>\n<p>V\u00e1rias tempestades atingiram Portugal continental desde o fim de janeiro, com a depress\u00e3o Kristin a destacar-se a 28 de janeiro. Os epis\u00f3dios trouxeram danos materiais, interrup\u00e7\u00f5es e riscos para a popula\u00e7\u00e3o.<\/p>\n","protected":false},"excerpt":{"rendered":"<ul>\n<li>Coimbra registou recorde hist\u00f3rico de precipita\u00e7\u00e3o entre outubro de 2025 e fevereiro de 2026, com 1.238 mil\u00edmetros, segundo o IPMA.<\/li>\n<li>A chuva fez encher a barragem de Aguieira 3,5 vezes e a barragem das Fronhas sete vezes.<\/li>\n<li>O presidente da Ag\u00eancia Portuguesa do Ambiente (APA) assinou um protocolo com a Ordem dos Engenheiros para apresentar um relat\u00f3rio t\u00e9cnico sobre as cheias de 2026 na Bacia do Mondego e rever os modelos de gest\u00e3o do risco.<\/li>\n<li>A APA destacou que inc\u00eandios, a neve na Serra da Estrela e o degelo influenciaram o caudal, defendendo a atualiza\u00e7\u00e3o do projeto hidr\u00e1ulico para torn\u00e1-lo mais resiliente \u00e0s altera\u00e7\u00f5es clim\u00e1ticas.<\/li>\n<li>O que aconteceu em 2001 e 2026 mostra vulnerabilidades: diques rebentaram perto do mesmo local, e h\u00e1 necessidade de analisar o funcionamento do sif\u00e3o pr\u00f3ximo da autoestrada A1.<\/li>\n<\/ul>\n","protected":false},"author":2,"featured_media":390981,"comment_status":"closed","ping_status":"closed","sticky":false,"template":"","format":"standard","meta":{"footnotes":""},"categories":[1],"tags":[2665,4924,3701,5329,5224,1070],"class_list":["post-390966","post","type-post","status-publish","format-standard","has-post-thumbnail","hentry","category-noticias","tag-alteracoes-climaticas","tag-barragens","tag-cheias","tag-chuva","tag-clima","tag-coimbra"],"yoast_head":"<!-- This site is optimized with the Yoast SEO plugin v27.2 - https:\/\/yoast.com\/product\/yoast-seo-wordpress\/ -->\n<title>Coimbra regista recorde de precipita\u00e7\u00e3o entre outubro de 2025 e fevereiro - Portal Tela Portugal<\/title>\n<meta name=\"robots\" content=\"index, follow, max-snippet:-1, max-image-preview:large, max-video-preview:-1\" \/>\n<meta property=\"og:locale\" content=\"pt_PT\" \/>\n<meta property=\"og:type\" content=\"article\" \/>\n<meta property=\"og:title\" content=\"Coimbra regista recorde de precipita\u00e7\u00e3o entre outubro de 2025 e fevereiro - Portal Tela Portugal\" \/>\n<meta property=\"og:description\" content=\"Coimbra registou recorde hist\u00f3rico de precipita\u00e7\u00e3o entre outubro de 2025 e fevereiro de 2026, com 1.238 mil\u00edmetros, segundo o IPMA. A chuva fez encher a barragem de Aguieira 3,5 vezes e a barragem das Fronhas sete vezes. O presidente da Ag\u00eancia Portuguesa do Ambiente (APA) assinou um protocolo com a Ordem dos Engenheiros para apresentar um relat\u00f3rio t\u00e9cnico sobre as cheias de 2026 na Bacia do Mondego e rever os modelos de gest\u00e3o do risco. A APA destacou que inc\u00eandios, a neve na Serra da Estrela e o degelo influenciaram o caudal, defendendo a atualiza\u00e7\u00e3o do projeto hidr\u00e1ulico para torn\u00e1-lo mais resiliente \u00e0s altera\u00e7\u00f5es clim\u00e1ticas. O que aconteceu em 2001 e 2026 mostra vulnerabilidades: diques rebentaram perto do mesmo local, e h\u00e1 necessidade de analisar o funcionamento do sif\u00e3o pr\u00f3ximo da autoestrada A1.\" \/>\n<meta property=\"og:url\" content=\"https:\/\/portaltela.pt\/noticias\/2026\/02\/27\/coimbra-regista-recorde-de-precipitacao-entre-outubro-de-2025-e-fevereiro\/\" \/>\n<meta property=\"og:site_name\" content=\"Portal Tela Portugal\" \/>\n<meta property=\"article:published_time\" content=\"2026-02-27T15:25:51+00:00\" \/>\n<meta name=\"author\" content=\"Telinha\" \/>\n<meta name=\"twitter:card\" content=\"summary_large_image\" \/>\n<meta name=\"twitter:label1\" content=\"Escrito por\" \/>\n\t<meta name=\"twitter:data1\" content=\"Telinha\" \/>\n\t<meta name=\"twitter:label2\" content=\"Tempo estimado de leitura\" \/>\n\t<meta name=\"twitter:data2\" content=\"2 minutos\" \/>\n<script type=\"application\/ld+json\" class=\"yoast-schema-graph\">{\"@context\":\"https:\/\/schema.org\",\"@graph\":[{\"@type\":\"Article\",\"@id\":\"https:\/\/portaltela.pt\/noticias\/2026\/02\/27\/coimbra-regista-recorde-de-precipitacao-entre-outubro-de-2025-e-fevereiro\/#article\",\"isPartOf\":{\"@id\":\"https:\/\/portaltela.pt\/noticias\/2026\/02\/27\/coimbra-regista-recorde-de-precipitacao-entre-outubro-de-2025-e-fevereiro\/\"},\"author\":{\"name\":\"Telinha\",\"@id\":\"https:\/\/portaltela.pt\/#\/schema\/person\/c4278d4a6028830caff9ee44b42d32ed\"},\"headline\":\"Coimbra regista recorde de precipita\u00e7\u00e3o entre outubro de 2025 e fevereiro\",\"datePublished\":\"2026-02-27T15:25:51+00:00\",\"mainEntityOfPage\":{\"@id\":\"https:\/\/portaltela.pt\/noticias\/2026\/02\/27\/coimbra-regista-recorde-de-precipitacao-entre-outubro-de-2025-e-fevereiro\/\"},\"wordCount\":318,\"image\":{\"@id\":\"https:\/\/portaltela.pt\/noticias\/2026\/02\/27\/coimbra-regista-recorde-de-precipitacao-entre-outubro-de-2025-e-fevereiro\/#primaryimage\"},\"thumbnailUrl\":\"https:\/\/portaltela.pt\/s.01k8rhncp4jt1\/2026\/02\/img_1500x1000uu2026-02-13-11-30-09-2266658-1.jpg\",\"keywords\":[\"Altera\u00e7\u00f5es Clim\u00e1ticas\",\"barragens\",\"cheias\",\"chuva\",\"clima\",\"Coimbra\"],\"articleSection\":[\"Not\u00edcias\"],\"inLanguage\":\"pt-PT\"},{\"@type\":\"WebPage\",\"@id\":\"https:\/\/portaltela.pt\/noticias\/2026\/02\/27\/coimbra-regista-recorde-de-precipitacao-entre-outubro-de-2025-e-fevereiro\/\",\"url\":\"https:\/\/portaltela.pt\/noticias\/2026\/02\/27\/coimbra-regista-recorde-de-precipitacao-entre-outubro-de-2025-e-fevereiro\/\",\"name\":\"Coimbra regista recorde de precipita\u00e7\u00e3o entre outubro de 2025 e fevereiro - Portal Tela Portugal\",\"isPartOf\":{\"@id\":\"https:\/\/portaltela.pt\/#website\"},\"primaryImageOfPage\":{\"@id\":\"https:\/\/portaltela.pt\/noticias\/2026\/02\/27\/coimbra-regista-recorde-de-precipitacao-entre-outubro-de-2025-e-fevereiro\/#primaryimage\"},\"image\":{\"@id\":\"https:\/\/portaltela.pt\/noticias\/2026\/02\/27\/coimbra-regista-recorde-de-precipitacao-entre-outubro-de-2025-e-fevereiro\/#primaryimage\"},\"thumbnailUrl\":\"https:\/\/portaltela.pt\/s.01k8rhncp4jt1\/2026\/02\/img_1500x1000uu2026-02-13-11-30-09-2266658-1.jpg\",\"datePublished\":\"2026-02-27T15:25:51+00:00\",\"author\":{\"@id\":\"https:\/\/portaltela.pt\/#\/schema\/person\/c4278d4a6028830caff9ee44b42d32ed\"},\"breadcrumb\":{\"@id\":\"https:\/\/portaltela.pt\/noticias\/2026\/02\/27\/coimbra-regista-recorde-de-precipitacao-entre-outubro-de-2025-e-fevereiro\/#breadcrumb\"},\"inLanguage\":\"pt-PT\",\"potentialAction\":[{\"@type\":\"ReadAction\",\"target\":[\"https:\/\/portaltela.pt\/noticias\/2026\/02\/27\/coimbra-regista-recorde-de-precipitacao-entre-outubro-de-2025-e-fevereiro\/\"]}]},{\"@type\":\"ImageObject\",\"inLanguage\":\"pt-PT\",\"@id\":\"https:\/\/portaltela.pt\/noticias\/2026\/02\/27\/coimbra-regista-recorde-de-precipitacao-entre-outubro-de-2025-e-fevereiro\/#primaryimage\",\"url\":\"https:\/\/portaltela.pt\/s.01k8rhncp4jt1\/2026\/02\/img_1500x1000uu2026-02-13-11-30-09-2266658-1.jpg\",\"contentUrl\":\"https:\/\/portaltela.pt\/s.01k8rhncp4jt1\/2026\/02\/img_1500x1000uu2026-02-13-11-30-09-2266658-1.jpg\",\"width\":796,\"height\":448,\"caption\":\"Militares colocam sacos de areia em Coimbra para conter cheias do Mondego\"},{\"@type\":\"BreadcrumbList\",\"@id\":\"https:\/\/portaltela.pt\/noticias\/2026\/02\/27\/coimbra-regista-recorde-de-precipitacao-entre-outubro-de-2025-e-fevereiro\/#breadcrumb\",\"itemListElement\":[{\"@type\":\"ListItem\",\"position\":1,\"name\":\"In\u00edcio\",\"item\":\"https:\/\/portaltela.pt\/\"},{\"@type\":\"ListItem\",\"position\":2,\"name\":\"Coimbra regista recorde de precipita\u00e7\u00e3o entre outubro de 2025 e fevereiro\"}]},{\"@type\":\"WebSite\",\"@id\":\"https:\/\/portaltela.pt\/#website\",\"url\":\"https:\/\/portaltela.pt\/\",\"name\":\"Portal Tela Portugal\",\"description\":\"\",\"potentialAction\":[{\"@type\":\"SearchAction\",\"target\":{\"@type\":\"EntryPoint\",\"urlTemplate\":\"https:\/\/portaltela.pt\/?s={search_term_string}\"},\"query-input\":{\"@type\":\"PropertyValueSpecification\",\"valueRequired\":true,\"valueName\":\"search_term_string\"}}],\"inLanguage\":\"pt-PT\"},{\"@type\":\"Person\",\"@id\":\"https:\/\/portaltela.pt\/#\/schema\/person\/c4278d4a6028830caff9ee44b42d32ed\",\"name\":\"Telinha\",\"image\":{\"@type\":\"ImageObject\",\"inLanguage\":\"pt-PT\",\"@id\":\"https:\/\/portaltela.pt\/s.01k8rhncp4jt1\/2025\/11\/talking-bot-125x125.png\",\"url\":\"https:\/\/portaltela.pt\/s.01k8rhncp4jt1\/2025\/11\/talking-bot-125x125.png\",\"contentUrl\":\"https:\/\/portaltela.pt\/s.01k8rhncp4jt1\/2025\/11\/talking-bot-125x125.png\",\"caption\":\"Telinha\"},\"sameAs\":[\"https:\/\/portaltela.pt\/\"],\"url\":\"https:\/\/portaltela.pt\/por\/367410592786\/\"}]}<\/script>\n<!-- \/ Yoast SEO plugin. -->","yoast_head_json":{"title":"Coimbra regista recorde de precipita\u00e7\u00e3o entre outubro de 2025 e fevereiro - Portal Tela Portugal","robots":{"index":"index","follow":"follow","max-snippet":"max-snippet:-1","max-image-preview":"max-image-preview:large","max-video-preview":"max-video-preview:-1"},"og_locale":"pt_PT","og_type":"article","og_title":"Coimbra regista recorde de precipita\u00e7\u00e3o entre outubro de 2025 e fevereiro - Portal Tela Portugal","og_description":"Coimbra registou recorde hist\u00f3rico de precipita\u00e7\u00e3o entre outubro de 2025 e fevereiro de 2026, com 1.238 mil\u00edmetros, segundo o IPMA. A chuva fez encher a barragem de Aguieira 3,5 vezes e a barragem das Fronhas sete vezes. O presidente da Ag\u00eancia Portuguesa do Ambiente (APA) assinou um protocolo com a Ordem dos Engenheiros para apresentar um relat\u00f3rio t\u00e9cnico sobre as cheias de 2026 na Bacia do Mondego e rever os modelos de gest\u00e3o do risco. A APA destacou que inc\u00eandios, a neve na Serra da Estrela e o degelo influenciaram o caudal, defendendo a atualiza\u00e7\u00e3o do projeto hidr\u00e1ulico para torn\u00e1-lo mais resiliente \u00e0s altera\u00e7\u00f5es clim\u00e1ticas. O que aconteceu em 2001 e 2026 mostra vulnerabilidades: diques rebentaram perto do mesmo local, e h\u00e1 necessidade de analisar o funcionamento do sif\u00e3o pr\u00f3ximo da autoestrada A1.","og_url":"https:\/\/portaltela.pt\/noticias\/2026\/02\/27\/coimbra-regista-recorde-de-precipitacao-entre-outubro-de-2025-e-fevereiro\/","og_site_name":"Portal Tela Portugal","article_published_time":"2026-02-27T15:25:51+00:00","author":"Telinha","twitter_card":"summary_large_image","twitter_misc":{"Escrito por":"Telinha","Tempo estimado de leitura":"2 minutos"},"schema":{"@context":"https:\/\/schema.org","@graph":[{"@type":"Article","@id":"https:\/\/portaltela.pt\/noticias\/2026\/02\/27\/coimbra-regista-recorde-de-precipitacao-entre-outubro-de-2025-e-fevereiro\/#article","isPartOf":{"@id":"https:\/\/portaltela.pt\/noticias\/2026\/02\/27\/coimbra-regista-recorde-de-precipitacao-entre-outubro-de-2025-e-fevereiro\/"},"author":{"name":"Telinha","@id":"https:\/\/portaltela.pt\/#\/schema\/person\/c4278d4a6028830caff9ee44b42d32ed"},"headline":"Coimbra regista recorde de precipita\u00e7\u00e3o entre outubro de 2025 e fevereiro","datePublished":"2026-02-27T15:25:51+00:00","mainEntityOfPage":{"@id":"https:\/\/portaltela.pt\/noticias\/2026\/02\/27\/coimbra-regista-recorde-de-precipitacao-entre-outubro-de-2025-e-fevereiro\/"},"wordCount":318,"image":{"@id":"https:\/\/portaltela.pt\/noticias\/2026\/02\/27\/coimbra-regista-recorde-de-precipitacao-entre-outubro-de-2025-e-fevereiro\/#primaryimage"},"thumbnailUrl":"https:\/\/portaltela.pt\/s.01k8rhncp4jt1\/2026\/02\/img_1500x1000uu2026-02-13-11-30-09-2266658-1.jpg","keywords":["Altera\u00e7\u00f5es Clim\u00e1ticas","barragens","cheias","chuva","clima","Coimbra"],"articleSection":["Not\u00edcias"],"inLanguage":"pt-PT"},{"@type":"WebPage","@id":"https:\/\/portaltela.pt\/noticias\/2026\/02\/27\/coimbra-regista-recorde-de-precipitacao-entre-outubro-de-2025-e-fevereiro\/","url":"https:\/\/portaltela.pt\/noticias\/2026\/02\/27\/coimbra-regista-recorde-de-precipitacao-entre-outubro-de-2025-e-fevereiro\/","name":"Coimbra regista recorde de precipita\u00e7\u00e3o entre outubro de 2025 e fevereiro - Portal Tela Portugal","isPartOf":{"@id":"https:\/\/portaltela.pt\/#website"},"primaryImageOfPage":{"@id":"https:\/\/portaltela.pt\/noticias\/2026\/02\/27\/coimbra-regista-recorde-de-precipitacao-entre-outubro-de-2025-e-fevereiro\/#primaryimage"},"image":{"@id":"https:\/\/portaltela.pt\/noticias\/2026\/02\/27\/coimbra-regista-recorde-de-precipitacao-entre-outubro-de-2025-e-fevereiro\/#primaryimage"},"thumbnailUrl":"https:\/\/portaltela.pt\/s.01k8rhncp4jt1\/2026\/02\/img_1500x1000uu2026-02-13-11-30-09-2266658-1.jpg","datePublished":"2026-02-27T15:25:51+00:00","author":{"@id":"https:\/\/portaltela.pt\/#\/schema\/person\/c4278d4a6028830caff9ee44b42d32ed"},"breadcrumb":{"@id":"https:\/\/portaltela.pt\/noticias\/2026\/02\/27\/coimbra-regista-recorde-de-precipitacao-entre-outubro-de-2025-e-fevereiro\/#breadcrumb"},"inLanguage":"pt-PT","potentialAction":[{"@type":"ReadAction","target":["https:\/\/portaltela.pt\/noticias\/2026\/02\/27\/coimbra-regista-recorde-de-precipitacao-entre-outubro-de-2025-e-fevereiro\/"]}]},{"@type":"ImageObject","inLanguage":"pt-PT","@id":"https:\/\/portaltela.pt\/noticias\/2026\/02\/27\/coimbra-regista-recorde-de-precipitacao-entre-outubro-de-2025-e-fevereiro\/#primaryimage","url":"https:\/\/portaltela.pt\/s.01k8rhncp4jt1\/2026\/02\/img_1500x1000uu2026-02-13-11-30-09-2266658-1.jpg","contentUrl":"https:\/\/portaltela.pt\/s.01k8rhncp4jt1\/2026\/02\/img_1500x1000uu2026-02-13-11-30-09-2266658-1.jpg","width":796,"height":448,"caption":"Militares colocam sacos de areia em Coimbra para conter cheias do Mondego"},{"@type":"BreadcrumbList","@id":"https:\/\/portaltela.pt\/noticias\/2026\/02\/27\/coimbra-regista-recorde-de-precipitacao-entre-outubro-de-2025-e-fevereiro\/#breadcrumb","itemListElement":[{"@type":"ListItem","position":1,"name":"In\u00edcio","item":"https:\/\/portaltela.pt\/"},{"@type":"ListItem","position":2,"name":"Coimbra regista recorde de precipita\u00e7\u00e3o entre outubro de 2025 e fevereiro"}]},{"@type":"WebSite","@id":"https:\/\/portaltela.pt\/#website","url":"https:\/\/portaltela.pt\/","name":"Portal Tela Portugal","description":"","potentialAction":[{"@type":"SearchAction","target":{"@type":"EntryPoint","urlTemplate":"https:\/\/portaltela.pt\/?s={search_term_string}"},"query-input":{"@type":"PropertyValueSpecification","valueRequired":true,"valueName":"search_term_string"}}],"inLanguage":"pt-PT"},{"@type":"Person","@id":"https:\/\/portaltela.pt\/#\/schema\/person\/c4278d4a6028830caff9ee44b42d32ed","name":"Telinha","image":{"@type":"ImageObject","inLanguage":"pt-PT","@id":"https:\/\/portaltela.pt\/s.01k8rhncp4jt1\/2025\/11\/talking-bot-125x125.png","url":"https:\/\/portaltela.pt\/s.01k8rhncp4jt1\/2025\/11\/talking-bot-125x125.png","contentUrl":"https:\/\/portaltela.pt\/s.01k8rhncp4jt1\/2025\/11\/talking-bot-125x125.png","caption":"Telinha"},"sameAs":["https:\/\/portaltela.pt\/"],"url":"https:\/\/portaltela.pt\/por\/367410592786\/"}]}},"_links":{"self":[{"href":"https:\/\/portaltela.pt\/api\/wp\/v2\/posts\/390966","targetHints":{"allow":["GET"]}}],"collection":[{"href":"https:\/\/portaltela.pt\/api\/wp\/v2\/posts"}],"about":[{"href":"https:\/\/portaltela.pt\/api\/wp\/v2\/types\/post"}],"author":[{"embeddable":true,"href":"https:\/\/portaltela.pt\/api\/wp\/v2\/users\/2"}],"replies":[{"embeddable":true,"href":"https:\/\/portaltela.pt\/api\/wp\/v2\/comments?post=390966"}],"version-history":[{"count":0,"href":"https:\/\/portaltela.pt\/api\/wp\/v2\/posts\/390966\/revisions"}],"wp:featuredmedia":[{"embeddable":true,"href":"https:\/\/portaltela.pt\/api\/wp\/v2\/media\/390981"}],"wp:attachment":[{"href":"https:\/\/portaltela.pt\/api\/wp\/v2\/media?parent=390966"}],"wp:term":[{"taxonomy":"category","embeddable":true,"href":"https:\/\/portaltela.pt\/api\/wp\/v2\/categories?post=390966"},{"taxonomy":"post_tag","embeddable":true,"href":"https:\/\/portaltela.pt\/api\/wp\/v2\/tags?post=390966"}],"curies":[{"name":"wp","href":"https:\/\/api.w.org\/{rel}","templated":true}]}}