{"id":390961,"date":"2026-02-27T12:28:27","date_gmt":"2026-02-27T15:28:27","guid":{"rendered":"https:\/\/portaltela.pt\/noticias\/2026\/02\/27\/rita-salema-tem-novo-companheiro-apos-fase-dificil\/"},"modified":"2026-02-27T12:28:27","modified_gmt":"2026-02-27T15:28:27","slug":"rita-salema-tem-novo-companheiro-apos-fase-dificil","status":"publish","type":"post","link":"https:\/\/portaltela.pt\/noticias\/2026\/02\/27\/rita-salema-tem-novo-companheiro-apos-fase-dificil\/","title":{"rendered":"Rita Salema tem novo companheiro ap\u00f3s fase dif\u00edcil"},"content":{"rendered":"<p>A atriz Rita Salema, 59 anos, recebeu em casa o c\u00e3o Baguette, de 11 anos, resgatado pela associa\u00e7\u00e3o Interven\u00e7\u00e3o e Resgate Animal (IRA). A ado\u00e7\u00e3o foi partilhada nas redes sociais, com imagens que mostram o antes e depois do patudo.<\/p>\n<p>Baguette chegou oficialmente \u00e0 casa na quarta-feira, 25 de fevereiro, e desde ent\u00e3o tem encantado os seguidores com momentos de adapta\u00e7\u00e3o \u00e0 nova rotina, atrav\u00e9s de v\u00e1rias fotografias e v\u00eddeos.<\/p>\n<p>Este \u00e9 o terceiro c\u00e3o adotado por Salema, que expressou alegria pela harmonia entre os animais: Snob, Tosca e o novo agregado, Baguette, descrito como chegando como um pr\u00edncipe.<\/p>\n<h3>Ado\u00e7\u00e3o numa fase sens\u00edvel<\/h3>\n<p>A decis\u00e3o de ampliar a fam\u00edlia chega numa altura em que a atriz enfrenta uma fase pessoal dif\u00edcil, ap\u00f3s a morte do ex-marido, Almeno Gon\u00e7alves, pai da sua filha. Entre patinhas e mimos, Rita Salema encontra conforto nesta nova energia em casa.<\/p>\n","protected":false},"excerpt":{"rendered":"<ul>\n<li>Rita Salema, de 59 anos, apresenta um novo membro na fam\u00edlia: Baguette, um c\u00e3o de 11 anos resgatado pela Interven\u00e7\u00e3o e Resgate Animal (IRA).<\/li>\n<li>Baguette chegou a casa na quarta-feira, 25 de fevereiro, e a atriz tem partilhado fotos e v\u00eddeos da adapta\u00e7\u00e3o.<\/li>\n<li>Esta \u00e9 a terceira ado\u00e7\u00e3o da atriz, que afirma que Snob, Tosca e Baguette vivem bem juntos.<\/li>\n<li>A ado\u00e7\u00e3o \u00e9 acompanhada de uma nota de alegria, com os c\u00e3es recebendo o novo membro como um pr\u00edncipe, segundo as publica\u00e7\u00f5es de Rita.<\/li>\n<li>A entrega da nova companheira surge numa fase sens\u00edvel da vida da atriz, que perdeu recentemente o ex-marido, pai da sua filha, e encontra conforto nos seus animais.<\/li>\n<\/ul>\n","protected":false},"author":2,"featured_media":390977,"comment_status":"closed","ping_status":"closed","sticky":false,"template":"","format":"standard","meta":{"footnotes":""},"categories":[1],"tags":[2865,3091,4577,3259,76,64],"class_list":["post-390961","post","type-post","status-publish","format-standard","has-post-thumbnail","hentry","category-noticias","tag-adocao","tag-animais","tag-animais-de-companhia","tag-celebidades","tag-celebridades","tag-familia"],"yoast_head":"<!-- This site is optimized with the Yoast SEO plugin v27.2 - https:\/\/yoast.com\/product\/yoast-seo-wordpress\/ -->\n<title>Rita Salema tem novo companheiro ap\u00f3s fase dif\u00edcil - Portal Tela Portugal<\/title>\n<meta name=\"robots\" content=\"index, follow, max-snippet:-1, max-image-preview:large, max-video-preview:-1\" \/>\n<meta property=\"og:locale\" content=\"pt_PT\" \/>\n<meta property=\"og:type\" content=\"article\" \/>\n<meta property=\"og:title\" content=\"Rita Salema tem novo companheiro ap\u00f3s fase dif\u00edcil - Portal Tela Portugal\" \/>\n<meta property=\"og:description\" content=\"Rita Salema, de 59 anos, apresenta um novo membro na fam\u00edlia: Baguette, um c\u00e3o de 11 anos resgatado pela Interven\u00e7\u00e3o e Resgate Animal (IRA). Baguette chegou a casa na quarta-feira, 25 de fevereiro, e a atriz tem partilhado fotos e v\u00eddeos da adapta\u00e7\u00e3o. Esta \u00e9 a terceira ado\u00e7\u00e3o da atriz, que afirma que Snob, Tosca e Baguette vivem bem juntos. A ado\u00e7\u00e3o \u00e9 acompanhada de uma nota de alegria, com os c\u00e3es recebendo o novo membro como um pr\u00edncipe, segundo as publica\u00e7\u00f5es de Rita. A entrega da nova companheira surge numa fase sens\u00edvel da vida da atriz, que perdeu recentemente o ex-marido, pai da sua filha, e encontra conforto nos seus animais.\" \/>\n<meta property=\"og:url\" content=\"https:\/\/portaltela.pt\/noticias\/2026\/02\/27\/rita-salema-tem-novo-companheiro-apos-fase-dificil\/\" \/>\n<meta property=\"og:site_name\" content=\"Portal Tela Portugal\" \/>\n<meta property=\"article:published_time\" content=\"2026-02-27T15:28:27+00:00\" \/>\n<meta name=\"author\" content=\"Telinha\" \/>\n<meta name=\"twitter:card\" content=\"summary_large_image\" \/>\n<meta name=\"twitter:label1\" content=\"Escrito por\" \/>\n\t<meta name=\"twitter:data1\" content=\"Telinha\" \/>\n\t<meta name=\"twitter:label2\" content=\"Tempo estimado de leitura\" \/>\n\t<meta name=\"twitter:data2\" content=\"1 minuto\" \/>\n<script type=\"application\/ld+json\" class=\"yoast-schema-graph\">{\"@context\":\"https:\/\/schema.org\",\"@graph\":[{\"@type\":\"Article\",\"@id\":\"https:\/\/portaltela.pt\/noticias\/2026\/02\/27\/rita-salema-tem-novo-companheiro-apos-fase-dificil\/#article\",\"isPartOf\":{\"@id\":\"https:\/\/portaltela.pt\/noticias\/2026\/02\/27\/rita-salema-tem-novo-companheiro-apos-fase-dificil\/\"},\"author\":{\"name\":\"Telinha\",\"@id\":\"https:\/\/portaltela.pt\/#\/schema\/person\/c4278d4a6028830caff9ee44b42d32ed\"},\"headline\":\"Rita Salema tem novo companheiro ap\u00f3s fase dif\u00edcil\",\"datePublished\":\"2026-02-27T15:28:27+00:00\",\"mainEntityOfPage\":{\"@id\":\"https:\/\/portaltela.pt\/noticias\/2026\/02\/27\/rita-salema-tem-novo-companheiro-apos-fase-dificil\/\"},\"wordCount\":167,\"image\":{\"@id\":\"https:\/\/portaltela.pt\/noticias\/2026\/02\/27\/rita-salema-tem-novo-companheiro-apos-fase-dificil\/#primaryimage\"},\"thumbnailUrl\":\"https:\/\/portaltela.pt\/s.01k8rhncp4jt1\/2026\/02\/img_1280x718uu2025-07-12-11-28-58-2222105.jpg\",\"keywords\":[\"ado\u00e7\u00e3o\",\"animais\",\"animais de companhia\",\"celebidades\",\"celebridades\",\"fam\u00edlia\"],\"articleSection\":[\"Not\u00edcias\"],\"inLanguage\":\"pt-PT\"},{\"@type\":\"WebPage\",\"@id\":\"https:\/\/portaltela.pt\/noticias\/2026\/02\/27\/rita-salema-tem-novo-companheiro-apos-fase-dificil\/\",\"url\":\"https:\/\/portaltela.pt\/noticias\/2026\/02\/27\/rita-salema-tem-novo-companheiro-apos-fase-dificil\/\",\"name\":\"Rita Salema tem novo companheiro ap\u00f3s fase dif\u00edcil - Portal Tela Portugal\",\"isPartOf\":{\"@id\":\"https:\/\/portaltela.pt\/#website\"},\"primaryImageOfPage\":{\"@id\":\"https:\/\/portaltela.pt\/noticias\/2026\/02\/27\/rita-salema-tem-novo-companheiro-apos-fase-dificil\/#primaryimage\"},\"image\":{\"@id\":\"https:\/\/portaltela.pt\/noticias\/2026\/02\/27\/rita-salema-tem-novo-companheiro-apos-fase-dificil\/#primaryimage\"},\"thumbnailUrl\":\"https:\/\/portaltela.pt\/s.01k8rhncp4jt1\/2026\/02\/img_1280x718uu2025-07-12-11-28-58-2222105.jpg\",\"datePublished\":\"2026-02-27T15:28:27+00:00\",\"author\":{\"@id\":\"https:\/\/portaltela.pt\/#\/schema\/person\/c4278d4a6028830caff9ee44b42d32ed\"},\"breadcrumb\":{\"@id\":\"https:\/\/portaltela.pt\/noticias\/2026\/02\/27\/rita-salema-tem-novo-companheiro-apos-fase-dificil\/#breadcrumb\"},\"inLanguage\":\"pt-PT\",\"potentialAction\":[{\"@type\":\"ReadAction\",\"target\":[\"https:\/\/portaltela.pt\/noticias\/2026\/02\/27\/rita-salema-tem-novo-companheiro-apos-fase-dificil\/\"]}]},{\"@type\":\"ImageObject\",\"inLanguage\":\"pt-PT\",\"@id\":\"https:\/\/portaltela.pt\/noticias\/2026\/02\/27\/rita-salema-tem-novo-companheiro-apos-fase-dificil\/#primaryimage\",\"url\":\"https:\/\/portaltela.pt\/s.01k8rhncp4jt1\/2026\/02\/img_1280x718uu2025-07-12-11-28-58-2222105.jpg\",\"contentUrl\":\"https:\/\/portaltela.pt\/s.01k8rhncp4jt1\/2026\/02\/img_1280x718uu2025-07-12-11-28-58-2222105.jpg\",\"width\":796,\"height\":448,\"caption\":\"Rita Salema recorda momento ins\u00f3lito com Jo\u00e3o Bai\u00e3o durante grava\u00e7\u00f5es\"},{\"@type\":\"BreadcrumbList\",\"@id\":\"https:\/\/portaltela.pt\/noticias\/2026\/02\/27\/rita-salema-tem-novo-companheiro-apos-fase-dificil\/#breadcrumb\",\"itemListElement\":[{\"@type\":\"ListItem\",\"position\":1,\"name\":\"In\u00edcio\",\"item\":\"https:\/\/portaltela.pt\/\"},{\"@type\":\"ListItem\",\"position\":2,\"name\":\"Rita Salema tem novo companheiro ap\u00f3s fase dif\u00edcil\"}]},{\"@type\":\"WebSite\",\"@id\":\"https:\/\/portaltela.pt\/#website\",\"url\":\"https:\/\/portaltela.pt\/\",\"name\":\"Portal Tela Portugal\",\"description\":\"\",\"potentialAction\":[{\"@type\":\"SearchAction\",\"target\":{\"@type\":\"EntryPoint\",\"urlTemplate\":\"https:\/\/portaltela.pt\/?s={search_term_string}\"},\"query-input\":{\"@type\":\"PropertyValueSpecification\",\"valueRequired\":true,\"valueName\":\"search_term_string\"}}],\"inLanguage\":\"pt-PT\"},{\"@type\":\"Person\",\"@id\":\"https:\/\/portaltela.pt\/#\/schema\/person\/c4278d4a6028830caff9ee44b42d32ed\",\"name\":\"Telinha\",\"image\":{\"@type\":\"ImageObject\",\"inLanguage\":\"pt-PT\",\"@id\":\"https:\/\/portaltela.pt\/s.01k8rhncp4jt1\/2025\/11\/talking-bot-125x125.png\",\"url\":\"https:\/\/portaltela.pt\/s.01k8rhncp4jt1\/2025\/11\/talking-bot-125x125.png\",\"contentUrl\":\"https:\/\/portaltela.pt\/s.01k8rhncp4jt1\/2025\/11\/talking-bot-125x125.png\",\"caption\":\"Telinha\"},\"sameAs\":[\"https:\/\/portaltela.pt\/\"],\"url\":\"https:\/\/portaltela.pt\/por\/367410592786\/\"}]}<\/script>\n<!-- \/ Yoast SEO plugin. -->","yoast_head_json":{"title":"Rita Salema tem novo companheiro ap\u00f3s fase dif\u00edcil - Portal Tela Portugal","robots":{"index":"index","follow":"follow","max-snippet":"max-snippet:-1","max-image-preview":"max-image-preview:large","max-video-preview":"max-video-preview:-1"},"og_locale":"pt_PT","og_type":"article","og_title":"Rita Salema tem novo companheiro ap\u00f3s fase dif\u00edcil - Portal Tela Portugal","og_description":"Rita Salema, de 59 anos, apresenta um novo membro na fam\u00edlia: Baguette, um c\u00e3o de 11 anos resgatado pela Interven\u00e7\u00e3o e Resgate Animal (IRA). Baguette chegou a casa na quarta-feira, 25 de fevereiro, e a atriz tem partilhado fotos e v\u00eddeos da adapta\u00e7\u00e3o. Esta \u00e9 a terceira ado\u00e7\u00e3o da atriz, que afirma que Snob, Tosca e Baguette vivem bem juntos. A ado\u00e7\u00e3o \u00e9 acompanhada de uma nota de alegria, com os c\u00e3es recebendo o novo membro como um pr\u00edncipe, segundo as publica\u00e7\u00f5es de Rita. A entrega da nova companheira surge numa fase sens\u00edvel da vida da atriz, que perdeu recentemente o ex-marido, pai da sua filha, e encontra conforto nos seus animais.","og_url":"https:\/\/portaltela.pt\/noticias\/2026\/02\/27\/rita-salema-tem-novo-companheiro-apos-fase-dificil\/","og_site_name":"Portal Tela Portugal","article_published_time":"2026-02-27T15:28:27+00:00","author":"Telinha","twitter_card":"summary_large_image","twitter_misc":{"Escrito por":"Telinha","Tempo estimado de leitura":"1 minuto"},"schema":{"@context":"https:\/\/schema.org","@graph":[{"@type":"Article","@id":"https:\/\/portaltela.pt\/noticias\/2026\/02\/27\/rita-salema-tem-novo-companheiro-apos-fase-dificil\/#article","isPartOf":{"@id":"https:\/\/portaltela.pt\/noticias\/2026\/02\/27\/rita-salema-tem-novo-companheiro-apos-fase-dificil\/"},"author":{"name":"Telinha","@id":"https:\/\/portaltela.pt\/#\/schema\/person\/c4278d4a6028830caff9ee44b42d32ed"},"headline":"Rita Salema tem novo companheiro ap\u00f3s fase dif\u00edcil","datePublished":"2026-02-27T15:28:27+00:00","mainEntityOfPage":{"@id":"https:\/\/portaltela.pt\/noticias\/2026\/02\/27\/rita-salema-tem-novo-companheiro-apos-fase-dificil\/"},"wordCount":167,"image":{"@id":"https:\/\/portaltela.pt\/noticias\/2026\/02\/27\/rita-salema-tem-novo-companheiro-apos-fase-dificil\/#primaryimage"},"thumbnailUrl":"https:\/\/portaltela.pt\/s.01k8rhncp4jt1\/2026\/02\/img_1280x718uu2025-07-12-11-28-58-2222105.jpg","keywords":["ado\u00e7\u00e3o","animais","animais de companhia","celebidades","celebridades","fam\u00edlia"],"articleSection":["Not\u00edcias"],"inLanguage":"pt-PT"},{"@type":"WebPage","@id":"https:\/\/portaltela.pt\/noticias\/2026\/02\/27\/rita-salema-tem-novo-companheiro-apos-fase-dificil\/","url":"https:\/\/portaltela.pt\/noticias\/2026\/02\/27\/rita-salema-tem-novo-companheiro-apos-fase-dificil\/","name":"Rita Salema tem novo companheiro ap\u00f3s fase dif\u00edcil - Portal Tela Portugal","isPartOf":{"@id":"https:\/\/portaltela.pt\/#website"},"primaryImageOfPage":{"@id":"https:\/\/portaltela.pt\/noticias\/2026\/02\/27\/rita-salema-tem-novo-companheiro-apos-fase-dificil\/#primaryimage"},"image":{"@id":"https:\/\/portaltela.pt\/noticias\/2026\/02\/27\/rita-salema-tem-novo-companheiro-apos-fase-dificil\/#primaryimage"},"thumbnailUrl":"https:\/\/portaltela.pt\/s.01k8rhncp4jt1\/2026\/02\/img_1280x718uu2025-07-12-11-28-58-2222105.jpg","datePublished":"2026-02-27T15:28:27+00:00","author":{"@id":"https:\/\/portaltela.pt\/#\/schema\/person\/c4278d4a6028830caff9ee44b42d32ed"},"breadcrumb":{"@id":"https:\/\/portaltela.pt\/noticias\/2026\/02\/27\/rita-salema-tem-novo-companheiro-apos-fase-dificil\/#breadcrumb"},"inLanguage":"pt-PT","potentialAction":[{"@type":"ReadAction","target":["https:\/\/portaltela.pt\/noticias\/2026\/02\/27\/rita-salema-tem-novo-companheiro-apos-fase-dificil\/"]}]},{"@type":"ImageObject","inLanguage":"pt-PT","@id":"https:\/\/portaltela.pt\/noticias\/2026\/02\/27\/rita-salema-tem-novo-companheiro-apos-fase-dificil\/#primaryimage","url":"https:\/\/portaltela.pt\/s.01k8rhncp4jt1\/2026\/02\/img_1280x718uu2025-07-12-11-28-58-2222105.jpg","contentUrl":"https:\/\/portaltela.pt\/s.01k8rhncp4jt1\/2026\/02\/img_1280x718uu2025-07-12-11-28-58-2222105.jpg","width":796,"height":448,"caption":"Rita Salema recorda momento ins\u00f3lito com Jo\u00e3o Bai\u00e3o durante grava\u00e7\u00f5es"},{"@type":"BreadcrumbList","@id":"https:\/\/portaltela.pt\/noticias\/2026\/02\/27\/rita-salema-tem-novo-companheiro-apos-fase-dificil\/#breadcrumb","itemListElement":[{"@type":"ListItem","position":1,"name":"In\u00edcio","item":"https:\/\/portaltela.pt\/"},{"@type":"ListItem","position":2,"name":"Rita Salema tem novo companheiro ap\u00f3s fase dif\u00edcil"}]},{"@type":"WebSite","@id":"https:\/\/portaltela.pt\/#website","url":"https:\/\/portaltela.pt\/","name":"Portal Tela Portugal","description":"","potentialAction":[{"@type":"SearchAction","target":{"@type":"EntryPoint","urlTemplate":"https:\/\/portaltela.pt\/?s={search_term_string}"},"query-input":{"@type":"PropertyValueSpecification","valueRequired":true,"valueName":"search_term_string"}}],"inLanguage":"pt-PT"},{"@type":"Person","@id":"https:\/\/portaltela.pt\/#\/schema\/person\/c4278d4a6028830caff9ee44b42d32ed","name":"Telinha","image":{"@type":"ImageObject","inLanguage":"pt-PT","@id":"https:\/\/portaltela.pt\/s.01k8rhncp4jt1\/2025\/11\/talking-bot-125x125.png","url":"https:\/\/portaltela.pt\/s.01k8rhncp4jt1\/2025\/11\/talking-bot-125x125.png","contentUrl":"https:\/\/portaltela.pt\/s.01k8rhncp4jt1\/2025\/11\/talking-bot-125x125.png","caption":"Telinha"},"sameAs":["https:\/\/portaltela.pt\/"],"url":"https:\/\/portaltela.pt\/por\/367410592786\/"}]}},"_links":{"self":[{"href":"https:\/\/portaltela.pt\/api\/wp\/v2\/posts\/390961","targetHints":{"allow":["GET"]}}],"collection":[{"href":"https:\/\/portaltela.pt\/api\/wp\/v2\/posts"}],"about":[{"href":"https:\/\/portaltela.pt\/api\/wp\/v2\/types\/post"}],"author":[{"embeddable":true,"href":"https:\/\/portaltela.pt\/api\/wp\/v2\/users\/2"}],"replies":[{"embeddable":true,"href":"https:\/\/portaltela.pt\/api\/wp\/v2\/comments?post=390961"}],"version-history":[{"count":0,"href":"https:\/\/portaltela.pt\/api\/wp\/v2\/posts\/390961\/revisions"}],"wp:featuredmedia":[{"embeddable":true,"href":"https:\/\/portaltela.pt\/api\/wp\/v2\/media\/390977"}],"wp:attachment":[{"href":"https:\/\/portaltela.pt\/api\/wp\/v2\/media?parent=390961"}],"wp:term":[{"taxonomy":"category","embeddable":true,"href":"https:\/\/portaltela.pt\/api\/wp\/v2\/categories?post=390961"},{"taxonomy":"post_tag","embeddable":true,"href":"https:\/\/portaltela.pt\/api\/wp\/v2\/tags?post=390961"}],"curies":[{"name":"wp","href":"https:\/\/api.w.org\/{rel}","templated":true}]}}