{"id":390935,"date":"2026-02-27T12:14:13","date_gmt":"2026-02-27T15:14:13","guid":{"rendered":"https:\/\/portaltela.pt\/noticias\/2026\/02\/27\/netflix-desiste-da-compra-da-warner-bros-explicacao-de-o-negocios\/"},"modified":"2026-02-27T12:14:13","modified_gmt":"2026-02-27T15:14:13","slug":"netflix-desiste-da-compra-da-warner-bros-explicacao-de-o-negocios","status":"publish","type":"post","link":"https:\/\/portaltela.pt\/noticias\/2026\/02\/27\/netflix-desiste-da-compra-da-warner-bros-explicacao-de-o-negocios\/","title":{"rendered":"Netflix desiste da compra da Warner Bros, explica\u00e7\u00e3o de O Neg\u00f3cios"},"content":{"rendered":"<p>A Netflix desistiu da tentativa de aquisi\u00e7\u00e3o da Warner Bros, numa opera\u00e7\u00e3o que seria um dos maiores neg\u00f3cios de sempre no entretenimento. A leitura inicial aponta para uma conclus\u00e3o anunciada pela empresa, com o universo de neg\u00f3cios avaliado em n\u00fameros superiores a 100 mil milh\u00f5es de d\u00f3lares.<\/p>\n<p>Quem est\u00e1 envolvido \u00e9 a Netflix e a Warner Bros, com a an\u00e1lise de contexto a cargo da equipa do Neg\u00f3cios. Rui da Rocha Ferreira, coordenador do Online do Neg\u00f3cios, comenta os contornos do que esteve em estudo.<\/p>\n<p>Quando e onde tudo aconteceu n\u00e3o foram divulgados com precis\u00e3o. O portal menciona a decis\u00e3o como parte de uma avalia\u00e7\u00e3o atual do mercado norte-americano e global de entretenimento, sem datas oficiais de an\u00fancio ou confirma\u00e7\u00e3o de formaliza\u00e7\u00e3o do desfecho.<\/p>\n<p>Porqu\u00ea a Netflix pode ter desistido n\u00e3o \u00e9 apresentado como uma conclus\u00e3o \u00fanica. A cobertura do Neg\u00f3cios indica que o neg\u00f3cio, ainda que hipot\u00e9tico, envolvia uma integra\u00e7\u00e3o ampla de conte\u00fados e plataformas, com fatores de avalia\u00e7\u00e3o financeira a influenciar a decis\u00e3o final.<\/p>\n<p>Desdobramentos e leituras poss\u00edveis deixam em aberto as consequ\u00eancias para o ecossistema de streaming e para os investimentos em produ\u00e7\u00e3o de conte\u00fados. A reportagem aponta para o peso de estruturas de custos, estrat\u00e9gias de library de conte\u00fados e impactos regulat\u00f3rios como poss\u00edveis raz\u00f5es de uma retirada parcial ou total.<\/p>\n","protected":false},"excerpt":{"rendered":"<ul>\n<li>A Netflix desistiu da compra da Warner Bros., segundo o Neg\u00f3cios explica.<\/li>\n<li>O neg\u00f3cio era visto como um dos maiores da ind\u00fastria, com valor superior a 100 mil milh\u00f5es de d\u00f3lares.<\/li>\n<li>O artigo apresenta as principais raz\u00f5es que teriam levado \u00e0 desist\u00eancia.<\/li>\n<li>N\u00e3o h\u00e1 confirma\u00e7\u00e3o de negocia\u00e7\u00f5es em curso nem de detalhes adicionais at\u00e9 ao momento.<\/li>\n<\/ul>\n","protected":false},"author":2,"featured_media":390947,"comment_status":"closed","ping_status":"closed","sticky":false,"template":"","format":"standard","meta":{"footnotes":""},"categories":[12,1],"tags":[112,3459,3897,2036,2921],"class_list":["post-390935","post","type-post","status-publish","format-standard","has-post-thumbnail","hentry","category-entretenimento","category-noticias","tag-cinema","tag-desistencia","tag-negociacoes","tag-negociacoes-internacionais","tag-netflix"],"yoast_head":"<!-- This site is optimized with the Yoast SEO plugin v27.2 - https:\/\/yoast.com\/product\/yoast-seo-wordpress\/ -->\n<title>Netflix desiste da compra da Warner Bros, explica\u00e7\u00e3o de O Neg\u00f3cios - Portal Tela Portugal<\/title>\n<meta name=\"robots\" content=\"index, follow, max-snippet:-1, max-image-preview:large, max-video-preview:-1\" \/>\n<meta property=\"og:locale\" content=\"pt_PT\" \/>\n<meta property=\"og:type\" content=\"article\" \/>\n<meta property=\"og:title\" content=\"Netflix desiste da compra da Warner Bros, explica\u00e7\u00e3o de O Neg\u00f3cios - Portal Tela Portugal\" \/>\n<meta property=\"og:description\" content=\"A Netflix desistiu da compra da Warner Bros., segundo o Neg\u00f3cios explica. O neg\u00f3cio era visto como um dos maiores da ind\u00fastria, com valor superior a 100 mil milh\u00f5es de d\u00f3lares. O artigo apresenta as principais raz\u00f5es que teriam levado \u00e0 desist\u00eancia. N\u00e3o h\u00e1 confirma\u00e7\u00e3o de negocia\u00e7\u00f5es em curso nem de detalhes adicionais at\u00e9 ao momento.\" \/>\n<meta property=\"og:url\" content=\"https:\/\/portaltela.pt\/noticias\/2026\/02\/27\/netflix-desiste-da-compra-da-warner-bros-explicacao-de-o-negocios\/\" \/>\n<meta property=\"og:site_name\" content=\"Portal Tela Portugal\" \/>\n<meta property=\"article:published_time\" content=\"2026-02-27T15:14:13+00:00\" \/>\n<meta name=\"author\" content=\"Telinha\" \/>\n<meta name=\"twitter:card\" content=\"summary_large_image\" \/>\n<meta name=\"twitter:label1\" content=\"Escrito por\" \/>\n\t<meta name=\"twitter:data1\" content=\"Telinha\" \/>\n\t<meta name=\"twitter:label2\" content=\"Tempo estimado de leitura\" \/>\n\t<meta name=\"twitter:data2\" content=\"1 minuto\" \/>\n<script type=\"application\/ld+json\" class=\"yoast-schema-graph\">{\"@context\":\"https:\/\/schema.org\",\"@graph\":[{\"@type\":\"Article\",\"@id\":\"https:\/\/portaltela.pt\/noticias\/2026\/02\/27\/netflix-desiste-da-compra-da-warner-bros-explicacao-de-o-negocios\/#article\",\"isPartOf\":{\"@id\":\"https:\/\/portaltela.pt\/noticias\/2026\/02\/27\/netflix-desiste-da-compra-da-warner-bros-explicacao-de-o-negocios\/\"},\"author\":{\"name\":\"Telinha\",\"@id\":\"https:\/\/portaltela.pt\/#\/schema\/person\/c4278d4a6028830caff9ee44b42d32ed\"},\"headline\":\"Netflix desiste da compra da Warner Bros, explica\u00e7\u00e3o de O Neg\u00f3cios\",\"datePublished\":\"2026-02-27T15:14:13+00:00\",\"mainEntityOfPage\":{\"@id\":\"https:\/\/portaltela.pt\/noticias\/2026\/02\/27\/netflix-desiste-da-compra-da-warner-bros-explicacao-de-o-negocios\/\"},\"wordCount\":261,\"image\":{\"@id\":\"https:\/\/portaltela.pt\/noticias\/2026\/02\/27\/netflix-desiste-da-compra-da-warner-bros-explicacao-de-o-negocios\/#primaryimage\"},\"thumbnailUrl\":\"https:\/\/portaltela.pt\/s.01k8rhncp4jt1\/2026\/02\/img_1280x722uu2026-02-27-15-10-47-2269390.jpg\",\"keywords\":[\"cinema\",\"desist\u00eancia\",\"negocia\u00e7\u00f5es\",\"negocia\u00e7\u00f5es internacionais\",\"Netflix\"],\"articleSection\":[\"Entretenimento\",\"Not\u00edcias\"],\"inLanguage\":\"pt-PT\"},{\"@type\":\"WebPage\",\"@id\":\"https:\/\/portaltela.pt\/noticias\/2026\/02\/27\/netflix-desiste-da-compra-da-warner-bros-explicacao-de-o-negocios\/\",\"url\":\"https:\/\/portaltela.pt\/noticias\/2026\/02\/27\/netflix-desiste-da-compra-da-warner-bros-explicacao-de-o-negocios\/\",\"name\":\"Netflix desiste da compra da Warner Bros, explica\u00e7\u00e3o de O Neg\u00f3cios - Portal Tela Portugal\",\"isPartOf\":{\"@id\":\"https:\/\/portaltela.pt\/#website\"},\"primaryImageOfPage\":{\"@id\":\"https:\/\/portaltela.pt\/noticias\/2026\/02\/27\/netflix-desiste-da-compra-da-warner-bros-explicacao-de-o-negocios\/#primaryimage\"},\"image\":{\"@id\":\"https:\/\/portaltela.pt\/noticias\/2026\/02\/27\/netflix-desiste-da-compra-da-warner-bros-explicacao-de-o-negocios\/#primaryimage\"},\"thumbnailUrl\":\"https:\/\/portaltela.pt\/s.01k8rhncp4jt1\/2026\/02\/img_1280x722uu2026-02-27-15-10-47-2269390.jpg\",\"datePublished\":\"2026-02-27T15:14:13+00:00\",\"author\":{\"@id\":\"https:\/\/portaltela.pt\/#\/schema\/person\/c4278d4a6028830caff9ee44b42d32ed\"},\"breadcrumb\":{\"@id\":\"https:\/\/portaltela.pt\/noticias\/2026\/02\/27\/netflix-desiste-da-compra-da-warner-bros-explicacao-de-o-negocios\/#breadcrumb\"},\"inLanguage\":\"pt-PT\",\"potentialAction\":[{\"@type\":\"ReadAction\",\"target\":[\"https:\/\/portaltela.pt\/noticias\/2026\/02\/27\/netflix-desiste-da-compra-da-warner-bros-explicacao-de-o-negocios\/\"]}]},{\"@type\":\"ImageObject\",\"inLanguage\":\"pt-PT\",\"@id\":\"https:\/\/portaltela.pt\/noticias\/2026\/02\/27\/netflix-desiste-da-compra-da-warner-bros-explicacao-de-o-negocios\/#primaryimage\",\"url\":\"https:\/\/portaltela.pt\/s.01k8rhncp4jt1\/2026\/02\/img_1280x722uu2026-02-27-15-10-47-2269390.jpg\",\"contentUrl\":\"https:\/\/portaltela.pt\/s.01k8rhncp4jt1\/2026\/02\/img_1280x722uu2026-02-27-15-10-47-2269390.jpg\",\"width\":796,\"height\":448,\"caption\":\"Photo\"},{\"@type\":\"BreadcrumbList\",\"@id\":\"https:\/\/portaltela.pt\/noticias\/2026\/02\/27\/netflix-desiste-da-compra-da-warner-bros-explicacao-de-o-negocios\/#breadcrumb\",\"itemListElement\":[{\"@type\":\"ListItem\",\"position\":1,\"name\":\"In\u00edcio\",\"item\":\"https:\/\/portaltela.pt\/\"},{\"@type\":\"ListItem\",\"position\":2,\"name\":\"Netflix desiste da compra da Warner Bros, explica\u00e7\u00e3o de O Neg\u00f3cios\"}]},{\"@type\":\"WebSite\",\"@id\":\"https:\/\/portaltela.pt\/#website\",\"url\":\"https:\/\/portaltela.pt\/\",\"name\":\"Portal Tela Portugal\",\"description\":\"\",\"potentialAction\":[{\"@type\":\"SearchAction\",\"target\":{\"@type\":\"EntryPoint\",\"urlTemplate\":\"https:\/\/portaltela.pt\/?s={search_term_string}\"},\"query-input\":{\"@type\":\"PropertyValueSpecification\",\"valueRequired\":true,\"valueName\":\"search_term_string\"}}],\"inLanguage\":\"pt-PT\"},{\"@type\":\"Person\",\"@id\":\"https:\/\/portaltela.pt\/#\/schema\/person\/c4278d4a6028830caff9ee44b42d32ed\",\"name\":\"Telinha\",\"image\":{\"@type\":\"ImageObject\",\"inLanguage\":\"pt-PT\",\"@id\":\"https:\/\/portaltela.pt\/s.01k8rhncp4jt1\/2025\/11\/talking-bot-125x125.png\",\"url\":\"https:\/\/portaltela.pt\/s.01k8rhncp4jt1\/2025\/11\/talking-bot-125x125.png\",\"contentUrl\":\"https:\/\/portaltela.pt\/s.01k8rhncp4jt1\/2025\/11\/talking-bot-125x125.png\",\"caption\":\"Telinha\"},\"sameAs\":[\"https:\/\/portaltela.pt\/\"],\"url\":\"https:\/\/portaltela.pt\/por\/367410592786\/\"}]}<\/script>\n<!-- \/ Yoast SEO plugin. -->","yoast_head_json":{"title":"Netflix desiste da compra da Warner Bros, explica\u00e7\u00e3o de O Neg\u00f3cios - Portal Tela Portugal","robots":{"index":"index","follow":"follow","max-snippet":"max-snippet:-1","max-image-preview":"max-image-preview:large","max-video-preview":"max-video-preview:-1"},"og_locale":"pt_PT","og_type":"article","og_title":"Netflix desiste da compra da Warner Bros, explica\u00e7\u00e3o de O Neg\u00f3cios - Portal Tela Portugal","og_description":"A Netflix desistiu da compra da Warner Bros., segundo o Neg\u00f3cios explica. O neg\u00f3cio era visto como um dos maiores da ind\u00fastria, com valor superior a 100 mil milh\u00f5es de d\u00f3lares. O artigo apresenta as principais raz\u00f5es que teriam levado \u00e0 desist\u00eancia. N\u00e3o h\u00e1 confirma\u00e7\u00e3o de negocia\u00e7\u00f5es em curso nem de detalhes adicionais at\u00e9 ao momento.","og_url":"https:\/\/portaltela.pt\/noticias\/2026\/02\/27\/netflix-desiste-da-compra-da-warner-bros-explicacao-de-o-negocios\/","og_site_name":"Portal Tela Portugal","article_published_time":"2026-02-27T15:14:13+00:00","author":"Telinha","twitter_card":"summary_large_image","twitter_misc":{"Escrito por":"Telinha","Tempo estimado de leitura":"1 minuto"},"schema":{"@context":"https:\/\/schema.org","@graph":[{"@type":"Article","@id":"https:\/\/portaltela.pt\/noticias\/2026\/02\/27\/netflix-desiste-da-compra-da-warner-bros-explicacao-de-o-negocios\/#article","isPartOf":{"@id":"https:\/\/portaltela.pt\/noticias\/2026\/02\/27\/netflix-desiste-da-compra-da-warner-bros-explicacao-de-o-negocios\/"},"author":{"name":"Telinha","@id":"https:\/\/portaltela.pt\/#\/schema\/person\/c4278d4a6028830caff9ee44b42d32ed"},"headline":"Netflix desiste da compra da Warner Bros, explica\u00e7\u00e3o de O Neg\u00f3cios","datePublished":"2026-02-27T15:14:13+00:00","mainEntityOfPage":{"@id":"https:\/\/portaltela.pt\/noticias\/2026\/02\/27\/netflix-desiste-da-compra-da-warner-bros-explicacao-de-o-negocios\/"},"wordCount":261,"image":{"@id":"https:\/\/portaltela.pt\/noticias\/2026\/02\/27\/netflix-desiste-da-compra-da-warner-bros-explicacao-de-o-negocios\/#primaryimage"},"thumbnailUrl":"https:\/\/portaltela.pt\/s.01k8rhncp4jt1\/2026\/02\/img_1280x722uu2026-02-27-15-10-47-2269390.jpg","keywords":["cinema","desist\u00eancia","negocia\u00e7\u00f5es","negocia\u00e7\u00f5es internacionais","Netflix"],"articleSection":["Entretenimento","Not\u00edcias"],"inLanguage":"pt-PT"},{"@type":"WebPage","@id":"https:\/\/portaltela.pt\/noticias\/2026\/02\/27\/netflix-desiste-da-compra-da-warner-bros-explicacao-de-o-negocios\/","url":"https:\/\/portaltela.pt\/noticias\/2026\/02\/27\/netflix-desiste-da-compra-da-warner-bros-explicacao-de-o-negocios\/","name":"Netflix desiste da compra da Warner Bros, explica\u00e7\u00e3o de O Neg\u00f3cios - Portal Tela Portugal","isPartOf":{"@id":"https:\/\/portaltela.pt\/#website"},"primaryImageOfPage":{"@id":"https:\/\/portaltela.pt\/noticias\/2026\/02\/27\/netflix-desiste-da-compra-da-warner-bros-explicacao-de-o-negocios\/#primaryimage"},"image":{"@id":"https:\/\/portaltela.pt\/noticias\/2026\/02\/27\/netflix-desiste-da-compra-da-warner-bros-explicacao-de-o-negocios\/#primaryimage"},"thumbnailUrl":"https:\/\/portaltela.pt\/s.01k8rhncp4jt1\/2026\/02\/img_1280x722uu2026-02-27-15-10-47-2269390.jpg","datePublished":"2026-02-27T15:14:13+00:00","author":{"@id":"https:\/\/portaltela.pt\/#\/schema\/person\/c4278d4a6028830caff9ee44b42d32ed"},"breadcrumb":{"@id":"https:\/\/portaltela.pt\/noticias\/2026\/02\/27\/netflix-desiste-da-compra-da-warner-bros-explicacao-de-o-negocios\/#breadcrumb"},"inLanguage":"pt-PT","potentialAction":[{"@type":"ReadAction","target":["https:\/\/portaltela.pt\/noticias\/2026\/02\/27\/netflix-desiste-da-compra-da-warner-bros-explicacao-de-o-negocios\/"]}]},{"@type":"ImageObject","inLanguage":"pt-PT","@id":"https:\/\/portaltela.pt\/noticias\/2026\/02\/27\/netflix-desiste-da-compra-da-warner-bros-explicacao-de-o-negocios\/#primaryimage","url":"https:\/\/portaltela.pt\/s.01k8rhncp4jt1\/2026\/02\/img_1280x722uu2026-02-27-15-10-47-2269390.jpg","contentUrl":"https:\/\/portaltela.pt\/s.01k8rhncp4jt1\/2026\/02\/img_1280x722uu2026-02-27-15-10-47-2269390.jpg","width":796,"height":448,"caption":"Photo"},{"@type":"BreadcrumbList","@id":"https:\/\/portaltela.pt\/noticias\/2026\/02\/27\/netflix-desiste-da-compra-da-warner-bros-explicacao-de-o-negocios\/#breadcrumb","itemListElement":[{"@type":"ListItem","position":1,"name":"In\u00edcio","item":"https:\/\/portaltela.pt\/"},{"@type":"ListItem","position":2,"name":"Netflix desiste da compra da Warner Bros, explica\u00e7\u00e3o de O Neg\u00f3cios"}]},{"@type":"WebSite","@id":"https:\/\/portaltela.pt\/#website","url":"https:\/\/portaltela.pt\/","name":"Portal Tela Portugal","description":"","potentialAction":[{"@type":"SearchAction","target":{"@type":"EntryPoint","urlTemplate":"https:\/\/portaltela.pt\/?s={search_term_string}"},"query-input":{"@type":"PropertyValueSpecification","valueRequired":true,"valueName":"search_term_string"}}],"inLanguage":"pt-PT"},{"@type":"Person","@id":"https:\/\/portaltela.pt\/#\/schema\/person\/c4278d4a6028830caff9ee44b42d32ed","name":"Telinha","image":{"@type":"ImageObject","inLanguage":"pt-PT","@id":"https:\/\/portaltela.pt\/s.01k8rhncp4jt1\/2025\/11\/talking-bot-125x125.png","url":"https:\/\/portaltela.pt\/s.01k8rhncp4jt1\/2025\/11\/talking-bot-125x125.png","contentUrl":"https:\/\/portaltela.pt\/s.01k8rhncp4jt1\/2025\/11\/talking-bot-125x125.png","caption":"Telinha"},"sameAs":["https:\/\/portaltela.pt\/"],"url":"https:\/\/portaltela.pt\/por\/367410592786\/"}]}},"_links":{"self":[{"href":"https:\/\/portaltela.pt\/api\/wp\/v2\/posts\/390935","targetHints":{"allow":["GET"]}}],"collection":[{"href":"https:\/\/portaltela.pt\/api\/wp\/v2\/posts"}],"about":[{"href":"https:\/\/portaltela.pt\/api\/wp\/v2\/types\/post"}],"author":[{"embeddable":true,"href":"https:\/\/portaltela.pt\/api\/wp\/v2\/users\/2"}],"replies":[{"embeddable":true,"href":"https:\/\/portaltela.pt\/api\/wp\/v2\/comments?post=390935"}],"version-history":[{"count":0,"href":"https:\/\/portaltela.pt\/api\/wp\/v2\/posts\/390935\/revisions"}],"wp:featuredmedia":[{"embeddable":true,"href":"https:\/\/portaltela.pt\/api\/wp\/v2\/media\/390947"}],"wp:attachment":[{"href":"https:\/\/portaltela.pt\/api\/wp\/v2\/media?parent=390935"}],"wp:term":[{"taxonomy":"category","embeddable":true,"href":"https:\/\/portaltela.pt\/api\/wp\/v2\/categories?post=390935"},{"taxonomy":"post_tag","embeddable":true,"href":"https:\/\/portaltela.pt\/api\/wp\/v2\/tags?post=390935"}],"curies":[{"name":"wp","href":"https:\/\/api.w.org\/{rel}","templated":true}]}}