{"id":390916,"date":"2026-02-27T11:57:27","date_gmt":"2026-02-27T14:57:27","guid":{"rendered":"https:\/\/portaltela.pt\/noticias\/2026\/02\/27\/santo-tirso-e-trofa-tem-menor-desperdicio-de-agua-na-rede-em-2024\/"},"modified":"2026-02-27T11:57:27","modified_gmt":"2026-02-27T14:57:27","slug":"santo-tirso-e-trofa-tem-menor-desperdicio-de-agua-na-rede-em-2024","status":"publish","type":"post","link":"https:\/\/portaltela.pt\/noticias\/2026\/02\/27\/santo-tirso-e-trofa-tem-menor-desperdicio-de-agua-na-rede-em-2024\/","title":{"rendered":"Santo Tirso e Trofa t\u00eam menor desperd\u00edcio de \u00e1gua na rede em 2024"},"content":{"rendered":"<p>Em 2024, Santo Tirso e Trofa registaram o menor desperd\u00edcio de \u00e1gua na rede entre concelhos portugueses, segundo a ERSAR. A \u00e1gua n\u00e3o faturada atingiu 7,2% em ambos os munic\u00edpios.<\/p>\n<p>A Indaqua, concession\u00e1ria que gere tamb\u00e9m Santa Maria da Feira, Oliveira de Azem\u00e9is, Pa\u00e7os de Ferreira e Marco de Canaveses, aponta este valor como o mais baixo j\u00e1 registado num concelho.<\/p>\n<p>O relat\u00f3rio da ERSAR aponta uma m\u00e9dia nacional de 26,5% para a \u00c1gua N\u00e3o Faturada, indicador que contabiliza perdas antes de chegar \u00e0s torneiras, por roturas, fugas ou avarias.<\/p>\n<h3>Contexto Nacional<\/h3>\n<p>Pelas contas, Vila do Conde fica em 8,7%, Matosinhos em 9,1% e Barcelos em 9,8%.<\/p>\n<p>Pedro Perdig\u00e3o, presidente executivo da Indaqua, sublinha que a gest\u00e3o de perdas depende de tecnologia de sensoriza\u00e7\u00e3o, an\u00e1lise de dados e de uma resposta r\u00e1pida das equipas no terreno.<\/p>\n<p>Refor\u00e7a que a efici\u00eancia persiste como desafio no abastecimento portugu\u00eas e que \u00e9 prioridade no programa \u00c1gua que Une, com a urg\u00eancia de implementar medidas no terreno nos pr\u00f3ximos anos.<\/p>\n","protected":false},"excerpt":{"rendered":"<ul>\n<li>Em 2024, Santo Tirso e Trofa foram os munic\u00edpios com menos \u00e1gua na rede desperdi\u00e7ada, com 7,2 % de \u00c1gua N\u00e3o Faturada, o valor mais baixo j\u00e1 registado num concelho portugu\u00eas.<\/li>\n<li>A Indaqua aponta que os dois concelhos do distrito do Porto ficaram na posi\u00e7\u00e3o mais baixa, seguidos por Vila do Conde (8,7 %), Matosinhos (9,1 %) e Barcelos (9,8 %).<\/li>\n<li>A \u00c1gua N\u00e3o Faturada representa a \u00e1gua que se perde antes de chegar \u00e0s torneiras, devido a roturas, fugas ou avarias, segundo a ERSAR.<\/li>\n<li>A ERSAR indica uma m\u00e9dia nacional de 26,5 % para este indicador.<\/li>\n<li>O presidente executivo da Indaqua, Pedro Perdig\u00e3o, destacando a monitoriza\u00e7\u00e3o das redes e respostas r\u00e1pidas no terreno, aponta a necessidade de medidas para melhorar a efici\u00eancia no abastecimento a n\u00edvel nacional.<\/li>\n<\/ul>\n","protected":false},"author":2,"featured_media":390925,"comment_status":"closed","ping_status":"closed","sticky":false,"template":"","format":"standard","meta":{"footnotes":""},"categories":[1],"tags":[1503,1090,1146,3164],"class_list":["post-390916","post","type-post","status-publish","format-standard","has-post-thumbnail","hentry","category-noticias","tag-abastecimento-de-agua","tag-agua","tag-santo-tirso","tag-trofa"],"yoast_head":"<!-- This site is optimized with the Yoast SEO plugin v27.2 - https:\/\/yoast.com\/product\/yoast-seo-wordpress\/ -->\n<title>Santo Tirso e Trofa t\u00eam menor desperd\u00edcio de \u00e1gua na rede em 2024 - Portal Tela Portugal<\/title>\n<meta name=\"robots\" content=\"index, follow, max-snippet:-1, max-image-preview:large, max-video-preview:-1\" \/>\n<meta property=\"og:locale\" content=\"pt_PT\" \/>\n<meta property=\"og:type\" content=\"article\" \/>\n<meta property=\"og:title\" content=\"Santo Tirso e Trofa t\u00eam menor desperd\u00edcio de \u00e1gua na rede em 2024 - Portal Tela Portugal\" \/>\n<meta property=\"og:description\" content=\"Em 2024, Santo Tirso e Trofa foram os munic\u00edpios com menos \u00e1gua na rede desperdi\u00e7ada, com 7,2 % de \u00c1gua N\u00e3o Faturada, o valor mais baixo j\u00e1 registado num concelho portugu\u00eas. A Indaqua aponta que os dois concelhos do distrito do Porto ficaram na posi\u00e7\u00e3o mais baixa, seguidos por Vila do Conde (8,7 %), Matosinhos (9,1 %) e Barcelos (9,8 %). A \u00c1gua N\u00e3o Faturada representa a \u00e1gua que se perde antes de chegar \u00e0s torneiras, devido a roturas, fugas ou avarias, segundo a ERSAR. A ERSAR indica uma m\u00e9dia nacional de 26,5 % para este indicador. O presidente executivo da Indaqua, Pedro Perdig\u00e3o, destacando a monitoriza\u00e7\u00e3o das redes e respostas r\u00e1pidas no terreno, aponta a necessidade de medidas para melhorar a efici\u00eancia no abastecimento a n\u00edvel nacional.\" \/>\n<meta property=\"og:url\" content=\"https:\/\/portaltela.pt\/noticias\/2026\/02\/27\/santo-tirso-e-trofa-tem-menor-desperdicio-de-agua-na-rede-em-2024\/\" \/>\n<meta property=\"og:site_name\" content=\"Portal Tela Portugal\" \/>\n<meta property=\"article:published_time\" content=\"2026-02-27T14:57:27+00:00\" \/>\n<meta name=\"author\" content=\"Telinha\" \/>\n<meta name=\"twitter:card\" content=\"summary_large_image\" \/>\n<meta name=\"twitter:label1\" content=\"Escrito por\" \/>\n\t<meta name=\"twitter:data1\" content=\"Telinha\" \/>\n\t<meta name=\"twitter:label2\" content=\"Tempo estimado de leitura\" \/>\n\t<meta name=\"twitter:data2\" content=\"1 minuto\" \/>\n<script type=\"application\/ld+json\" class=\"yoast-schema-graph\">{\"@context\":\"https:\/\/schema.org\",\"@graph\":[{\"@type\":\"Article\",\"@id\":\"https:\/\/portaltela.pt\/noticias\/2026\/02\/27\/santo-tirso-e-trofa-tem-menor-desperdicio-de-agua-na-rede-em-2024\/#article\",\"isPartOf\":{\"@id\":\"https:\/\/portaltela.pt\/noticias\/2026\/02\/27\/santo-tirso-e-trofa-tem-menor-desperdicio-de-agua-na-rede-em-2024\/\"},\"author\":{\"name\":\"Telinha\",\"@id\":\"https:\/\/portaltela.pt\/#\/schema\/person\/c4278d4a6028830caff9ee44b42d32ed\"},\"headline\":\"Santo Tirso e Trofa t\u00eam menor desperd\u00edcio de \u00e1gua na rede em 2024\",\"datePublished\":\"2026-02-27T14:57:27+00:00\",\"mainEntityOfPage\":{\"@id\":\"https:\/\/portaltela.pt\/noticias\/2026\/02\/27\/santo-tirso-e-trofa-tem-menor-desperdicio-de-agua-na-rede-em-2024\/\"},\"wordCount\":193,\"image\":{\"@id\":\"https:\/\/portaltela.pt\/noticias\/2026\/02\/27\/santo-tirso-e-trofa-tem-menor-desperdicio-de-agua-na-rede-em-2024\/#primaryimage\"},\"thumbnailUrl\":\"https:\/\/portaltela.pt\/s.01k8rhncp4jt1\/2026\/02\/img_1500x1000uu2015-09-24-15-48-00-485138-1.jpg\",\"keywords\":[\"abastecimento de \u00e1gua\",\"\u00e1gua\",\"Santo Tirso\",\"Trofa\"],\"articleSection\":[\"Not\u00edcias\"],\"inLanguage\":\"pt-PT\"},{\"@type\":\"WebPage\",\"@id\":\"https:\/\/portaltela.pt\/noticias\/2026\/02\/27\/santo-tirso-e-trofa-tem-menor-desperdicio-de-agua-na-rede-em-2024\/\",\"url\":\"https:\/\/portaltela.pt\/noticias\/2026\/02\/27\/santo-tirso-e-trofa-tem-menor-desperdicio-de-agua-na-rede-em-2024\/\",\"name\":\"Santo Tirso e Trofa t\u00eam menor desperd\u00edcio de \u00e1gua na rede em 2024 - Portal Tela Portugal\",\"isPartOf\":{\"@id\":\"https:\/\/portaltela.pt\/#website\"},\"primaryImageOfPage\":{\"@id\":\"https:\/\/portaltela.pt\/noticias\/2026\/02\/27\/santo-tirso-e-trofa-tem-menor-desperdicio-de-agua-na-rede-em-2024\/#primaryimage\"},\"image\":{\"@id\":\"https:\/\/portaltela.pt\/noticias\/2026\/02\/27\/santo-tirso-e-trofa-tem-menor-desperdicio-de-agua-na-rede-em-2024\/#primaryimage\"},\"thumbnailUrl\":\"https:\/\/portaltela.pt\/s.01k8rhncp4jt1\/2026\/02\/img_1500x1000uu2015-09-24-15-48-00-485138-1.jpg\",\"datePublished\":\"2026-02-27T14:57:27+00:00\",\"author\":{\"@id\":\"https:\/\/portaltela.pt\/#\/schema\/person\/c4278d4a6028830caff9ee44b42d32ed\"},\"breadcrumb\":{\"@id\":\"https:\/\/portaltela.pt\/noticias\/2026\/02\/27\/santo-tirso-e-trofa-tem-menor-desperdicio-de-agua-na-rede-em-2024\/#breadcrumb\"},\"inLanguage\":\"pt-PT\",\"potentialAction\":[{\"@type\":\"ReadAction\",\"target\":[\"https:\/\/portaltela.pt\/noticias\/2026\/02\/27\/santo-tirso-e-trofa-tem-menor-desperdicio-de-agua-na-rede-em-2024\/\"]}]},{\"@type\":\"ImageObject\",\"inLanguage\":\"pt-PT\",\"@id\":\"https:\/\/portaltela.pt\/noticias\/2026\/02\/27\/santo-tirso-e-trofa-tem-menor-desperdicio-de-agua-na-rede-em-2024\/#primaryimage\",\"url\":\"https:\/\/portaltela.pt\/s.01k8rhncp4jt1\/2026\/02\/img_1500x1000uu2015-09-24-15-48-00-485138-1.jpg\",\"contentUrl\":\"https:\/\/portaltela.pt\/s.01k8rhncp4jt1\/2026\/02\/img_1500x1000uu2015-09-24-15-48-00-485138-1.jpg\",\"width\":796,\"height\":448,\"caption\":\"C\u00e2mara de Santo Tirso\"},{\"@type\":\"BreadcrumbList\",\"@id\":\"https:\/\/portaltela.pt\/noticias\/2026\/02\/27\/santo-tirso-e-trofa-tem-menor-desperdicio-de-agua-na-rede-em-2024\/#breadcrumb\",\"itemListElement\":[{\"@type\":\"ListItem\",\"position\":1,\"name\":\"In\u00edcio\",\"item\":\"https:\/\/portaltela.pt\/\"},{\"@type\":\"ListItem\",\"position\":2,\"name\":\"Santo Tirso e Trofa t\u00eam menor desperd\u00edcio de \u00e1gua na rede em 2024\"}]},{\"@type\":\"WebSite\",\"@id\":\"https:\/\/portaltela.pt\/#website\",\"url\":\"https:\/\/portaltela.pt\/\",\"name\":\"Portal Tela Portugal\",\"description\":\"\",\"potentialAction\":[{\"@type\":\"SearchAction\",\"target\":{\"@type\":\"EntryPoint\",\"urlTemplate\":\"https:\/\/portaltela.pt\/?s={search_term_string}\"},\"query-input\":{\"@type\":\"PropertyValueSpecification\",\"valueRequired\":true,\"valueName\":\"search_term_string\"}}],\"inLanguage\":\"pt-PT\"},{\"@type\":\"Person\",\"@id\":\"https:\/\/portaltela.pt\/#\/schema\/person\/c4278d4a6028830caff9ee44b42d32ed\",\"name\":\"Telinha\",\"image\":{\"@type\":\"ImageObject\",\"inLanguage\":\"pt-PT\",\"@id\":\"https:\/\/portaltela.pt\/s.01k8rhncp4jt1\/2025\/11\/talking-bot-125x125.png\",\"url\":\"https:\/\/portaltela.pt\/s.01k8rhncp4jt1\/2025\/11\/talking-bot-125x125.png\",\"contentUrl\":\"https:\/\/portaltela.pt\/s.01k8rhncp4jt1\/2025\/11\/talking-bot-125x125.png\",\"caption\":\"Telinha\"},\"sameAs\":[\"https:\/\/portaltela.pt\/\"],\"url\":\"https:\/\/portaltela.pt\/por\/367410592786\/\"}]}<\/script>\n<!-- \/ Yoast SEO plugin. -->","yoast_head_json":{"title":"Santo Tirso e Trofa t\u00eam menor desperd\u00edcio de \u00e1gua na rede em 2024 - Portal Tela Portugal","robots":{"index":"index","follow":"follow","max-snippet":"max-snippet:-1","max-image-preview":"max-image-preview:large","max-video-preview":"max-video-preview:-1"},"og_locale":"pt_PT","og_type":"article","og_title":"Santo Tirso e Trofa t\u00eam menor desperd\u00edcio de \u00e1gua na rede em 2024 - Portal Tela Portugal","og_description":"Em 2024, Santo Tirso e Trofa foram os munic\u00edpios com menos \u00e1gua na rede desperdi\u00e7ada, com 7,2 % de \u00c1gua N\u00e3o Faturada, o valor mais baixo j\u00e1 registado num concelho portugu\u00eas. A Indaqua aponta que os dois concelhos do distrito do Porto ficaram na posi\u00e7\u00e3o mais baixa, seguidos por Vila do Conde (8,7 %), Matosinhos (9,1 %) e Barcelos (9,8 %). A \u00c1gua N\u00e3o Faturada representa a \u00e1gua que se perde antes de chegar \u00e0s torneiras, devido a roturas, fugas ou avarias, segundo a ERSAR. A ERSAR indica uma m\u00e9dia nacional de 26,5 % para este indicador. O presidente executivo da Indaqua, Pedro Perdig\u00e3o, destacando a monitoriza\u00e7\u00e3o das redes e respostas r\u00e1pidas no terreno, aponta a necessidade de medidas para melhorar a efici\u00eancia no abastecimento a n\u00edvel nacional.","og_url":"https:\/\/portaltela.pt\/noticias\/2026\/02\/27\/santo-tirso-e-trofa-tem-menor-desperdicio-de-agua-na-rede-em-2024\/","og_site_name":"Portal Tela Portugal","article_published_time":"2026-02-27T14:57:27+00:00","author":"Telinha","twitter_card":"summary_large_image","twitter_misc":{"Escrito por":"Telinha","Tempo estimado de leitura":"1 minuto"},"schema":{"@context":"https:\/\/schema.org","@graph":[{"@type":"Article","@id":"https:\/\/portaltela.pt\/noticias\/2026\/02\/27\/santo-tirso-e-trofa-tem-menor-desperdicio-de-agua-na-rede-em-2024\/#article","isPartOf":{"@id":"https:\/\/portaltela.pt\/noticias\/2026\/02\/27\/santo-tirso-e-trofa-tem-menor-desperdicio-de-agua-na-rede-em-2024\/"},"author":{"name":"Telinha","@id":"https:\/\/portaltela.pt\/#\/schema\/person\/c4278d4a6028830caff9ee44b42d32ed"},"headline":"Santo Tirso e Trofa t\u00eam menor desperd\u00edcio de \u00e1gua na rede em 2024","datePublished":"2026-02-27T14:57:27+00:00","mainEntityOfPage":{"@id":"https:\/\/portaltela.pt\/noticias\/2026\/02\/27\/santo-tirso-e-trofa-tem-menor-desperdicio-de-agua-na-rede-em-2024\/"},"wordCount":193,"image":{"@id":"https:\/\/portaltela.pt\/noticias\/2026\/02\/27\/santo-tirso-e-trofa-tem-menor-desperdicio-de-agua-na-rede-em-2024\/#primaryimage"},"thumbnailUrl":"https:\/\/portaltela.pt\/s.01k8rhncp4jt1\/2026\/02\/img_1500x1000uu2015-09-24-15-48-00-485138-1.jpg","keywords":["abastecimento de \u00e1gua","\u00e1gua","Santo Tirso","Trofa"],"articleSection":["Not\u00edcias"],"inLanguage":"pt-PT"},{"@type":"WebPage","@id":"https:\/\/portaltela.pt\/noticias\/2026\/02\/27\/santo-tirso-e-trofa-tem-menor-desperdicio-de-agua-na-rede-em-2024\/","url":"https:\/\/portaltela.pt\/noticias\/2026\/02\/27\/santo-tirso-e-trofa-tem-menor-desperdicio-de-agua-na-rede-em-2024\/","name":"Santo Tirso e Trofa t\u00eam menor desperd\u00edcio de \u00e1gua na rede em 2024 - Portal Tela Portugal","isPartOf":{"@id":"https:\/\/portaltela.pt\/#website"},"primaryImageOfPage":{"@id":"https:\/\/portaltela.pt\/noticias\/2026\/02\/27\/santo-tirso-e-trofa-tem-menor-desperdicio-de-agua-na-rede-em-2024\/#primaryimage"},"image":{"@id":"https:\/\/portaltela.pt\/noticias\/2026\/02\/27\/santo-tirso-e-trofa-tem-menor-desperdicio-de-agua-na-rede-em-2024\/#primaryimage"},"thumbnailUrl":"https:\/\/portaltela.pt\/s.01k8rhncp4jt1\/2026\/02\/img_1500x1000uu2015-09-24-15-48-00-485138-1.jpg","datePublished":"2026-02-27T14:57:27+00:00","author":{"@id":"https:\/\/portaltela.pt\/#\/schema\/person\/c4278d4a6028830caff9ee44b42d32ed"},"breadcrumb":{"@id":"https:\/\/portaltela.pt\/noticias\/2026\/02\/27\/santo-tirso-e-trofa-tem-menor-desperdicio-de-agua-na-rede-em-2024\/#breadcrumb"},"inLanguage":"pt-PT","potentialAction":[{"@type":"ReadAction","target":["https:\/\/portaltela.pt\/noticias\/2026\/02\/27\/santo-tirso-e-trofa-tem-menor-desperdicio-de-agua-na-rede-em-2024\/"]}]},{"@type":"ImageObject","inLanguage":"pt-PT","@id":"https:\/\/portaltela.pt\/noticias\/2026\/02\/27\/santo-tirso-e-trofa-tem-menor-desperdicio-de-agua-na-rede-em-2024\/#primaryimage","url":"https:\/\/portaltela.pt\/s.01k8rhncp4jt1\/2026\/02\/img_1500x1000uu2015-09-24-15-48-00-485138-1.jpg","contentUrl":"https:\/\/portaltela.pt\/s.01k8rhncp4jt1\/2026\/02\/img_1500x1000uu2015-09-24-15-48-00-485138-1.jpg","width":796,"height":448,"caption":"C\u00e2mara de Santo Tirso"},{"@type":"BreadcrumbList","@id":"https:\/\/portaltela.pt\/noticias\/2026\/02\/27\/santo-tirso-e-trofa-tem-menor-desperdicio-de-agua-na-rede-em-2024\/#breadcrumb","itemListElement":[{"@type":"ListItem","position":1,"name":"In\u00edcio","item":"https:\/\/portaltela.pt\/"},{"@type":"ListItem","position":2,"name":"Santo Tirso e Trofa t\u00eam menor desperd\u00edcio de \u00e1gua na rede em 2024"}]},{"@type":"WebSite","@id":"https:\/\/portaltela.pt\/#website","url":"https:\/\/portaltela.pt\/","name":"Portal Tela Portugal","description":"","potentialAction":[{"@type":"SearchAction","target":{"@type":"EntryPoint","urlTemplate":"https:\/\/portaltela.pt\/?s={search_term_string}"},"query-input":{"@type":"PropertyValueSpecification","valueRequired":true,"valueName":"search_term_string"}}],"inLanguage":"pt-PT"},{"@type":"Person","@id":"https:\/\/portaltela.pt\/#\/schema\/person\/c4278d4a6028830caff9ee44b42d32ed","name":"Telinha","image":{"@type":"ImageObject","inLanguage":"pt-PT","@id":"https:\/\/portaltela.pt\/s.01k8rhncp4jt1\/2025\/11\/talking-bot-125x125.png","url":"https:\/\/portaltela.pt\/s.01k8rhncp4jt1\/2025\/11\/talking-bot-125x125.png","contentUrl":"https:\/\/portaltela.pt\/s.01k8rhncp4jt1\/2025\/11\/talking-bot-125x125.png","caption":"Telinha"},"sameAs":["https:\/\/portaltela.pt\/"],"url":"https:\/\/portaltela.pt\/por\/367410592786\/"}]}},"_links":{"self":[{"href":"https:\/\/portaltela.pt\/api\/wp\/v2\/posts\/390916","targetHints":{"allow":["GET"]}}],"collection":[{"href":"https:\/\/portaltela.pt\/api\/wp\/v2\/posts"}],"about":[{"href":"https:\/\/portaltela.pt\/api\/wp\/v2\/types\/post"}],"author":[{"embeddable":true,"href":"https:\/\/portaltela.pt\/api\/wp\/v2\/users\/2"}],"replies":[{"embeddable":true,"href":"https:\/\/portaltela.pt\/api\/wp\/v2\/comments?post=390916"}],"version-history":[{"count":0,"href":"https:\/\/portaltela.pt\/api\/wp\/v2\/posts\/390916\/revisions"}],"wp:featuredmedia":[{"embeddable":true,"href":"https:\/\/portaltela.pt\/api\/wp\/v2\/media\/390925"}],"wp:attachment":[{"href":"https:\/\/portaltela.pt\/api\/wp\/v2\/media?parent=390916"}],"wp:term":[{"taxonomy":"category","embeddable":true,"href":"https:\/\/portaltela.pt\/api\/wp\/v2\/categories?post=390916"},{"taxonomy":"post_tag","embeddable":true,"href":"https:\/\/portaltela.pt\/api\/wp\/v2\/tags?post=390916"}],"curies":[{"name":"wp","href":"https:\/\/api.w.org\/{rel}","templated":true}]}}