{"id":390910,"date":"2026-02-27T11:46:00","date_gmt":"2026-02-27T14:46:00","guid":{"rendered":"https:\/\/portaltela.pt\/noticias\/2026\/02\/27\/ministro-promete-bilhete-unico-ate-junho-em-debate-com-eco-de-passos\/"},"modified":"2026-02-27T11:46:00","modified_gmt":"2026-02-27T14:46:00","slug":"ministro-promete-bilhete-unico-ate-junho-em-debate-com-eco-de-passos","status":"publish","type":"post","link":"https:\/\/portaltela.pt\/noticias\/politica\/2026\/02\/27\/ministro-promete-bilhete-unico-ate-junho-em-debate-com-eco-de-passos\/","title":{"rendered":"Ministro promete bilhete \u00fanico at\u00e9 junho em debate com eco de Passos"},"content":{"rendered":"<p>O ministro Adjunto e da Reforma do Estado, Gon\u00e7alo Matias, afirmou no Parlamento que o bilhete \u00fanico para transportes p\u00fablicos, acess\u00edvel via cart\u00e3o de cidad\u00e3o, ficar\u00e1 pronto at\u00e9 junho. O Documento \u00danico Autom\u00f3vel (DUA) ser\u00e1 lan\u00e7ado dentro de semanas. Local: Lisboa, Parlamento.<\/p>\n<p>Matias respondeu aos deputados e, sem rodeios, desmentiu alega\u00e7\u00f5es de propaganda sobre tempestades. Enumerou medidas que, na vis\u00e3o dele, fazem parte da reforma do Estado e da desburocratiza\u00e7\u00e3o do setor p\u00fablico.<\/p>\n<p>O debate no Parlamento teve eco das cr\u00edticas de Pedro Passos Coelho, antigo primeiro-ministro, ouvidas em v\u00e1rias bancadas. De modo geral, as interven\u00e7\u00f5es centraram-se em prazos, custos e impactos das reformas anunciadas.<\/p>\n<h3>Medidas anunciadas<\/h3>\n<p>Gon\u00e7alo Matias detalhou que o bilhete \u00fanico ser\u00e1 disponibilizado ao p\u00fablico at\u00e9 junho, integrado com o cart\u00e3o de cidad\u00e3o. O lan\u00e7amento do DUA est\u00e1 previsto para as pr\u00f3ximas semanas, com objetivos de simplificar a documenta\u00e7\u00e3o autom\u00f3vel.<\/p>\n<p>O governo pretende acelerar procedimentos de desburocratiza\u00e7\u00e3o, segundo o ministro, visando reduzir tempos e custos para cidad\u00e3os e empresas. A contentua\u00e7\u00e3o do debate incidiu sobre prazos, viabilidade e financiamento das medidas.<\/p>\n","protected":false},"excerpt":{"rendered":"<ul>\n<li>O ministro Adjunto e da Reforma do Estado, Gon\u00e7alo Matias, disse no Parlamento que o bilhete \u00fanico para transportes p\u00fablicos, acess\u00edvel atrav\u00e9s do cart\u00e3o de cidad\u00e3o, ficar\u00e1 pronto at\u00e9 junho.<\/li>\n<li>O novo Documento \u00danico Autom\u00f3vel (DUA) dever\u00e1 ser lan\u00e7ado dentro de semanas.<\/li>\n<li>Os an\u00fancios foram feitos num debate marcado por promessas de desburocratiza\u00e7\u00e3o.<\/li>\n<li>As cr\u00edticas do antigo primeiro-ministro Pedro Passos Coelho encontraram eco em v\u00e1rias bancadas.<\/li>\n<\/ul>\n","protected":false},"author":2,"featured_media":390917,"comment_status":"closed","ping_status":"closed","sticky":false,"template":"","format":"standard","meta":{"footnotes":""},"categories":[1,5],"tags":[3823,6122,2605,34,981,192],"class_list":["post-390910","post","type-post","status-publish","format-standard","has-post-thumbnail","hentry","category-noticias","category-politica","tag-cartao-de-cidadao","tag-cartoes","tag-documentos","tag-governo","tag-lisboa","tag-transporte"],"yoast_head":"<!-- This site is optimized with the Yoast SEO plugin v27.2 - https:\/\/yoast.com\/product\/yoast-seo-wordpress\/ -->\n<title>Ministro promete bilhete \u00fanico at\u00e9 junho em debate com eco de Passos - Portal Tela Portugal<\/title>\n<meta name=\"robots\" content=\"index, follow, max-snippet:-1, max-image-preview:large, max-video-preview:-1\" \/>\n<meta property=\"og:locale\" content=\"pt_PT\" \/>\n<meta property=\"og:type\" content=\"article\" \/>\n<meta property=\"og:title\" content=\"Ministro promete bilhete \u00fanico at\u00e9 junho em debate com eco de Passos - Portal Tela Portugal\" \/>\n<meta property=\"og:description\" content=\"O ministro Adjunto e da Reforma do Estado, Gon\u00e7alo Matias, disse no Parlamento que o bilhete \u00fanico para transportes p\u00fablicos, acess\u00edvel atrav\u00e9s do cart\u00e3o de cidad\u00e3o, ficar\u00e1 pronto at\u00e9 junho. O novo Documento \u00danico Autom\u00f3vel (DUA) dever\u00e1 ser lan\u00e7ado dentro de semanas. Os an\u00fancios foram feitos num debate marcado por promessas de desburocratiza\u00e7\u00e3o. As cr\u00edticas do antigo primeiro-ministro Pedro Passos Coelho encontraram eco em v\u00e1rias bancadas.\" \/>\n<meta property=\"og:url\" content=\"https:\/\/portaltela.pt\/noticias\/2026\/02\/27\/ministro-promete-bilhete-unico-ate-junho-em-debate-com-eco-de-passos\/\" \/>\n<meta property=\"og:site_name\" content=\"Portal Tela Portugal\" \/>\n<meta property=\"article:published_time\" content=\"2026-02-27T14:46:00+00:00\" \/>\n<meta name=\"author\" content=\"Telinha\" \/>\n<meta name=\"twitter:card\" content=\"summary_large_image\" \/>\n<meta name=\"twitter:label1\" content=\"Escrito por\" \/>\n\t<meta name=\"twitter:data1\" content=\"Telinha\" \/>\n\t<meta name=\"twitter:label2\" content=\"Tempo estimado de leitura\" \/>\n\t<meta name=\"twitter:data2\" content=\"1 minuto\" \/>\n<script type=\"application\/ld+json\" class=\"yoast-schema-graph\">{\"@context\":\"https:\/\/schema.org\",\"@graph\":[{\"@type\":\"Article\",\"@id\":\"https:\/\/portaltela.pt\/noticias\/2026\/02\/27\/ministro-promete-bilhete-unico-ate-junho-em-debate-com-eco-de-passos\/#article\",\"isPartOf\":{\"@id\":\"https:\/\/portaltela.pt\/noticias\/2026\/02\/27\/ministro-promete-bilhete-unico-ate-junho-em-debate-com-eco-de-passos\/\"},\"author\":{\"name\":\"Telinha\",\"@id\":\"https:\/\/portaltela.pt\/#\/schema\/person\/c4278d4a6028830caff9ee44b42d32ed\"},\"headline\":\"Ministro promete bilhete \u00fanico at\u00e9 junho em debate com eco de Passos\",\"datePublished\":\"2026-02-27T14:46:00+00:00\",\"mainEntityOfPage\":{\"@id\":\"https:\/\/portaltela.pt\/noticias\/2026\/02\/27\/ministro-promete-bilhete-unico-ate-junho-em-debate-com-eco-de-passos\/\"},\"wordCount\":211,\"image\":{\"@id\":\"https:\/\/portaltela.pt\/noticias\/2026\/02\/27\/ministro-promete-bilhete-unico-ate-junho-em-debate-com-eco-de-passos\/#primaryimage\"},\"thumbnailUrl\":\"https:\/\/portaltela.pt\/s.01k8rhncp4jt1\/2026\/02\/2070263.jpg\",\"keywords\":[\"Cart\u00e3o de Cidad\u00e3o\",\"cart\u00f5es\",\"documentos\",\"governo\",\"Lisboa\",\"transporte\"],\"articleSection\":[\"Not\u00edcias\",\"Pol\u00edtica\"],\"inLanguage\":\"pt-PT\"},{\"@type\":\"WebPage\",\"@id\":\"https:\/\/portaltela.pt\/noticias\/2026\/02\/27\/ministro-promete-bilhete-unico-ate-junho-em-debate-com-eco-de-passos\/\",\"url\":\"https:\/\/portaltela.pt\/noticias\/2026\/02\/27\/ministro-promete-bilhete-unico-ate-junho-em-debate-com-eco-de-passos\/\",\"name\":\"Ministro promete bilhete \u00fanico at\u00e9 junho em debate com eco de Passos - Portal Tela Portugal\",\"isPartOf\":{\"@id\":\"https:\/\/portaltela.pt\/#website\"},\"primaryImageOfPage\":{\"@id\":\"https:\/\/portaltela.pt\/noticias\/2026\/02\/27\/ministro-promete-bilhete-unico-ate-junho-em-debate-com-eco-de-passos\/#primaryimage\"},\"image\":{\"@id\":\"https:\/\/portaltela.pt\/noticias\/2026\/02\/27\/ministro-promete-bilhete-unico-ate-junho-em-debate-com-eco-de-passos\/#primaryimage\"},\"thumbnailUrl\":\"https:\/\/portaltela.pt\/s.01k8rhncp4jt1\/2026\/02\/2070263.jpg\",\"datePublished\":\"2026-02-27T14:46:00+00:00\",\"author\":{\"@id\":\"https:\/\/portaltela.pt\/#\/schema\/person\/c4278d4a6028830caff9ee44b42d32ed\"},\"breadcrumb\":{\"@id\":\"https:\/\/portaltela.pt\/noticias\/2026\/02\/27\/ministro-promete-bilhete-unico-ate-junho-em-debate-com-eco-de-passos\/#breadcrumb\"},\"inLanguage\":\"pt-PT\",\"potentialAction\":[{\"@type\":\"ReadAction\",\"target\":[\"https:\/\/portaltela.pt\/noticias\/2026\/02\/27\/ministro-promete-bilhete-unico-ate-junho-em-debate-com-eco-de-passos\/\"]}]},{\"@type\":\"ImageObject\",\"inLanguage\":\"pt-PT\",\"@id\":\"https:\/\/portaltela.pt\/noticias\/2026\/02\/27\/ministro-promete-bilhete-unico-ate-junho-em-debate-com-eco-de-passos\/#primaryimage\",\"url\":\"https:\/\/portaltela.pt\/s.01k8rhncp4jt1\/2026\/02\/2070263.jpg\",\"contentUrl\":\"https:\/\/portaltela.pt\/s.01k8rhncp4jt1\/2026\/02\/2070263.jpg\",\"width\":796,\"height\":448,\"caption\":\"O ministro Adjunto e da Reforma do Estado, Gon\u00e7alo Matias, esteve nesta manh\u00e3 a responder aos deputados no Parlamento\"},{\"@type\":\"BreadcrumbList\",\"@id\":\"https:\/\/portaltela.pt\/noticias\/2026\/02\/27\/ministro-promete-bilhete-unico-ate-junho-em-debate-com-eco-de-passos\/#breadcrumb\",\"itemListElement\":[{\"@type\":\"ListItem\",\"position\":1,\"name\":\"In\u00edcio\",\"item\":\"https:\/\/portaltela.pt\/\"},{\"@type\":\"ListItem\",\"position\":2,\"name\":\"Ministro promete bilhete \u00fanico at\u00e9 junho em debate com eco de Passos\"}]},{\"@type\":\"WebSite\",\"@id\":\"https:\/\/portaltela.pt\/#website\",\"url\":\"https:\/\/portaltela.pt\/\",\"name\":\"Portal Tela Portugal\",\"description\":\"\",\"potentialAction\":[{\"@type\":\"SearchAction\",\"target\":{\"@type\":\"EntryPoint\",\"urlTemplate\":\"https:\/\/portaltela.pt\/?s={search_term_string}\"},\"query-input\":{\"@type\":\"PropertyValueSpecification\",\"valueRequired\":true,\"valueName\":\"search_term_string\"}}],\"inLanguage\":\"pt-PT\"},{\"@type\":\"Person\",\"@id\":\"https:\/\/portaltela.pt\/#\/schema\/person\/c4278d4a6028830caff9ee44b42d32ed\",\"name\":\"Telinha\",\"image\":{\"@type\":\"ImageObject\",\"inLanguage\":\"pt-PT\",\"@id\":\"https:\/\/portaltela.pt\/s.01k8rhncp4jt1\/2025\/11\/talking-bot-125x125.png\",\"url\":\"https:\/\/portaltela.pt\/s.01k8rhncp4jt1\/2025\/11\/talking-bot-125x125.png\",\"contentUrl\":\"https:\/\/portaltela.pt\/s.01k8rhncp4jt1\/2025\/11\/talking-bot-125x125.png\",\"caption\":\"Telinha\"},\"sameAs\":[\"https:\/\/portaltela.pt\/\"],\"url\":\"https:\/\/portaltela.pt\/por\/367410592786\/\"}]}<\/script>\n<!-- \/ Yoast SEO plugin. -->","yoast_head_json":{"title":"Ministro promete bilhete \u00fanico at\u00e9 junho em debate com eco de Passos - Portal Tela Portugal","robots":{"index":"index","follow":"follow","max-snippet":"max-snippet:-1","max-image-preview":"max-image-preview:large","max-video-preview":"max-video-preview:-1"},"og_locale":"pt_PT","og_type":"article","og_title":"Ministro promete bilhete \u00fanico at\u00e9 junho em debate com eco de Passos - Portal Tela Portugal","og_description":"O ministro Adjunto e da Reforma do Estado, Gon\u00e7alo Matias, disse no Parlamento que o bilhete \u00fanico para transportes p\u00fablicos, acess\u00edvel atrav\u00e9s do cart\u00e3o de cidad\u00e3o, ficar\u00e1 pronto at\u00e9 junho. O novo Documento \u00danico Autom\u00f3vel (DUA) dever\u00e1 ser lan\u00e7ado dentro de semanas. Os an\u00fancios foram feitos num debate marcado por promessas de desburocratiza\u00e7\u00e3o. As cr\u00edticas do antigo primeiro-ministro Pedro Passos Coelho encontraram eco em v\u00e1rias bancadas.","og_url":"https:\/\/portaltela.pt\/noticias\/2026\/02\/27\/ministro-promete-bilhete-unico-ate-junho-em-debate-com-eco-de-passos\/","og_site_name":"Portal Tela Portugal","article_published_time":"2026-02-27T14:46:00+00:00","author":"Telinha","twitter_card":"summary_large_image","twitter_misc":{"Escrito por":"Telinha","Tempo estimado de leitura":"1 minuto"},"schema":{"@context":"https:\/\/schema.org","@graph":[{"@type":"Article","@id":"https:\/\/portaltela.pt\/noticias\/2026\/02\/27\/ministro-promete-bilhete-unico-ate-junho-em-debate-com-eco-de-passos\/#article","isPartOf":{"@id":"https:\/\/portaltela.pt\/noticias\/2026\/02\/27\/ministro-promete-bilhete-unico-ate-junho-em-debate-com-eco-de-passos\/"},"author":{"name":"Telinha","@id":"https:\/\/portaltela.pt\/#\/schema\/person\/c4278d4a6028830caff9ee44b42d32ed"},"headline":"Ministro promete bilhete \u00fanico at\u00e9 junho em debate com eco de Passos","datePublished":"2026-02-27T14:46:00+00:00","mainEntityOfPage":{"@id":"https:\/\/portaltela.pt\/noticias\/2026\/02\/27\/ministro-promete-bilhete-unico-ate-junho-em-debate-com-eco-de-passos\/"},"wordCount":211,"image":{"@id":"https:\/\/portaltela.pt\/noticias\/2026\/02\/27\/ministro-promete-bilhete-unico-ate-junho-em-debate-com-eco-de-passos\/#primaryimage"},"thumbnailUrl":"https:\/\/portaltela.pt\/s.01k8rhncp4jt1\/2026\/02\/2070263.jpg","keywords":["Cart\u00e3o de Cidad\u00e3o","cart\u00f5es","documentos","governo","Lisboa","transporte"],"articleSection":["Not\u00edcias","Pol\u00edtica"],"inLanguage":"pt-PT"},{"@type":"WebPage","@id":"https:\/\/portaltela.pt\/noticias\/2026\/02\/27\/ministro-promete-bilhete-unico-ate-junho-em-debate-com-eco-de-passos\/","url":"https:\/\/portaltela.pt\/noticias\/2026\/02\/27\/ministro-promete-bilhete-unico-ate-junho-em-debate-com-eco-de-passos\/","name":"Ministro promete bilhete \u00fanico at\u00e9 junho em debate com eco de Passos - Portal Tela Portugal","isPartOf":{"@id":"https:\/\/portaltela.pt\/#website"},"primaryImageOfPage":{"@id":"https:\/\/portaltela.pt\/noticias\/2026\/02\/27\/ministro-promete-bilhete-unico-ate-junho-em-debate-com-eco-de-passos\/#primaryimage"},"image":{"@id":"https:\/\/portaltela.pt\/noticias\/2026\/02\/27\/ministro-promete-bilhete-unico-ate-junho-em-debate-com-eco-de-passos\/#primaryimage"},"thumbnailUrl":"https:\/\/portaltela.pt\/s.01k8rhncp4jt1\/2026\/02\/2070263.jpg","datePublished":"2026-02-27T14:46:00+00:00","author":{"@id":"https:\/\/portaltela.pt\/#\/schema\/person\/c4278d4a6028830caff9ee44b42d32ed"},"breadcrumb":{"@id":"https:\/\/portaltela.pt\/noticias\/2026\/02\/27\/ministro-promete-bilhete-unico-ate-junho-em-debate-com-eco-de-passos\/#breadcrumb"},"inLanguage":"pt-PT","potentialAction":[{"@type":"ReadAction","target":["https:\/\/portaltela.pt\/noticias\/2026\/02\/27\/ministro-promete-bilhete-unico-ate-junho-em-debate-com-eco-de-passos\/"]}]},{"@type":"ImageObject","inLanguage":"pt-PT","@id":"https:\/\/portaltela.pt\/noticias\/2026\/02\/27\/ministro-promete-bilhete-unico-ate-junho-em-debate-com-eco-de-passos\/#primaryimage","url":"https:\/\/portaltela.pt\/s.01k8rhncp4jt1\/2026\/02\/2070263.jpg","contentUrl":"https:\/\/portaltela.pt\/s.01k8rhncp4jt1\/2026\/02\/2070263.jpg","width":796,"height":448,"caption":"O ministro Adjunto e da Reforma do Estado, Gon\u00e7alo Matias, esteve nesta manh\u00e3 a responder aos deputados no Parlamento"},{"@type":"BreadcrumbList","@id":"https:\/\/portaltela.pt\/noticias\/2026\/02\/27\/ministro-promete-bilhete-unico-ate-junho-em-debate-com-eco-de-passos\/#breadcrumb","itemListElement":[{"@type":"ListItem","position":1,"name":"In\u00edcio","item":"https:\/\/portaltela.pt\/"},{"@type":"ListItem","position":2,"name":"Ministro promete bilhete \u00fanico at\u00e9 junho em debate com eco de Passos"}]},{"@type":"WebSite","@id":"https:\/\/portaltela.pt\/#website","url":"https:\/\/portaltela.pt\/","name":"Portal Tela Portugal","description":"","potentialAction":[{"@type":"SearchAction","target":{"@type":"EntryPoint","urlTemplate":"https:\/\/portaltela.pt\/?s={search_term_string}"},"query-input":{"@type":"PropertyValueSpecification","valueRequired":true,"valueName":"search_term_string"}}],"inLanguage":"pt-PT"},{"@type":"Person","@id":"https:\/\/portaltela.pt\/#\/schema\/person\/c4278d4a6028830caff9ee44b42d32ed","name":"Telinha","image":{"@type":"ImageObject","inLanguage":"pt-PT","@id":"https:\/\/portaltela.pt\/s.01k8rhncp4jt1\/2025\/11\/talking-bot-125x125.png","url":"https:\/\/portaltela.pt\/s.01k8rhncp4jt1\/2025\/11\/talking-bot-125x125.png","contentUrl":"https:\/\/portaltela.pt\/s.01k8rhncp4jt1\/2025\/11\/talking-bot-125x125.png","caption":"Telinha"},"sameAs":["https:\/\/portaltela.pt\/"],"url":"https:\/\/portaltela.pt\/por\/367410592786\/"}]}},"_links":{"self":[{"href":"https:\/\/portaltela.pt\/api\/wp\/v2\/posts\/390910","targetHints":{"allow":["GET"]}}],"collection":[{"href":"https:\/\/portaltela.pt\/api\/wp\/v2\/posts"}],"about":[{"href":"https:\/\/portaltela.pt\/api\/wp\/v2\/types\/post"}],"author":[{"embeddable":true,"href":"https:\/\/portaltela.pt\/api\/wp\/v2\/users\/2"}],"replies":[{"embeddable":true,"href":"https:\/\/portaltela.pt\/api\/wp\/v2\/comments?post=390910"}],"version-history":[{"count":0,"href":"https:\/\/portaltela.pt\/api\/wp\/v2\/posts\/390910\/revisions"}],"wp:featuredmedia":[{"embeddable":true,"href":"https:\/\/portaltela.pt\/api\/wp\/v2\/media\/390917"}],"wp:attachment":[{"href":"https:\/\/portaltela.pt\/api\/wp\/v2\/media?parent=390910"}],"wp:term":[{"taxonomy":"category","embeddable":true,"href":"https:\/\/portaltela.pt\/api\/wp\/v2\/categories?post=390910"},{"taxonomy":"post_tag","embeddable":true,"href":"https:\/\/portaltela.pt\/api\/wp\/v2\/tags?post=390910"}],"curies":[{"name":"wp","href":"https:\/\/api.w.org\/{rel}","templated":true}]}}