{"id":390877,"date":"2026-02-27T11:23:31","date_gmt":"2026-02-27T14:23:31","guid":{"rendered":"https:\/\/portaltela.pt\/noticias\/2026\/02\/27\/areeiro-de-vagos-arguido-por-desrespeito-a-suspensao-de-escavacao-de-inertes\/"},"modified":"2026-02-27T11:23:31","modified_gmt":"2026-02-27T14:23:31","slug":"areeiro-de-vagos-arguido-por-desrespeito-a-suspensao-de-escavacao-de-inertes","status":"publish","type":"post","link":"https:\/\/portaltela.pt\/noticias\/2026\/02\/27\/areeiro-de-vagos-arguido-por-desrespeito-a-suspensao-de-escavacao-de-inertes\/","title":{"rendered":"Areeiro de Vagos arguido por desrespeito a suspens\u00e3o de escava\u00e7\u00e3o de inertes"},"content":{"rendered":"<p>A Guarda Nacional Republicana (GNR) constituiu arguido um areeiro por desrespeito a uma suspens\u00e3o imediata de escava\u00e7\u00e3o e extra\u00e7\u00e3o de inertes num terreno em Vagos, Aveiro. A decis\u00e3o administrativa em vigor foi violada, segundo a GNR, que divulgou o facto na sexta-feira.<\/p>\n<p>Segundo o SEPNA, dois mandados de busca foram executados na segunda-feira no concelho de Vagos, no \u00e2mbito de incumprimento da suspens\u00e3o. Os trabalhos inclu\u00edam desfloresta\u00e7\u00e3o, altera\u00e7\u00e3o da morfologia do solo e destrui\u00e7\u00e3o de revestimento vegetal.<\/p>\n<p>A GNR estima que cerca de 140.000 m3 de inertes, principalmente areia, j\u00e1 tenham sido retirados, num valor aproximado de 4,9 milh\u00f5es de euros. O areeiro ficou com autos de contraordena\u00e7\u00e3o ambientais.<\/p>\n<h3>Dilig\u00eancias no terreno<\/h3>\n<p>Durante as dilig\u00eancias, foi apreendida uma m\u00e1quina industrial, outra m\u00e1quina tipo escavadora\/girat\u00f3ria, oito c\u00e2maras de CCTV e 85 metros de cabo de rede. As a\u00e7\u00f5es resultaram ainda na lavratura de autos por infra\u00e7\u00f5es ambientais e por irregularidades associadas \u00e0 videovigil\u00e2ncia instalada no local.<\/p>\n","protected":false},"excerpt":{"rendered":"<ul>\n<li>A GNR constituiu arguido um areeiro por desrespeitar uma decis\u00e3o administrativa de suspens\u00e3o imediata de escava\u00e7\u00e3o e extra\u00e7\u00e3o de inertes em Vagos, distrito de Aveiro.<\/li>\n<li>O terreno j\u00e1 ter\u00e1 permitido retirar cerca de 140.000 metros c\u00fabicos de areia, num valor estimado de aproximadamente 4,9 milh\u00f5es de euros.<\/li>\n<li>Na a\u00e7\u00e3o, foram cumpridos dois mandados de busca no concelho de Vagos, relacionados com o incumprimento da suspens\u00e3o de trabalhos.<\/li>\n<li>Durante as dilig\u00eancias, foram apreendidas duas m\u00e1quinas industriais (uma delas uma escavadora\/girat\u00f3ria), oito c\u00e2maras de videovigil\u00e2ncia e 85 metros de cabo de rede.<\/li>\n<li>Foram elaborados autos de contraordena\u00e7\u00e3o por infra\u00e7\u00f5es ambientais e por infra\u00e7\u00f5es associadas ao sistema de videovigil\u00e2ncia em funcionamento no terreno.<\/li>\n<\/ul>\n","protected":false},"author":2,"featured_media":390884,"comment_status":"closed","ping_status":"closed","sticky":false,"template":"","format":"standard","meta":{"footnotes":""},"categories":[1],"tags":[3100,1059,3241,1380,6454,4900],"class_list":["post-390877","post","type-post","status-publish","format-standard","has-post-thumbnail","hentry","category-noticias","tag-ambiental","tag-aveiro","tag-desflorestacao","tag-gnr","tag-infracoes-ambientais","tag-vagos"],"yoast_head":"<!-- This site is optimized with the Yoast SEO plugin v27.2 - https:\/\/yoast.com\/product\/yoast-seo-wordpress\/ -->\n<title>Areeiro de Vagos arguido por desrespeito a suspens\u00e3o de escava\u00e7\u00e3o de inertes - Portal Tela Portugal<\/title>\n<meta name=\"robots\" content=\"index, follow, max-snippet:-1, max-image-preview:large, max-video-preview:-1\" \/>\n<meta property=\"og:locale\" content=\"pt_PT\" \/>\n<meta property=\"og:type\" content=\"article\" \/>\n<meta property=\"og:title\" content=\"Areeiro de Vagos arguido por desrespeito a suspens\u00e3o de escava\u00e7\u00e3o de inertes - Portal Tela Portugal\" \/>\n<meta property=\"og:description\" content=\"A GNR constituiu arguido um areeiro por desrespeitar uma decis\u00e3o administrativa de suspens\u00e3o imediata de escava\u00e7\u00e3o e extra\u00e7\u00e3o de inertes em Vagos, distrito de Aveiro. O terreno j\u00e1 ter\u00e1 permitido retirar cerca de 140.000 metros c\u00fabicos de areia, num valor estimado de aproximadamente 4,9 milh\u00f5es de euros. Na a\u00e7\u00e3o, foram cumpridos dois mandados de busca no concelho de Vagos, relacionados com o incumprimento da suspens\u00e3o de trabalhos. Durante as dilig\u00eancias, foram apreendidas duas m\u00e1quinas industriais (uma delas uma escavadora\/girat\u00f3ria), oito c\u00e2maras de videovigil\u00e2ncia e 85 metros de cabo de rede. Foram elaborados autos de contraordena\u00e7\u00e3o por infra\u00e7\u00f5es ambientais e por infra\u00e7\u00f5es associadas ao sistema de videovigil\u00e2ncia em funcionamento no terreno.\" \/>\n<meta property=\"og:url\" content=\"https:\/\/portaltela.pt\/noticias\/2026\/02\/27\/areeiro-de-vagos-arguido-por-desrespeito-a-suspensao-de-escavacao-de-inertes\/\" \/>\n<meta property=\"og:site_name\" content=\"Portal Tela Portugal\" \/>\n<meta property=\"article:published_time\" content=\"2026-02-27T14:23:31+00:00\" \/>\n<meta name=\"author\" content=\"Telinha\" \/>\n<meta name=\"twitter:card\" content=\"summary_large_image\" \/>\n<meta name=\"twitter:label1\" content=\"Escrito por\" \/>\n\t<meta name=\"twitter:data1\" content=\"Telinha\" \/>\n\t<meta name=\"twitter:label2\" content=\"Tempo estimado de leitura\" \/>\n\t<meta name=\"twitter:data2\" content=\"1 minuto\" \/>\n<script type=\"application\/ld+json\" class=\"yoast-schema-graph\">{\"@context\":\"https:\/\/schema.org\",\"@graph\":[{\"@type\":\"Article\",\"@id\":\"https:\/\/portaltela.pt\/noticias\/2026\/02\/27\/areeiro-de-vagos-arguido-por-desrespeito-a-suspensao-de-escavacao-de-inertes\/#article\",\"isPartOf\":{\"@id\":\"https:\/\/portaltela.pt\/noticias\/2026\/02\/27\/areeiro-de-vagos-arguido-por-desrespeito-a-suspensao-de-escavacao-de-inertes\/\"},\"author\":{\"name\":\"Telinha\",\"@id\":\"https:\/\/portaltela.pt\/#\/schema\/person\/c4278d4a6028830caff9ee44b42d32ed\"},\"headline\":\"Areeiro de Vagos arguido por desrespeito a suspens\u00e3o de escava\u00e7\u00e3o de inertes\",\"datePublished\":\"2026-02-27T14:23:31+00:00\",\"mainEntityOfPage\":{\"@id\":\"https:\/\/portaltela.pt\/noticias\/2026\/02\/27\/areeiro-de-vagos-arguido-por-desrespeito-a-suspensao-de-escavacao-de-inertes\/\"},\"wordCount\":186,\"image\":{\"@id\":\"https:\/\/portaltela.pt\/noticias\/2026\/02\/27\/areeiro-de-vagos-arguido-por-desrespeito-a-suspensao-de-escavacao-de-inertes\/#primaryimage\"},\"thumbnailUrl\":\"https:\/\/portaltela.pt\/s.01k8rhncp4jt1\/2026\/02\/img_1500x1000uu2022-12-05-20-31-24-1222381-1.jpg\",\"keywords\":[\"ambiental\",\"Aveiro\",\"desfloresta\u00e7\u00e3o\",\"GNR\",\"infra\u00e7\u00f5es ambientais\",\"Vagos\"],\"articleSection\":[\"Not\u00edcias\"],\"inLanguage\":\"pt-PT\"},{\"@type\":\"WebPage\",\"@id\":\"https:\/\/portaltela.pt\/noticias\/2026\/02\/27\/areeiro-de-vagos-arguido-por-desrespeito-a-suspensao-de-escavacao-de-inertes\/\",\"url\":\"https:\/\/portaltela.pt\/noticias\/2026\/02\/27\/areeiro-de-vagos-arguido-por-desrespeito-a-suspensao-de-escavacao-de-inertes\/\",\"name\":\"Areeiro de Vagos arguido por desrespeito a suspens\u00e3o de escava\u00e7\u00e3o de inertes - Portal Tela Portugal\",\"isPartOf\":{\"@id\":\"https:\/\/portaltela.pt\/#website\"},\"primaryImageOfPage\":{\"@id\":\"https:\/\/portaltela.pt\/noticias\/2026\/02\/27\/areeiro-de-vagos-arguido-por-desrespeito-a-suspensao-de-escavacao-de-inertes\/#primaryimage\"},\"image\":{\"@id\":\"https:\/\/portaltela.pt\/noticias\/2026\/02\/27\/areeiro-de-vagos-arguido-por-desrespeito-a-suspensao-de-escavacao-de-inertes\/#primaryimage\"},\"thumbnailUrl\":\"https:\/\/portaltela.pt\/s.01k8rhncp4jt1\/2026\/02\/img_1500x1000uu2022-12-05-20-31-24-1222381-1.jpg\",\"datePublished\":\"2026-02-27T14:23:31+00:00\",\"author\":{\"@id\":\"https:\/\/portaltela.pt\/#\/schema\/person\/c4278d4a6028830caff9ee44b42d32ed\"},\"breadcrumb\":{\"@id\":\"https:\/\/portaltela.pt\/noticias\/2026\/02\/27\/areeiro-de-vagos-arguido-por-desrespeito-a-suspensao-de-escavacao-de-inertes\/#breadcrumb\"},\"inLanguage\":\"pt-PT\",\"potentialAction\":[{\"@type\":\"ReadAction\",\"target\":[\"https:\/\/portaltela.pt\/noticias\/2026\/02\/27\/areeiro-de-vagos-arguido-por-desrespeito-a-suspensao-de-escavacao-de-inertes\/\"]}]},{\"@type\":\"ImageObject\",\"inLanguage\":\"pt-PT\",\"@id\":\"https:\/\/portaltela.pt\/noticias\/2026\/02\/27\/areeiro-de-vagos-arguido-por-desrespeito-a-suspensao-de-escavacao-de-inertes\/#primaryimage\",\"url\":\"https:\/\/portaltela.pt\/s.01k8rhncp4jt1\/2026\/02\/img_1500x1000uu2022-12-05-20-31-24-1222381-1.jpg\",\"contentUrl\":\"https:\/\/portaltela.pt\/s.01k8rhncp4jt1\/2026\/02\/img_1500x1000uu2022-12-05-20-31-24-1222381-1.jpg\",\"width\":796,\"height\":448,\"caption\":\"Areeiro de Vagos constitu\u00eddo arguido por desrespeitar suspens\u00e3o de escava\u00e7\u00e3o de inertes\"},{\"@type\":\"BreadcrumbList\",\"@id\":\"https:\/\/portaltela.pt\/noticias\/2026\/02\/27\/areeiro-de-vagos-arguido-por-desrespeito-a-suspensao-de-escavacao-de-inertes\/#breadcrumb\",\"itemListElement\":[{\"@type\":\"ListItem\",\"position\":1,\"name\":\"In\u00edcio\",\"item\":\"https:\/\/portaltela.pt\/\"},{\"@type\":\"ListItem\",\"position\":2,\"name\":\"Areeiro de Vagos arguido por desrespeito a suspens\u00e3o de escava\u00e7\u00e3o de inertes\"}]},{\"@type\":\"WebSite\",\"@id\":\"https:\/\/portaltela.pt\/#website\",\"url\":\"https:\/\/portaltela.pt\/\",\"name\":\"Portal Tela Portugal\",\"description\":\"\",\"potentialAction\":[{\"@type\":\"SearchAction\",\"target\":{\"@type\":\"EntryPoint\",\"urlTemplate\":\"https:\/\/portaltela.pt\/?s={search_term_string}\"},\"query-input\":{\"@type\":\"PropertyValueSpecification\",\"valueRequired\":true,\"valueName\":\"search_term_string\"}}],\"inLanguage\":\"pt-PT\"},{\"@type\":\"Person\",\"@id\":\"https:\/\/portaltela.pt\/#\/schema\/person\/c4278d4a6028830caff9ee44b42d32ed\",\"name\":\"Telinha\",\"image\":{\"@type\":\"ImageObject\",\"inLanguage\":\"pt-PT\",\"@id\":\"https:\/\/portaltela.pt\/s.01k8rhncp4jt1\/2025\/11\/talking-bot-125x125.png\",\"url\":\"https:\/\/portaltela.pt\/s.01k8rhncp4jt1\/2025\/11\/talking-bot-125x125.png\",\"contentUrl\":\"https:\/\/portaltela.pt\/s.01k8rhncp4jt1\/2025\/11\/talking-bot-125x125.png\",\"caption\":\"Telinha\"},\"sameAs\":[\"https:\/\/portaltela.pt\/\"],\"url\":\"https:\/\/portaltela.pt\/por\/367410592786\/\"}]}<\/script>\n<!-- \/ Yoast SEO plugin. -->","yoast_head_json":{"title":"Areeiro de Vagos arguido por desrespeito a suspens\u00e3o de escava\u00e7\u00e3o de inertes - Portal Tela Portugal","robots":{"index":"index","follow":"follow","max-snippet":"max-snippet:-1","max-image-preview":"max-image-preview:large","max-video-preview":"max-video-preview:-1"},"og_locale":"pt_PT","og_type":"article","og_title":"Areeiro de Vagos arguido por desrespeito a suspens\u00e3o de escava\u00e7\u00e3o de inertes - Portal Tela Portugal","og_description":"A GNR constituiu arguido um areeiro por desrespeitar uma decis\u00e3o administrativa de suspens\u00e3o imediata de escava\u00e7\u00e3o e extra\u00e7\u00e3o de inertes em Vagos, distrito de Aveiro. O terreno j\u00e1 ter\u00e1 permitido retirar cerca de 140.000 metros c\u00fabicos de areia, num valor estimado de aproximadamente 4,9 milh\u00f5es de euros. Na a\u00e7\u00e3o, foram cumpridos dois mandados de busca no concelho de Vagos, relacionados com o incumprimento da suspens\u00e3o de trabalhos. Durante as dilig\u00eancias, foram apreendidas duas m\u00e1quinas industriais (uma delas uma escavadora\/girat\u00f3ria), oito c\u00e2maras de videovigil\u00e2ncia e 85 metros de cabo de rede. Foram elaborados autos de contraordena\u00e7\u00e3o por infra\u00e7\u00f5es ambientais e por infra\u00e7\u00f5es associadas ao sistema de videovigil\u00e2ncia em funcionamento no terreno.","og_url":"https:\/\/portaltela.pt\/noticias\/2026\/02\/27\/areeiro-de-vagos-arguido-por-desrespeito-a-suspensao-de-escavacao-de-inertes\/","og_site_name":"Portal Tela Portugal","article_published_time":"2026-02-27T14:23:31+00:00","author":"Telinha","twitter_card":"summary_large_image","twitter_misc":{"Escrito por":"Telinha","Tempo estimado de leitura":"1 minuto"},"schema":{"@context":"https:\/\/schema.org","@graph":[{"@type":"Article","@id":"https:\/\/portaltela.pt\/noticias\/2026\/02\/27\/areeiro-de-vagos-arguido-por-desrespeito-a-suspensao-de-escavacao-de-inertes\/#article","isPartOf":{"@id":"https:\/\/portaltela.pt\/noticias\/2026\/02\/27\/areeiro-de-vagos-arguido-por-desrespeito-a-suspensao-de-escavacao-de-inertes\/"},"author":{"name":"Telinha","@id":"https:\/\/portaltela.pt\/#\/schema\/person\/c4278d4a6028830caff9ee44b42d32ed"},"headline":"Areeiro de Vagos arguido por desrespeito a suspens\u00e3o de escava\u00e7\u00e3o de inertes","datePublished":"2026-02-27T14:23:31+00:00","mainEntityOfPage":{"@id":"https:\/\/portaltela.pt\/noticias\/2026\/02\/27\/areeiro-de-vagos-arguido-por-desrespeito-a-suspensao-de-escavacao-de-inertes\/"},"wordCount":186,"image":{"@id":"https:\/\/portaltela.pt\/noticias\/2026\/02\/27\/areeiro-de-vagos-arguido-por-desrespeito-a-suspensao-de-escavacao-de-inertes\/#primaryimage"},"thumbnailUrl":"https:\/\/portaltela.pt\/s.01k8rhncp4jt1\/2026\/02\/img_1500x1000uu2022-12-05-20-31-24-1222381-1.jpg","keywords":["ambiental","Aveiro","desfloresta\u00e7\u00e3o","GNR","infra\u00e7\u00f5es ambientais","Vagos"],"articleSection":["Not\u00edcias"],"inLanguage":"pt-PT"},{"@type":"WebPage","@id":"https:\/\/portaltela.pt\/noticias\/2026\/02\/27\/areeiro-de-vagos-arguido-por-desrespeito-a-suspensao-de-escavacao-de-inertes\/","url":"https:\/\/portaltela.pt\/noticias\/2026\/02\/27\/areeiro-de-vagos-arguido-por-desrespeito-a-suspensao-de-escavacao-de-inertes\/","name":"Areeiro de Vagos arguido por desrespeito a suspens\u00e3o de escava\u00e7\u00e3o de inertes - Portal Tela Portugal","isPartOf":{"@id":"https:\/\/portaltela.pt\/#website"},"primaryImageOfPage":{"@id":"https:\/\/portaltela.pt\/noticias\/2026\/02\/27\/areeiro-de-vagos-arguido-por-desrespeito-a-suspensao-de-escavacao-de-inertes\/#primaryimage"},"image":{"@id":"https:\/\/portaltela.pt\/noticias\/2026\/02\/27\/areeiro-de-vagos-arguido-por-desrespeito-a-suspensao-de-escavacao-de-inertes\/#primaryimage"},"thumbnailUrl":"https:\/\/portaltela.pt\/s.01k8rhncp4jt1\/2026\/02\/img_1500x1000uu2022-12-05-20-31-24-1222381-1.jpg","datePublished":"2026-02-27T14:23:31+00:00","author":{"@id":"https:\/\/portaltela.pt\/#\/schema\/person\/c4278d4a6028830caff9ee44b42d32ed"},"breadcrumb":{"@id":"https:\/\/portaltela.pt\/noticias\/2026\/02\/27\/areeiro-de-vagos-arguido-por-desrespeito-a-suspensao-de-escavacao-de-inertes\/#breadcrumb"},"inLanguage":"pt-PT","potentialAction":[{"@type":"ReadAction","target":["https:\/\/portaltela.pt\/noticias\/2026\/02\/27\/areeiro-de-vagos-arguido-por-desrespeito-a-suspensao-de-escavacao-de-inertes\/"]}]},{"@type":"ImageObject","inLanguage":"pt-PT","@id":"https:\/\/portaltela.pt\/noticias\/2026\/02\/27\/areeiro-de-vagos-arguido-por-desrespeito-a-suspensao-de-escavacao-de-inertes\/#primaryimage","url":"https:\/\/portaltela.pt\/s.01k8rhncp4jt1\/2026\/02\/img_1500x1000uu2022-12-05-20-31-24-1222381-1.jpg","contentUrl":"https:\/\/portaltela.pt\/s.01k8rhncp4jt1\/2026\/02\/img_1500x1000uu2022-12-05-20-31-24-1222381-1.jpg","width":796,"height":448,"caption":"Areeiro de Vagos constitu\u00eddo arguido por desrespeitar suspens\u00e3o de escava\u00e7\u00e3o de inertes"},{"@type":"BreadcrumbList","@id":"https:\/\/portaltela.pt\/noticias\/2026\/02\/27\/areeiro-de-vagos-arguido-por-desrespeito-a-suspensao-de-escavacao-de-inertes\/#breadcrumb","itemListElement":[{"@type":"ListItem","position":1,"name":"In\u00edcio","item":"https:\/\/portaltela.pt\/"},{"@type":"ListItem","position":2,"name":"Areeiro de Vagos arguido por desrespeito a suspens\u00e3o de escava\u00e7\u00e3o de inertes"}]},{"@type":"WebSite","@id":"https:\/\/portaltela.pt\/#website","url":"https:\/\/portaltela.pt\/","name":"Portal Tela Portugal","description":"","potentialAction":[{"@type":"SearchAction","target":{"@type":"EntryPoint","urlTemplate":"https:\/\/portaltela.pt\/?s={search_term_string}"},"query-input":{"@type":"PropertyValueSpecification","valueRequired":true,"valueName":"search_term_string"}}],"inLanguage":"pt-PT"},{"@type":"Person","@id":"https:\/\/portaltela.pt\/#\/schema\/person\/c4278d4a6028830caff9ee44b42d32ed","name":"Telinha","image":{"@type":"ImageObject","inLanguage":"pt-PT","@id":"https:\/\/portaltela.pt\/s.01k8rhncp4jt1\/2025\/11\/talking-bot-125x125.png","url":"https:\/\/portaltela.pt\/s.01k8rhncp4jt1\/2025\/11\/talking-bot-125x125.png","contentUrl":"https:\/\/portaltela.pt\/s.01k8rhncp4jt1\/2025\/11\/talking-bot-125x125.png","caption":"Telinha"},"sameAs":["https:\/\/portaltela.pt\/"],"url":"https:\/\/portaltela.pt\/por\/367410592786\/"}]}},"_links":{"self":[{"href":"https:\/\/portaltela.pt\/api\/wp\/v2\/posts\/390877","targetHints":{"allow":["GET"]}}],"collection":[{"href":"https:\/\/portaltela.pt\/api\/wp\/v2\/posts"}],"about":[{"href":"https:\/\/portaltela.pt\/api\/wp\/v2\/types\/post"}],"author":[{"embeddable":true,"href":"https:\/\/portaltela.pt\/api\/wp\/v2\/users\/2"}],"replies":[{"embeddable":true,"href":"https:\/\/portaltela.pt\/api\/wp\/v2\/comments?post=390877"}],"version-history":[{"count":0,"href":"https:\/\/portaltela.pt\/api\/wp\/v2\/posts\/390877\/revisions"}],"wp:featuredmedia":[{"embeddable":true,"href":"https:\/\/portaltela.pt\/api\/wp\/v2\/media\/390884"}],"wp:attachment":[{"href":"https:\/\/portaltela.pt\/api\/wp\/v2\/media?parent=390877"}],"wp:term":[{"taxonomy":"category","embeddable":true,"href":"https:\/\/portaltela.pt\/api\/wp\/v2\/categories?post=390877"},{"taxonomy":"post_tag","embeddable":true,"href":"https:\/\/portaltela.pt\/api\/wp\/v2\/tags?post=390877"}],"curies":[{"name":"wp","href":"https:\/\/api.w.org\/{rel}","templated":true}]}}