{"id":390876,"date":"2026-02-27T11:17:00","date_gmt":"2026-02-27T14:17:00","guid":{"rendered":"https:\/\/portaltela.pt\/noticias\/2026\/02\/27\/toupeira-sai-da-toca-ao-longo-do-dia-cronica\/"},"modified":"2026-02-27T11:17:00","modified_gmt":"2026-02-27T14:17:00","slug":"toupeira-sai-da-toca-ao-longo-do-dia-cronica","status":"publish","type":"post","link":"https:\/\/portaltela.pt\/noticias\/2026\/02\/27\/toupeira-sai-da-toca-ao-longo-do-dia-cronica\/","title":{"rendered":"Toupeira sai da toca ao longo do dia: cr\u00f3nica"},"content":{"rendered":"<p>O texto analisado reverbera como uma cr\u00f3nica que relembra a inf\u00e2ncia do autor atrav\u00e9s de desenhos animados. A primavera \u00e9 o fio condutor que desperta mem\u00f3rias de uma era sem telem\u00f3veis, Internet ou computador em casa. A narrativa foca-se na descoberta de universos paralelos e na liga\u00e7\u00e3o entre anima\u00e7\u00e3o e literatura.<\/p>\n<p>O autor recorda desenhos de finais do s\u00e9culo XX que mais tarde revelaram ser adapta\u00e7\u00f5es liter\u00e1rias. Entre as obras mencionadas est\u00e3o a s\u00e9rie sobre Nils Holgersson, baseada em Selma Lagerl\u00f6f, e a adapta\u00e7\u00e3o de Wind in the Willows, criada por Kenneth Grahame. A an\u00e1lise destaca temas de amizade, respeito e empatia.<\/p>\n<p>\u00c9 descrita a forma como a televis\u00e3o ajudou a compreender rela\u00e7\u00f5es humanas, de desobedi\u00eancia a transforma\u00e7\u00e3o pessoal. A narrativa faz refer\u00eancia \u00e0 influ\u00eancia de Nils na percep\u00e7\u00e3o de animais e da natureza, bem como aos elementos de fantasia que moldaram a imagem de mundos poss\u00edveis.<\/p>\n<p>O texto tamb\u00e9m menciona influ\u00eancias liter\u00e1rias, como Winnie the Pooh, de A. A. Milne, e a vis\u00e3o cr\u00edtica da sociedade presente em Wind in the Willows. O autor aponta que, nos cap\u00edtulos iniciais, surge a Toupeira a explorar a primavera, sinalizando o in\u00edcio de novas aventuras.<\/p>\n<p>Ao fechar, a reflex\u00e3o associa a leitura a uma continua\u00e7\u00e3o natural da inf\u00e2ncia: o retorno \u00e0s primeiras linhas que descrevem descobertas e emo\u00e7\u00f5es. A obra recomendada parece funcionar como ponte entre fic\u00e7\u00e3o infantil e literatura universal, segundo o cronista.<\/p>\n","protected":false},"excerpt":{"rendered":"<ul>\n<li>O texto recorda a inf\u00e2ncia, com fins de semana de manh\u00e3 a ver desenhos animados que abrirem portas a outros mundos e \u00e0 literatura.<\/li>\n<li>Destaca que alguns desenhos eram adapta\u00e7\u00f5es de grandes obras liter\u00e1rias, como A maravilhosa viagem de Nils Holgersson atrav\u00e9s da Su\u00e9cia.<\/li>\n<li>Refere ainda A vento nos salgueiros (Wind in the Willows), lembrando a banda sonora e a \u00e9tica de amizade, empatia e cr\u00edtica social presente na obra.<\/li>\n<li>Cita Winnie the Pooh de A. A. Milne, sublinhando que a obra \u00e9 um teste ao car\u00e1ter e mant\u00e9m relev\u00e2ncia na leitura atual.<\/li>\n<li>Conclui com a imagem da Toupeira a sair da toca na primavera, associando as leituras \u00e0 vontade de explorar o mundo e viver novas aventuras.<\/li>\n<\/ul>\n","protected":false},"author":2,"featured_media":390880,"comment_status":"closed","ping_status":"closed","sticky":false,"template":"","format":"standard","meta":{"footnotes":""},"categories":[1],"tags":[5812,3953,1759,1698,2738,106],"class_list":["post-390876","post","type-post","status-publish","format-standard","has-post-thumbnail","hentry","category-noticias","tag-animacao","tag-criancas","tag-infancia","tag-infantil","tag-infantis","tag-literatura"],"yoast_head":"<!-- This site is optimized with the Yoast SEO plugin v27.2 - https:\/\/yoast.com\/product\/yoast-seo-wordpress\/ -->\n<title>Toupeira sai da toca ao longo do dia: cr\u00f3nica - Portal Tela Portugal<\/title>\n<meta name=\"robots\" content=\"index, follow, max-snippet:-1, max-image-preview:large, max-video-preview:-1\" \/>\n<meta property=\"og:locale\" content=\"pt_PT\" \/>\n<meta property=\"og:type\" content=\"article\" \/>\n<meta property=\"og:title\" content=\"Toupeira sai da toca ao longo do dia: cr\u00f3nica - Portal Tela Portugal\" \/>\n<meta property=\"og:description\" content=\"O texto recorda a inf\u00e2ncia, com fins de semana de manh\u00e3 a ver desenhos animados que abrirem portas a outros mundos e \u00e0 literatura. Destaca que alguns desenhos eram adapta\u00e7\u00f5es de grandes obras liter\u00e1rias, como A maravilhosa viagem de Nils Holgersson atrav\u00e9s da Su\u00e9cia. Refere ainda A vento nos salgueiros (Wind in the Willows), lembrando a banda sonora e a \u00e9tica de amizade, empatia e cr\u00edtica social presente na obra. Cita Winnie the Pooh de A. A. Milne, sublinhando que a obra \u00e9 um teste ao car\u00e1ter e mant\u00e9m relev\u00e2ncia na leitura atual. Conclui com a imagem da Toupeira a sair da toca na primavera, associando as leituras \u00e0 vontade de explorar o mundo e viver novas aventuras.\" \/>\n<meta property=\"og:url\" content=\"https:\/\/portaltela.pt\/noticias\/2026\/02\/27\/toupeira-sai-da-toca-ao-longo-do-dia-cronica\/\" \/>\n<meta property=\"og:site_name\" content=\"Portal Tela Portugal\" \/>\n<meta property=\"article:published_time\" content=\"2026-02-27T14:17:00+00:00\" \/>\n<meta name=\"author\" content=\"Telinha\" \/>\n<meta name=\"twitter:card\" content=\"summary_large_image\" \/>\n<meta name=\"twitter:label1\" content=\"Escrito por\" \/>\n\t<meta name=\"twitter:data1\" content=\"Telinha\" \/>\n\t<meta name=\"twitter:label2\" content=\"Tempo estimado de leitura\" \/>\n\t<meta name=\"twitter:data2\" content=\"1 minuto\" \/>\n<script type=\"application\/ld+json\" class=\"yoast-schema-graph\">{\"@context\":\"https:\/\/schema.org\",\"@graph\":[{\"@type\":\"Article\",\"@id\":\"https:\/\/portaltela.pt\/noticias\/2026\/02\/27\/toupeira-sai-da-toca-ao-longo-do-dia-cronica\/#article\",\"isPartOf\":{\"@id\":\"https:\/\/portaltela.pt\/noticias\/2026\/02\/27\/toupeira-sai-da-toca-ao-longo-do-dia-cronica\/\"},\"author\":{\"name\":\"Telinha\",\"@id\":\"https:\/\/portaltela.pt\/#\/schema\/person\/c4278d4a6028830caff9ee44b42d32ed\"},\"headline\":\"Toupeira sai da toca ao longo do dia: cr\u00f3nica\",\"datePublished\":\"2026-02-27T14:17:00+00:00\",\"mainEntityOfPage\":{\"@id\":\"https:\/\/portaltela.pt\/noticias\/2026\/02\/27\/toupeira-sai-da-toca-ao-longo-do-dia-cronica\/\"},\"wordCount\":274,\"image\":{\"@id\":\"https:\/\/portaltela.pt\/noticias\/2026\/02\/27\/toupeira-sai-da-toca-ao-longo-do-dia-cronica\/#primaryimage\"},\"thumbnailUrl\":\"https:\/\/portaltela.pt\/s.01k8rhncp4jt1\/2026\/02\/image-2016.jpg\",\"keywords\":[\"anima\u00e7\u00e3o\",\"crian\u00e7as\",\"inf\u00e2ncia\",\"infantil\",\"infantis\",\"literatura\"],\"articleSection\":[\"Not\u00edcias\"],\"inLanguage\":\"pt-PT\"},{\"@type\":\"WebPage\",\"@id\":\"https:\/\/portaltela.pt\/noticias\/2026\/02\/27\/toupeira-sai-da-toca-ao-longo-do-dia-cronica\/\",\"url\":\"https:\/\/portaltela.pt\/noticias\/2026\/02\/27\/toupeira-sai-da-toca-ao-longo-do-dia-cronica\/\",\"name\":\"Toupeira sai da toca ao longo do dia: cr\u00f3nica - Portal Tela Portugal\",\"isPartOf\":{\"@id\":\"https:\/\/portaltela.pt\/#website\"},\"primaryImageOfPage\":{\"@id\":\"https:\/\/portaltela.pt\/noticias\/2026\/02\/27\/toupeira-sai-da-toca-ao-longo-do-dia-cronica\/#primaryimage\"},\"image\":{\"@id\":\"https:\/\/portaltela.pt\/noticias\/2026\/02\/27\/toupeira-sai-da-toca-ao-longo-do-dia-cronica\/#primaryimage\"},\"thumbnailUrl\":\"https:\/\/portaltela.pt\/s.01k8rhncp4jt1\/2026\/02\/image-2016.jpg\",\"datePublished\":\"2026-02-27T14:17:00+00:00\",\"author\":{\"@id\":\"https:\/\/portaltela.pt\/#\/schema\/person\/c4278d4a6028830caff9ee44b42d32ed\"},\"breadcrumb\":{\"@id\":\"https:\/\/portaltela.pt\/noticias\/2026\/02\/27\/toupeira-sai-da-toca-ao-longo-do-dia-cronica\/#breadcrumb\"},\"inLanguage\":\"pt-PT\",\"potentialAction\":[{\"@type\":\"ReadAction\",\"target\":[\"https:\/\/portaltela.pt\/noticias\/2026\/02\/27\/toupeira-sai-da-toca-ao-longo-do-dia-cronica\/\"]}]},{\"@type\":\"ImageObject\",\"inLanguage\":\"pt-PT\",\"@id\":\"https:\/\/portaltela.pt\/noticias\/2026\/02\/27\/toupeira-sai-da-toca-ao-longo-do-dia-cronica\/#primaryimage\",\"url\":\"https:\/\/portaltela.pt\/s.01k8rhncp4jt1\/2026\/02\/image-2016.jpg\",\"contentUrl\":\"https:\/\/portaltela.pt\/s.01k8rhncp4jt1\/2026\/02\/image-2016.jpg\",\"width\":796,\"height\":448,\"caption\":\"Imagem de contexto do artigo Cr\u00f3nica: Sair da toca como um dia fez a toupeira\"},{\"@type\":\"BreadcrumbList\",\"@id\":\"https:\/\/portaltela.pt\/noticias\/2026\/02\/27\/toupeira-sai-da-toca-ao-longo-do-dia-cronica\/#breadcrumb\",\"itemListElement\":[{\"@type\":\"ListItem\",\"position\":1,\"name\":\"In\u00edcio\",\"item\":\"https:\/\/portaltela.pt\/\"},{\"@type\":\"ListItem\",\"position\":2,\"name\":\"Toupeira sai da toca ao longo do dia: cr\u00f3nica\"}]},{\"@type\":\"WebSite\",\"@id\":\"https:\/\/portaltela.pt\/#website\",\"url\":\"https:\/\/portaltela.pt\/\",\"name\":\"Portal Tela Portugal\",\"description\":\"\",\"potentialAction\":[{\"@type\":\"SearchAction\",\"target\":{\"@type\":\"EntryPoint\",\"urlTemplate\":\"https:\/\/portaltela.pt\/?s={search_term_string}\"},\"query-input\":{\"@type\":\"PropertyValueSpecification\",\"valueRequired\":true,\"valueName\":\"search_term_string\"}}],\"inLanguage\":\"pt-PT\"},{\"@type\":\"Person\",\"@id\":\"https:\/\/portaltela.pt\/#\/schema\/person\/c4278d4a6028830caff9ee44b42d32ed\",\"name\":\"Telinha\",\"image\":{\"@type\":\"ImageObject\",\"inLanguage\":\"pt-PT\",\"@id\":\"https:\/\/portaltela.pt\/s.01k8rhncp4jt1\/2025\/11\/talking-bot-125x125.png\",\"url\":\"https:\/\/portaltela.pt\/s.01k8rhncp4jt1\/2025\/11\/talking-bot-125x125.png\",\"contentUrl\":\"https:\/\/portaltela.pt\/s.01k8rhncp4jt1\/2025\/11\/talking-bot-125x125.png\",\"caption\":\"Telinha\"},\"sameAs\":[\"https:\/\/portaltela.pt\/\"],\"url\":\"https:\/\/portaltela.pt\/por\/367410592786\/\"}]}<\/script>\n<!-- \/ Yoast SEO plugin. -->","yoast_head_json":{"title":"Toupeira sai da toca ao longo do dia: cr\u00f3nica - Portal Tela Portugal","robots":{"index":"index","follow":"follow","max-snippet":"max-snippet:-1","max-image-preview":"max-image-preview:large","max-video-preview":"max-video-preview:-1"},"og_locale":"pt_PT","og_type":"article","og_title":"Toupeira sai da toca ao longo do dia: cr\u00f3nica - Portal Tela Portugal","og_description":"O texto recorda a inf\u00e2ncia, com fins de semana de manh\u00e3 a ver desenhos animados que abrirem portas a outros mundos e \u00e0 literatura. Destaca que alguns desenhos eram adapta\u00e7\u00f5es de grandes obras liter\u00e1rias, como A maravilhosa viagem de Nils Holgersson atrav\u00e9s da Su\u00e9cia. Refere ainda A vento nos salgueiros (Wind in the Willows), lembrando a banda sonora e a \u00e9tica de amizade, empatia e cr\u00edtica social presente na obra. Cita Winnie the Pooh de A. A. Milne, sublinhando que a obra \u00e9 um teste ao car\u00e1ter e mant\u00e9m relev\u00e2ncia na leitura atual. Conclui com a imagem da Toupeira a sair da toca na primavera, associando as leituras \u00e0 vontade de explorar o mundo e viver novas aventuras.","og_url":"https:\/\/portaltela.pt\/noticias\/2026\/02\/27\/toupeira-sai-da-toca-ao-longo-do-dia-cronica\/","og_site_name":"Portal Tela Portugal","article_published_time":"2026-02-27T14:17:00+00:00","author":"Telinha","twitter_card":"summary_large_image","twitter_misc":{"Escrito por":"Telinha","Tempo estimado de leitura":"1 minuto"},"schema":{"@context":"https:\/\/schema.org","@graph":[{"@type":"Article","@id":"https:\/\/portaltela.pt\/noticias\/2026\/02\/27\/toupeira-sai-da-toca-ao-longo-do-dia-cronica\/#article","isPartOf":{"@id":"https:\/\/portaltela.pt\/noticias\/2026\/02\/27\/toupeira-sai-da-toca-ao-longo-do-dia-cronica\/"},"author":{"name":"Telinha","@id":"https:\/\/portaltela.pt\/#\/schema\/person\/c4278d4a6028830caff9ee44b42d32ed"},"headline":"Toupeira sai da toca ao longo do dia: cr\u00f3nica","datePublished":"2026-02-27T14:17:00+00:00","mainEntityOfPage":{"@id":"https:\/\/portaltela.pt\/noticias\/2026\/02\/27\/toupeira-sai-da-toca-ao-longo-do-dia-cronica\/"},"wordCount":274,"image":{"@id":"https:\/\/portaltela.pt\/noticias\/2026\/02\/27\/toupeira-sai-da-toca-ao-longo-do-dia-cronica\/#primaryimage"},"thumbnailUrl":"https:\/\/portaltela.pt\/s.01k8rhncp4jt1\/2026\/02\/image-2016.jpg","keywords":["anima\u00e7\u00e3o","crian\u00e7as","inf\u00e2ncia","infantil","infantis","literatura"],"articleSection":["Not\u00edcias"],"inLanguage":"pt-PT"},{"@type":"WebPage","@id":"https:\/\/portaltela.pt\/noticias\/2026\/02\/27\/toupeira-sai-da-toca-ao-longo-do-dia-cronica\/","url":"https:\/\/portaltela.pt\/noticias\/2026\/02\/27\/toupeira-sai-da-toca-ao-longo-do-dia-cronica\/","name":"Toupeira sai da toca ao longo do dia: cr\u00f3nica - Portal Tela Portugal","isPartOf":{"@id":"https:\/\/portaltela.pt\/#website"},"primaryImageOfPage":{"@id":"https:\/\/portaltela.pt\/noticias\/2026\/02\/27\/toupeira-sai-da-toca-ao-longo-do-dia-cronica\/#primaryimage"},"image":{"@id":"https:\/\/portaltela.pt\/noticias\/2026\/02\/27\/toupeira-sai-da-toca-ao-longo-do-dia-cronica\/#primaryimage"},"thumbnailUrl":"https:\/\/portaltela.pt\/s.01k8rhncp4jt1\/2026\/02\/image-2016.jpg","datePublished":"2026-02-27T14:17:00+00:00","author":{"@id":"https:\/\/portaltela.pt\/#\/schema\/person\/c4278d4a6028830caff9ee44b42d32ed"},"breadcrumb":{"@id":"https:\/\/portaltela.pt\/noticias\/2026\/02\/27\/toupeira-sai-da-toca-ao-longo-do-dia-cronica\/#breadcrumb"},"inLanguage":"pt-PT","potentialAction":[{"@type":"ReadAction","target":["https:\/\/portaltela.pt\/noticias\/2026\/02\/27\/toupeira-sai-da-toca-ao-longo-do-dia-cronica\/"]}]},{"@type":"ImageObject","inLanguage":"pt-PT","@id":"https:\/\/portaltela.pt\/noticias\/2026\/02\/27\/toupeira-sai-da-toca-ao-longo-do-dia-cronica\/#primaryimage","url":"https:\/\/portaltela.pt\/s.01k8rhncp4jt1\/2026\/02\/image-2016.jpg","contentUrl":"https:\/\/portaltela.pt\/s.01k8rhncp4jt1\/2026\/02\/image-2016.jpg","width":796,"height":448,"caption":"Imagem de contexto do artigo Cr\u00f3nica: Sair da toca como um dia fez a toupeira"},{"@type":"BreadcrumbList","@id":"https:\/\/portaltela.pt\/noticias\/2026\/02\/27\/toupeira-sai-da-toca-ao-longo-do-dia-cronica\/#breadcrumb","itemListElement":[{"@type":"ListItem","position":1,"name":"In\u00edcio","item":"https:\/\/portaltela.pt\/"},{"@type":"ListItem","position":2,"name":"Toupeira sai da toca ao longo do dia: cr\u00f3nica"}]},{"@type":"WebSite","@id":"https:\/\/portaltela.pt\/#website","url":"https:\/\/portaltela.pt\/","name":"Portal Tela Portugal","description":"","potentialAction":[{"@type":"SearchAction","target":{"@type":"EntryPoint","urlTemplate":"https:\/\/portaltela.pt\/?s={search_term_string}"},"query-input":{"@type":"PropertyValueSpecification","valueRequired":true,"valueName":"search_term_string"}}],"inLanguage":"pt-PT"},{"@type":"Person","@id":"https:\/\/portaltela.pt\/#\/schema\/person\/c4278d4a6028830caff9ee44b42d32ed","name":"Telinha","image":{"@type":"ImageObject","inLanguage":"pt-PT","@id":"https:\/\/portaltela.pt\/s.01k8rhncp4jt1\/2025\/11\/talking-bot-125x125.png","url":"https:\/\/portaltela.pt\/s.01k8rhncp4jt1\/2025\/11\/talking-bot-125x125.png","contentUrl":"https:\/\/portaltela.pt\/s.01k8rhncp4jt1\/2025\/11\/talking-bot-125x125.png","caption":"Telinha"},"sameAs":["https:\/\/portaltela.pt\/"],"url":"https:\/\/portaltela.pt\/por\/367410592786\/"}]}},"_links":{"self":[{"href":"https:\/\/portaltela.pt\/api\/wp\/v2\/posts\/390876","targetHints":{"allow":["GET"]}}],"collection":[{"href":"https:\/\/portaltela.pt\/api\/wp\/v2\/posts"}],"about":[{"href":"https:\/\/portaltela.pt\/api\/wp\/v2\/types\/post"}],"author":[{"embeddable":true,"href":"https:\/\/portaltela.pt\/api\/wp\/v2\/users\/2"}],"replies":[{"embeddable":true,"href":"https:\/\/portaltela.pt\/api\/wp\/v2\/comments?post=390876"}],"version-history":[{"count":0,"href":"https:\/\/portaltela.pt\/api\/wp\/v2\/posts\/390876\/revisions"}],"wp:featuredmedia":[{"embeddable":true,"href":"https:\/\/portaltela.pt\/api\/wp\/v2\/media\/390880"}],"wp:attachment":[{"href":"https:\/\/portaltela.pt\/api\/wp\/v2\/media?parent=390876"}],"wp:term":[{"taxonomy":"category","embeddable":true,"href":"https:\/\/portaltela.pt\/api\/wp\/v2\/categories?post=390876"},{"taxonomy":"post_tag","embeddable":true,"href":"https:\/\/portaltela.pt\/api\/wp\/v2\/tags?post=390876"}],"curies":[{"name":"wp","href":"https:\/\/api.w.org\/{rel}","templated":true}]}}