{"id":390870,"date":"2026-02-27T11:25:00","date_gmt":"2026-02-27T14:25:00","guid":{"rendered":"https:\/\/portaltela.pt\/noticias\/2026\/02\/27\/presidente-da-gestao-do-pepac-assume-cargo-em-exclusividade\/"},"modified":"2026-02-27T11:25:00","modified_gmt":"2026-02-27T14:25:00","slug":"presidente-da-gestao-do-pepac-assume-cargo-em-exclusividade","status":"publish","type":"post","link":"https:\/\/portaltela.pt\/noticias\/2026\/02\/27\/presidente-da-gestao-do-pepac-assume-cargo-em-exclusividade\/","title":{"rendered":"Presidente da gest\u00e3o do PEPAC assume cargo em exclusividade"},"content":{"rendered":"<p>O Governo aprovou altera\u00e7\u00f5es \u00e0 estrutura de gest\u00e3o do PEPAC. A medida redefine o papel do presidente da comiss\u00e3o diretiva, que passa a cumprir fun\u00e7\u00f5es em exclusividade. A mudan\u00e7a envolve ainda a integra\u00e7\u00e3o de vice-presidentes das CCDR na comiss\u00e3o de gest\u00e3o.<\/p>\n<p>A resolu\u00e7\u00e3o do Conselho de Ministros foi aprovada na quinta-feira e divulgada em comunicado na sexta-feira. As altera\u00e7\u00f5es alinham a estrutura com a nova org\u00e2nica das CCDR e com o regime de governan\u00e7a do PEPAC.<\/p>\n<h3>Altera\u00e7\u00e3o na gest\u00e3o do PEPAC<\/h3>\n<p>Segundo o texto, o presidente da comiss\u00e3o diretiva passa a exercer fun\u00e7\u00f5es em regime de exclusividade. Al\u00e9m disso, os vice-presidentes das CCDR respons\u00e1veis por agricultura, desenvolvimento rural e pescas passam a integrar a comiss\u00e3o de gest\u00e3o. Rog\u00e9rio Ferreira continua como presidente da comiss\u00e3o diretiva.<\/p>\n<p>A atual comiss\u00e3o diretiva \u00e9 chefiada por Rog\u00e9rio Ferreira, antigo diretor-geral de Agricultura e Desenvolvimento Rural. As mudan\u00e7as visam refor\u00e7ar a coordena\u00e7\u00e3o entre as CCDR e a Autoridade de Gest\u00e3o do PEPAC.<\/p>\n","protected":false},"excerpt":{"rendered":"<ul>\n<li>O presidente da comiss\u00e3o diretiva da Autoridade de Gest\u00e3o do Plano Estrat\u00e9gico da Pol\u00edtica Agr\u00edcola Comum (PEPAC) passa a exercer fun\u00e7\u00f5es em regime de exclusividade.<\/li>\n<li>A comiss\u00e3o de gest\u00e3o passa a contar com vice-presidentes das CCDR respons\u00e1veis pelas \u00e1reas da agricultura, desenvolvimento rural e pescas.<\/li>\n<li>As mudan\u00e7as resultam de uma resolu\u00e7\u00e3o do Conselho de Ministros, aprovada na quinta-feira e anunciada em comunicado na sexta-feira.<\/li>\n<li>A estrutura de miss\u00e3o para gerir o PEPAC foi criada em fevereiro de 2013 e agora \u00e9 alvo de altera\u00e7\u00f5es pelo Governo.<\/li>\n<li>O atual presidente da comiss\u00e3o diretiva \u00e9 Rog\u00e9rio Ferreira, antigo diretor-geral de Agricultura e Desenvolvimento Rural; as altera\u00e7\u00f5es est\u00e3o alinhadas com a nova org\u00e2nica das CCDR.<\/li>\n<\/ul>\n","protected":false},"author":2,"featured_media":390871,"comment_status":"closed","ping_status":"closed","sticky":false,"template":"","format":"standard","meta":{"footnotes":""},"categories":[1],"tags":[4914,6457,168,5387,2415,34],"class_list":["post-390870","post","type-post","status-publish","format-standard","has-post-thumbnail","hentry","category-noticias","tag-a-agricultura","tag-a-pesca","tag-administracao-publica","tag-ccdr-centro","tag-gestao","tag-governo"],"yoast_head":"<!-- This site is optimized with the Yoast SEO plugin v27.2 - https:\/\/yoast.com\/product\/yoast-seo-wordpress\/ -->\n<title>Presidente da gest\u00e3o do PEPAC assume cargo em exclusividade - Portal Tela Portugal<\/title>\n<meta name=\"robots\" content=\"index, follow, max-snippet:-1, max-image-preview:large, max-video-preview:-1\" \/>\n<meta property=\"og:locale\" content=\"pt_PT\" \/>\n<meta property=\"og:type\" content=\"article\" \/>\n<meta property=\"og:title\" content=\"Presidente da gest\u00e3o do PEPAC assume cargo em exclusividade - Portal Tela Portugal\" \/>\n<meta property=\"og:description\" content=\"O presidente da comiss\u00e3o diretiva da Autoridade de Gest\u00e3o do Plano Estrat\u00e9gico da Pol\u00edtica Agr\u00edcola Comum (PEPAC) passa a exercer fun\u00e7\u00f5es em regime de exclusividade. A comiss\u00e3o de gest\u00e3o passa a contar com vice-presidentes das CCDR respons\u00e1veis pelas \u00e1reas da agricultura, desenvolvimento rural e pescas. As mudan\u00e7as resultam de uma resolu\u00e7\u00e3o do Conselho de Ministros, aprovada na quinta-feira e anunciada em comunicado na sexta-feira. A estrutura de miss\u00e3o para gerir o PEPAC foi criada em fevereiro de 2013 e agora \u00e9 alvo de altera\u00e7\u00f5es pelo Governo. O atual presidente da comiss\u00e3o diretiva \u00e9 Rog\u00e9rio Ferreira, antigo diretor-geral de Agricultura e Desenvolvimento Rural; as altera\u00e7\u00f5es est\u00e3o alinhadas com a nova org\u00e2nica das CCDR.\" \/>\n<meta property=\"og:url\" content=\"https:\/\/portaltela.pt\/noticias\/2026\/02\/27\/presidente-da-gestao-do-pepac-assume-cargo-em-exclusividade\/\" \/>\n<meta property=\"og:site_name\" content=\"Portal Tela Portugal\" \/>\n<meta property=\"article:published_time\" content=\"2026-02-27T14:25:00+00:00\" \/>\n<meta name=\"author\" content=\"Telinha\" \/>\n<meta name=\"twitter:card\" content=\"summary_large_image\" \/>\n<meta name=\"twitter:label1\" content=\"Escrito por\" \/>\n\t<meta name=\"twitter:data1\" content=\"Telinha\" \/>\n\t<meta name=\"twitter:label2\" content=\"Tempo estimado de leitura\" \/>\n\t<meta name=\"twitter:data2\" content=\"1 minuto\" \/>\n<script type=\"application\/ld+json\" class=\"yoast-schema-graph\">{\"@context\":\"https:\/\/schema.org\",\"@graph\":[{\"@type\":\"Article\",\"@id\":\"https:\/\/portaltela.pt\/noticias\/2026\/02\/27\/presidente-da-gestao-do-pepac-assume-cargo-em-exclusividade\/#article\",\"isPartOf\":{\"@id\":\"https:\/\/portaltela.pt\/noticias\/2026\/02\/27\/presidente-da-gestao-do-pepac-assume-cargo-em-exclusividade\/\"},\"author\":{\"name\":\"Telinha\",\"@id\":\"https:\/\/portaltela.pt\/#\/schema\/person\/c4278d4a6028830caff9ee44b42d32ed\"},\"headline\":\"Presidente da gest\u00e3o do PEPAC assume cargo em exclusividade\",\"datePublished\":\"2026-02-27T14:25:00+00:00\",\"mainEntityOfPage\":{\"@id\":\"https:\/\/portaltela.pt\/noticias\/2026\/02\/27\/presidente-da-gestao-do-pepac-assume-cargo-em-exclusividade\/\"},\"wordCount\":193,\"image\":{\"@id\":\"https:\/\/portaltela.pt\/noticias\/2026\/02\/27\/presidente-da-gestao-do-pepac-assume-cargo-em-exclusividade\/#primaryimage\"},\"thumbnailUrl\":\"https:\/\/portaltela.pt\/s.01k8rhncp4jt1\/2026\/02\/img_1280x721uu2025-01-06-17-07-06-2186497.jpg\",\"keywords\":[\"A agricultura\",\"a pesca\",\"administra\u00e7\u00e3o p\u00fablica\",\"CCDR Centro\",\"gest\u00e3o\",\"governo\"],\"articleSection\":[\"Not\u00edcias\"],\"inLanguage\":\"pt-PT\"},{\"@type\":\"WebPage\",\"@id\":\"https:\/\/portaltela.pt\/noticias\/2026\/02\/27\/presidente-da-gestao-do-pepac-assume-cargo-em-exclusividade\/\",\"url\":\"https:\/\/portaltela.pt\/noticias\/2026\/02\/27\/presidente-da-gestao-do-pepac-assume-cargo-em-exclusividade\/\",\"name\":\"Presidente da gest\u00e3o do PEPAC assume cargo em exclusividade - Portal Tela Portugal\",\"isPartOf\":{\"@id\":\"https:\/\/portaltela.pt\/#website\"},\"primaryImageOfPage\":{\"@id\":\"https:\/\/portaltela.pt\/noticias\/2026\/02\/27\/presidente-da-gestao-do-pepac-assume-cargo-em-exclusividade\/#primaryimage\"},\"image\":{\"@id\":\"https:\/\/portaltela.pt\/noticias\/2026\/02\/27\/presidente-da-gestao-do-pepac-assume-cargo-em-exclusividade\/#primaryimage\"},\"thumbnailUrl\":\"https:\/\/portaltela.pt\/s.01k8rhncp4jt1\/2026\/02\/img_1280x721uu2025-01-06-17-07-06-2186497.jpg\",\"datePublished\":\"2026-02-27T14:25:00+00:00\",\"author\":{\"@id\":\"https:\/\/portaltela.pt\/#\/schema\/person\/c4278d4a6028830caff9ee44b42d32ed\"},\"breadcrumb\":{\"@id\":\"https:\/\/portaltela.pt\/noticias\/2026\/02\/27\/presidente-da-gestao-do-pepac-assume-cargo-em-exclusividade\/#breadcrumb\"},\"inLanguage\":\"pt-PT\",\"potentialAction\":[{\"@type\":\"ReadAction\",\"target\":[\"https:\/\/portaltela.pt\/noticias\/2026\/02\/27\/presidente-da-gestao-do-pepac-assume-cargo-em-exclusividade\/\"]}]},{\"@type\":\"ImageObject\",\"inLanguage\":\"pt-PT\",\"@id\":\"https:\/\/portaltela.pt\/noticias\/2026\/02\/27\/presidente-da-gestao-do-pepac-assume-cargo-em-exclusividade\/#primaryimage\",\"url\":\"https:\/\/portaltela.pt\/s.01k8rhncp4jt1\/2026\/02\/img_1280x721uu2025-01-06-17-07-06-2186497.jpg\",\"contentUrl\":\"https:\/\/portaltela.pt\/s.01k8rhncp4jt1\/2026\/02\/img_1280x721uu2025-01-06-17-07-06-2186497.jpg\",\"width\":796,\"height\":448,\"caption\":\"Agricultura\"},{\"@type\":\"BreadcrumbList\",\"@id\":\"https:\/\/portaltela.pt\/noticias\/2026\/02\/27\/presidente-da-gestao-do-pepac-assume-cargo-em-exclusividade\/#breadcrumb\",\"itemListElement\":[{\"@type\":\"ListItem\",\"position\":1,\"name\":\"In\u00edcio\",\"item\":\"https:\/\/portaltela.pt\/\"},{\"@type\":\"ListItem\",\"position\":2,\"name\":\"Presidente da gest\u00e3o do PEPAC assume cargo em exclusividade\"}]},{\"@type\":\"WebSite\",\"@id\":\"https:\/\/portaltela.pt\/#website\",\"url\":\"https:\/\/portaltela.pt\/\",\"name\":\"Portal Tela Portugal\",\"description\":\"\",\"potentialAction\":[{\"@type\":\"SearchAction\",\"target\":{\"@type\":\"EntryPoint\",\"urlTemplate\":\"https:\/\/portaltela.pt\/?s={search_term_string}\"},\"query-input\":{\"@type\":\"PropertyValueSpecification\",\"valueRequired\":true,\"valueName\":\"search_term_string\"}}],\"inLanguage\":\"pt-PT\"},{\"@type\":\"Person\",\"@id\":\"https:\/\/portaltela.pt\/#\/schema\/person\/c4278d4a6028830caff9ee44b42d32ed\",\"name\":\"Telinha\",\"image\":{\"@type\":\"ImageObject\",\"inLanguage\":\"pt-PT\",\"@id\":\"https:\/\/portaltela.pt\/s.01k8rhncp4jt1\/2025\/11\/talking-bot-125x125.png\",\"url\":\"https:\/\/portaltela.pt\/s.01k8rhncp4jt1\/2025\/11\/talking-bot-125x125.png\",\"contentUrl\":\"https:\/\/portaltela.pt\/s.01k8rhncp4jt1\/2025\/11\/talking-bot-125x125.png\",\"caption\":\"Telinha\"},\"sameAs\":[\"https:\/\/portaltela.pt\/\"],\"url\":\"https:\/\/portaltela.pt\/por\/367410592786\/\"}]}<\/script>\n<!-- \/ Yoast SEO plugin. -->","yoast_head_json":{"title":"Presidente da gest\u00e3o do PEPAC assume cargo em exclusividade - Portal Tela Portugal","robots":{"index":"index","follow":"follow","max-snippet":"max-snippet:-1","max-image-preview":"max-image-preview:large","max-video-preview":"max-video-preview:-1"},"og_locale":"pt_PT","og_type":"article","og_title":"Presidente da gest\u00e3o do PEPAC assume cargo em exclusividade - Portal Tela Portugal","og_description":"O presidente da comiss\u00e3o diretiva da Autoridade de Gest\u00e3o do Plano Estrat\u00e9gico da Pol\u00edtica Agr\u00edcola Comum (PEPAC) passa a exercer fun\u00e7\u00f5es em regime de exclusividade. A comiss\u00e3o de gest\u00e3o passa a contar com vice-presidentes das CCDR respons\u00e1veis pelas \u00e1reas da agricultura, desenvolvimento rural e pescas. As mudan\u00e7as resultam de uma resolu\u00e7\u00e3o do Conselho de Ministros, aprovada na quinta-feira e anunciada em comunicado na sexta-feira. A estrutura de miss\u00e3o para gerir o PEPAC foi criada em fevereiro de 2013 e agora \u00e9 alvo de altera\u00e7\u00f5es pelo Governo. O atual presidente da comiss\u00e3o diretiva \u00e9 Rog\u00e9rio Ferreira, antigo diretor-geral de Agricultura e Desenvolvimento Rural; as altera\u00e7\u00f5es est\u00e3o alinhadas com a nova org\u00e2nica das CCDR.","og_url":"https:\/\/portaltela.pt\/noticias\/2026\/02\/27\/presidente-da-gestao-do-pepac-assume-cargo-em-exclusividade\/","og_site_name":"Portal Tela Portugal","article_published_time":"2026-02-27T14:25:00+00:00","author":"Telinha","twitter_card":"summary_large_image","twitter_misc":{"Escrito por":"Telinha","Tempo estimado de leitura":"1 minuto"},"schema":{"@context":"https:\/\/schema.org","@graph":[{"@type":"Article","@id":"https:\/\/portaltela.pt\/noticias\/2026\/02\/27\/presidente-da-gestao-do-pepac-assume-cargo-em-exclusividade\/#article","isPartOf":{"@id":"https:\/\/portaltela.pt\/noticias\/2026\/02\/27\/presidente-da-gestao-do-pepac-assume-cargo-em-exclusividade\/"},"author":{"name":"Telinha","@id":"https:\/\/portaltela.pt\/#\/schema\/person\/c4278d4a6028830caff9ee44b42d32ed"},"headline":"Presidente da gest\u00e3o do PEPAC assume cargo em exclusividade","datePublished":"2026-02-27T14:25:00+00:00","mainEntityOfPage":{"@id":"https:\/\/portaltela.pt\/noticias\/2026\/02\/27\/presidente-da-gestao-do-pepac-assume-cargo-em-exclusividade\/"},"wordCount":193,"image":{"@id":"https:\/\/portaltela.pt\/noticias\/2026\/02\/27\/presidente-da-gestao-do-pepac-assume-cargo-em-exclusividade\/#primaryimage"},"thumbnailUrl":"https:\/\/portaltela.pt\/s.01k8rhncp4jt1\/2026\/02\/img_1280x721uu2025-01-06-17-07-06-2186497.jpg","keywords":["A agricultura","a pesca","administra\u00e7\u00e3o p\u00fablica","CCDR Centro","gest\u00e3o","governo"],"articleSection":["Not\u00edcias"],"inLanguage":"pt-PT"},{"@type":"WebPage","@id":"https:\/\/portaltela.pt\/noticias\/2026\/02\/27\/presidente-da-gestao-do-pepac-assume-cargo-em-exclusividade\/","url":"https:\/\/portaltela.pt\/noticias\/2026\/02\/27\/presidente-da-gestao-do-pepac-assume-cargo-em-exclusividade\/","name":"Presidente da gest\u00e3o do PEPAC assume cargo em exclusividade - Portal Tela Portugal","isPartOf":{"@id":"https:\/\/portaltela.pt\/#website"},"primaryImageOfPage":{"@id":"https:\/\/portaltela.pt\/noticias\/2026\/02\/27\/presidente-da-gestao-do-pepac-assume-cargo-em-exclusividade\/#primaryimage"},"image":{"@id":"https:\/\/portaltela.pt\/noticias\/2026\/02\/27\/presidente-da-gestao-do-pepac-assume-cargo-em-exclusividade\/#primaryimage"},"thumbnailUrl":"https:\/\/portaltela.pt\/s.01k8rhncp4jt1\/2026\/02\/img_1280x721uu2025-01-06-17-07-06-2186497.jpg","datePublished":"2026-02-27T14:25:00+00:00","author":{"@id":"https:\/\/portaltela.pt\/#\/schema\/person\/c4278d4a6028830caff9ee44b42d32ed"},"breadcrumb":{"@id":"https:\/\/portaltela.pt\/noticias\/2026\/02\/27\/presidente-da-gestao-do-pepac-assume-cargo-em-exclusividade\/#breadcrumb"},"inLanguage":"pt-PT","potentialAction":[{"@type":"ReadAction","target":["https:\/\/portaltela.pt\/noticias\/2026\/02\/27\/presidente-da-gestao-do-pepac-assume-cargo-em-exclusividade\/"]}]},{"@type":"ImageObject","inLanguage":"pt-PT","@id":"https:\/\/portaltela.pt\/noticias\/2026\/02\/27\/presidente-da-gestao-do-pepac-assume-cargo-em-exclusividade\/#primaryimage","url":"https:\/\/portaltela.pt\/s.01k8rhncp4jt1\/2026\/02\/img_1280x721uu2025-01-06-17-07-06-2186497.jpg","contentUrl":"https:\/\/portaltela.pt\/s.01k8rhncp4jt1\/2026\/02\/img_1280x721uu2025-01-06-17-07-06-2186497.jpg","width":796,"height":448,"caption":"Agricultura"},{"@type":"BreadcrumbList","@id":"https:\/\/portaltela.pt\/noticias\/2026\/02\/27\/presidente-da-gestao-do-pepac-assume-cargo-em-exclusividade\/#breadcrumb","itemListElement":[{"@type":"ListItem","position":1,"name":"In\u00edcio","item":"https:\/\/portaltela.pt\/"},{"@type":"ListItem","position":2,"name":"Presidente da gest\u00e3o do PEPAC assume cargo em exclusividade"}]},{"@type":"WebSite","@id":"https:\/\/portaltela.pt\/#website","url":"https:\/\/portaltela.pt\/","name":"Portal Tela Portugal","description":"","potentialAction":[{"@type":"SearchAction","target":{"@type":"EntryPoint","urlTemplate":"https:\/\/portaltela.pt\/?s={search_term_string}"},"query-input":{"@type":"PropertyValueSpecification","valueRequired":true,"valueName":"search_term_string"}}],"inLanguage":"pt-PT"},{"@type":"Person","@id":"https:\/\/portaltela.pt\/#\/schema\/person\/c4278d4a6028830caff9ee44b42d32ed","name":"Telinha","image":{"@type":"ImageObject","inLanguage":"pt-PT","@id":"https:\/\/portaltela.pt\/s.01k8rhncp4jt1\/2025\/11\/talking-bot-125x125.png","url":"https:\/\/portaltela.pt\/s.01k8rhncp4jt1\/2025\/11\/talking-bot-125x125.png","contentUrl":"https:\/\/portaltela.pt\/s.01k8rhncp4jt1\/2025\/11\/talking-bot-125x125.png","caption":"Telinha"},"sameAs":["https:\/\/portaltela.pt\/"],"url":"https:\/\/portaltela.pt\/por\/367410592786\/"}]}},"_links":{"self":[{"href":"https:\/\/portaltela.pt\/api\/wp\/v2\/posts\/390870","targetHints":{"allow":["GET"]}}],"collection":[{"href":"https:\/\/portaltela.pt\/api\/wp\/v2\/posts"}],"about":[{"href":"https:\/\/portaltela.pt\/api\/wp\/v2\/types\/post"}],"author":[{"embeddable":true,"href":"https:\/\/portaltela.pt\/api\/wp\/v2\/users\/2"}],"replies":[{"embeddable":true,"href":"https:\/\/portaltela.pt\/api\/wp\/v2\/comments?post=390870"}],"version-history":[{"count":0,"href":"https:\/\/portaltela.pt\/api\/wp\/v2\/posts\/390870\/revisions"}],"wp:featuredmedia":[{"embeddable":true,"href":"https:\/\/portaltela.pt\/api\/wp\/v2\/media\/390871"}],"wp:attachment":[{"href":"https:\/\/portaltela.pt\/api\/wp\/v2\/media?parent=390870"}],"wp:term":[{"taxonomy":"category","embeddable":true,"href":"https:\/\/portaltela.pt\/api\/wp\/v2\/categories?post=390870"},{"taxonomy":"post_tag","embeddable":true,"href":"https:\/\/portaltela.pt\/api\/wp\/v2\/tags?post=390870"}],"curies":[{"name":"wp","href":"https:\/\/api.w.org\/{rel}","templated":true}]}}