{"id":390843,"date":"2026-02-27T11:06:17","date_gmt":"2026-02-27T14:06:17","guid":{"rendered":"https:\/\/portaltela.pt\/noticias\/2026\/02\/27\/leo-chu-deixa-o-alverca\/"},"modified":"2026-02-27T11:06:17","modified_gmt":"2026-02-27T14:06:17","slug":"leo-chu-deixa-o-alverca","status":"publish","type":"post","link":"https:\/\/portaltela.pt\/desporto\/futebol\/2026\/02\/27\/leo-chu-deixa-o-alverca\/","title":{"rendered":"Leo Chu deixa o Alverca"},"content":{"rendered":"<p>Leo Chu deixa o Alverca ap\u00f3s acordo de empr\u00e9stimo com o Athletic MG. A informa\u00e7\u00e3o foi adiantada pela Record no final de janeiro. O extremo brasileiro, de 25 anos, chegou aos ribatejanos no in\u00edcio da \u00e9poca 2025\/2026.<\/p>\n<p>O jogador saiu vindo de FC Dallas, dos Estados Unidos, e ficar\u00e1 cedido ao Athletic MG, da S\u00e9rie B do Brasileir\u00e3o, at\u00e9 ao final da presente temporada no Brasil, em dezembro.<\/p>\n<p>N\u00e3o estreou pela equipa de Alverca devido a uma les\u00e3o no joelho direito. Integrado no grupo no in\u00edcio de 2026, n\u00e3o chegou a ser op\u00e7\u00e3o de Cust\u00f3dio Castro.<\/p>\n<h3>Empr\u00e9stimo ao Athletic MG<\/h3>\n<p>O acordo envolve o Athletic MG, clube da S\u00e9rie B detido pelos mesmos propriet\u00e1rios do Alverca, com o empr\u00e9stimo v\u00e1lido at\u00e9 dezembro da presente temporada. A opera\u00e7\u00e3o mant\u00e9m o v\u00ednculo entre os clubes e o futebol brasileiro como destino do atleta.<\/p>\n","protected":false},"excerpt":{"rendered":"<ul>\n<li>Leo Chu vai deixar o Alverca e ser\u00e1 cedido ao Athletic MG at\u00e9 ao final da presente temporada desportiva no Brasil (dezembro).<\/li>\n<li>O extremo brasileiro, de 25 anos, chegou aos ribatejanos no in\u00edcio da \u00e9poca 2025\/2026, vindo do FC Dallas (Football Club Dallas).<\/li>\n<li>O Athletic MG pertence aos mesmos propriet\u00e1rios do Alverca e disputa a s\u00e9rie B do Brasileir\u00e3o.<\/li>\n<li>O acordo de ced\u00eancia mant\u00e9m o jogador fora do plantel do Alverca durante o per\u00edodo de empr\u00e9stimo.<\/li>\n<li>Leo Chu nunca estreou pela camisola do Alverca, devido a uma les\u00e3o no joelho direito; integrou o grupo no in\u00edcio de 2026, mas n\u00e3o foi op\u00e7\u00e3o de Cust\u00f3dio Castro.<\/li>\n<\/ul>\n","protected":false},"author":2,"featured_media":390852,"comment_status":"closed","ping_status":"closed","sticky":false,"template":"","format":"standard","meta":{"footnotes":""},"categories":[21,24],"tags":[2547,2457,1600,32,1021,2050],"class_list":["post-390843","post","type-post","status-publish","format-standard","has-post-thumbnail","hentry","category-desporto","category-futebol","tag-brasil","tag-emprestimos","tag-estados-unidos","tag-futebol","tag-futebolistas","tag-transferencias"],"yoast_head":"<!-- This site is optimized with the Yoast SEO plugin v27.2 - https:\/\/yoast.com\/product\/yoast-seo-wordpress\/ -->\n<title>Leo Chu deixa o Alverca - Portal Tela Portugal<\/title>\n<meta name=\"robots\" content=\"index, follow, max-snippet:-1, max-image-preview:large, max-video-preview:-1\" \/>\n<meta property=\"og:locale\" content=\"pt_PT\" \/>\n<meta property=\"og:type\" content=\"article\" \/>\n<meta property=\"og:title\" content=\"Leo Chu deixa o Alverca - Portal Tela Portugal\" \/>\n<meta property=\"og:description\" content=\"Leo Chu vai deixar o Alverca e ser\u00e1 cedido ao Athletic MG at\u00e9 ao final da presente temporada desportiva no Brasil (dezembro). O extremo brasileiro, de 25 anos, chegou aos ribatejanos no in\u00edcio da \u00e9poca 2025\/2026, vindo do FC Dallas (Football Club Dallas). O Athletic MG pertence aos mesmos propriet\u00e1rios do Alverca e disputa a s\u00e9rie B do Brasileir\u00e3o. O acordo de ced\u00eancia mant\u00e9m o jogador fora do plantel do Alverca durante o per\u00edodo de empr\u00e9stimo. Leo Chu nunca estreou pela camisola do Alverca, devido a uma les\u00e3o no joelho direito; integrou o grupo no in\u00edcio de 2026, mas n\u00e3o foi op\u00e7\u00e3o de Cust\u00f3dio Castro.\" \/>\n<meta property=\"og:url\" content=\"https:\/\/portaltela.pt\/noticias\/2026\/02\/27\/leo-chu-deixa-o-alverca\/\" \/>\n<meta property=\"og:site_name\" content=\"Portal Tela Portugal\" \/>\n<meta property=\"article:published_time\" content=\"2026-02-27T14:06:17+00:00\" \/>\n<meta name=\"author\" content=\"Telinha\" \/>\n<meta name=\"twitter:card\" content=\"summary_large_image\" \/>\n<meta name=\"twitter:label1\" content=\"Escrito por\" \/>\n\t<meta name=\"twitter:data1\" content=\"Telinha\" \/>\n\t<meta name=\"twitter:label2\" content=\"Tempo estimado de leitura\" \/>\n\t<meta name=\"twitter:data2\" content=\"1 minuto\" \/>\n<script type=\"application\/ld+json\" class=\"yoast-schema-graph\">{\"@context\":\"https:\/\/schema.org\",\"@graph\":[{\"@type\":\"Article\",\"@id\":\"https:\/\/portaltela.pt\/noticias\/2026\/02\/27\/leo-chu-deixa-o-alverca\/#article\",\"isPartOf\":{\"@id\":\"https:\/\/portaltela.pt\/noticias\/2026\/02\/27\/leo-chu-deixa-o-alverca\/\"},\"author\":{\"name\":\"Telinha\",\"@id\":\"https:\/\/portaltela.pt\/#\/schema\/person\/c4278d4a6028830caff9ee44b42d32ed\"},\"headline\":\"Leo Chu deixa o Alverca\",\"datePublished\":\"2026-02-27T14:06:17+00:00\",\"mainEntityOfPage\":{\"@id\":\"https:\/\/portaltela.pt\/noticias\/2026\/02\/27\/leo-chu-deixa-o-alverca\/\"},\"wordCount\":163,\"image\":{\"@id\":\"https:\/\/portaltela.pt\/noticias\/2026\/02\/27\/leo-chu-deixa-o-alverca\/#primaryimage\"},\"thumbnailUrl\":\"https:\/\/portaltela.pt\/s.01k8rhncp4jt1\/2026\/02\/img_920x518uu2025-07-12-14-45-53-2376179-im-639053992262257165.jpg\",\"keywords\":[\"Brasil\",\"empr\u00e9stimos\",\"Estados Unidos\",\"futebol\",\"futebolistas\",\"transfer\u00eancias\"],\"articleSection\":[\"Desporto\",\"Futebol\"],\"inLanguage\":\"pt-PT\"},{\"@type\":\"WebPage\",\"@id\":\"https:\/\/portaltela.pt\/noticias\/2026\/02\/27\/leo-chu-deixa-o-alverca\/\",\"url\":\"https:\/\/portaltela.pt\/noticias\/2026\/02\/27\/leo-chu-deixa-o-alverca\/\",\"name\":\"Leo Chu deixa o Alverca - Portal Tela Portugal\",\"isPartOf\":{\"@id\":\"https:\/\/portaltela.pt\/#website\"},\"primaryImageOfPage\":{\"@id\":\"https:\/\/portaltela.pt\/noticias\/2026\/02\/27\/leo-chu-deixa-o-alverca\/#primaryimage\"},\"image\":{\"@id\":\"https:\/\/portaltela.pt\/noticias\/2026\/02\/27\/leo-chu-deixa-o-alverca\/#primaryimage\"},\"thumbnailUrl\":\"https:\/\/portaltela.pt\/s.01k8rhncp4jt1\/2026\/02\/img_920x518uu2025-07-12-14-45-53-2376179-im-639053992262257165.jpg\",\"datePublished\":\"2026-02-27T14:06:17+00:00\",\"author\":{\"@id\":\"https:\/\/portaltela.pt\/#\/schema\/person\/c4278d4a6028830caff9ee44b42d32ed\"},\"breadcrumb\":{\"@id\":\"https:\/\/portaltela.pt\/noticias\/2026\/02\/27\/leo-chu-deixa-o-alverca\/#breadcrumb\"},\"inLanguage\":\"pt-PT\",\"potentialAction\":[{\"@type\":\"ReadAction\",\"target\":[\"https:\/\/portaltela.pt\/noticias\/2026\/02\/27\/leo-chu-deixa-o-alverca\/\"]}]},{\"@type\":\"ImageObject\",\"inLanguage\":\"pt-PT\",\"@id\":\"https:\/\/portaltela.pt\/noticias\/2026\/02\/27\/leo-chu-deixa-o-alverca\/#primaryimage\",\"url\":\"https:\/\/portaltela.pt\/s.01k8rhncp4jt1\/2026\/02\/img_920x518uu2025-07-12-14-45-53-2376179-im-639053992262257165.jpg\",\"contentUrl\":\"https:\/\/portaltela.pt\/s.01k8rhncp4jt1\/2026\/02\/img_920x518uu2025-07-12-14-45-53-2376179-im-639053992262257165.jpg\",\"width\":796,\"height\":448,\"caption\":\"L\u00e9o Ch\u00fad deixa Alverca\"},{\"@type\":\"BreadcrumbList\",\"@id\":\"https:\/\/portaltela.pt\/noticias\/2026\/02\/27\/leo-chu-deixa-o-alverca\/#breadcrumb\",\"itemListElement\":[{\"@type\":\"ListItem\",\"position\":1,\"name\":\"In\u00edcio\",\"item\":\"https:\/\/portaltela.pt\/\"},{\"@type\":\"ListItem\",\"position\":2,\"name\":\"Leo Chu deixa o Alverca\"}]},{\"@type\":\"WebSite\",\"@id\":\"https:\/\/portaltela.pt\/#website\",\"url\":\"https:\/\/portaltela.pt\/\",\"name\":\"Portal Tela Portugal\",\"description\":\"\",\"potentialAction\":[{\"@type\":\"SearchAction\",\"target\":{\"@type\":\"EntryPoint\",\"urlTemplate\":\"https:\/\/portaltela.pt\/?s={search_term_string}\"},\"query-input\":{\"@type\":\"PropertyValueSpecification\",\"valueRequired\":true,\"valueName\":\"search_term_string\"}}],\"inLanguage\":\"pt-PT\"},{\"@type\":\"Person\",\"@id\":\"https:\/\/portaltela.pt\/#\/schema\/person\/c4278d4a6028830caff9ee44b42d32ed\",\"name\":\"Telinha\",\"image\":{\"@type\":\"ImageObject\",\"inLanguage\":\"pt-PT\",\"@id\":\"https:\/\/portaltela.pt\/s.01k8rhncp4jt1\/2025\/11\/talking-bot-125x125.png\",\"url\":\"https:\/\/portaltela.pt\/s.01k8rhncp4jt1\/2025\/11\/talking-bot-125x125.png\",\"contentUrl\":\"https:\/\/portaltela.pt\/s.01k8rhncp4jt1\/2025\/11\/talking-bot-125x125.png\",\"caption\":\"Telinha\"},\"sameAs\":[\"https:\/\/portaltela.pt\/\"],\"url\":\"https:\/\/portaltela.pt\/por\/367410592786\/\"}]}<\/script>\n<!-- \/ Yoast SEO plugin. -->","yoast_head_json":{"title":"Leo Chu deixa o Alverca - Portal Tela Portugal","robots":{"index":"index","follow":"follow","max-snippet":"max-snippet:-1","max-image-preview":"max-image-preview:large","max-video-preview":"max-video-preview:-1"},"og_locale":"pt_PT","og_type":"article","og_title":"Leo Chu deixa o Alverca - Portal Tela Portugal","og_description":"Leo Chu vai deixar o Alverca e ser\u00e1 cedido ao Athletic MG at\u00e9 ao final da presente temporada desportiva no Brasil (dezembro). O extremo brasileiro, de 25 anos, chegou aos ribatejanos no in\u00edcio da \u00e9poca 2025\/2026, vindo do FC Dallas (Football Club Dallas). O Athletic MG pertence aos mesmos propriet\u00e1rios do Alverca e disputa a s\u00e9rie B do Brasileir\u00e3o. O acordo de ced\u00eancia mant\u00e9m o jogador fora do plantel do Alverca durante o per\u00edodo de empr\u00e9stimo. Leo Chu nunca estreou pela camisola do Alverca, devido a uma les\u00e3o no joelho direito; integrou o grupo no in\u00edcio de 2026, mas n\u00e3o foi op\u00e7\u00e3o de Cust\u00f3dio Castro.","og_url":"https:\/\/portaltela.pt\/noticias\/2026\/02\/27\/leo-chu-deixa-o-alverca\/","og_site_name":"Portal Tela Portugal","article_published_time":"2026-02-27T14:06:17+00:00","author":"Telinha","twitter_card":"summary_large_image","twitter_misc":{"Escrito por":"Telinha","Tempo estimado de leitura":"1 minuto"},"schema":{"@context":"https:\/\/schema.org","@graph":[{"@type":"Article","@id":"https:\/\/portaltela.pt\/noticias\/2026\/02\/27\/leo-chu-deixa-o-alverca\/#article","isPartOf":{"@id":"https:\/\/portaltela.pt\/noticias\/2026\/02\/27\/leo-chu-deixa-o-alverca\/"},"author":{"name":"Telinha","@id":"https:\/\/portaltela.pt\/#\/schema\/person\/c4278d4a6028830caff9ee44b42d32ed"},"headline":"Leo Chu deixa o Alverca","datePublished":"2026-02-27T14:06:17+00:00","mainEntityOfPage":{"@id":"https:\/\/portaltela.pt\/noticias\/2026\/02\/27\/leo-chu-deixa-o-alverca\/"},"wordCount":163,"image":{"@id":"https:\/\/portaltela.pt\/noticias\/2026\/02\/27\/leo-chu-deixa-o-alverca\/#primaryimage"},"thumbnailUrl":"https:\/\/portaltela.pt\/s.01k8rhncp4jt1\/2026\/02\/img_920x518uu2025-07-12-14-45-53-2376179-im-639053992262257165.jpg","keywords":["Brasil","empr\u00e9stimos","Estados Unidos","futebol","futebolistas","transfer\u00eancias"],"articleSection":["Desporto","Futebol"],"inLanguage":"pt-PT"},{"@type":"WebPage","@id":"https:\/\/portaltela.pt\/noticias\/2026\/02\/27\/leo-chu-deixa-o-alverca\/","url":"https:\/\/portaltela.pt\/noticias\/2026\/02\/27\/leo-chu-deixa-o-alverca\/","name":"Leo Chu deixa o Alverca - Portal Tela Portugal","isPartOf":{"@id":"https:\/\/portaltela.pt\/#website"},"primaryImageOfPage":{"@id":"https:\/\/portaltela.pt\/noticias\/2026\/02\/27\/leo-chu-deixa-o-alverca\/#primaryimage"},"image":{"@id":"https:\/\/portaltela.pt\/noticias\/2026\/02\/27\/leo-chu-deixa-o-alverca\/#primaryimage"},"thumbnailUrl":"https:\/\/portaltela.pt\/s.01k8rhncp4jt1\/2026\/02\/img_920x518uu2025-07-12-14-45-53-2376179-im-639053992262257165.jpg","datePublished":"2026-02-27T14:06:17+00:00","author":{"@id":"https:\/\/portaltela.pt\/#\/schema\/person\/c4278d4a6028830caff9ee44b42d32ed"},"breadcrumb":{"@id":"https:\/\/portaltela.pt\/noticias\/2026\/02\/27\/leo-chu-deixa-o-alverca\/#breadcrumb"},"inLanguage":"pt-PT","potentialAction":[{"@type":"ReadAction","target":["https:\/\/portaltela.pt\/noticias\/2026\/02\/27\/leo-chu-deixa-o-alverca\/"]}]},{"@type":"ImageObject","inLanguage":"pt-PT","@id":"https:\/\/portaltela.pt\/noticias\/2026\/02\/27\/leo-chu-deixa-o-alverca\/#primaryimage","url":"https:\/\/portaltela.pt\/s.01k8rhncp4jt1\/2026\/02\/img_920x518uu2025-07-12-14-45-53-2376179-im-639053992262257165.jpg","contentUrl":"https:\/\/portaltela.pt\/s.01k8rhncp4jt1\/2026\/02\/img_920x518uu2025-07-12-14-45-53-2376179-im-639053992262257165.jpg","width":796,"height":448,"caption":"L\u00e9o Ch\u00fad deixa Alverca"},{"@type":"BreadcrumbList","@id":"https:\/\/portaltela.pt\/noticias\/2026\/02\/27\/leo-chu-deixa-o-alverca\/#breadcrumb","itemListElement":[{"@type":"ListItem","position":1,"name":"In\u00edcio","item":"https:\/\/portaltela.pt\/"},{"@type":"ListItem","position":2,"name":"Leo Chu deixa o Alverca"}]},{"@type":"WebSite","@id":"https:\/\/portaltela.pt\/#website","url":"https:\/\/portaltela.pt\/","name":"Portal Tela Portugal","description":"","potentialAction":[{"@type":"SearchAction","target":{"@type":"EntryPoint","urlTemplate":"https:\/\/portaltela.pt\/?s={search_term_string}"},"query-input":{"@type":"PropertyValueSpecification","valueRequired":true,"valueName":"search_term_string"}}],"inLanguage":"pt-PT"},{"@type":"Person","@id":"https:\/\/portaltela.pt\/#\/schema\/person\/c4278d4a6028830caff9ee44b42d32ed","name":"Telinha","image":{"@type":"ImageObject","inLanguage":"pt-PT","@id":"https:\/\/portaltela.pt\/s.01k8rhncp4jt1\/2025\/11\/talking-bot-125x125.png","url":"https:\/\/portaltela.pt\/s.01k8rhncp4jt1\/2025\/11\/talking-bot-125x125.png","contentUrl":"https:\/\/portaltela.pt\/s.01k8rhncp4jt1\/2025\/11\/talking-bot-125x125.png","caption":"Telinha"},"sameAs":["https:\/\/portaltela.pt\/"],"url":"https:\/\/portaltela.pt\/por\/367410592786\/"}]}},"_links":{"self":[{"href":"https:\/\/portaltela.pt\/api\/wp\/v2\/posts\/390843","targetHints":{"allow":["GET"]}}],"collection":[{"href":"https:\/\/portaltela.pt\/api\/wp\/v2\/posts"}],"about":[{"href":"https:\/\/portaltela.pt\/api\/wp\/v2\/types\/post"}],"author":[{"embeddable":true,"href":"https:\/\/portaltela.pt\/api\/wp\/v2\/users\/2"}],"replies":[{"embeddable":true,"href":"https:\/\/portaltela.pt\/api\/wp\/v2\/comments?post=390843"}],"version-history":[{"count":0,"href":"https:\/\/portaltela.pt\/api\/wp\/v2\/posts\/390843\/revisions"}],"wp:featuredmedia":[{"embeddable":true,"href":"https:\/\/portaltela.pt\/api\/wp\/v2\/media\/390852"}],"wp:attachment":[{"href":"https:\/\/portaltela.pt\/api\/wp\/v2\/media?parent=390843"}],"wp:term":[{"taxonomy":"category","embeddable":true,"href":"https:\/\/portaltela.pt\/api\/wp\/v2\/categories?post=390843"},{"taxonomy":"post_tag","embeddable":true,"href":"https:\/\/portaltela.pt\/api\/wp\/v2\/tags?post=390843"}],"curies":[{"name":"wp","href":"https:\/\/api.w.org\/{rel}","templated":true}]}}