{"id":390774,"date":"2026-02-27T10:26:16","date_gmt":"2026-02-27T13:26:16","guid":{"rendered":"https:\/\/portaltela.pt\/noticias\/2026\/02\/27\/azores-airlines-inicia-em-maio-ligacao-direta-entre-terceira-e-madeira\/"},"modified":"2026-02-27T10:26:16","modified_gmt":"2026-02-27T13:26:16","slug":"azores-airlines-inicia-em-maio-ligacao-direta-entre-terceira-e-madeira","status":"publish","type":"post","link":"https:\/\/portaltela.pt\/noticias\/2026\/02\/27\/azores-airlines-inicia-em-maio-ligacao-direta-entre-terceira-e-madeira\/","title":{"rendered":"Azores Airlines inicia em maio liga\u00e7\u00e3o direta entre Terceira e Madeira"},"content":{"rendered":"<p>A Azores Airlines anunciou o in\u00edcio de uma nova liga\u00e7\u00e3o direta entre Terceira, nos A\u00e7ores, e a Madeira. A opera\u00e7\u00e3o tem in\u00edcio previsto para 7 de maio, com voos \u00e0s quintas-feiras e regresso no dia seguinte.<\/p>\n<p>A rota, apresentada na BTL em Lisboa, resulta da atualiza\u00e7\u00e3o das obriga\u00e7\u00f5es de servi\u00e7o p\u00fablico. No per\u00edodo de maior procura, de junho a setembro, a frequ\u00eancia sobe para duas liga\u00e7\u00f5es semanais.<\/p>\n<p>At\u00e9 agora, as liga\u00e7\u00f5es entre os arquip\u00e9lagos eram apenas entre Ponta Delgada e Funchal. Com a Terceira-Madeira, passam a existir 12 frequ\u00eancias semanais entre os A\u00e7ores e a Madeira no ver\u00e3o.<\/p>\n<h3>Contexto financeiro e institucional<\/h3>\n<p>O Governo aprovou a reprograma\u00e7\u00e3o de encargos das obriga\u00e7\u00f5es de servi\u00e7o p\u00fablico no transporte a\u00e9reo entre os A\u00e7ores, o continente e a Madeira, num montante de 62,5 milh\u00f5es de euros para 2026-2031. A SATA\/TAP foi o \u00fanico concorrente.<\/p>\n<p>Al\u00e9m disso, o Executivo aumentou em 17,5 milh\u00f5es de euros as liga\u00e7\u00f5es de servi\u00e7o p\u00fablico entre os A\u00e7ores, o continente e a Madeira, depois de o concurso anterior ter ficado deserto.<\/p>\n","protected":false},"excerpt":{"rendered":"<ul>\n<li>A Azores Airlines inicia em 07 de maio uma liga\u00e7\u00e3o direta entre Terceira e a Madeira, com voos \u00e0s quintas-feiras e regresso no dia seguinte.<\/li>\n<li>No auge da \u00e9poca, h\u00e1 uma segunda opera\u00e7\u00e3o adicional \u00e0 segunda-feira, mantendo-se o regresso no dia seguinte; a frequ\u00eancia sobe para duas por semana entre junho e setembro.<\/li>\n<li>A nova rota faz parte das obriga\u00e7\u00f5es de servi\u00e7o p\u00fablico atualizadas, passando a incluir Terceira\u2013Madeira na oferta entre os dois arquip\u00e9lagos.<\/li>\n<li>Com a abertura da liga\u00e7\u00e3o, passam a haver doze frequ\u00eancias semanais entre A\u00e7ores e Madeira no ver\u00e3o; anteriormente as liga\u00e7\u00f5es eram apenas entre Ponta Delgada e Funchal.<\/li>\n<li>O Governo aprovou a reprograma\u00e7\u00e3o de encargos das obriga\u00e7\u00f5es de servi\u00e7o p\u00fablico, num montante de 62,5 milh\u00f5es de euros para 2026-2031, abrangendo tamb\u00e9m liga\u00e7\u00f5es Madeira-S\u00e3o Miguel e Madeira-Terceira, com refor\u00e7o de 17,5 milh\u00f5es para A\u00e7ores-continente e Madeira.<\/li>\n<\/ul>\n","protected":false},"author":2,"featured_media":390786,"comment_status":"closed","ping_status":"closed","sticky":false,"template":"","format":"standard","meta":{"footnotes":""},"categories":[1],"tags":[822,3302,859,2789,5784],"class_list":["post-390774","post","type-post","status-publish","format-standard","has-post-thumbnail","hentry","category-noticias","tag-acores","tag-aeroportos","tag-madeira","tag-terceira","tag-voos"],"yoast_head":"<!-- This site is optimized with the Yoast SEO plugin v27.2 - https:\/\/yoast.com\/product\/yoast-seo-wordpress\/ -->\n<title>Azores Airlines inicia em maio liga\u00e7\u00e3o direta entre Terceira e Madeira - Portal Tela Portugal<\/title>\n<meta name=\"robots\" content=\"index, follow, max-snippet:-1, max-image-preview:large, max-video-preview:-1\" \/>\n<meta property=\"og:locale\" content=\"pt_PT\" \/>\n<meta property=\"og:type\" content=\"article\" \/>\n<meta property=\"og:title\" content=\"Azores Airlines inicia em maio liga\u00e7\u00e3o direta entre Terceira e Madeira - Portal Tela Portugal\" \/>\n<meta property=\"og:description\" content=\"A Azores Airlines inicia em 07 de maio uma liga\u00e7\u00e3o direta entre Terceira e a Madeira, com voos \u00e0s quintas-feiras e regresso no dia seguinte. No auge da \u00e9poca, h\u00e1 uma segunda opera\u00e7\u00e3o adicional \u00e0 segunda-feira, mantendo-se o regresso no dia seguinte; a frequ\u00eancia sobe para duas por semana entre junho e setembro. A nova rota faz parte das obriga\u00e7\u00f5es de servi\u00e7o p\u00fablico atualizadas, passando a incluir Terceira\u2013Madeira na oferta entre os dois arquip\u00e9lagos. Com a abertura da liga\u00e7\u00e3o, passam a haver doze frequ\u00eancias semanais entre A\u00e7ores e Madeira no ver\u00e3o; anteriormente as liga\u00e7\u00f5es eram apenas entre Ponta Delgada e Funchal. O Governo aprovou a reprograma\u00e7\u00e3o de encargos das obriga\u00e7\u00f5es de servi\u00e7o p\u00fablico, num montante de 62,5 milh\u00f5es de euros para 2026-2031, abrangendo tamb\u00e9m liga\u00e7\u00f5es Madeira-S\u00e3o Miguel e Madeira-Terceira, com refor\u00e7o de 17,5 milh\u00f5es para A\u00e7ores-continente e Madeira.\" \/>\n<meta property=\"og:url\" content=\"https:\/\/portaltela.pt\/noticias\/2026\/02\/27\/azores-airlines-inicia-em-maio-ligacao-direta-entre-terceira-e-madeira\/\" \/>\n<meta property=\"og:site_name\" content=\"Portal Tela Portugal\" \/>\n<meta property=\"article:published_time\" content=\"2026-02-27T13:26:16+00:00\" \/>\n<meta name=\"author\" content=\"Telinha\" \/>\n<meta name=\"twitter:card\" content=\"summary_large_image\" \/>\n<meta name=\"twitter:label1\" content=\"Escrito por\" \/>\n\t<meta name=\"twitter:data1\" content=\"Telinha\" \/>\n\t<meta name=\"twitter:label2\" content=\"Tempo estimado de leitura\" \/>\n\t<meta name=\"twitter:data2\" content=\"1 minuto\" \/>\n<script type=\"application\/ld+json\" class=\"yoast-schema-graph\">{\"@context\":\"https:\/\/schema.org\",\"@graph\":[{\"@type\":\"Article\",\"@id\":\"https:\/\/portaltela.pt\/noticias\/2026\/02\/27\/azores-airlines-inicia-em-maio-ligacao-direta-entre-terceira-e-madeira\/#article\",\"isPartOf\":{\"@id\":\"https:\/\/portaltela.pt\/noticias\/2026\/02\/27\/azores-airlines-inicia-em-maio-ligacao-direta-entre-terceira-e-madeira\/\"},\"author\":{\"name\":\"Telinha\",\"@id\":\"https:\/\/portaltela.pt\/#\/schema\/person\/c4278d4a6028830caff9ee44b42d32ed\"},\"headline\":\"Azores Airlines inicia em maio liga\u00e7\u00e3o direta entre Terceira e Madeira\",\"datePublished\":\"2026-02-27T13:26:16+00:00\",\"mainEntityOfPage\":{\"@id\":\"https:\/\/portaltela.pt\/noticias\/2026\/02\/27\/azores-airlines-inicia-em-maio-ligacao-direta-entre-terceira-e-madeira\/\"},\"wordCount\":210,\"image\":{\"@id\":\"https:\/\/portaltela.pt\/noticias\/2026\/02\/27\/azores-airlines-inicia-em-maio-ligacao-direta-entre-terceira-e-madeira\/#primaryimage\"},\"thumbnailUrl\":\"https:\/\/portaltela.pt\/s.01k8rhncp4jt1\/2026\/02\/img_1500x1000uu2016-12-13-15-33-00-582516-2.jpg\",\"keywords\":[\"A\u00e7ores\",\"aeroportos\",\"Madeira\",\"Terceira\",\"voos\"],\"articleSection\":[\"Not\u00edcias\"],\"inLanguage\":\"pt-PT\"},{\"@type\":\"WebPage\",\"@id\":\"https:\/\/portaltela.pt\/noticias\/2026\/02\/27\/azores-airlines-inicia-em-maio-ligacao-direta-entre-terceira-e-madeira\/\",\"url\":\"https:\/\/portaltela.pt\/noticias\/2026\/02\/27\/azores-airlines-inicia-em-maio-ligacao-direta-entre-terceira-e-madeira\/\",\"name\":\"Azores Airlines inicia em maio liga\u00e7\u00e3o direta entre Terceira e Madeira - Portal Tela Portugal\",\"isPartOf\":{\"@id\":\"https:\/\/portaltela.pt\/#website\"},\"primaryImageOfPage\":{\"@id\":\"https:\/\/portaltela.pt\/noticias\/2026\/02\/27\/azores-airlines-inicia-em-maio-ligacao-direta-entre-terceira-e-madeira\/#primaryimage\"},\"image\":{\"@id\":\"https:\/\/portaltela.pt\/noticias\/2026\/02\/27\/azores-airlines-inicia-em-maio-ligacao-direta-entre-terceira-e-madeira\/#primaryimage\"},\"thumbnailUrl\":\"https:\/\/portaltela.pt\/s.01k8rhncp4jt1\/2026\/02\/img_1500x1000uu2016-12-13-15-33-00-582516-2.jpg\",\"datePublished\":\"2026-02-27T13:26:16+00:00\",\"author\":{\"@id\":\"https:\/\/portaltela.pt\/#\/schema\/person\/c4278d4a6028830caff9ee44b42d32ed\"},\"breadcrumb\":{\"@id\":\"https:\/\/portaltela.pt\/noticias\/2026\/02\/27\/azores-airlines-inicia-em-maio-ligacao-direta-entre-terceira-e-madeira\/#breadcrumb\"},\"inLanguage\":\"pt-PT\",\"potentialAction\":[{\"@type\":\"ReadAction\",\"target\":[\"https:\/\/portaltela.pt\/noticias\/2026\/02\/27\/azores-airlines-inicia-em-maio-ligacao-direta-entre-terceira-e-madeira\/\"]}]},{\"@type\":\"ImageObject\",\"inLanguage\":\"pt-PT\",\"@id\":\"https:\/\/portaltela.pt\/noticias\/2026\/02\/27\/azores-airlines-inicia-em-maio-ligacao-direta-entre-terceira-e-madeira\/#primaryimage\",\"url\":\"https:\/\/portaltela.pt\/s.01k8rhncp4jt1\/2026\/02\/img_1500x1000uu2016-12-13-15-33-00-582516-2.jpg\",\"contentUrl\":\"https:\/\/portaltela.pt\/s.01k8rhncp4jt1\/2026\/02\/img_1500x1000uu2016-12-13-15-33-00-582516-2.jpg\",\"width\":796,\"height\":448,\"caption\":\"Azores Airlines\"},{\"@type\":\"BreadcrumbList\",\"@id\":\"https:\/\/portaltela.pt\/noticias\/2026\/02\/27\/azores-airlines-inicia-em-maio-ligacao-direta-entre-terceira-e-madeira\/#breadcrumb\",\"itemListElement\":[{\"@type\":\"ListItem\",\"position\":1,\"name\":\"In\u00edcio\",\"item\":\"https:\/\/portaltela.pt\/\"},{\"@type\":\"ListItem\",\"position\":2,\"name\":\"Azores Airlines inicia em maio liga\u00e7\u00e3o direta entre Terceira e Madeira\"}]},{\"@type\":\"WebSite\",\"@id\":\"https:\/\/portaltela.pt\/#website\",\"url\":\"https:\/\/portaltela.pt\/\",\"name\":\"Portal Tela Portugal\",\"description\":\"\",\"potentialAction\":[{\"@type\":\"SearchAction\",\"target\":{\"@type\":\"EntryPoint\",\"urlTemplate\":\"https:\/\/portaltela.pt\/?s={search_term_string}\"},\"query-input\":{\"@type\":\"PropertyValueSpecification\",\"valueRequired\":true,\"valueName\":\"search_term_string\"}}],\"inLanguage\":\"pt-PT\"},{\"@type\":\"Person\",\"@id\":\"https:\/\/portaltela.pt\/#\/schema\/person\/c4278d4a6028830caff9ee44b42d32ed\",\"name\":\"Telinha\",\"image\":{\"@type\":\"ImageObject\",\"inLanguage\":\"pt-PT\",\"@id\":\"https:\/\/portaltela.pt\/s.01k8rhncp4jt1\/2025\/11\/talking-bot-125x125.png\",\"url\":\"https:\/\/portaltela.pt\/s.01k8rhncp4jt1\/2025\/11\/talking-bot-125x125.png\",\"contentUrl\":\"https:\/\/portaltela.pt\/s.01k8rhncp4jt1\/2025\/11\/talking-bot-125x125.png\",\"caption\":\"Telinha\"},\"sameAs\":[\"https:\/\/portaltela.pt\/\"],\"url\":\"https:\/\/portaltela.pt\/por\/367410592786\/\"}]}<\/script>\n<!-- \/ Yoast SEO plugin. -->","yoast_head_json":{"title":"Azores Airlines inicia em maio liga\u00e7\u00e3o direta entre Terceira e Madeira - Portal Tela Portugal","robots":{"index":"index","follow":"follow","max-snippet":"max-snippet:-1","max-image-preview":"max-image-preview:large","max-video-preview":"max-video-preview:-1"},"og_locale":"pt_PT","og_type":"article","og_title":"Azores Airlines inicia em maio liga\u00e7\u00e3o direta entre Terceira e Madeira - Portal Tela Portugal","og_description":"A Azores Airlines inicia em 07 de maio uma liga\u00e7\u00e3o direta entre Terceira e a Madeira, com voos \u00e0s quintas-feiras e regresso no dia seguinte. No auge da \u00e9poca, h\u00e1 uma segunda opera\u00e7\u00e3o adicional \u00e0 segunda-feira, mantendo-se o regresso no dia seguinte; a frequ\u00eancia sobe para duas por semana entre junho e setembro. A nova rota faz parte das obriga\u00e7\u00f5es de servi\u00e7o p\u00fablico atualizadas, passando a incluir Terceira\u2013Madeira na oferta entre os dois arquip\u00e9lagos. Com a abertura da liga\u00e7\u00e3o, passam a haver doze frequ\u00eancias semanais entre A\u00e7ores e Madeira no ver\u00e3o; anteriormente as liga\u00e7\u00f5es eram apenas entre Ponta Delgada e Funchal. O Governo aprovou a reprograma\u00e7\u00e3o de encargos das obriga\u00e7\u00f5es de servi\u00e7o p\u00fablico, num montante de 62,5 milh\u00f5es de euros para 2026-2031, abrangendo tamb\u00e9m liga\u00e7\u00f5es Madeira-S\u00e3o Miguel e Madeira-Terceira, com refor\u00e7o de 17,5 milh\u00f5es para A\u00e7ores-continente e Madeira.","og_url":"https:\/\/portaltela.pt\/noticias\/2026\/02\/27\/azores-airlines-inicia-em-maio-ligacao-direta-entre-terceira-e-madeira\/","og_site_name":"Portal Tela Portugal","article_published_time":"2026-02-27T13:26:16+00:00","author":"Telinha","twitter_card":"summary_large_image","twitter_misc":{"Escrito por":"Telinha","Tempo estimado de leitura":"1 minuto"},"schema":{"@context":"https:\/\/schema.org","@graph":[{"@type":"Article","@id":"https:\/\/portaltela.pt\/noticias\/2026\/02\/27\/azores-airlines-inicia-em-maio-ligacao-direta-entre-terceira-e-madeira\/#article","isPartOf":{"@id":"https:\/\/portaltela.pt\/noticias\/2026\/02\/27\/azores-airlines-inicia-em-maio-ligacao-direta-entre-terceira-e-madeira\/"},"author":{"name":"Telinha","@id":"https:\/\/portaltela.pt\/#\/schema\/person\/c4278d4a6028830caff9ee44b42d32ed"},"headline":"Azores Airlines inicia em maio liga\u00e7\u00e3o direta entre Terceira e Madeira","datePublished":"2026-02-27T13:26:16+00:00","mainEntityOfPage":{"@id":"https:\/\/portaltela.pt\/noticias\/2026\/02\/27\/azores-airlines-inicia-em-maio-ligacao-direta-entre-terceira-e-madeira\/"},"wordCount":210,"image":{"@id":"https:\/\/portaltela.pt\/noticias\/2026\/02\/27\/azores-airlines-inicia-em-maio-ligacao-direta-entre-terceira-e-madeira\/#primaryimage"},"thumbnailUrl":"https:\/\/portaltela.pt\/s.01k8rhncp4jt1\/2026\/02\/img_1500x1000uu2016-12-13-15-33-00-582516-2.jpg","keywords":["A\u00e7ores","aeroportos","Madeira","Terceira","voos"],"articleSection":["Not\u00edcias"],"inLanguage":"pt-PT"},{"@type":"WebPage","@id":"https:\/\/portaltela.pt\/noticias\/2026\/02\/27\/azores-airlines-inicia-em-maio-ligacao-direta-entre-terceira-e-madeira\/","url":"https:\/\/portaltela.pt\/noticias\/2026\/02\/27\/azores-airlines-inicia-em-maio-ligacao-direta-entre-terceira-e-madeira\/","name":"Azores Airlines inicia em maio liga\u00e7\u00e3o direta entre Terceira e Madeira - Portal Tela Portugal","isPartOf":{"@id":"https:\/\/portaltela.pt\/#website"},"primaryImageOfPage":{"@id":"https:\/\/portaltela.pt\/noticias\/2026\/02\/27\/azores-airlines-inicia-em-maio-ligacao-direta-entre-terceira-e-madeira\/#primaryimage"},"image":{"@id":"https:\/\/portaltela.pt\/noticias\/2026\/02\/27\/azores-airlines-inicia-em-maio-ligacao-direta-entre-terceira-e-madeira\/#primaryimage"},"thumbnailUrl":"https:\/\/portaltela.pt\/s.01k8rhncp4jt1\/2026\/02\/img_1500x1000uu2016-12-13-15-33-00-582516-2.jpg","datePublished":"2026-02-27T13:26:16+00:00","author":{"@id":"https:\/\/portaltela.pt\/#\/schema\/person\/c4278d4a6028830caff9ee44b42d32ed"},"breadcrumb":{"@id":"https:\/\/portaltela.pt\/noticias\/2026\/02\/27\/azores-airlines-inicia-em-maio-ligacao-direta-entre-terceira-e-madeira\/#breadcrumb"},"inLanguage":"pt-PT","potentialAction":[{"@type":"ReadAction","target":["https:\/\/portaltela.pt\/noticias\/2026\/02\/27\/azores-airlines-inicia-em-maio-ligacao-direta-entre-terceira-e-madeira\/"]}]},{"@type":"ImageObject","inLanguage":"pt-PT","@id":"https:\/\/portaltela.pt\/noticias\/2026\/02\/27\/azores-airlines-inicia-em-maio-ligacao-direta-entre-terceira-e-madeira\/#primaryimage","url":"https:\/\/portaltela.pt\/s.01k8rhncp4jt1\/2026\/02\/img_1500x1000uu2016-12-13-15-33-00-582516-2.jpg","contentUrl":"https:\/\/portaltela.pt\/s.01k8rhncp4jt1\/2026\/02\/img_1500x1000uu2016-12-13-15-33-00-582516-2.jpg","width":796,"height":448,"caption":"Azores Airlines"},{"@type":"BreadcrumbList","@id":"https:\/\/portaltela.pt\/noticias\/2026\/02\/27\/azores-airlines-inicia-em-maio-ligacao-direta-entre-terceira-e-madeira\/#breadcrumb","itemListElement":[{"@type":"ListItem","position":1,"name":"In\u00edcio","item":"https:\/\/portaltela.pt\/"},{"@type":"ListItem","position":2,"name":"Azores Airlines inicia em maio liga\u00e7\u00e3o direta entre Terceira e Madeira"}]},{"@type":"WebSite","@id":"https:\/\/portaltela.pt\/#website","url":"https:\/\/portaltela.pt\/","name":"Portal Tela Portugal","description":"","potentialAction":[{"@type":"SearchAction","target":{"@type":"EntryPoint","urlTemplate":"https:\/\/portaltela.pt\/?s={search_term_string}"},"query-input":{"@type":"PropertyValueSpecification","valueRequired":true,"valueName":"search_term_string"}}],"inLanguage":"pt-PT"},{"@type":"Person","@id":"https:\/\/portaltela.pt\/#\/schema\/person\/c4278d4a6028830caff9ee44b42d32ed","name":"Telinha","image":{"@type":"ImageObject","inLanguage":"pt-PT","@id":"https:\/\/portaltela.pt\/s.01k8rhncp4jt1\/2025\/11\/talking-bot-125x125.png","url":"https:\/\/portaltela.pt\/s.01k8rhncp4jt1\/2025\/11\/talking-bot-125x125.png","contentUrl":"https:\/\/portaltela.pt\/s.01k8rhncp4jt1\/2025\/11\/talking-bot-125x125.png","caption":"Telinha"},"sameAs":["https:\/\/portaltela.pt\/"],"url":"https:\/\/portaltela.pt\/por\/367410592786\/"}]}},"_links":{"self":[{"href":"https:\/\/portaltela.pt\/api\/wp\/v2\/posts\/390774","targetHints":{"allow":["GET"]}}],"collection":[{"href":"https:\/\/portaltela.pt\/api\/wp\/v2\/posts"}],"about":[{"href":"https:\/\/portaltela.pt\/api\/wp\/v2\/types\/post"}],"author":[{"embeddable":true,"href":"https:\/\/portaltela.pt\/api\/wp\/v2\/users\/2"}],"replies":[{"embeddable":true,"href":"https:\/\/portaltela.pt\/api\/wp\/v2\/comments?post=390774"}],"version-history":[{"count":0,"href":"https:\/\/portaltela.pt\/api\/wp\/v2\/posts\/390774\/revisions"}],"wp:featuredmedia":[{"embeddable":true,"href":"https:\/\/portaltela.pt\/api\/wp\/v2\/media\/390786"}],"wp:attachment":[{"href":"https:\/\/portaltela.pt\/api\/wp\/v2\/media?parent=390774"}],"wp:term":[{"taxonomy":"category","embeddable":true,"href":"https:\/\/portaltela.pt\/api\/wp\/v2\/categories?post=390774"},{"taxonomy":"post_tag","embeddable":true,"href":"https:\/\/portaltela.pt\/api\/wp\/v2\/tags?post=390774"}],"curies":[{"name":"wp","href":"https:\/\/api.w.org\/{rel}","templated":true}]}}