{"id":390771,"date":"2026-02-27T10:28:23","date_gmt":"2026-02-27T13:28:23","guid":{"rendered":"https:\/\/portaltela.pt\/noticias\/2026\/02\/27\/parlamento-aprova-voto-com-oposicao-do-pcp-solidariedade-a-ucrania\/"},"modified":"2026-02-27T10:28:23","modified_gmt":"2026-02-27T13:28:23","slug":"parlamento-aprova-voto-com-oposicao-do-pcp-solidariedade-a-ucrania","status":"publish","type":"post","link":"https:\/\/portaltela.pt\/noticias\/politica\/2026\/02\/27\/parlamento-aprova-voto-com-oposicao-do-pcp-solidariedade-a-ucrania\/","title":{"rendered":"Parlamento aprova voto com oposi\u00e7\u00e3o do PCP, solidariedade \u00e0 Ucr\u00e2nia"},"content":{"rendered":"<p>O parlamento aprovou na sexta-feira um voto que reafirma solidariedade ao povo ucraniano e o compromisso com uma ordem internacional baseada em regras. O PCP foi a \u00fanica for\u00e7a a rejeitar o documento.<\/p>\n<p>A embaixadora da Ucr\u00e2nia em Portugal, Maryna Mykhailenko, esteve presente nas galerias, assim como menores resgatados ap\u00f3s terem sido capturados por tropas russas.<\/p>\n<p>O voto contou com os votos favor\u00e1veis de PSD, Chega, PS, Iniciativa Liberal, Livre, CDS e dos deputados \u00fanicos do Bloco de Esquerda, PAN e JPP. O Governo tamb\u00e9m se associou ao teor do texto.<\/p>\n<p>Por solicita\u00e7\u00e3o do presidente da Assembleia, Jos\u00e9 Pedro Aguiar-Branco, a leitura foi feita pela deputada Teresa Morais, da bancada do PSD, em plen\u00e1rio.<\/p>\n<p>Ap\u00f3s a leitura, quase todos os deputados aplaudiram, com exce\u00e7\u00e3o dos tr\u00eas membros do PCP, que permaneceram sentados. Paula Santos, l\u00edder parlamentar do PCP, anunciou uma declara\u00e7\u00e3o de voto.<\/p>\n<p>O texto recorda que, a 4 de anos da invas\u00e3o russa, a interven\u00e7\u00e3o viola a Carta das Na\u00e7\u00f5es Unidas. A guerra j\u00e1 provocou milhares de mortos, feridos e deslocados e gerou destrui\u00e7\u00e3o material e moral.<\/p>\n<p>Segundo o voto, a guerra na Ucr\u00e2nia n\u00e3o \u00e9 um problema distante, pois afeta princ\u00edpios portugueses como o direito internacional, a soberania, a democracia e os direitos humanos, fundamentais para uma paz justa.<\/p>\n<p>O documento sublinha que Portugal tem estado ao lado dos parceiros europeus, condena a agress\u00e3o e afirma que a Ucr\u00e2nia tem direito \u00e0 soberania, ao territ\u00f3rio, \u00e0 independ\u00eancia e \u00e0 liberdade, bem como a um futuro est\u00e1vel.<\/p>\n","protected":false},"excerpt":{"rendered":"<ul>\n<li>O parlamento aprovou um voto de solidariedade com o povo ucraniano, rejeitado apenas pelo Partido Comunista Portugu\u00eas.<\/li>\n<li>O voto defende uma ordem internacional baseada em regras e valores civilizacionais, em resposta \u00e0 invas\u00e3o da Ucr\u00e2nia.<\/li>\n<li>A leitura do voto em plen\u00e1rio ficou a cargo da deputada Teresa Morais, por solicita\u00e7\u00e3o do presidente da Assembleia da Rep\u00fablica, Jos\u00e9 Pedro Aguiar-Branco.<\/li>\n<li>O apoio veio dos votos do PSD, Chega, PS, Iniciativa Liberal, Livre, CDS, e dos deputados \u00fanicos do Bloco de Esquerda, PAN e JPP; o Governo associou-se ao teor do voto.<\/li>\n<li>O texto recorda que h\u00e1 quatro anos come\u00e7ou a guerra na Ucr\u00e2nia, que provocou v\u00edtimas, deslocados e destrui\u00e7\u00e3o, e sublinha que a Ucr\u00e2nia tem direito \u00e0 soberania e ao territ\u00f3rio; \u00e9 destacada a preocupa\u00e7\u00e3o com crian\u00e7as ucranianas retiradas do pa\u00eds.<\/li>\n<\/ul>\n","protected":false},"author":2,"featured_media":390783,"comment_status":"closed","ping_status":"closed","sticky":false,"template":"","format":"standard","meta":{"footnotes":""},"categories":[1,5],"tags":[6384,3251,3034,2633,81,2832],"class_list":["post-390771","post","type-post","status-publish","format-standard","has-post-thumbnail","hentry","category-noticias","category-politica","tag-a-ucrania","tag-carta-das-nacoes-unidas","tag-direito-internacional","tag-direitos-humanos","tag-internacionais","tag-politica"],"yoast_head":"<!-- This site is optimized with the Yoast SEO plugin v27.2 - https:\/\/yoast.com\/product\/yoast-seo-wordpress\/ -->\n<title>Parlamento aprova voto com oposi\u00e7\u00e3o do PCP, solidariedade \u00e0 Ucr\u00e2nia - Portal Tela Portugal<\/title>\n<meta name=\"robots\" content=\"index, follow, max-snippet:-1, max-image-preview:large, max-video-preview:-1\" \/>\n<meta property=\"og:locale\" content=\"pt_PT\" \/>\n<meta property=\"og:type\" content=\"article\" \/>\n<meta property=\"og:title\" content=\"Parlamento aprova voto com oposi\u00e7\u00e3o do PCP, solidariedade \u00e0 Ucr\u00e2nia - Portal Tela Portugal\" \/>\n<meta property=\"og:description\" content=\"O parlamento aprovou um voto de solidariedade com o povo ucraniano, rejeitado apenas pelo Partido Comunista Portugu\u00eas. O voto defende uma ordem internacional baseada em regras e valores civilizacionais, em resposta \u00e0 invas\u00e3o da Ucr\u00e2nia. A leitura do voto em plen\u00e1rio ficou a cargo da deputada Teresa Morais, por solicita\u00e7\u00e3o do presidente da Assembleia da Rep\u00fablica, Jos\u00e9 Pedro Aguiar-Branco. O apoio veio dos votos do PSD, Chega, PS, Iniciativa Liberal, Livre, CDS, e dos deputados \u00fanicos do Bloco de Esquerda, PAN e JPP; o Governo associou-se ao teor do voto. O texto recorda que h\u00e1 quatro anos come\u00e7ou a guerra na Ucr\u00e2nia, que provocou v\u00edtimas, deslocados e destrui\u00e7\u00e3o, e sublinha que a Ucr\u00e2nia tem direito \u00e0 soberania e ao territ\u00f3rio; \u00e9 destacada a preocupa\u00e7\u00e3o com crian\u00e7as ucranianas retiradas do pa\u00eds.\" \/>\n<meta property=\"og:url\" content=\"https:\/\/portaltela.pt\/noticias\/2026\/02\/27\/parlamento-aprova-voto-com-oposicao-do-pcp-solidariedade-a-ucrania\/\" \/>\n<meta property=\"og:site_name\" content=\"Portal Tela Portugal\" \/>\n<meta property=\"article:published_time\" content=\"2026-02-27T13:28:23+00:00\" \/>\n<meta name=\"author\" content=\"Telinha\" \/>\n<meta name=\"twitter:card\" content=\"summary_large_image\" \/>\n<meta name=\"twitter:label1\" content=\"Escrito por\" \/>\n\t<meta name=\"twitter:data1\" content=\"Telinha\" \/>\n\t<meta name=\"twitter:label2\" content=\"Tempo estimado de leitura\" \/>\n\t<meta name=\"twitter:data2\" content=\"1 minuto\" \/>\n<script type=\"application\/ld+json\" class=\"yoast-schema-graph\">{\"@context\":\"https:\/\/schema.org\",\"@graph\":[{\"@type\":\"Article\",\"@id\":\"https:\/\/portaltela.pt\/noticias\/2026\/02\/27\/parlamento-aprova-voto-com-oposicao-do-pcp-solidariedade-a-ucrania\/#article\",\"isPartOf\":{\"@id\":\"https:\/\/portaltela.pt\/noticias\/2026\/02\/27\/parlamento-aprova-voto-com-oposicao-do-pcp-solidariedade-a-ucrania\/\"},\"author\":{\"name\":\"Telinha\",\"@id\":\"https:\/\/portaltela.pt\/#\/schema\/person\/c4278d4a6028830caff9ee44b42d32ed\"},\"headline\":\"Parlamento aprova voto com oposi\u00e7\u00e3o do PCP, solidariedade \u00e0 Ucr\u00e2nia\",\"datePublished\":\"2026-02-27T13:28:23+00:00\",\"mainEntityOfPage\":{\"@id\":\"https:\/\/portaltela.pt\/noticias\/2026\/02\/27\/parlamento-aprova-voto-com-oposicao-do-pcp-solidariedade-a-ucrania\/\"},\"wordCount\":278,\"image\":{\"@id\":\"https:\/\/portaltela.pt\/noticias\/2026\/02\/27\/parlamento-aprova-voto-com-oposicao-do-pcp-solidariedade-a-ucrania\/#primaryimage\"},\"thumbnailUrl\":\"https:\/\/portaltela.pt\/s.01k8rhncp4jt1\/2026\/02\/img_1500x1000uu2026-01-30-14-46-30-2176440-6.jpg\",\"keywords\":[\"a Ucr\u00e2nia\",\"Carta das Na\u00e7\u00f5es Unidas\",\"direito internacional\",\"direitos humanos\",\"internacionais\",\"pol\u00edtica\"],\"articleSection\":[\"Not\u00edcias\",\"Pol\u00edtica\"],\"inLanguage\":\"pt-PT\"},{\"@type\":\"WebPage\",\"@id\":\"https:\/\/portaltela.pt\/noticias\/2026\/02\/27\/parlamento-aprova-voto-com-oposicao-do-pcp-solidariedade-a-ucrania\/\",\"url\":\"https:\/\/portaltela.pt\/noticias\/2026\/02\/27\/parlamento-aprova-voto-com-oposicao-do-pcp-solidariedade-a-ucrania\/\",\"name\":\"Parlamento aprova voto com oposi\u00e7\u00e3o do PCP, solidariedade \u00e0 Ucr\u00e2nia - Portal Tela Portugal\",\"isPartOf\":{\"@id\":\"https:\/\/portaltela.pt\/#website\"},\"primaryImageOfPage\":{\"@id\":\"https:\/\/portaltela.pt\/noticias\/2026\/02\/27\/parlamento-aprova-voto-com-oposicao-do-pcp-solidariedade-a-ucrania\/#primaryimage\"},\"image\":{\"@id\":\"https:\/\/portaltela.pt\/noticias\/2026\/02\/27\/parlamento-aprova-voto-com-oposicao-do-pcp-solidariedade-a-ucrania\/#primaryimage\"},\"thumbnailUrl\":\"https:\/\/portaltela.pt\/s.01k8rhncp4jt1\/2026\/02\/img_1500x1000uu2026-01-30-14-46-30-2176440-6.jpg\",\"datePublished\":\"2026-02-27T13:28:23+00:00\",\"author\":{\"@id\":\"https:\/\/portaltela.pt\/#\/schema\/person\/c4278d4a6028830caff9ee44b42d32ed\"},\"breadcrumb\":{\"@id\":\"https:\/\/portaltela.pt\/noticias\/2026\/02\/27\/parlamento-aprova-voto-com-oposicao-do-pcp-solidariedade-a-ucrania\/#breadcrumb\"},\"inLanguage\":\"pt-PT\",\"potentialAction\":[{\"@type\":\"ReadAction\",\"target\":[\"https:\/\/portaltela.pt\/noticias\/2026\/02\/27\/parlamento-aprova-voto-com-oposicao-do-pcp-solidariedade-a-ucrania\/\"]}]},{\"@type\":\"ImageObject\",\"inLanguage\":\"pt-PT\",\"@id\":\"https:\/\/portaltela.pt\/noticias\/2026\/02\/27\/parlamento-aprova-voto-com-oposicao-do-pcp-solidariedade-a-ucrania\/#primaryimage\",\"url\":\"https:\/\/portaltela.pt\/s.01k8rhncp4jt1\/2026\/02\/img_1500x1000uu2026-01-30-14-46-30-2176440-6.jpg\",\"contentUrl\":\"https:\/\/portaltela.pt\/s.01k8rhncp4jt1\/2026\/02\/img_1500x1000uu2026-01-30-14-46-30-2176440-6.jpg\",\"width\":796,\"height\":448,\"caption\":\"Assembleia da Rep\u00fablica\"},{\"@type\":\"BreadcrumbList\",\"@id\":\"https:\/\/portaltela.pt\/noticias\/2026\/02\/27\/parlamento-aprova-voto-com-oposicao-do-pcp-solidariedade-a-ucrania\/#breadcrumb\",\"itemListElement\":[{\"@type\":\"ListItem\",\"position\":1,\"name\":\"In\u00edcio\",\"item\":\"https:\/\/portaltela.pt\/\"},{\"@type\":\"ListItem\",\"position\":2,\"name\":\"Parlamento aprova voto com oposi\u00e7\u00e3o do PCP, solidariedade \u00e0 Ucr\u00e2nia\"}]},{\"@type\":\"WebSite\",\"@id\":\"https:\/\/portaltela.pt\/#website\",\"url\":\"https:\/\/portaltela.pt\/\",\"name\":\"Portal Tela Portugal\",\"description\":\"\",\"potentialAction\":[{\"@type\":\"SearchAction\",\"target\":{\"@type\":\"EntryPoint\",\"urlTemplate\":\"https:\/\/portaltela.pt\/?s={search_term_string}\"},\"query-input\":{\"@type\":\"PropertyValueSpecification\",\"valueRequired\":true,\"valueName\":\"search_term_string\"}}],\"inLanguage\":\"pt-PT\"},{\"@type\":\"Person\",\"@id\":\"https:\/\/portaltela.pt\/#\/schema\/person\/c4278d4a6028830caff9ee44b42d32ed\",\"name\":\"Telinha\",\"image\":{\"@type\":\"ImageObject\",\"inLanguage\":\"pt-PT\",\"@id\":\"https:\/\/portaltela.pt\/s.01k8rhncp4jt1\/2025\/11\/talking-bot-125x125.png\",\"url\":\"https:\/\/portaltela.pt\/s.01k8rhncp4jt1\/2025\/11\/talking-bot-125x125.png\",\"contentUrl\":\"https:\/\/portaltela.pt\/s.01k8rhncp4jt1\/2025\/11\/talking-bot-125x125.png\",\"caption\":\"Telinha\"},\"sameAs\":[\"https:\/\/portaltela.pt\/\"],\"url\":\"https:\/\/portaltela.pt\/por\/367410592786\/\"}]}<\/script>\n<!-- \/ Yoast SEO plugin. -->","yoast_head_json":{"title":"Parlamento aprova voto com oposi\u00e7\u00e3o do PCP, solidariedade \u00e0 Ucr\u00e2nia - Portal Tela Portugal","robots":{"index":"index","follow":"follow","max-snippet":"max-snippet:-1","max-image-preview":"max-image-preview:large","max-video-preview":"max-video-preview:-1"},"og_locale":"pt_PT","og_type":"article","og_title":"Parlamento aprova voto com oposi\u00e7\u00e3o do PCP, solidariedade \u00e0 Ucr\u00e2nia - Portal Tela Portugal","og_description":"O parlamento aprovou um voto de solidariedade com o povo ucraniano, rejeitado apenas pelo Partido Comunista Portugu\u00eas. O voto defende uma ordem internacional baseada em regras e valores civilizacionais, em resposta \u00e0 invas\u00e3o da Ucr\u00e2nia. A leitura do voto em plen\u00e1rio ficou a cargo da deputada Teresa Morais, por solicita\u00e7\u00e3o do presidente da Assembleia da Rep\u00fablica, Jos\u00e9 Pedro Aguiar-Branco. O apoio veio dos votos do PSD, Chega, PS, Iniciativa Liberal, Livre, CDS, e dos deputados \u00fanicos do Bloco de Esquerda, PAN e JPP; o Governo associou-se ao teor do voto. O texto recorda que h\u00e1 quatro anos come\u00e7ou a guerra na Ucr\u00e2nia, que provocou v\u00edtimas, deslocados e destrui\u00e7\u00e3o, e sublinha que a Ucr\u00e2nia tem direito \u00e0 soberania e ao territ\u00f3rio; \u00e9 destacada a preocupa\u00e7\u00e3o com crian\u00e7as ucranianas retiradas do pa\u00eds.","og_url":"https:\/\/portaltela.pt\/noticias\/2026\/02\/27\/parlamento-aprova-voto-com-oposicao-do-pcp-solidariedade-a-ucrania\/","og_site_name":"Portal Tela Portugal","article_published_time":"2026-02-27T13:28:23+00:00","author":"Telinha","twitter_card":"summary_large_image","twitter_misc":{"Escrito por":"Telinha","Tempo estimado de leitura":"1 minuto"},"schema":{"@context":"https:\/\/schema.org","@graph":[{"@type":"Article","@id":"https:\/\/portaltela.pt\/noticias\/2026\/02\/27\/parlamento-aprova-voto-com-oposicao-do-pcp-solidariedade-a-ucrania\/#article","isPartOf":{"@id":"https:\/\/portaltela.pt\/noticias\/2026\/02\/27\/parlamento-aprova-voto-com-oposicao-do-pcp-solidariedade-a-ucrania\/"},"author":{"name":"Telinha","@id":"https:\/\/portaltela.pt\/#\/schema\/person\/c4278d4a6028830caff9ee44b42d32ed"},"headline":"Parlamento aprova voto com oposi\u00e7\u00e3o do PCP, solidariedade \u00e0 Ucr\u00e2nia","datePublished":"2026-02-27T13:28:23+00:00","mainEntityOfPage":{"@id":"https:\/\/portaltela.pt\/noticias\/2026\/02\/27\/parlamento-aprova-voto-com-oposicao-do-pcp-solidariedade-a-ucrania\/"},"wordCount":278,"image":{"@id":"https:\/\/portaltela.pt\/noticias\/2026\/02\/27\/parlamento-aprova-voto-com-oposicao-do-pcp-solidariedade-a-ucrania\/#primaryimage"},"thumbnailUrl":"https:\/\/portaltela.pt\/s.01k8rhncp4jt1\/2026\/02\/img_1500x1000uu2026-01-30-14-46-30-2176440-6.jpg","keywords":["a Ucr\u00e2nia","Carta das Na\u00e7\u00f5es Unidas","direito internacional","direitos humanos","internacionais","pol\u00edtica"],"articleSection":["Not\u00edcias","Pol\u00edtica"],"inLanguage":"pt-PT"},{"@type":"WebPage","@id":"https:\/\/portaltela.pt\/noticias\/2026\/02\/27\/parlamento-aprova-voto-com-oposicao-do-pcp-solidariedade-a-ucrania\/","url":"https:\/\/portaltela.pt\/noticias\/2026\/02\/27\/parlamento-aprova-voto-com-oposicao-do-pcp-solidariedade-a-ucrania\/","name":"Parlamento aprova voto com oposi\u00e7\u00e3o do PCP, solidariedade \u00e0 Ucr\u00e2nia - Portal Tela Portugal","isPartOf":{"@id":"https:\/\/portaltela.pt\/#website"},"primaryImageOfPage":{"@id":"https:\/\/portaltela.pt\/noticias\/2026\/02\/27\/parlamento-aprova-voto-com-oposicao-do-pcp-solidariedade-a-ucrania\/#primaryimage"},"image":{"@id":"https:\/\/portaltela.pt\/noticias\/2026\/02\/27\/parlamento-aprova-voto-com-oposicao-do-pcp-solidariedade-a-ucrania\/#primaryimage"},"thumbnailUrl":"https:\/\/portaltela.pt\/s.01k8rhncp4jt1\/2026\/02\/img_1500x1000uu2026-01-30-14-46-30-2176440-6.jpg","datePublished":"2026-02-27T13:28:23+00:00","author":{"@id":"https:\/\/portaltela.pt\/#\/schema\/person\/c4278d4a6028830caff9ee44b42d32ed"},"breadcrumb":{"@id":"https:\/\/portaltela.pt\/noticias\/2026\/02\/27\/parlamento-aprova-voto-com-oposicao-do-pcp-solidariedade-a-ucrania\/#breadcrumb"},"inLanguage":"pt-PT","potentialAction":[{"@type":"ReadAction","target":["https:\/\/portaltela.pt\/noticias\/2026\/02\/27\/parlamento-aprova-voto-com-oposicao-do-pcp-solidariedade-a-ucrania\/"]}]},{"@type":"ImageObject","inLanguage":"pt-PT","@id":"https:\/\/portaltela.pt\/noticias\/2026\/02\/27\/parlamento-aprova-voto-com-oposicao-do-pcp-solidariedade-a-ucrania\/#primaryimage","url":"https:\/\/portaltela.pt\/s.01k8rhncp4jt1\/2026\/02\/img_1500x1000uu2026-01-30-14-46-30-2176440-6.jpg","contentUrl":"https:\/\/portaltela.pt\/s.01k8rhncp4jt1\/2026\/02\/img_1500x1000uu2026-01-30-14-46-30-2176440-6.jpg","width":796,"height":448,"caption":"Assembleia da Rep\u00fablica"},{"@type":"BreadcrumbList","@id":"https:\/\/portaltela.pt\/noticias\/2026\/02\/27\/parlamento-aprova-voto-com-oposicao-do-pcp-solidariedade-a-ucrania\/#breadcrumb","itemListElement":[{"@type":"ListItem","position":1,"name":"In\u00edcio","item":"https:\/\/portaltela.pt\/"},{"@type":"ListItem","position":2,"name":"Parlamento aprova voto com oposi\u00e7\u00e3o do PCP, solidariedade \u00e0 Ucr\u00e2nia"}]},{"@type":"WebSite","@id":"https:\/\/portaltela.pt\/#website","url":"https:\/\/portaltela.pt\/","name":"Portal Tela Portugal","description":"","potentialAction":[{"@type":"SearchAction","target":{"@type":"EntryPoint","urlTemplate":"https:\/\/portaltela.pt\/?s={search_term_string}"},"query-input":{"@type":"PropertyValueSpecification","valueRequired":true,"valueName":"search_term_string"}}],"inLanguage":"pt-PT"},{"@type":"Person","@id":"https:\/\/portaltela.pt\/#\/schema\/person\/c4278d4a6028830caff9ee44b42d32ed","name":"Telinha","image":{"@type":"ImageObject","inLanguage":"pt-PT","@id":"https:\/\/portaltela.pt\/s.01k8rhncp4jt1\/2025\/11\/talking-bot-125x125.png","url":"https:\/\/portaltela.pt\/s.01k8rhncp4jt1\/2025\/11\/talking-bot-125x125.png","contentUrl":"https:\/\/portaltela.pt\/s.01k8rhncp4jt1\/2025\/11\/talking-bot-125x125.png","caption":"Telinha"},"sameAs":["https:\/\/portaltela.pt\/"],"url":"https:\/\/portaltela.pt\/por\/367410592786\/"}]}},"_links":{"self":[{"href":"https:\/\/portaltela.pt\/api\/wp\/v2\/posts\/390771","targetHints":{"allow":["GET"]}}],"collection":[{"href":"https:\/\/portaltela.pt\/api\/wp\/v2\/posts"}],"about":[{"href":"https:\/\/portaltela.pt\/api\/wp\/v2\/types\/post"}],"author":[{"embeddable":true,"href":"https:\/\/portaltela.pt\/api\/wp\/v2\/users\/2"}],"replies":[{"embeddable":true,"href":"https:\/\/portaltela.pt\/api\/wp\/v2\/comments?post=390771"}],"version-history":[{"count":0,"href":"https:\/\/portaltela.pt\/api\/wp\/v2\/posts\/390771\/revisions"}],"wp:featuredmedia":[{"embeddable":true,"href":"https:\/\/portaltela.pt\/api\/wp\/v2\/media\/390783"}],"wp:attachment":[{"href":"https:\/\/portaltela.pt\/api\/wp\/v2\/media?parent=390771"}],"wp:term":[{"taxonomy":"category","embeddable":true,"href":"https:\/\/portaltela.pt\/api\/wp\/v2\/categories?post=390771"},{"taxonomy":"post_tag","embeddable":true,"href":"https:\/\/portaltela.pt\/api\/wp\/v2\/tags?post=390771"}],"curies":[{"name":"wp","href":"https:\/\/api.w.org\/{rel}","templated":true}]}}