{"id":390725,"date":"2026-02-27T09:46:00","date_gmt":"2026-02-27T12:46:00","guid":{"rendered":"https:\/\/portaltela.pt\/noticias\/2026\/02\/27\/empresario-acusado-de-extracao-ilegal-de-areia-no-valor-de-cinco-milhoes-de-euros\/"},"modified":"2026-02-27T09:46:00","modified_gmt":"2026-02-27T12:46:00","slug":"empresario-acusado-de-extracao-ilegal-de-areia-no-valor-de-cinco-milhoes-de-euros","status":"publish","type":"post","link":"https:\/\/portaltela.pt\/noticias\/2026\/02\/27\/empresario-acusado-de-extracao-ilegal-de-areia-no-valor-de-cinco-milhoes-de-euros\/","title":{"rendered":"Empres\u00e1rio acusado de extra\u00e7\u00e3o ilegal de areia no valor de cinco milh\u00f5es de euros"},"content":{"rendered":"<p>Um homem de 62 anos foi constitu\u00eddo arguido pela GNR, em Vagos, pelo crime de desobedi\u00eancia. A suspeita envolve a suspens\u00e3o imediata de escava\u00e7\u00e3o e extra\u00e7\u00e3o de inertes, que o arguido n\u00e3o cumpriu, mantendo a retirada de areia. Estima-se que tenha sido removido cerca de 140 mil metros c\u00fabicos, num valor pr\u00f3ximo de 4,9 milh\u00f5es de euros.<\/p>\n<p>A decis\u00e3o administrativa para suspender os trabalhos tinha como base suspeitas de destrui\u00e7\u00e3o de revestimento vegetal e de altera\u00e7\u00e3o da morfologia do solo numa \u00e1rea classificada como reserva ecol\u00f3gica nacional. Ainda assim, o suspeito continuou a atividade de forma irregular, segundo a GNR.<\/p>\n<p>Ao tomar conhecimento da situa\u00e7\u00e3o, o SEPNA realizou dilig\u00eancias, incluindo duas buscas nos terrenos visados. No total, contabiliza-se a extrac\u00e7\u00e3o de 140 mil metros c\u00fabicos de inertes, com movimenta\u00e7\u00e3o estimada em 4,9 milh\u00f5es de euros. Foram apreendidas m\u00e1quinas industriais e equipamento de videovigil\u00e2ncia.<\/p>\n<h3>Apreens\u00f5es e infra\u00e7\u00f5es<\/h3>\n<ul>\n<li>Dumper<\/li>\n<li>Escavadora girat\u00f3ria<\/li>\n<li>Oito c\u00e2maras de CCTV<\/li>\n<li>85 metros de cabo de rede<\/li>\n<\/ul>\n<p>No \u00e2mbito da a\u00e7\u00e3o, foram elaborados autos de contraordena\u00e7\u00e3o por infra\u00e7\u00f5es ambientais e por infrac\u00e7\u00f5es ao sistema de videovigil\u00e2ncia em funcionamento no terreno. Os factos foram comunicados ao Tribunal Judicial de Vagos, com refor\u00e7o do Comando Territorial de Aveiro, incluindo a SIIC, o DI, e com o apoio da CCDR Centro, do Destacamento de A\u00e7\u00e3o Fiscal de Coimbra e dos Bombeiros Volunt\u00e1rios de \u00c1gueda.<\/p>\n","protected":false},"excerpt":{"rendered":"<ul>\n<li>A Guarda Nacional Republicana constituiu arguido um homem de 62 anos em Vagos por desobedi\u00eancia, ap\u00f3s n\u00e3o cumprir uma ordem de suspens\u00e3o imediata de escava\u00e7\u00e3o e extra\u00e7\u00e3o de inertes.<\/li>\n<li>Ter\u00e1 retirado cerca de 140 mil metros c\u00fabicos de areia, num valor total de 4,9 milh\u00f5es de euros, com as m\u00e1quinas industriais apreendidas.<\/li>\n<li>A decis\u00e3o administrativa visava suspender os trabalhos de extra\u00e7\u00e3o por suspeitas de destrui\u00e7\u00e3o de revestimento vegetal e altera\u00e7\u00e3o da morfologia do solo numa \u00e1rea classificada como reserva ecol\u00f3gica nacional.<\/li>\n<li>As dilig\u00eancias resultaram em duas buscas nos terrenos visados, com apreens\u00e3o de uma m\u00e1quina Dumper, uma escavadora girat\u00f3ria, oito c\u00e2maras de CCTV e 85 metros de cabo de rede.<\/li>\n<li>Os factos foram comunicados ao Tribunal Judicial de Vagos, com refor\u00e7o de v\u00e1rias unidades e entidades, incluindo SEPNA, Sec\u00e7\u00e3o de Informa\u00e7\u00f5es e Investiga\u00e7\u00e3o Criminal, Destacamento de Interven\u00e7\u00e3o, CCDR Centro, Destacamento de A\u00e7\u00e3o Fiscal de Coimbra e Bombeiros Volunt\u00e1rios de \u00c1gueda.<\/li>\n<\/ul>\n","protected":false},"author":2,"featured_media":390735,"comment_status":"closed","ping_status":"closed","sticky":false,"template":"","format":"standard","meta":{"footnotes":""},"categories":[1],"tags":[167,6453,6454,6397,4900,2234],"class_list":["post-390725","post","type-post","status-publish","format-standard","has-post-thumbnail","hentry","category-noticias","tag-ambiente","tag-desobedicao","tag-infracoes-ambientais","tag-reserva-ecologica-nacional","tag-vagos","tag-videovigilancia"],"yoast_head":"<!-- This site is optimized with the Yoast SEO plugin v27.2 - https:\/\/yoast.com\/product\/yoast-seo-wordpress\/ -->\n<title>Empres\u00e1rio acusado de extra\u00e7\u00e3o ilegal de areia no valor de cinco milh\u00f5es de euros - Portal Tela Portugal<\/title>\n<meta name=\"robots\" content=\"index, follow, max-snippet:-1, max-image-preview:large, max-video-preview:-1\" \/>\n<meta property=\"og:locale\" content=\"pt_PT\" \/>\n<meta property=\"og:type\" content=\"article\" \/>\n<meta property=\"og:title\" content=\"Empres\u00e1rio acusado de extra\u00e7\u00e3o ilegal de areia no valor de cinco milh\u00f5es de euros - Portal Tela Portugal\" \/>\n<meta property=\"og:description\" content=\"A Guarda Nacional Republicana constituiu arguido um homem de 62 anos em Vagos por desobedi\u00eancia, ap\u00f3s n\u00e3o cumprir uma ordem de suspens\u00e3o imediata de escava\u00e7\u00e3o e extra\u00e7\u00e3o de inertes. Ter\u00e1 retirado cerca de 140 mil metros c\u00fabicos de areia, num valor total de 4,9 milh\u00f5es de euros, com as m\u00e1quinas industriais apreendidas. A decis\u00e3o administrativa visava suspender os trabalhos de extra\u00e7\u00e3o por suspeitas de destrui\u00e7\u00e3o de revestimento vegetal e altera\u00e7\u00e3o da morfologia do solo numa \u00e1rea classificada como reserva ecol\u00f3gica nacional. As dilig\u00eancias resultaram em duas buscas nos terrenos visados, com apreens\u00e3o de uma m\u00e1quina Dumper, uma escavadora girat\u00f3ria, oito c\u00e2maras de CCTV e 85 metros de cabo de rede. Os factos foram comunicados ao Tribunal Judicial de Vagos, com refor\u00e7o de v\u00e1rias unidades e entidades, incluindo SEPNA, Sec\u00e7\u00e3o de Informa\u00e7\u00f5es e Investiga\u00e7\u00e3o Criminal, Destacamento de Interven\u00e7\u00e3o, CCDR Centro, Destacamento de A\u00e7\u00e3o Fiscal de Coimbra e Bombeiros Volunt\u00e1rios de \u00c1gueda.\" \/>\n<meta property=\"og:url\" content=\"https:\/\/portaltela.pt\/noticias\/2026\/02\/27\/empresario-acusado-de-extracao-ilegal-de-areia-no-valor-de-cinco-milhoes-de-euros\/\" \/>\n<meta property=\"og:site_name\" content=\"Portal Tela Portugal\" \/>\n<meta property=\"article:published_time\" content=\"2026-02-27T12:46:00+00:00\" \/>\n<meta name=\"author\" content=\"Telinha\" \/>\n<meta name=\"twitter:card\" content=\"summary_large_image\" \/>\n<meta name=\"twitter:label1\" content=\"Escrito por\" \/>\n\t<meta name=\"twitter:data1\" content=\"Telinha\" \/>\n\t<meta name=\"twitter:label2\" content=\"Tempo estimado de leitura\" \/>\n\t<meta name=\"twitter:data2\" content=\"1 minuto\" \/>\n<script type=\"application\/ld+json\" class=\"yoast-schema-graph\">{\"@context\":\"https:\/\/schema.org\",\"@graph\":[{\"@type\":\"Article\",\"@id\":\"https:\/\/portaltela.pt\/noticias\/2026\/02\/27\/empresario-acusado-de-extracao-ilegal-de-areia-no-valor-de-cinco-milhoes-de-euros\/#article\",\"isPartOf\":{\"@id\":\"https:\/\/portaltela.pt\/noticias\/2026\/02\/27\/empresario-acusado-de-extracao-ilegal-de-areia-no-valor-de-cinco-milhoes-de-euros\/\"},\"author\":{\"name\":\"Telinha\",\"@id\":\"https:\/\/portaltela.pt\/#\/schema\/person\/c4278d4a6028830caff9ee44b42d32ed\"},\"headline\":\"Empres\u00e1rio acusado de extra\u00e7\u00e3o ilegal de areia no valor de cinco milh\u00f5es de euros\",\"datePublished\":\"2026-02-27T12:46:00+00:00\",\"mainEntityOfPage\":{\"@id\":\"https:\/\/portaltela.pt\/noticias\/2026\/02\/27\/empresario-acusado-de-extracao-ilegal-de-areia-no-valor-de-cinco-milhoes-de-euros\/\"},\"wordCount\":267,\"image\":{\"@id\":\"https:\/\/portaltela.pt\/noticias\/2026\/02\/27\/empresario-acusado-de-extracao-ilegal-de-areia-no-valor-de-cinco-milhoes-de-euros\/#primaryimage\"},\"thumbnailUrl\":\"https:\/\/portaltela.pt\/s.01k8rhncp4jt1\/2026\/02\/image-2008.jpg\",\"keywords\":[\"ambiente\",\"desobedi\u00e7\u00e3o\",\"infra\u00e7\u00f5es ambientais\",\"Reserva Ecol\u00f3gica Nacional\",\"Vagos\",\"videovigil\u00e2ncia\"],\"articleSection\":[\"Not\u00edcias\"],\"inLanguage\":\"pt-PT\"},{\"@type\":\"WebPage\",\"@id\":\"https:\/\/portaltela.pt\/noticias\/2026\/02\/27\/empresario-acusado-de-extracao-ilegal-de-areia-no-valor-de-cinco-milhoes-de-euros\/\",\"url\":\"https:\/\/portaltela.pt\/noticias\/2026\/02\/27\/empresario-acusado-de-extracao-ilegal-de-areia-no-valor-de-cinco-milhoes-de-euros\/\",\"name\":\"Empres\u00e1rio acusado de extra\u00e7\u00e3o ilegal de areia no valor de cinco milh\u00f5es de euros - Portal Tela Portugal\",\"isPartOf\":{\"@id\":\"https:\/\/portaltela.pt\/#website\"},\"primaryImageOfPage\":{\"@id\":\"https:\/\/portaltela.pt\/noticias\/2026\/02\/27\/empresario-acusado-de-extracao-ilegal-de-areia-no-valor-de-cinco-milhoes-de-euros\/#primaryimage\"},\"image\":{\"@id\":\"https:\/\/portaltela.pt\/noticias\/2026\/02\/27\/empresario-acusado-de-extracao-ilegal-de-areia-no-valor-de-cinco-milhoes-de-euros\/#primaryimage\"},\"thumbnailUrl\":\"https:\/\/portaltela.pt\/s.01k8rhncp4jt1\/2026\/02\/image-2008.jpg\",\"datePublished\":\"2026-02-27T12:46:00+00:00\",\"author\":{\"@id\":\"https:\/\/portaltela.pt\/#\/schema\/person\/c4278d4a6028830caff9ee44b42d32ed\"},\"breadcrumb\":{\"@id\":\"https:\/\/portaltela.pt\/noticias\/2026\/02\/27\/empresario-acusado-de-extracao-ilegal-de-areia-no-valor-de-cinco-milhoes-de-euros\/#breadcrumb\"},\"inLanguage\":\"pt-PT\",\"potentialAction\":[{\"@type\":\"ReadAction\",\"target\":[\"https:\/\/portaltela.pt\/noticias\/2026\/02\/27\/empresario-acusado-de-extracao-ilegal-de-areia-no-valor-de-cinco-milhoes-de-euros\/\"]}]},{\"@type\":\"ImageObject\",\"inLanguage\":\"pt-PT\",\"@id\":\"https:\/\/portaltela.pt\/noticias\/2026\/02\/27\/empresario-acusado-de-extracao-ilegal-de-areia-no-valor-de-cinco-milhoes-de-euros\/#primaryimage\",\"url\":\"https:\/\/portaltela.pt\/s.01k8rhncp4jt1\/2026\/02\/image-2008.jpg\",\"contentUrl\":\"https:\/\/portaltela.pt\/s.01k8rhncp4jt1\/2026\/02\/image-2008.jpg\",\"width\":796,\"height\":448,\"caption\":\"M\u00e1quinas industriais usadas para extrair ilegalmente areias\"},{\"@type\":\"BreadcrumbList\",\"@id\":\"https:\/\/portaltela.pt\/noticias\/2026\/02\/27\/empresario-acusado-de-extracao-ilegal-de-areia-no-valor-de-cinco-milhoes-de-euros\/#breadcrumb\",\"itemListElement\":[{\"@type\":\"ListItem\",\"position\":1,\"name\":\"In\u00edcio\",\"item\":\"https:\/\/portaltela.pt\/\"},{\"@type\":\"ListItem\",\"position\":2,\"name\":\"Empres\u00e1rio acusado de extra\u00e7\u00e3o ilegal de areia no valor de cinco milh\u00f5es de euros\"}]},{\"@type\":\"WebSite\",\"@id\":\"https:\/\/portaltela.pt\/#website\",\"url\":\"https:\/\/portaltela.pt\/\",\"name\":\"Portal Tela Portugal\",\"description\":\"\",\"potentialAction\":[{\"@type\":\"SearchAction\",\"target\":{\"@type\":\"EntryPoint\",\"urlTemplate\":\"https:\/\/portaltela.pt\/?s={search_term_string}\"},\"query-input\":{\"@type\":\"PropertyValueSpecification\",\"valueRequired\":true,\"valueName\":\"search_term_string\"}}],\"inLanguage\":\"pt-PT\"},{\"@type\":\"Person\",\"@id\":\"https:\/\/portaltela.pt\/#\/schema\/person\/c4278d4a6028830caff9ee44b42d32ed\",\"name\":\"Telinha\",\"image\":{\"@type\":\"ImageObject\",\"inLanguage\":\"pt-PT\",\"@id\":\"https:\/\/portaltela.pt\/s.01k8rhncp4jt1\/2025\/11\/talking-bot-125x125.png\",\"url\":\"https:\/\/portaltela.pt\/s.01k8rhncp4jt1\/2025\/11\/talking-bot-125x125.png\",\"contentUrl\":\"https:\/\/portaltela.pt\/s.01k8rhncp4jt1\/2025\/11\/talking-bot-125x125.png\",\"caption\":\"Telinha\"},\"sameAs\":[\"https:\/\/portaltela.pt\/\"],\"url\":\"https:\/\/portaltela.pt\/por\/367410592786\/\"}]}<\/script>\n<!-- \/ Yoast SEO plugin. -->","yoast_head_json":{"title":"Empres\u00e1rio acusado de extra\u00e7\u00e3o ilegal de areia no valor de cinco milh\u00f5es de euros - Portal Tela Portugal","robots":{"index":"index","follow":"follow","max-snippet":"max-snippet:-1","max-image-preview":"max-image-preview:large","max-video-preview":"max-video-preview:-1"},"og_locale":"pt_PT","og_type":"article","og_title":"Empres\u00e1rio acusado de extra\u00e7\u00e3o ilegal de areia no valor de cinco milh\u00f5es de euros - Portal Tela Portugal","og_description":"A Guarda Nacional Republicana constituiu arguido um homem de 62 anos em Vagos por desobedi\u00eancia, ap\u00f3s n\u00e3o cumprir uma ordem de suspens\u00e3o imediata de escava\u00e7\u00e3o e extra\u00e7\u00e3o de inertes. Ter\u00e1 retirado cerca de 140 mil metros c\u00fabicos de areia, num valor total de 4,9 milh\u00f5es de euros, com as m\u00e1quinas industriais apreendidas. A decis\u00e3o administrativa visava suspender os trabalhos de extra\u00e7\u00e3o por suspeitas de destrui\u00e7\u00e3o de revestimento vegetal e altera\u00e7\u00e3o da morfologia do solo numa \u00e1rea classificada como reserva ecol\u00f3gica nacional. As dilig\u00eancias resultaram em duas buscas nos terrenos visados, com apreens\u00e3o de uma m\u00e1quina Dumper, uma escavadora girat\u00f3ria, oito c\u00e2maras de CCTV e 85 metros de cabo de rede. Os factos foram comunicados ao Tribunal Judicial de Vagos, com refor\u00e7o de v\u00e1rias unidades e entidades, incluindo SEPNA, Sec\u00e7\u00e3o de Informa\u00e7\u00f5es e Investiga\u00e7\u00e3o Criminal, Destacamento de Interven\u00e7\u00e3o, CCDR Centro, Destacamento de A\u00e7\u00e3o Fiscal de Coimbra e Bombeiros Volunt\u00e1rios de \u00c1gueda.","og_url":"https:\/\/portaltela.pt\/noticias\/2026\/02\/27\/empresario-acusado-de-extracao-ilegal-de-areia-no-valor-de-cinco-milhoes-de-euros\/","og_site_name":"Portal Tela Portugal","article_published_time":"2026-02-27T12:46:00+00:00","author":"Telinha","twitter_card":"summary_large_image","twitter_misc":{"Escrito por":"Telinha","Tempo estimado de leitura":"1 minuto"},"schema":{"@context":"https:\/\/schema.org","@graph":[{"@type":"Article","@id":"https:\/\/portaltela.pt\/noticias\/2026\/02\/27\/empresario-acusado-de-extracao-ilegal-de-areia-no-valor-de-cinco-milhoes-de-euros\/#article","isPartOf":{"@id":"https:\/\/portaltela.pt\/noticias\/2026\/02\/27\/empresario-acusado-de-extracao-ilegal-de-areia-no-valor-de-cinco-milhoes-de-euros\/"},"author":{"name":"Telinha","@id":"https:\/\/portaltela.pt\/#\/schema\/person\/c4278d4a6028830caff9ee44b42d32ed"},"headline":"Empres\u00e1rio acusado de extra\u00e7\u00e3o ilegal de areia no valor de cinco milh\u00f5es de euros","datePublished":"2026-02-27T12:46:00+00:00","mainEntityOfPage":{"@id":"https:\/\/portaltela.pt\/noticias\/2026\/02\/27\/empresario-acusado-de-extracao-ilegal-de-areia-no-valor-de-cinco-milhoes-de-euros\/"},"wordCount":267,"image":{"@id":"https:\/\/portaltela.pt\/noticias\/2026\/02\/27\/empresario-acusado-de-extracao-ilegal-de-areia-no-valor-de-cinco-milhoes-de-euros\/#primaryimage"},"thumbnailUrl":"https:\/\/portaltela.pt\/s.01k8rhncp4jt1\/2026\/02\/image-2008.jpg","keywords":["ambiente","desobedi\u00e7\u00e3o","infra\u00e7\u00f5es ambientais","Reserva Ecol\u00f3gica Nacional","Vagos","videovigil\u00e2ncia"],"articleSection":["Not\u00edcias"],"inLanguage":"pt-PT"},{"@type":"WebPage","@id":"https:\/\/portaltela.pt\/noticias\/2026\/02\/27\/empresario-acusado-de-extracao-ilegal-de-areia-no-valor-de-cinco-milhoes-de-euros\/","url":"https:\/\/portaltela.pt\/noticias\/2026\/02\/27\/empresario-acusado-de-extracao-ilegal-de-areia-no-valor-de-cinco-milhoes-de-euros\/","name":"Empres\u00e1rio acusado de extra\u00e7\u00e3o ilegal de areia no valor de cinco milh\u00f5es de euros - Portal Tela Portugal","isPartOf":{"@id":"https:\/\/portaltela.pt\/#website"},"primaryImageOfPage":{"@id":"https:\/\/portaltela.pt\/noticias\/2026\/02\/27\/empresario-acusado-de-extracao-ilegal-de-areia-no-valor-de-cinco-milhoes-de-euros\/#primaryimage"},"image":{"@id":"https:\/\/portaltela.pt\/noticias\/2026\/02\/27\/empresario-acusado-de-extracao-ilegal-de-areia-no-valor-de-cinco-milhoes-de-euros\/#primaryimage"},"thumbnailUrl":"https:\/\/portaltela.pt\/s.01k8rhncp4jt1\/2026\/02\/image-2008.jpg","datePublished":"2026-02-27T12:46:00+00:00","author":{"@id":"https:\/\/portaltela.pt\/#\/schema\/person\/c4278d4a6028830caff9ee44b42d32ed"},"breadcrumb":{"@id":"https:\/\/portaltela.pt\/noticias\/2026\/02\/27\/empresario-acusado-de-extracao-ilegal-de-areia-no-valor-de-cinco-milhoes-de-euros\/#breadcrumb"},"inLanguage":"pt-PT","potentialAction":[{"@type":"ReadAction","target":["https:\/\/portaltela.pt\/noticias\/2026\/02\/27\/empresario-acusado-de-extracao-ilegal-de-areia-no-valor-de-cinco-milhoes-de-euros\/"]}]},{"@type":"ImageObject","inLanguage":"pt-PT","@id":"https:\/\/portaltela.pt\/noticias\/2026\/02\/27\/empresario-acusado-de-extracao-ilegal-de-areia-no-valor-de-cinco-milhoes-de-euros\/#primaryimage","url":"https:\/\/portaltela.pt\/s.01k8rhncp4jt1\/2026\/02\/image-2008.jpg","contentUrl":"https:\/\/portaltela.pt\/s.01k8rhncp4jt1\/2026\/02\/image-2008.jpg","width":796,"height":448,"caption":"M\u00e1quinas industriais usadas para extrair ilegalmente areias"},{"@type":"BreadcrumbList","@id":"https:\/\/portaltela.pt\/noticias\/2026\/02\/27\/empresario-acusado-de-extracao-ilegal-de-areia-no-valor-de-cinco-milhoes-de-euros\/#breadcrumb","itemListElement":[{"@type":"ListItem","position":1,"name":"In\u00edcio","item":"https:\/\/portaltela.pt\/"},{"@type":"ListItem","position":2,"name":"Empres\u00e1rio acusado de extra\u00e7\u00e3o ilegal de areia no valor de cinco milh\u00f5es de euros"}]},{"@type":"WebSite","@id":"https:\/\/portaltela.pt\/#website","url":"https:\/\/portaltela.pt\/","name":"Portal Tela Portugal","description":"","potentialAction":[{"@type":"SearchAction","target":{"@type":"EntryPoint","urlTemplate":"https:\/\/portaltela.pt\/?s={search_term_string}"},"query-input":{"@type":"PropertyValueSpecification","valueRequired":true,"valueName":"search_term_string"}}],"inLanguage":"pt-PT"},{"@type":"Person","@id":"https:\/\/portaltela.pt\/#\/schema\/person\/c4278d4a6028830caff9ee44b42d32ed","name":"Telinha","image":{"@type":"ImageObject","inLanguage":"pt-PT","@id":"https:\/\/portaltela.pt\/s.01k8rhncp4jt1\/2025\/11\/talking-bot-125x125.png","url":"https:\/\/portaltela.pt\/s.01k8rhncp4jt1\/2025\/11\/talking-bot-125x125.png","contentUrl":"https:\/\/portaltela.pt\/s.01k8rhncp4jt1\/2025\/11\/talking-bot-125x125.png","caption":"Telinha"},"sameAs":["https:\/\/portaltela.pt\/"],"url":"https:\/\/portaltela.pt\/por\/367410592786\/"}]}},"_links":{"self":[{"href":"https:\/\/portaltela.pt\/api\/wp\/v2\/posts\/390725","targetHints":{"allow":["GET"]}}],"collection":[{"href":"https:\/\/portaltela.pt\/api\/wp\/v2\/posts"}],"about":[{"href":"https:\/\/portaltela.pt\/api\/wp\/v2\/types\/post"}],"author":[{"embeddable":true,"href":"https:\/\/portaltela.pt\/api\/wp\/v2\/users\/2"}],"replies":[{"embeddable":true,"href":"https:\/\/portaltela.pt\/api\/wp\/v2\/comments?post=390725"}],"version-history":[{"count":0,"href":"https:\/\/portaltela.pt\/api\/wp\/v2\/posts\/390725\/revisions"}],"wp:featuredmedia":[{"embeddable":true,"href":"https:\/\/portaltela.pt\/api\/wp\/v2\/media\/390735"}],"wp:attachment":[{"href":"https:\/\/portaltela.pt\/api\/wp\/v2\/media?parent=390725"}],"wp:term":[{"taxonomy":"category","embeddable":true,"href":"https:\/\/portaltela.pt\/api\/wp\/v2\/categories?post=390725"},{"taxonomy":"post_tag","embeddable":true,"href":"https:\/\/portaltela.pt\/api\/wp\/v2\/tags?post=390725"}],"curies":[{"name":"wp","href":"https:\/\/api.w.org\/{rel}","templated":true}]}}