{"id":390715,"date":"2026-02-27T09:54:00","date_gmt":"2026-02-27T12:54:00","guid":{"rendered":"https:\/\/portaltela.pt\/noticias\/2026\/02\/27\/vento-forte-afeta-mais-de-20-voos-no-aeroporto-da-madeira\/"},"modified":"2026-02-27T09:54:00","modified_gmt":"2026-02-27T12:54:00","slug":"vento-forte-afeta-mais-de-20-voos-no-aeroporto-da-madeira","status":"publish","type":"post","link":"https:\/\/portaltela.pt\/noticias\/2026\/02\/27\/vento-forte-afeta-mais-de-20-voos-no-aeroporto-da-madeira\/","title":{"rendered":"Vento forte afeta mais de 20 voos no aeroporto da Madeira"},"content":{"rendered":"<p>O vento forte afetou hoje o Aeroporto Internacional da Madeira, provocando o desvio de um avi\u00e3o e o cancelamento de 20 voos, entre chegadas e partidas, na sua \u00e1rea leste desde quinta-feira. A situa\u00e7\u00e3o impacta a atividade de v\u00e1rias opera\u00e7\u00f5es no Cristiano Ronaldo.<\/p>\n<p>Segundo a ANA &#8211; Aeroportos de Portugal, as previs\u00f5es meteorol\u00f3gicas apontam condi\u00e7\u00f5es adversas que podem manter restri\u00e7\u00f5es nos pr\u00f3ximos dias. A entidade aconselha os passageiros a confirmarem o estado dos voos antes de partirem para o aeroporto.<\/p>\n<p>Entre as 8h e as 11h de hoje, nenhum avi\u00e3o aterrou em Santa Cruz, com apenas um descolando, de acordo com o site da ANA. Os cancelamentos abrangem voos de chegada e partida, refletindo a instabilidade meteorol\u00f3gica na regi\u00e3o.<\/p>\n<h3>Condi\u00e7\u00f5es meteorol\u00f3gicas e impacto operativo<\/h3>\n<p>A-capitania do Porto do Funchal estendeu o aviso de vento forte para o mar da Madeira at\u00e9 \u00e0s 6h de s\u00e1bado. O Instituto Portugu\u00eas do Mar e da Atmosfera prev\u00ea ventos de norte\/noroeste, entre 51 e 61 km\/h, especialmente durante a tarde.<\/p>\n","protected":false},"excerpt":{"rendered":"<ul>\n<li>Um avi\u00e3o divergiu e 20 voos foram cancelados nesta sexta-feira no Aeroporto Internacional da Madeira, entre chegadas e partidas, devido ao vento forte na zona leste da ilha desde quinta-feira.<\/li>\n<li>Entre as 8h e as 11h de hoje nenhum avi\u00e3o aterrrou no aeroporto Cristiano Ronaldo; apenas um descolou.<\/li>\n<li>A ANA alerta que previs\u00f5es meteorol\u00f3gicas podem condicionar partidas e chegadas nos pr\u00f3ximos dias e recomenda que os passageiros confirmem o estado do voo antes de irem ao aeroporto.<\/li>\n<li>A capitania do porto do Funchal manteve o aviso de vento forte para o mar da Madeira at\u00e9 \u00e0s 6h de s\u00e1bado; o vento de norte\/noroeste pode apresentar rajadas fortes, sobretudo durante a tarde.<\/li>\n<li>A autoridade meteorol\u00f3gica aponta condi\u00e7\u00f5es adversas que podem afetar opera\u00e7\u00f5es aeroportu\u00e1rias na regi\u00e3o nos pr\u00f3ximos dias.<\/li>\n<\/ul>\n","protected":false},"author":2,"featured_media":390727,"comment_status":"closed","ping_status":"closed","sticky":false,"template":"","format":"standard","meta":{"footnotes":""},"categories":[1],"tags":[3302,1947,859,1269,4782,5784],"class_list":["post-390715","post","type-post","status-publish","format-standard","has-post-thumbnail","hentry","category-noticias","tag-aeroportos","tag-cristiano-ronaldo","tag-madeira","tag-santa-cruz","tag-vento","tag-voos"],"yoast_head":"<!-- This site is optimized with the Yoast SEO plugin v27.2 - https:\/\/yoast.com\/product\/yoast-seo-wordpress\/ -->\n<title>Vento forte afeta mais de 20 voos no aeroporto da Madeira - Portal Tela Portugal<\/title>\n<meta name=\"robots\" content=\"index, follow, max-snippet:-1, max-image-preview:large, max-video-preview:-1\" \/>\n<meta property=\"og:locale\" content=\"pt_PT\" \/>\n<meta property=\"og:type\" content=\"article\" \/>\n<meta property=\"og:title\" content=\"Vento forte afeta mais de 20 voos no aeroporto da Madeira - Portal Tela Portugal\" \/>\n<meta property=\"og:description\" content=\"Um avi\u00e3o divergiu e 20 voos foram cancelados nesta sexta-feira no Aeroporto Internacional da Madeira, entre chegadas e partidas, devido ao vento forte na zona leste da ilha desde quinta-feira. Entre as 8h e as 11h de hoje nenhum avi\u00e3o aterrrou no aeroporto Cristiano Ronaldo; apenas um descolou. A ANA alerta que previs\u00f5es meteorol\u00f3gicas podem condicionar partidas e chegadas nos pr\u00f3ximos dias e recomenda que os passageiros confirmem o estado do voo antes de irem ao aeroporto. A capitania do porto do Funchal manteve o aviso de vento forte para o mar da Madeira at\u00e9 \u00e0s 6h de s\u00e1bado; o vento de norte\/noroeste pode apresentar rajadas fortes, sobretudo durante a tarde. A autoridade meteorol\u00f3gica aponta condi\u00e7\u00f5es adversas que podem afetar opera\u00e7\u00f5es aeroportu\u00e1rias na regi\u00e3o nos pr\u00f3ximos dias.\" \/>\n<meta property=\"og:url\" content=\"https:\/\/portaltela.pt\/noticias\/2026\/02\/27\/vento-forte-afeta-mais-de-20-voos-no-aeroporto-da-madeira\/\" \/>\n<meta property=\"og:site_name\" content=\"Portal Tela Portugal\" \/>\n<meta property=\"article:published_time\" content=\"2026-02-27T12:54:00+00:00\" \/>\n<meta name=\"author\" content=\"Telinha\" \/>\n<meta name=\"twitter:card\" content=\"summary_large_image\" \/>\n<meta name=\"twitter:label1\" content=\"Escrito por\" \/>\n\t<meta name=\"twitter:data1\" content=\"Telinha\" \/>\n\t<meta name=\"twitter:label2\" content=\"Tempo estimado de leitura\" \/>\n\t<meta name=\"twitter:data2\" content=\"1 minuto\" \/>\n<script type=\"application\/ld+json\" class=\"yoast-schema-graph\">{\"@context\":\"https:\/\/schema.org\",\"@graph\":[{\"@type\":\"Article\",\"@id\":\"https:\/\/portaltela.pt\/noticias\/2026\/02\/27\/vento-forte-afeta-mais-de-20-voos-no-aeroporto-da-madeira\/#article\",\"isPartOf\":{\"@id\":\"https:\/\/portaltela.pt\/noticias\/2026\/02\/27\/vento-forte-afeta-mais-de-20-voos-no-aeroporto-da-madeira\/\"},\"author\":{\"name\":\"Telinha\",\"@id\":\"https:\/\/portaltela.pt\/#\/schema\/person\/c4278d4a6028830caff9ee44b42d32ed\"},\"headline\":\"Vento forte afeta mais de 20 voos no aeroporto da Madeira\",\"datePublished\":\"2026-02-27T12:54:00+00:00\",\"mainEntityOfPage\":{\"@id\":\"https:\/\/portaltela.pt\/noticias\/2026\/02\/27\/vento-forte-afeta-mais-de-20-voos-no-aeroporto-da-madeira\/\"},\"wordCount\":191,\"image\":{\"@id\":\"https:\/\/portaltela.pt\/noticias\/2026\/02\/27\/vento-forte-afeta-mais-de-20-voos-no-aeroporto-da-madeira\/#primaryimage\"},\"thumbnailUrl\":\"https:\/\/portaltela.pt\/s.01k8rhncp4jt1\/2026\/02\/2070251.jpg\",\"keywords\":[\"aeroportos\",\"Cristiano Ronaldo\",\"Madeira\",\"Santa Cruz\",\"vento\",\"voos\"],\"articleSection\":[\"Not\u00edcias\"],\"inLanguage\":\"pt-PT\"},{\"@type\":\"WebPage\",\"@id\":\"https:\/\/portaltela.pt\/noticias\/2026\/02\/27\/vento-forte-afeta-mais-de-20-voos-no-aeroporto-da-madeira\/\",\"url\":\"https:\/\/portaltela.pt\/noticias\/2026\/02\/27\/vento-forte-afeta-mais-de-20-voos-no-aeroporto-da-madeira\/\",\"name\":\"Vento forte afeta mais de 20 voos no aeroporto da Madeira - Portal Tela Portugal\",\"isPartOf\":{\"@id\":\"https:\/\/portaltela.pt\/#website\"},\"primaryImageOfPage\":{\"@id\":\"https:\/\/portaltela.pt\/noticias\/2026\/02\/27\/vento-forte-afeta-mais-de-20-voos-no-aeroporto-da-madeira\/#primaryimage\"},\"image\":{\"@id\":\"https:\/\/portaltela.pt\/noticias\/2026\/02\/27\/vento-forte-afeta-mais-de-20-voos-no-aeroporto-da-madeira\/#primaryimage\"},\"thumbnailUrl\":\"https:\/\/portaltela.pt\/s.01k8rhncp4jt1\/2026\/02\/2070251.jpg\",\"datePublished\":\"2026-02-27T12:54:00+00:00\",\"author\":{\"@id\":\"https:\/\/portaltela.pt\/#\/schema\/person\/c4278d4a6028830caff9ee44b42d32ed\"},\"breadcrumb\":{\"@id\":\"https:\/\/portaltela.pt\/noticias\/2026\/02\/27\/vento-forte-afeta-mais-de-20-voos-no-aeroporto-da-madeira\/#breadcrumb\"},\"inLanguage\":\"pt-PT\",\"potentialAction\":[{\"@type\":\"ReadAction\",\"target\":[\"https:\/\/portaltela.pt\/noticias\/2026\/02\/27\/vento-forte-afeta-mais-de-20-voos-no-aeroporto-da-madeira\/\"]}]},{\"@type\":\"ImageObject\",\"inLanguage\":\"pt-PT\",\"@id\":\"https:\/\/portaltela.pt\/noticias\/2026\/02\/27\/vento-forte-afeta-mais-de-20-voos-no-aeroporto-da-madeira\/#primaryimage\",\"url\":\"https:\/\/portaltela.pt\/s.01k8rhncp4jt1\/2026\/02\/2070251.jpg\",\"contentUrl\":\"https:\/\/portaltela.pt\/s.01k8rhncp4jt1\/2026\/02\/2070251.jpg\",\"width\":796,\"height\":448,\"caption\":\"Photo\"},{\"@type\":\"BreadcrumbList\",\"@id\":\"https:\/\/portaltela.pt\/noticias\/2026\/02\/27\/vento-forte-afeta-mais-de-20-voos-no-aeroporto-da-madeira\/#breadcrumb\",\"itemListElement\":[{\"@type\":\"ListItem\",\"position\":1,\"name\":\"In\u00edcio\",\"item\":\"https:\/\/portaltela.pt\/\"},{\"@type\":\"ListItem\",\"position\":2,\"name\":\"Vento forte afeta mais de 20 voos no aeroporto da Madeira\"}]},{\"@type\":\"WebSite\",\"@id\":\"https:\/\/portaltela.pt\/#website\",\"url\":\"https:\/\/portaltela.pt\/\",\"name\":\"Portal Tela Portugal\",\"description\":\"\",\"potentialAction\":[{\"@type\":\"SearchAction\",\"target\":{\"@type\":\"EntryPoint\",\"urlTemplate\":\"https:\/\/portaltela.pt\/?s={search_term_string}\"},\"query-input\":{\"@type\":\"PropertyValueSpecification\",\"valueRequired\":true,\"valueName\":\"search_term_string\"}}],\"inLanguage\":\"pt-PT\"},{\"@type\":\"Person\",\"@id\":\"https:\/\/portaltela.pt\/#\/schema\/person\/c4278d4a6028830caff9ee44b42d32ed\",\"name\":\"Telinha\",\"image\":{\"@type\":\"ImageObject\",\"inLanguage\":\"pt-PT\",\"@id\":\"https:\/\/portaltela.pt\/s.01k8rhncp4jt1\/2025\/11\/talking-bot-125x125.png\",\"url\":\"https:\/\/portaltela.pt\/s.01k8rhncp4jt1\/2025\/11\/talking-bot-125x125.png\",\"contentUrl\":\"https:\/\/portaltela.pt\/s.01k8rhncp4jt1\/2025\/11\/talking-bot-125x125.png\",\"caption\":\"Telinha\"},\"sameAs\":[\"https:\/\/portaltela.pt\/\"],\"url\":\"https:\/\/portaltela.pt\/por\/367410592786\/\"}]}<\/script>\n<!-- \/ Yoast SEO plugin. -->","yoast_head_json":{"title":"Vento forte afeta mais de 20 voos no aeroporto da Madeira - Portal Tela Portugal","robots":{"index":"index","follow":"follow","max-snippet":"max-snippet:-1","max-image-preview":"max-image-preview:large","max-video-preview":"max-video-preview:-1"},"og_locale":"pt_PT","og_type":"article","og_title":"Vento forte afeta mais de 20 voos no aeroporto da Madeira - Portal Tela Portugal","og_description":"Um avi\u00e3o divergiu e 20 voos foram cancelados nesta sexta-feira no Aeroporto Internacional da Madeira, entre chegadas e partidas, devido ao vento forte na zona leste da ilha desde quinta-feira. Entre as 8h e as 11h de hoje nenhum avi\u00e3o aterrrou no aeroporto Cristiano Ronaldo; apenas um descolou. A ANA alerta que previs\u00f5es meteorol\u00f3gicas podem condicionar partidas e chegadas nos pr\u00f3ximos dias e recomenda que os passageiros confirmem o estado do voo antes de irem ao aeroporto. A capitania do porto do Funchal manteve o aviso de vento forte para o mar da Madeira at\u00e9 \u00e0s 6h de s\u00e1bado; o vento de norte\/noroeste pode apresentar rajadas fortes, sobretudo durante a tarde. A autoridade meteorol\u00f3gica aponta condi\u00e7\u00f5es adversas que podem afetar opera\u00e7\u00f5es aeroportu\u00e1rias na regi\u00e3o nos pr\u00f3ximos dias.","og_url":"https:\/\/portaltela.pt\/noticias\/2026\/02\/27\/vento-forte-afeta-mais-de-20-voos-no-aeroporto-da-madeira\/","og_site_name":"Portal Tela Portugal","article_published_time":"2026-02-27T12:54:00+00:00","author":"Telinha","twitter_card":"summary_large_image","twitter_misc":{"Escrito por":"Telinha","Tempo estimado de leitura":"1 minuto"},"schema":{"@context":"https:\/\/schema.org","@graph":[{"@type":"Article","@id":"https:\/\/portaltela.pt\/noticias\/2026\/02\/27\/vento-forte-afeta-mais-de-20-voos-no-aeroporto-da-madeira\/#article","isPartOf":{"@id":"https:\/\/portaltela.pt\/noticias\/2026\/02\/27\/vento-forte-afeta-mais-de-20-voos-no-aeroporto-da-madeira\/"},"author":{"name":"Telinha","@id":"https:\/\/portaltela.pt\/#\/schema\/person\/c4278d4a6028830caff9ee44b42d32ed"},"headline":"Vento forte afeta mais de 20 voos no aeroporto da Madeira","datePublished":"2026-02-27T12:54:00+00:00","mainEntityOfPage":{"@id":"https:\/\/portaltela.pt\/noticias\/2026\/02\/27\/vento-forte-afeta-mais-de-20-voos-no-aeroporto-da-madeira\/"},"wordCount":191,"image":{"@id":"https:\/\/portaltela.pt\/noticias\/2026\/02\/27\/vento-forte-afeta-mais-de-20-voos-no-aeroporto-da-madeira\/#primaryimage"},"thumbnailUrl":"https:\/\/portaltela.pt\/s.01k8rhncp4jt1\/2026\/02\/2070251.jpg","keywords":["aeroportos","Cristiano Ronaldo","Madeira","Santa Cruz","vento","voos"],"articleSection":["Not\u00edcias"],"inLanguage":"pt-PT"},{"@type":"WebPage","@id":"https:\/\/portaltela.pt\/noticias\/2026\/02\/27\/vento-forte-afeta-mais-de-20-voos-no-aeroporto-da-madeira\/","url":"https:\/\/portaltela.pt\/noticias\/2026\/02\/27\/vento-forte-afeta-mais-de-20-voos-no-aeroporto-da-madeira\/","name":"Vento forte afeta mais de 20 voos no aeroporto da Madeira - Portal Tela Portugal","isPartOf":{"@id":"https:\/\/portaltela.pt\/#website"},"primaryImageOfPage":{"@id":"https:\/\/portaltela.pt\/noticias\/2026\/02\/27\/vento-forte-afeta-mais-de-20-voos-no-aeroporto-da-madeira\/#primaryimage"},"image":{"@id":"https:\/\/portaltela.pt\/noticias\/2026\/02\/27\/vento-forte-afeta-mais-de-20-voos-no-aeroporto-da-madeira\/#primaryimage"},"thumbnailUrl":"https:\/\/portaltela.pt\/s.01k8rhncp4jt1\/2026\/02\/2070251.jpg","datePublished":"2026-02-27T12:54:00+00:00","author":{"@id":"https:\/\/portaltela.pt\/#\/schema\/person\/c4278d4a6028830caff9ee44b42d32ed"},"breadcrumb":{"@id":"https:\/\/portaltela.pt\/noticias\/2026\/02\/27\/vento-forte-afeta-mais-de-20-voos-no-aeroporto-da-madeira\/#breadcrumb"},"inLanguage":"pt-PT","potentialAction":[{"@type":"ReadAction","target":["https:\/\/portaltela.pt\/noticias\/2026\/02\/27\/vento-forte-afeta-mais-de-20-voos-no-aeroporto-da-madeira\/"]}]},{"@type":"ImageObject","inLanguage":"pt-PT","@id":"https:\/\/portaltela.pt\/noticias\/2026\/02\/27\/vento-forte-afeta-mais-de-20-voos-no-aeroporto-da-madeira\/#primaryimage","url":"https:\/\/portaltela.pt\/s.01k8rhncp4jt1\/2026\/02\/2070251.jpg","contentUrl":"https:\/\/portaltela.pt\/s.01k8rhncp4jt1\/2026\/02\/2070251.jpg","width":796,"height":448,"caption":"Photo"},{"@type":"BreadcrumbList","@id":"https:\/\/portaltela.pt\/noticias\/2026\/02\/27\/vento-forte-afeta-mais-de-20-voos-no-aeroporto-da-madeira\/#breadcrumb","itemListElement":[{"@type":"ListItem","position":1,"name":"In\u00edcio","item":"https:\/\/portaltela.pt\/"},{"@type":"ListItem","position":2,"name":"Vento forte afeta mais de 20 voos no aeroporto da Madeira"}]},{"@type":"WebSite","@id":"https:\/\/portaltela.pt\/#website","url":"https:\/\/portaltela.pt\/","name":"Portal Tela Portugal","description":"","potentialAction":[{"@type":"SearchAction","target":{"@type":"EntryPoint","urlTemplate":"https:\/\/portaltela.pt\/?s={search_term_string}"},"query-input":{"@type":"PropertyValueSpecification","valueRequired":true,"valueName":"search_term_string"}}],"inLanguage":"pt-PT"},{"@type":"Person","@id":"https:\/\/portaltela.pt\/#\/schema\/person\/c4278d4a6028830caff9ee44b42d32ed","name":"Telinha","image":{"@type":"ImageObject","inLanguage":"pt-PT","@id":"https:\/\/portaltela.pt\/s.01k8rhncp4jt1\/2025\/11\/talking-bot-125x125.png","url":"https:\/\/portaltela.pt\/s.01k8rhncp4jt1\/2025\/11\/talking-bot-125x125.png","contentUrl":"https:\/\/portaltela.pt\/s.01k8rhncp4jt1\/2025\/11\/talking-bot-125x125.png","caption":"Telinha"},"sameAs":["https:\/\/portaltela.pt\/"],"url":"https:\/\/portaltela.pt\/por\/367410592786\/"}]}},"_links":{"self":[{"href":"https:\/\/portaltela.pt\/api\/wp\/v2\/posts\/390715","targetHints":{"allow":["GET"]}}],"collection":[{"href":"https:\/\/portaltela.pt\/api\/wp\/v2\/posts"}],"about":[{"href":"https:\/\/portaltela.pt\/api\/wp\/v2\/types\/post"}],"author":[{"embeddable":true,"href":"https:\/\/portaltela.pt\/api\/wp\/v2\/users\/2"}],"replies":[{"embeddable":true,"href":"https:\/\/portaltela.pt\/api\/wp\/v2\/comments?post=390715"}],"version-history":[{"count":0,"href":"https:\/\/portaltela.pt\/api\/wp\/v2\/posts\/390715\/revisions"}],"wp:featuredmedia":[{"embeddable":true,"href":"https:\/\/portaltela.pt\/api\/wp\/v2\/media\/390727"}],"wp:attachment":[{"href":"https:\/\/portaltela.pt\/api\/wp\/v2\/media?parent=390715"}],"wp:term":[{"taxonomy":"category","embeddable":true,"href":"https:\/\/portaltela.pt\/api\/wp\/v2\/categories?post=390715"},{"taxonomy":"post_tag","embeddable":true,"href":"https:\/\/portaltela.pt\/api\/wp\/v2\/tags?post=390715"}],"curies":[{"name":"wp","href":"https:\/\/api.w.org\/{rel}","templated":true}]}}