{"id":390710,"date":"2026-02-27T09:53:00","date_gmt":"2026-02-27T12:53:00","guid":{"rendered":"https:\/\/portaltela.pt\/noticias\/2026\/02\/27\/venda-de-droga-a-vista-afasta-residentes-de-benformoso-e-preocupa-comerciantes\/"},"modified":"2026-02-27T09:53:00","modified_gmt":"2026-02-27T12:53:00","slug":"venda-de-droga-a-vista-afasta-residentes-de-benformoso-e-preocupa-comerciantes","status":"publish","type":"post","link":"https:\/\/portaltela.pt\/noticias\/2026\/02\/27\/venda-de-droga-a-vista-afasta-residentes-de-benformoso-e-preocupa-comerciantes\/","title":{"rendered":"Venda de droga \u00e0 vista afasta residentes de Benformoso e preocupa comerciantes"},"content":{"rendered":"<p>Em plena noite de Ramad\u00e3o, um tiroteio na Rua do Benformoso deixou tr\u00eas feridos. Os disparos partiram de dentro de um carro, segundo relatos locais. A investiga\u00e7\u00e3o est\u00e1 a cargo da Pol\u00edcia Judici\u00e1ria, devido \u00e0 presen\u00e7a de armas envolvidas no incidente.<\/p>\n<p>Moradores ficaram atentos \u00e0 troca de tiros, que ocorreu entre a via e os seus arredores. O epis\u00f3dio intensifica a sensa\u00e7\u00e3o de inseguran\u00e7a numa zona onde a venda de droga a c\u00e9u aberto tem sido alvo de queixas repetidas.<\/p>\n<p>Comerciantes da Rua do Benformoso dizem que os neg\u00f3cios sofrem com a atual conjuntura de desacatos ligadas ao tr\u00e1fico e ao consumo de droga. Muitos afirmam que o fluxo de clientes diminuiu expressivamente.<\/p>\n<h3>Contexto<\/h3>\n<p>A situa\u00e7\u00e3o na rua envolve ainda preocupa\u00e7\u00f5es com a seguran\u00e7a p\u00fablica, j\u00e1 que o com\u00e9rcio local depende do tr\u00e1fego de pessoas para manter a atividade. Autarcas e moradores pedem medidas de fiscaliza\u00e7\u00e3o mais eficazes.<\/p>\n<h3>Investiga\u00e7\u00e3o<\/h3>\n<p>A PJ atua para identificar os respons\u00e1veis pelos disparos e apurar a liga\u00e7\u00e3o com atividades il\u00edcitas na zona. N\u00e3o foram divulgados envolvidos arrolados ou motiva\u00e7\u00f5es espec\u00edficas at\u00e9 ao momento.<\/p>\n","protected":false},"excerpt":{"rendered":"<ul>\n<li>Em Ramad\u00e3o, a Rua do Benformoso registou um tiroteio na noite passada que deixou tr\u00eas feridos, com os disparos a partir do interior de um carro.<\/li>\n<li>A Pol\u00edcia Judici\u00e1ria est\u00e1 a investigar o caso por envolver armas.<\/li>\n<li>Moradores indicam que a venda de droga a c\u00e9u aberto contribui para a inseguran\u00e7a no local.<\/li>\n<li>Comerciantes dizem que os neg\u00f3cios sofrem devido ao ambiente inseguro na rua.<\/li>\n<li>Al\u00e9m dos desacatos relacionados com drogas e tiroteios, h\u00e1 outros problemas no Benformoso que permanecem.<\/li>\n<\/ul>\n","protected":false},"author":2,"featured_media":390711,"comment_status":"closed","ping_status":"closed","sticky":false,"template":"","format":"standard","meta":{"footnotes":""},"categories":[1],"tags":[244,147,3527,4313,250,96],"class_list":["post-390710","post","type-post","status-publish","format-standard","has-post-thumbnail","hentry","category-noticias","tag-comercio","tag-crime","tag-desacatos","tag-pj","tag-seguranca-publica","tag-trafico-de-droga"],"yoast_head":"<!-- This site is optimized with the Yoast SEO plugin v27.2 - https:\/\/yoast.com\/product\/yoast-seo-wordpress\/ -->\n<title>Venda de droga \u00e0 vista afasta residentes de Benformoso e preocupa comerciantes - Portal Tela Portugal<\/title>\n<meta name=\"robots\" content=\"index, follow, max-snippet:-1, max-image-preview:large, max-video-preview:-1\" \/>\n<meta property=\"og:locale\" content=\"pt_PT\" \/>\n<meta property=\"og:type\" content=\"article\" \/>\n<meta property=\"og:title\" content=\"Venda de droga \u00e0 vista afasta residentes de Benformoso e preocupa comerciantes - Portal Tela Portugal\" \/>\n<meta property=\"og:description\" content=\"Em Ramad\u00e3o, a Rua do Benformoso registou um tiroteio na noite passada que deixou tr\u00eas feridos, com os disparos a partir do interior de um carro. A Pol\u00edcia Judici\u00e1ria est\u00e1 a investigar o caso por envolver armas. Moradores indicam que a venda de droga a c\u00e9u aberto contribui para a inseguran\u00e7a no local. Comerciantes dizem que os neg\u00f3cios sofrem devido ao ambiente inseguro na rua. Al\u00e9m dos desacatos relacionados com drogas e tiroteios, h\u00e1 outros problemas no Benformoso que permanecem.\" \/>\n<meta property=\"og:url\" content=\"https:\/\/portaltela.pt\/noticias\/2026\/02\/27\/venda-de-droga-a-vista-afasta-residentes-de-benformoso-e-preocupa-comerciantes\/\" \/>\n<meta property=\"og:site_name\" content=\"Portal Tela Portugal\" \/>\n<meta property=\"article:published_time\" content=\"2026-02-27T12:53:00+00:00\" \/>\n<meta name=\"author\" content=\"Telinha\" \/>\n<meta name=\"twitter:card\" content=\"summary_large_image\" \/>\n<meta name=\"twitter:label1\" content=\"Escrito por\" \/>\n\t<meta name=\"twitter:data1\" content=\"Telinha\" \/>\n\t<meta name=\"twitter:label2\" content=\"Tempo estimado de leitura\" \/>\n\t<meta name=\"twitter:data2\" content=\"1 minuto\" \/>\n<script type=\"application\/ld+json\" class=\"yoast-schema-graph\">{\"@context\":\"https:\/\/schema.org\",\"@graph\":[{\"@type\":\"Article\",\"@id\":\"https:\/\/portaltela.pt\/noticias\/2026\/02\/27\/venda-de-droga-a-vista-afasta-residentes-de-benformoso-e-preocupa-comerciantes\/#article\",\"isPartOf\":{\"@id\":\"https:\/\/portaltela.pt\/noticias\/2026\/02\/27\/venda-de-droga-a-vista-afasta-residentes-de-benformoso-e-preocupa-comerciantes\/\"},\"author\":{\"name\":\"Telinha\",\"@id\":\"https:\/\/portaltela.pt\/#\/schema\/person\/c4278d4a6028830caff9ee44b42d32ed\"},\"headline\":\"Venda de droga \u00e0 vista afasta residentes de Benformoso e preocupa comerciantes\",\"datePublished\":\"2026-02-27T12:53:00+00:00\",\"mainEntityOfPage\":{\"@id\":\"https:\/\/portaltela.pt\/noticias\/2026\/02\/27\/venda-de-droga-a-vista-afasta-residentes-de-benformoso-e-preocupa-comerciantes\/\"},\"wordCount\":213,\"image\":{\"@id\":\"https:\/\/portaltela.pt\/noticias\/2026\/02\/27\/venda-de-droga-a-vista-afasta-residentes-de-benformoso-e-preocupa-comerciantes\/#primaryimage\"},\"thumbnailUrl\":\"https:\/\/portaltela.pt\/s.01k8rhncp4jt1\/2026\/02\/2070240.jpg\",\"keywords\":[\"com\u00e9rcio\",\"crime\",\"desacatos\",\"PJ\",\"seguran\u00e7a p\u00fablica\",\"tr\u00e1fico de droga\"],\"articleSection\":[\"Not\u00edcias\"],\"inLanguage\":\"pt-PT\"},{\"@type\":\"WebPage\",\"@id\":\"https:\/\/portaltela.pt\/noticias\/2026\/02\/27\/venda-de-droga-a-vista-afasta-residentes-de-benformoso-e-preocupa-comerciantes\/\",\"url\":\"https:\/\/portaltela.pt\/noticias\/2026\/02\/27\/venda-de-droga-a-vista-afasta-residentes-de-benformoso-e-preocupa-comerciantes\/\",\"name\":\"Venda de droga \u00e0 vista afasta residentes de Benformoso e preocupa comerciantes - Portal Tela Portugal\",\"isPartOf\":{\"@id\":\"https:\/\/portaltela.pt\/#website\"},\"primaryImageOfPage\":{\"@id\":\"https:\/\/portaltela.pt\/noticias\/2026\/02\/27\/venda-de-droga-a-vista-afasta-residentes-de-benformoso-e-preocupa-comerciantes\/#primaryimage\"},\"image\":{\"@id\":\"https:\/\/portaltela.pt\/noticias\/2026\/02\/27\/venda-de-droga-a-vista-afasta-residentes-de-benformoso-e-preocupa-comerciantes\/#primaryimage\"},\"thumbnailUrl\":\"https:\/\/portaltela.pt\/s.01k8rhncp4jt1\/2026\/02\/2070240.jpg\",\"datePublished\":\"2026-02-27T12:53:00+00:00\",\"author\":{\"@id\":\"https:\/\/portaltela.pt\/#\/schema\/person\/c4278d4a6028830caff9ee44b42d32ed\"},\"breadcrumb\":{\"@id\":\"https:\/\/portaltela.pt\/noticias\/2026\/02\/27\/venda-de-droga-a-vista-afasta-residentes-de-benformoso-e-preocupa-comerciantes\/#breadcrumb\"},\"inLanguage\":\"pt-PT\",\"potentialAction\":[{\"@type\":\"ReadAction\",\"target\":[\"https:\/\/portaltela.pt\/noticias\/2026\/02\/27\/venda-de-droga-a-vista-afasta-residentes-de-benformoso-e-preocupa-comerciantes\/\"]}]},{\"@type\":\"ImageObject\",\"inLanguage\":\"pt-PT\",\"@id\":\"https:\/\/portaltela.pt\/noticias\/2026\/02\/27\/venda-de-droga-a-vista-afasta-residentes-de-benformoso-e-preocupa-comerciantes\/#primaryimage\",\"url\":\"https:\/\/portaltela.pt\/s.01k8rhncp4jt1\/2026\/02\/2070240.jpg\",\"contentUrl\":\"https:\/\/portaltela.pt\/s.01k8rhncp4jt1\/2026\/02\/2070240.jpg\",\"width\":796,\"height\":448,\"caption\":\"Maioria dos comerciantes diz que os seus neg\u00f3cios est\u00e3o a ser prejudicados pela inseguran\u00e7a relacionada com venda e consumo de droga\"},{\"@type\":\"BreadcrumbList\",\"@id\":\"https:\/\/portaltela.pt\/noticias\/2026\/02\/27\/venda-de-droga-a-vista-afasta-residentes-de-benformoso-e-preocupa-comerciantes\/#breadcrumb\",\"itemListElement\":[{\"@type\":\"ListItem\",\"position\":1,\"name\":\"In\u00edcio\",\"item\":\"https:\/\/portaltela.pt\/\"},{\"@type\":\"ListItem\",\"position\":2,\"name\":\"Venda de droga \u00e0 vista afasta residentes de Benformoso e preocupa comerciantes\"}]},{\"@type\":\"WebSite\",\"@id\":\"https:\/\/portaltela.pt\/#website\",\"url\":\"https:\/\/portaltela.pt\/\",\"name\":\"Portal Tela Portugal\",\"description\":\"\",\"potentialAction\":[{\"@type\":\"SearchAction\",\"target\":{\"@type\":\"EntryPoint\",\"urlTemplate\":\"https:\/\/portaltela.pt\/?s={search_term_string}\"},\"query-input\":{\"@type\":\"PropertyValueSpecification\",\"valueRequired\":true,\"valueName\":\"search_term_string\"}}],\"inLanguage\":\"pt-PT\"},{\"@type\":\"Person\",\"@id\":\"https:\/\/portaltela.pt\/#\/schema\/person\/c4278d4a6028830caff9ee44b42d32ed\",\"name\":\"Telinha\",\"image\":{\"@type\":\"ImageObject\",\"inLanguage\":\"pt-PT\",\"@id\":\"https:\/\/portaltela.pt\/s.01k8rhncp4jt1\/2025\/11\/talking-bot-125x125.png\",\"url\":\"https:\/\/portaltela.pt\/s.01k8rhncp4jt1\/2025\/11\/talking-bot-125x125.png\",\"contentUrl\":\"https:\/\/portaltela.pt\/s.01k8rhncp4jt1\/2025\/11\/talking-bot-125x125.png\",\"caption\":\"Telinha\"},\"sameAs\":[\"https:\/\/portaltela.pt\/\"],\"url\":\"https:\/\/portaltela.pt\/por\/367410592786\/\"}]}<\/script>\n<!-- \/ Yoast SEO plugin. -->","yoast_head_json":{"title":"Venda de droga \u00e0 vista afasta residentes de Benformoso e preocupa comerciantes - Portal Tela Portugal","robots":{"index":"index","follow":"follow","max-snippet":"max-snippet:-1","max-image-preview":"max-image-preview:large","max-video-preview":"max-video-preview:-1"},"og_locale":"pt_PT","og_type":"article","og_title":"Venda de droga \u00e0 vista afasta residentes de Benformoso e preocupa comerciantes - Portal Tela Portugal","og_description":"Em Ramad\u00e3o, a Rua do Benformoso registou um tiroteio na noite passada que deixou tr\u00eas feridos, com os disparos a partir do interior de um carro. A Pol\u00edcia Judici\u00e1ria est\u00e1 a investigar o caso por envolver armas. Moradores indicam que a venda de droga a c\u00e9u aberto contribui para a inseguran\u00e7a no local. Comerciantes dizem que os neg\u00f3cios sofrem devido ao ambiente inseguro na rua. Al\u00e9m dos desacatos relacionados com drogas e tiroteios, h\u00e1 outros problemas no Benformoso que permanecem.","og_url":"https:\/\/portaltela.pt\/noticias\/2026\/02\/27\/venda-de-droga-a-vista-afasta-residentes-de-benformoso-e-preocupa-comerciantes\/","og_site_name":"Portal Tela Portugal","article_published_time":"2026-02-27T12:53:00+00:00","author":"Telinha","twitter_card":"summary_large_image","twitter_misc":{"Escrito por":"Telinha","Tempo estimado de leitura":"1 minuto"},"schema":{"@context":"https:\/\/schema.org","@graph":[{"@type":"Article","@id":"https:\/\/portaltela.pt\/noticias\/2026\/02\/27\/venda-de-droga-a-vista-afasta-residentes-de-benformoso-e-preocupa-comerciantes\/#article","isPartOf":{"@id":"https:\/\/portaltela.pt\/noticias\/2026\/02\/27\/venda-de-droga-a-vista-afasta-residentes-de-benformoso-e-preocupa-comerciantes\/"},"author":{"name":"Telinha","@id":"https:\/\/portaltela.pt\/#\/schema\/person\/c4278d4a6028830caff9ee44b42d32ed"},"headline":"Venda de droga \u00e0 vista afasta residentes de Benformoso e preocupa comerciantes","datePublished":"2026-02-27T12:53:00+00:00","mainEntityOfPage":{"@id":"https:\/\/portaltela.pt\/noticias\/2026\/02\/27\/venda-de-droga-a-vista-afasta-residentes-de-benformoso-e-preocupa-comerciantes\/"},"wordCount":213,"image":{"@id":"https:\/\/portaltela.pt\/noticias\/2026\/02\/27\/venda-de-droga-a-vista-afasta-residentes-de-benformoso-e-preocupa-comerciantes\/#primaryimage"},"thumbnailUrl":"https:\/\/portaltela.pt\/s.01k8rhncp4jt1\/2026\/02\/2070240.jpg","keywords":["com\u00e9rcio","crime","desacatos","PJ","seguran\u00e7a p\u00fablica","tr\u00e1fico de droga"],"articleSection":["Not\u00edcias"],"inLanguage":"pt-PT"},{"@type":"WebPage","@id":"https:\/\/portaltela.pt\/noticias\/2026\/02\/27\/venda-de-droga-a-vista-afasta-residentes-de-benformoso-e-preocupa-comerciantes\/","url":"https:\/\/portaltela.pt\/noticias\/2026\/02\/27\/venda-de-droga-a-vista-afasta-residentes-de-benformoso-e-preocupa-comerciantes\/","name":"Venda de droga \u00e0 vista afasta residentes de Benformoso e preocupa comerciantes - Portal Tela Portugal","isPartOf":{"@id":"https:\/\/portaltela.pt\/#website"},"primaryImageOfPage":{"@id":"https:\/\/portaltela.pt\/noticias\/2026\/02\/27\/venda-de-droga-a-vista-afasta-residentes-de-benformoso-e-preocupa-comerciantes\/#primaryimage"},"image":{"@id":"https:\/\/portaltela.pt\/noticias\/2026\/02\/27\/venda-de-droga-a-vista-afasta-residentes-de-benformoso-e-preocupa-comerciantes\/#primaryimage"},"thumbnailUrl":"https:\/\/portaltela.pt\/s.01k8rhncp4jt1\/2026\/02\/2070240.jpg","datePublished":"2026-02-27T12:53:00+00:00","author":{"@id":"https:\/\/portaltela.pt\/#\/schema\/person\/c4278d4a6028830caff9ee44b42d32ed"},"breadcrumb":{"@id":"https:\/\/portaltela.pt\/noticias\/2026\/02\/27\/venda-de-droga-a-vista-afasta-residentes-de-benformoso-e-preocupa-comerciantes\/#breadcrumb"},"inLanguage":"pt-PT","potentialAction":[{"@type":"ReadAction","target":["https:\/\/portaltela.pt\/noticias\/2026\/02\/27\/venda-de-droga-a-vista-afasta-residentes-de-benformoso-e-preocupa-comerciantes\/"]}]},{"@type":"ImageObject","inLanguage":"pt-PT","@id":"https:\/\/portaltela.pt\/noticias\/2026\/02\/27\/venda-de-droga-a-vista-afasta-residentes-de-benformoso-e-preocupa-comerciantes\/#primaryimage","url":"https:\/\/portaltela.pt\/s.01k8rhncp4jt1\/2026\/02\/2070240.jpg","contentUrl":"https:\/\/portaltela.pt\/s.01k8rhncp4jt1\/2026\/02\/2070240.jpg","width":796,"height":448,"caption":"Maioria dos comerciantes diz que os seus neg\u00f3cios est\u00e3o a ser prejudicados pela inseguran\u00e7a relacionada com venda e consumo de droga"},{"@type":"BreadcrumbList","@id":"https:\/\/portaltela.pt\/noticias\/2026\/02\/27\/venda-de-droga-a-vista-afasta-residentes-de-benformoso-e-preocupa-comerciantes\/#breadcrumb","itemListElement":[{"@type":"ListItem","position":1,"name":"In\u00edcio","item":"https:\/\/portaltela.pt\/"},{"@type":"ListItem","position":2,"name":"Venda de droga \u00e0 vista afasta residentes de Benformoso e preocupa comerciantes"}]},{"@type":"WebSite","@id":"https:\/\/portaltela.pt\/#website","url":"https:\/\/portaltela.pt\/","name":"Portal Tela Portugal","description":"","potentialAction":[{"@type":"SearchAction","target":{"@type":"EntryPoint","urlTemplate":"https:\/\/portaltela.pt\/?s={search_term_string}"},"query-input":{"@type":"PropertyValueSpecification","valueRequired":true,"valueName":"search_term_string"}}],"inLanguage":"pt-PT"},{"@type":"Person","@id":"https:\/\/portaltela.pt\/#\/schema\/person\/c4278d4a6028830caff9ee44b42d32ed","name":"Telinha","image":{"@type":"ImageObject","inLanguage":"pt-PT","@id":"https:\/\/portaltela.pt\/s.01k8rhncp4jt1\/2025\/11\/talking-bot-125x125.png","url":"https:\/\/portaltela.pt\/s.01k8rhncp4jt1\/2025\/11\/talking-bot-125x125.png","contentUrl":"https:\/\/portaltela.pt\/s.01k8rhncp4jt1\/2025\/11\/talking-bot-125x125.png","caption":"Telinha"},"sameAs":["https:\/\/portaltela.pt\/"],"url":"https:\/\/portaltela.pt\/por\/367410592786\/"}]}},"_links":{"self":[{"href":"https:\/\/portaltela.pt\/api\/wp\/v2\/posts\/390710","targetHints":{"allow":["GET"]}}],"collection":[{"href":"https:\/\/portaltela.pt\/api\/wp\/v2\/posts"}],"about":[{"href":"https:\/\/portaltela.pt\/api\/wp\/v2\/types\/post"}],"author":[{"embeddable":true,"href":"https:\/\/portaltela.pt\/api\/wp\/v2\/users\/2"}],"replies":[{"embeddable":true,"href":"https:\/\/portaltela.pt\/api\/wp\/v2\/comments?post=390710"}],"version-history":[{"count":0,"href":"https:\/\/portaltela.pt\/api\/wp\/v2\/posts\/390710\/revisions"}],"wp:featuredmedia":[{"embeddable":true,"href":"https:\/\/portaltela.pt\/api\/wp\/v2\/media\/390711"}],"wp:attachment":[{"href":"https:\/\/portaltela.pt\/api\/wp\/v2\/media?parent=390710"}],"wp:term":[{"taxonomy":"category","embeddable":true,"href":"https:\/\/portaltela.pt\/api\/wp\/v2\/categories?post=390710"},{"taxonomy":"post_tag","embeddable":true,"href":"https:\/\/portaltela.pt\/api\/wp\/v2\/tags?post=390710"}],"curies":[{"name":"wp","href":"https:\/\/api.w.org\/{rel}","templated":true}]}}