{"id":390700,"date":"2026-02-27T09:35:00","date_gmt":"2026-02-27T12:35:00","guid":{"rendered":"https:\/\/portaltela.pt\/noticias\/2026\/02\/27\/greenpeace-portugal-pede-moratoria-urgente-a-expansao-do-olival-superintensivo\/"},"modified":"2026-02-27T09:35:00","modified_gmt":"2026-02-27T12:35:00","slug":"greenpeace-portugal-pede-moratoria-urgente-a-expansao-do-olival-superintensivo","status":"publish","type":"post","link":"https:\/\/portaltela.pt\/noticias\/2026\/02\/27\/greenpeace-portugal-pede-moratoria-urgente-a-expansao-do-olival-superintensivo\/","title":{"rendered":"Greenpeace Portugal pede morat\u00f3ria urgente \u00e0 expans\u00e3o do olival superintensivo"},"content":{"rendered":"<p>O Greenpeace Portugal denuncia que a realidade atual da olivicultura em Portugal est\u00e1 dominada pelo modelo superintensivo, em contraste com a Espanha. O relat\u00f3rio internacional, elaborado pela Datavisa para a Greenpeace Espanha, acusa Portugal de ouvir pouco o olival tradicional. O documento intitulado O Campo como Activo analisa a transforma\u00e7\u00e3o ocorrida desde os anos 80, ap\u00f3s a integra\u00e7\u00e3o na CEE.<\/p>\n<p>O estudo aponta que o regadio de Alqueva tornou-se fator central para o aumento de investimentos, atraindo investidores nacionais e estrangeiros. Em 1998, foi mantido um apoio para 30 mil hectares de olival a plantar at\u00e9 2006, coincidindo com a expans\u00e3o do projeto de regadio. A regi\u00e3o viu uma press\u00e3o de terra e \u00e1gua para grandes planta\u00e7\u00f5es.<\/p>\n<p>O relat\u00f3rio destaca ainda que a massifica\u00e7\u00e3o do olival se reflecte numa transi\u00e7\u00e3o tecnol\u00f3gica e de gest\u00e3o, com densidades elevadas e colheita mecanizada. A \u00e1rea de regadio de Alqueva ocupa cerca de 130 mil hectares, com o olival a cobrir mais de 74 mil hectares entre 2023 e 2024, reduzindo o espa\u00e7o para outras culturas.<\/p>\n<h3>Grandes fundos de investimento<\/h3>\n<p>Segundo o estudo, o setor oliv\u00edcola ib\u00e9rico recebeu investimentos records, com fluxos entre 2021 e 2024 a somar v\u00e1rios milhares de milh\u00f5es de euros. Grandes operadores e fundos internacionais passaram a controlar boa parte da cadeia de valor, desde terras at\u00e9 \u00e0 distribui\u00e7\u00e3o. Entre os players citados est\u00e3o fundos com opera\u00e7\u00f5es na Europa e na Am\u00e9rica do Norte.<\/p>\n<p>A Greenpeace identifica a Cibus Capital, com sede em Londres, como investidor relevante no setor agroalimentar, e o Farmland Reserves, fundo da Igreja de Jesus Cristo dos Santos dos \u00daltimos Dias, que em Portugal adquiriu a Herdade de Zambujeira. O relat\u00f3rio tamb\u00e9m aponta o papel de outros fundos e de planos de pens\u00f5es canadianos na gest\u00e3o de \u00e1reas de olival e de regadio.<\/p>\n<p>O documento indica que fundos de pens\u00f5es e investidores institucionais passaram a coordenar \u00e1reas extensas de terra, viveiros, planta\u00e7\u00f5es, lagares e engarrafamento. A tend\u00eancia \u00e9 de consolida\u00e7\u00e3o da produ\u00e7\u00e3o, com impactos vis\u00edveis no meio rural e nas comunidades locais.<\/p>\n<h3>Governo e pol\u00edticas p\u00fablicas<\/h3>\n<p>A Greenpeace Portugal solicita uma morat\u00f3ria imediata \u00e0 expans\u00e3o do olival superintensivo. O grupo afirma que o Governo deve escolher entre facilitar fundos de investimento ou salvaguardar o territ\u00f3rio e a soberania alimentar nacional. O documento defende legisla\u00e7\u00e3o para impedir a apropria\u00e7\u00e3o de terras, o controlo da \u00e1gua e subs\u00eddios da PAC por parte de investidores.<\/p>\n<p>Desde a pandemia, a venda de terrenos agr\u00edcolas cresceu e os pre\u00e7os atingiram valores hist\u00f3ricos. A organiza\u00e7\u00e3o pretende manter o debate p\u00fablico centrado em dados e na necessidade de pol\u00edticas que protejam as comunidades rurais e a sustentabilidade do territ\u00f3rio.<\/p>\n","protected":false},"excerpt":{"rendered":"<ul>\n<li>Greenpeace Portugal exige morat\u00f3ria imediata \u00e0 expans\u00e3o do olival superintensivo em Portugal, argumentando impactos no territ\u00f3rio e na soberania alimentar.<\/li>\n<li>Relat\u00f3rio \u201cO Campo como Activo\u201d (Datavisa para Greenpeace Espanha) sustenta que o modelo de olival em Portugal \u00e9 quase exclusivamente superintensivo, em contraste com a tradi\u00e7\u00e3o espanhola.<\/li>\n<li>Regadio de Alqueva ocupa \u00e1rea significativa; o Alqueva est\u00e1 sob gest\u00e3o da EDIA, com cerca de cento e trinta mil hectares de regadio, e o olival cobria perto de setenta e quatro mil hectares entre 2023 e 2024.<\/li>\n<li>Grandes fundos de investimento internacionais e entidades como Cibus Capital, Farmland Reserves (Igreja M\u00f3rmon) e PSP Investimentos passaram a ter presen\u00e7a relevante na regi\u00e3o, influenciando a posse de terras, \u00e1gua e produ\u00e7\u00e3o.<\/li>\n<li>Governo \u00e9 apelado a agir para impedir a apropria\u00e7\u00e3o de terras e do recurso \u00e1gua pelos fundos, com foco na PAC e na prote\u00e7\u00e3o do territ\u00f3rio nacional.<\/li>\n<\/ul>\n","protected":false},"author":2,"featured_media":390707,"comment_status":"closed","ping_status":"closed","sticky":false,"template":"","format":"standard","meta":{"footnotes":""},"categories":[1],"tags":[179,760,1222,316,5187,2540],"class_list":["post-390700","post","type-post","status-publish","format-standard","has-post-thumbnail","hentry","category-noticias","tag-agricultura","tag-agroalimentar","tag-agroindustria","tag-investimento","tag-soberania-alimentar","tag-territorio"],"yoast_head":"<!-- This site is optimized with the Yoast SEO plugin v27.2 - https:\/\/yoast.com\/product\/yoast-seo-wordpress\/ -->\n<title>Greenpeace Portugal pede morat\u00f3ria urgente \u00e0 expans\u00e3o do olival superintensivo - Portal Tela Portugal<\/title>\n<meta name=\"robots\" content=\"index, follow, max-snippet:-1, max-image-preview:large, max-video-preview:-1\" \/>\n<meta property=\"og:locale\" content=\"pt_PT\" \/>\n<meta property=\"og:type\" content=\"article\" \/>\n<meta property=\"og:title\" content=\"Greenpeace Portugal pede morat\u00f3ria urgente \u00e0 expans\u00e3o do olival superintensivo - Portal Tela Portugal\" \/>\n<meta property=\"og:description\" content=\"Greenpeace Portugal exige morat\u00f3ria imediata \u00e0 expans\u00e3o do olival superintensivo em Portugal, argumentando impactos no territ\u00f3rio e na soberania alimentar. Relat\u00f3rio \u201cO Campo como Activo\u201d (Datavisa para Greenpeace Espanha) sustenta que o modelo de olival em Portugal \u00e9 quase exclusivamente superintensivo, em contraste com a tradi\u00e7\u00e3o espanhola. Regadio de Alqueva ocupa \u00e1rea significativa; o Alqueva est\u00e1 sob gest\u00e3o da EDIA, com cerca de cento e trinta mil hectares de regadio, e o olival cobria perto de setenta e quatro mil hectares entre 2023 e 2024. Grandes fundos de investimento internacionais e entidades como Cibus Capital, Farmland Reserves (Igreja M\u00f3rmon) e PSP Investimentos passaram a ter presen\u00e7a relevante na regi\u00e3o, influenciando a posse de terras, \u00e1gua e produ\u00e7\u00e3o. Governo \u00e9 apelado a agir para impedir a apropria\u00e7\u00e3o de terras e do recurso \u00e1gua pelos fundos, com foco na PAC e na prote\u00e7\u00e3o do territ\u00f3rio nacional.\" \/>\n<meta property=\"og:url\" content=\"https:\/\/portaltela.pt\/noticias\/2026\/02\/27\/greenpeace-portugal-pede-moratoria-urgente-a-expansao-do-olival-superintensivo\/\" \/>\n<meta property=\"og:site_name\" content=\"Portal Tela Portugal\" \/>\n<meta property=\"article:published_time\" content=\"2026-02-27T12:35:00+00:00\" \/>\n<meta name=\"author\" content=\"Telinha\" \/>\n<meta name=\"twitter:card\" content=\"summary_large_image\" \/>\n<meta name=\"twitter:label1\" content=\"Escrito por\" \/>\n\t<meta name=\"twitter:data1\" content=\"Telinha\" \/>\n\t<meta name=\"twitter:label2\" content=\"Tempo estimado de leitura\" \/>\n\t<meta name=\"twitter:data2\" content=\"2 minutos\" \/>\n<script type=\"application\/ld+json\" class=\"yoast-schema-graph\">{\"@context\":\"https:\/\/schema.org\",\"@graph\":[{\"@type\":\"Article\",\"@id\":\"https:\/\/portaltela.pt\/noticias\/2026\/02\/27\/greenpeace-portugal-pede-moratoria-urgente-a-expansao-do-olival-superintensivo\/#article\",\"isPartOf\":{\"@id\":\"https:\/\/portaltela.pt\/noticias\/2026\/02\/27\/greenpeace-portugal-pede-moratoria-urgente-a-expansao-do-olival-superintensivo\/\"},\"author\":{\"name\":\"Telinha\",\"@id\":\"https:\/\/portaltela.pt\/#\/schema\/person\/c4278d4a6028830caff9ee44b42d32ed\"},\"headline\":\"Greenpeace Portugal pede morat\u00f3ria urgente \u00e0 expans\u00e3o do olival superintensivo\",\"datePublished\":\"2026-02-27T12:35:00+00:00\",\"mainEntityOfPage\":{\"@id\":\"https:\/\/portaltela.pt\/noticias\/2026\/02\/27\/greenpeace-portugal-pede-moratoria-urgente-a-expansao-do-olival-superintensivo\/\"},\"wordCount\":481,\"image\":{\"@id\":\"https:\/\/portaltela.pt\/noticias\/2026\/02\/27\/greenpeace-portugal-pede-moratoria-urgente-a-expansao-do-olival-superintensivo\/#primaryimage\"},\"thumbnailUrl\":\"https:\/\/portaltela.pt\/s.01k8rhncp4jt1\/2026\/02\/2070147.jpg\",\"keywords\":[\"agricultura\",\"agroalimentar\",\"agroind\u00fastria\",\"investimento\",\"soberania alimentar\",\"Territ\u00f3rio\"],\"articleSection\":[\"Not\u00edcias\"],\"inLanguage\":\"pt-PT\"},{\"@type\":\"WebPage\",\"@id\":\"https:\/\/portaltela.pt\/noticias\/2026\/02\/27\/greenpeace-portugal-pede-moratoria-urgente-a-expansao-do-olival-superintensivo\/\",\"url\":\"https:\/\/portaltela.pt\/noticias\/2026\/02\/27\/greenpeace-portugal-pede-moratoria-urgente-a-expansao-do-olival-superintensivo\/\",\"name\":\"Greenpeace Portugal pede morat\u00f3ria urgente \u00e0 expans\u00e3o do olival superintensivo - Portal Tela Portugal\",\"isPartOf\":{\"@id\":\"https:\/\/portaltela.pt\/#website\"},\"primaryImageOfPage\":{\"@id\":\"https:\/\/portaltela.pt\/noticias\/2026\/02\/27\/greenpeace-portugal-pede-moratoria-urgente-a-expansao-do-olival-superintensivo\/#primaryimage\"},\"image\":{\"@id\":\"https:\/\/portaltela.pt\/noticias\/2026\/02\/27\/greenpeace-portugal-pede-moratoria-urgente-a-expansao-do-olival-superintensivo\/#primaryimage\"},\"thumbnailUrl\":\"https:\/\/portaltela.pt\/s.01k8rhncp4jt1\/2026\/02\/2070147.jpg\",\"datePublished\":\"2026-02-27T12:35:00+00:00\",\"author\":{\"@id\":\"https:\/\/portaltela.pt\/#\/schema\/person\/c4278d4a6028830caff9ee44b42d32ed\"},\"breadcrumb\":{\"@id\":\"https:\/\/portaltela.pt\/noticias\/2026\/02\/27\/greenpeace-portugal-pede-moratoria-urgente-a-expansao-do-olival-superintensivo\/#breadcrumb\"},\"inLanguage\":\"pt-PT\",\"potentialAction\":[{\"@type\":\"ReadAction\",\"target\":[\"https:\/\/portaltela.pt\/noticias\/2026\/02\/27\/greenpeace-portugal-pede-moratoria-urgente-a-expansao-do-olival-superintensivo\/\"]}]},{\"@type\":\"ImageObject\",\"inLanguage\":\"pt-PT\",\"@id\":\"https:\/\/portaltela.pt\/noticias\/2026\/02\/27\/greenpeace-portugal-pede-moratoria-urgente-a-expansao-do-olival-superintensivo\/#primaryimage\",\"url\":\"https:\/\/portaltela.pt\/s.01k8rhncp4jt1\/2026\/02\/2070147.jpg\",\"contentUrl\":\"https:\/\/portaltela.pt\/s.01k8rhncp4jt1\/2026\/02\/2070147.jpg\",\"width\":796,\"height\":448,\"caption\":\"Olival intensivo na zona do Alqueva\"},{\"@type\":\"BreadcrumbList\",\"@id\":\"https:\/\/portaltela.pt\/noticias\/2026\/02\/27\/greenpeace-portugal-pede-moratoria-urgente-a-expansao-do-olival-superintensivo\/#breadcrumb\",\"itemListElement\":[{\"@type\":\"ListItem\",\"position\":1,\"name\":\"In\u00edcio\",\"item\":\"https:\/\/portaltela.pt\/\"},{\"@type\":\"ListItem\",\"position\":2,\"name\":\"Greenpeace Portugal pede morat\u00f3ria urgente \u00e0 expans\u00e3o do olival superintensivo\"}]},{\"@type\":\"WebSite\",\"@id\":\"https:\/\/portaltela.pt\/#website\",\"url\":\"https:\/\/portaltela.pt\/\",\"name\":\"Portal Tela Portugal\",\"description\":\"\",\"potentialAction\":[{\"@type\":\"SearchAction\",\"target\":{\"@type\":\"EntryPoint\",\"urlTemplate\":\"https:\/\/portaltela.pt\/?s={search_term_string}\"},\"query-input\":{\"@type\":\"PropertyValueSpecification\",\"valueRequired\":true,\"valueName\":\"search_term_string\"}}],\"inLanguage\":\"pt-PT\"},{\"@type\":\"Person\",\"@id\":\"https:\/\/portaltela.pt\/#\/schema\/person\/c4278d4a6028830caff9ee44b42d32ed\",\"name\":\"Telinha\",\"image\":{\"@type\":\"ImageObject\",\"inLanguage\":\"pt-PT\",\"@id\":\"https:\/\/portaltela.pt\/s.01k8rhncp4jt1\/2025\/11\/talking-bot-125x125.png\",\"url\":\"https:\/\/portaltela.pt\/s.01k8rhncp4jt1\/2025\/11\/talking-bot-125x125.png\",\"contentUrl\":\"https:\/\/portaltela.pt\/s.01k8rhncp4jt1\/2025\/11\/talking-bot-125x125.png\",\"caption\":\"Telinha\"},\"sameAs\":[\"https:\/\/portaltela.pt\/\"],\"url\":\"https:\/\/portaltela.pt\/por\/367410592786\/\"}]}<\/script>\n<!-- \/ Yoast SEO plugin. -->","yoast_head_json":{"title":"Greenpeace Portugal pede morat\u00f3ria urgente \u00e0 expans\u00e3o do olival superintensivo - Portal Tela Portugal","robots":{"index":"index","follow":"follow","max-snippet":"max-snippet:-1","max-image-preview":"max-image-preview:large","max-video-preview":"max-video-preview:-1"},"og_locale":"pt_PT","og_type":"article","og_title":"Greenpeace Portugal pede morat\u00f3ria urgente \u00e0 expans\u00e3o do olival superintensivo - Portal Tela Portugal","og_description":"Greenpeace Portugal exige morat\u00f3ria imediata \u00e0 expans\u00e3o do olival superintensivo em Portugal, argumentando impactos no territ\u00f3rio e na soberania alimentar. Relat\u00f3rio \u201cO Campo como Activo\u201d (Datavisa para Greenpeace Espanha) sustenta que o modelo de olival em Portugal \u00e9 quase exclusivamente superintensivo, em contraste com a tradi\u00e7\u00e3o espanhola. Regadio de Alqueva ocupa \u00e1rea significativa; o Alqueva est\u00e1 sob gest\u00e3o da EDIA, com cerca de cento e trinta mil hectares de regadio, e o olival cobria perto de setenta e quatro mil hectares entre 2023 e 2024. Grandes fundos de investimento internacionais e entidades como Cibus Capital, Farmland Reserves (Igreja M\u00f3rmon) e PSP Investimentos passaram a ter presen\u00e7a relevante na regi\u00e3o, influenciando a posse de terras, \u00e1gua e produ\u00e7\u00e3o. Governo \u00e9 apelado a agir para impedir a apropria\u00e7\u00e3o de terras e do recurso \u00e1gua pelos fundos, com foco na PAC e na prote\u00e7\u00e3o do territ\u00f3rio nacional.","og_url":"https:\/\/portaltela.pt\/noticias\/2026\/02\/27\/greenpeace-portugal-pede-moratoria-urgente-a-expansao-do-olival-superintensivo\/","og_site_name":"Portal Tela Portugal","article_published_time":"2026-02-27T12:35:00+00:00","author":"Telinha","twitter_card":"summary_large_image","twitter_misc":{"Escrito por":"Telinha","Tempo estimado de leitura":"2 minutos"},"schema":{"@context":"https:\/\/schema.org","@graph":[{"@type":"Article","@id":"https:\/\/portaltela.pt\/noticias\/2026\/02\/27\/greenpeace-portugal-pede-moratoria-urgente-a-expansao-do-olival-superintensivo\/#article","isPartOf":{"@id":"https:\/\/portaltela.pt\/noticias\/2026\/02\/27\/greenpeace-portugal-pede-moratoria-urgente-a-expansao-do-olival-superintensivo\/"},"author":{"name":"Telinha","@id":"https:\/\/portaltela.pt\/#\/schema\/person\/c4278d4a6028830caff9ee44b42d32ed"},"headline":"Greenpeace Portugal pede morat\u00f3ria urgente \u00e0 expans\u00e3o do olival superintensivo","datePublished":"2026-02-27T12:35:00+00:00","mainEntityOfPage":{"@id":"https:\/\/portaltela.pt\/noticias\/2026\/02\/27\/greenpeace-portugal-pede-moratoria-urgente-a-expansao-do-olival-superintensivo\/"},"wordCount":481,"image":{"@id":"https:\/\/portaltela.pt\/noticias\/2026\/02\/27\/greenpeace-portugal-pede-moratoria-urgente-a-expansao-do-olival-superintensivo\/#primaryimage"},"thumbnailUrl":"https:\/\/portaltela.pt\/s.01k8rhncp4jt1\/2026\/02\/2070147.jpg","keywords":["agricultura","agroalimentar","agroind\u00fastria","investimento","soberania alimentar","Territ\u00f3rio"],"articleSection":["Not\u00edcias"],"inLanguage":"pt-PT"},{"@type":"WebPage","@id":"https:\/\/portaltela.pt\/noticias\/2026\/02\/27\/greenpeace-portugal-pede-moratoria-urgente-a-expansao-do-olival-superintensivo\/","url":"https:\/\/portaltela.pt\/noticias\/2026\/02\/27\/greenpeace-portugal-pede-moratoria-urgente-a-expansao-do-olival-superintensivo\/","name":"Greenpeace Portugal pede morat\u00f3ria urgente \u00e0 expans\u00e3o do olival superintensivo - Portal Tela Portugal","isPartOf":{"@id":"https:\/\/portaltela.pt\/#website"},"primaryImageOfPage":{"@id":"https:\/\/portaltela.pt\/noticias\/2026\/02\/27\/greenpeace-portugal-pede-moratoria-urgente-a-expansao-do-olival-superintensivo\/#primaryimage"},"image":{"@id":"https:\/\/portaltela.pt\/noticias\/2026\/02\/27\/greenpeace-portugal-pede-moratoria-urgente-a-expansao-do-olival-superintensivo\/#primaryimage"},"thumbnailUrl":"https:\/\/portaltela.pt\/s.01k8rhncp4jt1\/2026\/02\/2070147.jpg","datePublished":"2026-02-27T12:35:00+00:00","author":{"@id":"https:\/\/portaltela.pt\/#\/schema\/person\/c4278d4a6028830caff9ee44b42d32ed"},"breadcrumb":{"@id":"https:\/\/portaltela.pt\/noticias\/2026\/02\/27\/greenpeace-portugal-pede-moratoria-urgente-a-expansao-do-olival-superintensivo\/#breadcrumb"},"inLanguage":"pt-PT","potentialAction":[{"@type":"ReadAction","target":["https:\/\/portaltela.pt\/noticias\/2026\/02\/27\/greenpeace-portugal-pede-moratoria-urgente-a-expansao-do-olival-superintensivo\/"]}]},{"@type":"ImageObject","inLanguage":"pt-PT","@id":"https:\/\/portaltela.pt\/noticias\/2026\/02\/27\/greenpeace-portugal-pede-moratoria-urgente-a-expansao-do-olival-superintensivo\/#primaryimage","url":"https:\/\/portaltela.pt\/s.01k8rhncp4jt1\/2026\/02\/2070147.jpg","contentUrl":"https:\/\/portaltela.pt\/s.01k8rhncp4jt1\/2026\/02\/2070147.jpg","width":796,"height":448,"caption":"Olival intensivo na zona do Alqueva"},{"@type":"BreadcrumbList","@id":"https:\/\/portaltela.pt\/noticias\/2026\/02\/27\/greenpeace-portugal-pede-moratoria-urgente-a-expansao-do-olival-superintensivo\/#breadcrumb","itemListElement":[{"@type":"ListItem","position":1,"name":"In\u00edcio","item":"https:\/\/portaltela.pt\/"},{"@type":"ListItem","position":2,"name":"Greenpeace Portugal pede morat\u00f3ria urgente \u00e0 expans\u00e3o do olival superintensivo"}]},{"@type":"WebSite","@id":"https:\/\/portaltela.pt\/#website","url":"https:\/\/portaltela.pt\/","name":"Portal Tela Portugal","description":"","potentialAction":[{"@type":"SearchAction","target":{"@type":"EntryPoint","urlTemplate":"https:\/\/portaltela.pt\/?s={search_term_string}"},"query-input":{"@type":"PropertyValueSpecification","valueRequired":true,"valueName":"search_term_string"}}],"inLanguage":"pt-PT"},{"@type":"Person","@id":"https:\/\/portaltela.pt\/#\/schema\/person\/c4278d4a6028830caff9ee44b42d32ed","name":"Telinha","image":{"@type":"ImageObject","inLanguage":"pt-PT","@id":"https:\/\/portaltela.pt\/s.01k8rhncp4jt1\/2025\/11\/talking-bot-125x125.png","url":"https:\/\/portaltela.pt\/s.01k8rhncp4jt1\/2025\/11\/talking-bot-125x125.png","contentUrl":"https:\/\/portaltela.pt\/s.01k8rhncp4jt1\/2025\/11\/talking-bot-125x125.png","caption":"Telinha"},"sameAs":["https:\/\/portaltela.pt\/"],"url":"https:\/\/portaltela.pt\/por\/367410592786\/"}]}},"_links":{"self":[{"href":"https:\/\/portaltela.pt\/api\/wp\/v2\/posts\/390700","targetHints":{"allow":["GET"]}}],"collection":[{"href":"https:\/\/portaltela.pt\/api\/wp\/v2\/posts"}],"about":[{"href":"https:\/\/portaltela.pt\/api\/wp\/v2\/types\/post"}],"author":[{"embeddable":true,"href":"https:\/\/portaltela.pt\/api\/wp\/v2\/users\/2"}],"replies":[{"embeddable":true,"href":"https:\/\/portaltela.pt\/api\/wp\/v2\/comments?post=390700"}],"version-history":[{"count":0,"href":"https:\/\/portaltela.pt\/api\/wp\/v2\/posts\/390700\/revisions"}],"wp:featuredmedia":[{"embeddable":true,"href":"https:\/\/portaltela.pt\/api\/wp\/v2\/media\/390707"}],"wp:attachment":[{"href":"https:\/\/portaltela.pt\/api\/wp\/v2\/media?parent=390700"}],"wp:term":[{"taxonomy":"category","embeddable":true,"href":"https:\/\/portaltela.pt\/api\/wp\/v2\/categories?post=390700"},{"taxonomy":"post_tag","embeddable":true,"href":"https:\/\/portaltela.pt\/api\/wp\/v2\/tags?post=390700"}],"curies":[{"name":"wp","href":"https:\/\/api.w.org\/{rel}","templated":true}]}}