{"id":390631,"date":"2026-02-27T09:01:00","date_gmt":"2026-02-27T12:01:00","guid":{"rendered":"https:\/\/portaltela.pt\/noticias\/2026\/02\/27\/taylor-swift-e-travis-kelce-preparam-casamento-a-13-de-junho-razoes-misticas\/"},"modified":"2026-02-27T09:01:00","modified_gmt":"2026-02-27T12:01:00","slug":"taylor-swift-e-travis-kelce-preparam-casamento-a-13-de-junho-razoes-misticas","status":"publish","type":"post","link":"https:\/\/portaltela.pt\/noticias\/2026\/02\/27\/taylor-swift-e-travis-kelce-preparam-casamento-a-13-de-junho-razoes-misticas\/","title":{"rendered":"Taylor Swift e Travis Kelce preparam casamento a 13 de junho, raz\u00f5es m\u00edsticas"},"content":{"rendered":"<p>Taylor Swift e Travis Kelce v\u00e3o casar-se a 13 de junho em Rhode Island, EUA. A confirma\u00e7\u00e3o foi avan\u00e7ada pelo programa Entertainment Tonight, ap\u00f3s meses de especula\u00e7\u00e3o. O an\u00fancio situa-se numa data escolhida para facilitar a cerim\u00f3nia.<\/p>\n<p>Segundo a imprensa norte-americana, a data tem conota\u00e7\u00f5es m\u00edsticas valorizadas pela artista. O site Page Six indica que 13 de junho coincide com o meio-anivers\u00e1rio de Swift, cujos anivers\u00e1rios caem a 13 de dezembro. O meio-termo de seis meses \u00e9 visto como requisito relevante.<\/p>\n<p>O casal, envolvido em grande expectativa medi\u00e1tica, ter\u00e1 j\u00e1 assegurado o espa\u00e7o na Ocean House, em Watch Hill, Rhode Island. A cerim\u00f3nia ocorre pouco depois da confirma\u00e7\u00e3o de noivado em agosto de 2025, celebrada com um anel de diamante de alto valor.<\/p>\n<h3>Detalhes do enquadramento<\/h3>\n<p>Carlos Moedas, presidente da C\u00e2mara Municipal de Lisboa, associou a data a tradi\u00e7\u00f5es locais, mencionando o dia de casamentos de Santo Ant\u00f3nio na cidade. A observa\u00e7\u00e3o gerou curiosidade sobre o simbolismo da data entre f\u00e3s.<\/p>\n<p>Regarding the noivo, poucos detalhes oficiais foram divulgados sobre Kelce. O vestido de noiva tem sido objeto de especula\u00e7\u00e3o da imprensa e de f\u00e3s, com a marca Ralph Lauren associada a um poss\u00edvel look de cerim\u00f3nia em jardim.<\/p>\n<p>O relacionamento do casal come\u00e7ou em julho de 2023, com a primeira apari\u00e7\u00e3o p\u00fablica em setembro do mesmo ano. Swift passou a acompanhar jogos do Kansas City Chiefs e Kelce participou num concerto da digress\u00e3o Eras em Londres, em 2024.<\/p>\n","protected":false},"excerpt":{"rendered":"<ul>\n<li>Taylor Swift e Travis Kelce v\u00e3o casar-se a 13 de junho, em Rhode Island, EUA, conforme confirmou o programa Entertainment Tonight.<\/li>\n<li>A data ter\u00e1 sido escolhida por motivos m\u00edsticos valorizados pela imprensa, incluindo o n\u00famero 13 como favorito de Swift, associando-a ao meio\u2011anivers\u00e1rio da cantora.<\/li>\n<li>Houve refer\u00eancia de que Swift poder\u00e1 ter alterado a data de um casamento anterior na Ocean House, em Watch Hill, para garantir a cerim\u00f4nia.<\/li>\n<li>O presidente da C\u00e2mara Municipal de Lisboa, Carlos Moedas, comentou a coincid\u00eancia com o dia de Santo Ant\u00f3nio, lembrando que ainda h\u00e1 inscri\u00e7\u00f5es abertas para casamentos nesse dia.<\/li>\n<li>O noivado foi anunciado em agosto de 2025, com o anel de diamante acima do comum, e o vestido pode ter sido assinado por Ralph Lauren, entre outros criadores usados pela artista.<\/li>\n<\/ul>\n","protected":false},"author":2,"featured_media":390659,"comment_status":"closed","ping_status":"closed","sticky":false,"template":"","format":"standard","meta":{"footnotes":""},"categories":[12,1],"tags":[87,3259,1600,78,5661,3429],"class_list":["post-390631","post","type-post","status-publish","format-standard","has-post-thumbnail","hentry","category-entretenimento","category-noticias","tag-casamento","tag-celebidades","tag-estados-unidos","tag-famosos","tag-pessoas-publicas","tag-taylor-swift"],"yoast_head":"<!-- This site is optimized with the Yoast SEO plugin v27.2 - https:\/\/yoast.com\/product\/yoast-seo-wordpress\/ -->\n<title>Taylor Swift e Travis Kelce preparam casamento a 13 de junho, raz\u00f5es m\u00edsticas - Portal Tela Portugal<\/title>\n<meta name=\"robots\" content=\"index, follow, max-snippet:-1, max-image-preview:large, max-video-preview:-1\" \/>\n<meta property=\"og:locale\" content=\"pt_PT\" \/>\n<meta property=\"og:type\" content=\"article\" \/>\n<meta property=\"og:title\" content=\"Taylor Swift e Travis Kelce preparam casamento a 13 de junho, raz\u00f5es m\u00edsticas - Portal Tela Portugal\" \/>\n<meta property=\"og:description\" content=\"Taylor Swift e Travis Kelce v\u00e3o casar-se a 13 de junho, em Rhode Island, EUA, conforme confirmou o programa Entertainment Tonight. A data ter\u00e1 sido escolhida por motivos m\u00edsticos valorizados pela imprensa, incluindo o n\u00famero 13 como favorito de Swift, associando-a ao meio\u2011anivers\u00e1rio da cantora. Houve refer\u00eancia de que Swift poder\u00e1 ter alterado a data de um casamento anterior na Ocean House, em Watch Hill, para garantir a cerim\u00f4nia. O presidente da C\u00e2mara Municipal de Lisboa, Carlos Moedas, comentou a coincid\u00eancia com o dia de Santo Ant\u00f3nio, lembrando que ainda h\u00e1 inscri\u00e7\u00f5es abertas para casamentos nesse dia. O noivado foi anunciado em agosto de 2025, com o anel de diamante acima do comum, e o vestido pode ter sido assinado por Ralph Lauren, entre outros criadores usados pela artista.\" \/>\n<meta property=\"og:url\" content=\"https:\/\/portaltela.pt\/noticias\/2026\/02\/27\/taylor-swift-e-travis-kelce-preparam-casamento-a-13-de-junho-razoes-misticas\/\" \/>\n<meta property=\"og:site_name\" content=\"Portal Tela Portugal\" \/>\n<meta property=\"article:published_time\" content=\"2026-02-27T12:01:00+00:00\" \/>\n<meta name=\"author\" content=\"Telinha\" \/>\n<meta name=\"twitter:card\" content=\"summary_large_image\" \/>\n<meta name=\"twitter:label1\" content=\"Escrito por\" \/>\n\t<meta name=\"twitter:data1\" content=\"Telinha\" \/>\n\t<meta name=\"twitter:label2\" content=\"Tempo estimado de leitura\" \/>\n\t<meta name=\"twitter:data2\" content=\"1 minuto\" \/>\n<script type=\"application\/ld+json\" class=\"yoast-schema-graph\">{\"@context\":\"https:\/\/schema.org\",\"@graph\":[{\"@type\":\"Article\",\"@id\":\"https:\/\/portaltela.pt\/noticias\/2026\/02\/27\/taylor-swift-e-travis-kelce-preparam-casamento-a-13-de-junho-razoes-misticas\/#article\",\"isPartOf\":{\"@id\":\"https:\/\/portaltela.pt\/noticias\/2026\/02\/27\/taylor-swift-e-travis-kelce-preparam-casamento-a-13-de-junho-razoes-misticas\/\"},\"author\":{\"name\":\"Telinha\",\"@id\":\"https:\/\/portaltela.pt\/#\/schema\/person\/c4278d4a6028830caff9ee44b42d32ed\"},\"headline\":\"Taylor Swift e Travis Kelce preparam casamento a 13 de junho, raz\u00f5es m\u00edsticas\",\"datePublished\":\"2026-02-27T12:01:00+00:00\",\"mainEntityOfPage\":{\"@id\":\"https:\/\/portaltela.pt\/noticias\/2026\/02\/27\/taylor-swift-e-travis-kelce-preparam-casamento-a-13-de-junho-razoes-misticas\/\"},\"wordCount\":274,\"image\":{\"@id\":\"https:\/\/portaltela.pt\/noticias\/2026\/02\/27\/taylor-swift-e-travis-kelce-preparam-casamento-a-13-de-junho-razoes-misticas\/#primaryimage\"},\"thumbnailUrl\":\"https:\/\/portaltela.pt\/s.01k8rhncp4jt1\/2026\/02\/image-2004.jpg\",\"keywords\":[\"casamento\",\"celebidades\",\"Estados Unidos\",\"famosos\",\"pessoas p\u00fablicas\",\"Taylor Swift\"],\"articleSection\":[\"Entretenimento\",\"Not\u00edcias\"],\"inLanguage\":\"pt-PT\"},{\"@type\":\"WebPage\",\"@id\":\"https:\/\/portaltela.pt\/noticias\/2026\/02\/27\/taylor-swift-e-travis-kelce-preparam-casamento-a-13-de-junho-razoes-misticas\/\",\"url\":\"https:\/\/portaltela.pt\/noticias\/2026\/02\/27\/taylor-swift-e-travis-kelce-preparam-casamento-a-13-de-junho-razoes-misticas\/\",\"name\":\"Taylor Swift e Travis Kelce preparam casamento a 13 de junho, raz\u00f5es m\u00edsticas - Portal Tela Portugal\",\"isPartOf\":{\"@id\":\"https:\/\/portaltela.pt\/#website\"},\"primaryImageOfPage\":{\"@id\":\"https:\/\/portaltela.pt\/noticias\/2026\/02\/27\/taylor-swift-e-travis-kelce-preparam-casamento-a-13-de-junho-razoes-misticas\/#primaryimage\"},\"image\":{\"@id\":\"https:\/\/portaltela.pt\/noticias\/2026\/02\/27\/taylor-swift-e-travis-kelce-preparam-casamento-a-13-de-junho-razoes-misticas\/#primaryimage\"},\"thumbnailUrl\":\"https:\/\/portaltela.pt\/s.01k8rhncp4jt1\/2026\/02\/image-2004.jpg\",\"datePublished\":\"2026-02-27T12:01:00+00:00\",\"author\":{\"@id\":\"https:\/\/portaltela.pt\/#\/schema\/person\/c4278d4a6028830caff9ee44b42d32ed\"},\"breadcrumb\":{\"@id\":\"https:\/\/portaltela.pt\/noticias\/2026\/02\/27\/taylor-swift-e-travis-kelce-preparam-casamento-a-13-de-junho-razoes-misticas\/#breadcrumb\"},\"inLanguage\":\"pt-PT\",\"potentialAction\":[{\"@type\":\"ReadAction\",\"target\":[\"https:\/\/portaltela.pt\/noticias\/2026\/02\/27\/taylor-swift-e-travis-kelce-preparam-casamento-a-13-de-junho-razoes-misticas\/\"]}]},{\"@type\":\"ImageObject\",\"inLanguage\":\"pt-PT\",\"@id\":\"https:\/\/portaltela.pt\/noticias\/2026\/02\/27\/taylor-swift-e-travis-kelce-preparam-casamento-a-13-de-junho-razoes-misticas\/#primaryimage\",\"url\":\"https:\/\/portaltela.pt\/s.01k8rhncp4jt1\/2026\/02\/image-2004.jpg\",\"contentUrl\":\"https:\/\/portaltela.pt\/s.01k8rhncp4jt1\/2026\/02\/image-2004.jpg\",\"width\":796,\"height\":448,\"caption\":\"Taylor Swift e Travis Kelce casam-se a 13 de junho deste ano\"},{\"@type\":\"BreadcrumbList\",\"@id\":\"https:\/\/portaltela.pt\/noticias\/2026\/02\/27\/taylor-swift-e-travis-kelce-preparam-casamento-a-13-de-junho-razoes-misticas\/#breadcrumb\",\"itemListElement\":[{\"@type\":\"ListItem\",\"position\":1,\"name\":\"In\u00edcio\",\"item\":\"https:\/\/portaltela.pt\/\"},{\"@type\":\"ListItem\",\"position\":2,\"name\":\"Taylor Swift e Travis Kelce preparam casamento a 13 de junho, raz\u00f5es m\u00edsticas\"}]},{\"@type\":\"WebSite\",\"@id\":\"https:\/\/portaltela.pt\/#website\",\"url\":\"https:\/\/portaltela.pt\/\",\"name\":\"Portal Tela Portugal\",\"description\":\"\",\"potentialAction\":[{\"@type\":\"SearchAction\",\"target\":{\"@type\":\"EntryPoint\",\"urlTemplate\":\"https:\/\/portaltela.pt\/?s={search_term_string}\"},\"query-input\":{\"@type\":\"PropertyValueSpecification\",\"valueRequired\":true,\"valueName\":\"search_term_string\"}}],\"inLanguage\":\"pt-PT\"},{\"@type\":\"Person\",\"@id\":\"https:\/\/portaltela.pt\/#\/schema\/person\/c4278d4a6028830caff9ee44b42d32ed\",\"name\":\"Telinha\",\"image\":{\"@type\":\"ImageObject\",\"inLanguage\":\"pt-PT\",\"@id\":\"https:\/\/portaltela.pt\/s.01k8rhncp4jt1\/2025\/11\/talking-bot-125x125.png\",\"url\":\"https:\/\/portaltela.pt\/s.01k8rhncp4jt1\/2025\/11\/talking-bot-125x125.png\",\"contentUrl\":\"https:\/\/portaltela.pt\/s.01k8rhncp4jt1\/2025\/11\/talking-bot-125x125.png\",\"caption\":\"Telinha\"},\"sameAs\":[\"https:\/\/portaltela.pt\/\"],\"url\":\"https:\/\/portaltela.pt\/por\/367410592786\/\"}]}<\/script>\n<!-- \/ Yoast SEO plugin. -->","yoast_head_json":{"title":"Taylor Swift e Travis Kelce preparam casamento a 13 de junho, raz\u00f5es m\u00edsticas - Portal Tela Portugal","robots":{"index":"index","follow":"follow","max-snippet":"max-snippet:-1","max-image-preview":"max-image-preview:large","max-video-preview":"max-video-preview:-1"},"og_locale":"pt_PT","og_type":"article","og_title":"Taylor Swift e Travis Kelce preparam casamento a 13 de junho, raz\u00f5es m\u00edsticas - Portal Tela Portugal","og_description":"Taylor Swift e Travis Kelce v\u00e3o casar-se a 13 de junho, em Rhode Island, EUA, conforme confirmou o programa Entertainment Tonight. A data ter\u00e1 sido escolhida por motivos m\u00edsticos valorizados pela imprensa, incluindo o n\u00famero 13 como favorito de Swift, associando-a ao meio\u2011anivers\u00e1rio da cantora. Houve refer\u00eancia de que Swift poder\u00e1 ter alterado a data de um casamento anterior na Ocean House, em Watch Hill, para garantir a cerim\u00f4nia. O presidente da C\u00e2mara Municipal de Lisboa, Carlos Moedas, comentou a coincid\u00eancia com o dia de Santo Ant\u00f3nio, lembrando que ainda h\u00e1 inscri\u00e7\u00f5es abertas para casamentos nesse dia. O noivado foi anunciado em agosto de 2025, com o anel de diamante acima do comum, e o vestido pode ter sido assinado por Ralph Lauren, entre outros criadores usados pela artista.","og_url":"https:\/\/portaltela.pt\/noticias\/2026\/02\/27\/taylor-swift-e-travis-kelce-preparam-casamento-a-13-de-junho-razoes-misticas\/","og_site_name":"Portal Tela Portugal","article_published_time":"2026-02-27T12:01:00+00:00","author":"Telinha","twitter_card":"summary_large_image","twitter_misc":{"Escrito por":"Telinha","Tempo estimado de leitura":"1 minuto"},"schema":{"@context":"https:\/\/schema.org","@graph":[{"@type":"Article","@id":"https:\/\/portaltela.pt\/noticias\/2026\/02\/27\/taylor-swift-e-travis-kelce-preparam-casamento-a-13-de-junho-razoes-misticas\/#article","isPartOf":{"@id":"https:\/\/portaltela.pt\/noticias\/2026\/02\/27\/taylor-swift-e-travis-kelce-preparam-casamento-a-13-de-junho-razoes-misticas\/"},"author":{"name":"Telinha","@id":"https:\/\/portaltela.pt\/#\/schema\/person\/c4278d4a6028830caff9ee44b42d32ed"},"headline":"Taylor Swift e Travis Kelce preparam casamento a 13 de junho, raz\u00f5es m\u00edsticas","datePublished":"2026-02-27T12:01:00+00:00","mainEntityOfPage":{"@id":"https:\/\/portaltela.pt\/noticias\/2026\/02\/27\/taylor-swift-e-travis-kelce-preparam-casamento-a-13-de-junho-razoes-misticas\/"},"wordCount":274,"image":{"@id":"https:\/\/portaltela.pt\/noticias\/2026\/02\/27\/taylor-swift-e-travis-kelce-preparam-casamento-a-13-de-junho-razoes-misticas\/#primaryimage"},"thumbnailUrl":"https:\/\/portaltela.pt\/s.01k8rhncp4jt1\/2026\/02\/image-2004.jpg","keywords":["casamento","celebidades","Estados Unidos","famosos","pessoas p\u00fablicas","Taylor Swift"],"articleSection":["Entretenimento","Not\u00edcias"],"inLanguage":"pt-PT"},{"@type":"WebPage","@id":"https:\/\/portaltela.pt\/noticias\/2026\/02\/27\/taylor-swift-e-travis-kelce-preparam-casamento-a-13-de-junho-razoes-misticas\/","url":"https:\/\/portaltela.pt\/noticias\/2026\/02\/27\/taylor-swift-e-travis-kelce-preparam-casamento-a-13-de-junho-razoes-misticas\/","name":"Taylor Swift e Travis Kelce preparam casamento a 13 de junho, raz\u00f5es m\u00edsticas - Portal Tela Portugal","isPartOf":{"@id":"https:\/\/portaltela.pt\/#website"},"primaryImageOfPage":{"@id":"https:\/\/portaltela.pt\/noticias\/2026\/02\/27\/taylor-swift-e-travis-kelce-preparam-casamento-a-13-de-junho-razoes-misticas\/#primaryimage"},"image":{"@id":"https:\/\/portaltela.pt\/noticias\/2026\/02\/27\/taylor-swift-e-travis-kelce-preparam-casamento-a-13-de-junho-razoes-misticas\/#primaryimage"},"thumbnailUrl":"https:\/\/portaltela.pt\/s.01k8rhncp4jt1\/2026\/02\/image-2004.jpg","datePublished":"2026-02-27T12:01:00+00:00","author":{"@id":"https:\/\/portaltela.pt\/#\/schema\/person\/c4278d4a6028830caff9ee44b42d32ed"},"breadcrumb":{"@id":"https:\/\/portaltela.pt\/noticias\/2026\/02\/27\/taylor-swift-e-travis-kelce-preparam-casamento-a-13-de-junho-razoes-misticas\/#breadcrumb"},"inLanguage":"pt-PT","potentialAction":[{"@type":"ReadAction","target":["https:\/\/portaltela.pt\/noticias\/2026\/02\/27\/taylor-swift-e-travis-kelce-preparam-casamento-a-13-de-junho-razoes-misticas\/"]}]},{"@type":"ImageObject","inLanguage":"pt-PT","@id":"https:\/\/portaltela.pt\/noticias\/2026\/02\/27\/taylor-swift-e-travis-kelce-preparam-casamento-a-13-de-junho-razoes-misticas\/#primaryimage","url":"https:\/\/portaltela.pt\/s.01k8rhncp4jt1\/2026\/02\/image-2004.jpg","contentUrl":"https:\/\/portaltela.pt\/s.01k8rhncp4jt1\/2026\/02\/image-2004.jpg","width":796,"height":448,"caption":"Taylor Swift e Travis Kelce casam-se a 13 de junho deste ano"},{"@type":"BreadcrumbList","@id":"https:\/\/portaltela.pt\/noticias\/2026\/02\/27\/taylor-swift-e-travis-kelce-preparam-casamento-a-13-de-junho-razoes-misticas\/#breadcrumb","itemListElement":[{"@type":"ListItem","position":1,"name":"In\u00edcio","item":"https:\/\/portaltela.pt\/"},{"@type":"ListItem","position":2,"name":"Taylor Swift e Travis Kelce preparam casamento a 13 de junho, raz\u00f5es m\u00edsticas"}]},{"@type":"WebSite","@id":"https:\/\/portaltela.pt\/#website","url":"https:\/\/portaltela.pt\/","name":"Portal Tela Portugal","description":"","potentialAction":[{"@type":"SearchAction","target":{"@type":"EntryPoint","urlTemplate":"https:\/\/portaltela.pt\/?s={search_term_string}"},"query-input":{"@type":"PropertyValueSpecification","valueRequired":true,"valueName":"search_term_string"}}],"inLanguage":"pt-PT"},{"@type":"Person","@id":"https:\/\/portaltela.pt\/#\/schema\/person\/c4278d4a6028830caff9ee44b42d32ed","name":"Telinha","image":{"@type":"ImageObject","inLanguage":"pt-PT","@id":"https:\/\/portaltela.pt\/s.01k8rhncp4jt1\/2025\/11\/talking-bot-125x125.png","url":"https:\/\/portaltela.pt\/s.01k8rhncp4jt1\/2025\/11\/talking-bot-125x125.png","contentUrl":"https:\/\/portaltela.pt\/s.01k8rhncp4jt1\/2025\/11\/talking-bot-125x125.png","caption":"Telinha"},"sameAs":["https:\/\/portaltela.pt\/"],"url":"https:\/\/portaltela.pt\/por\/367410592786\/"}]}},"_links":{"self":[{"href":"https:\/\/portaltela.pt\/api\/wp\/v2\/posts\/390631","targetHints":{"allow":["GET"]}}],"collection":[{"href":"https:\/\/portaltela.pt\/api\/wp\/v2\/posts"}],"about":[{"href":"https:\/\/portaltela.pt\/api\/wp\/v2\/types\/post"}],"author":[{"embeddable":true,"href":"https:\/\/portaltela.pt\/api\/wp\/v2\/users\/2"}],"replies":[{"embeddable":true,"href":"https:\/\/portaltela.pt\/api\/wp\/v2\/comments?post=390631"}],"version-history":[{"count":0,"href":"https:\/\/portaltela.pt\/api\/wp\/v2\/posts\/390631\/revisions"}],"wp:featuredmedia":[{"embeddable":true,"href":"https:\/\/portaltela.pt\/api\/wp\/v2\/media\/390659"}],"wp:attachment":[{"href":"https:\/\/portaltela.pt\/api\/wp\/v2\/media?parent=390631"}],"wp:term":[{"taxonomy":"category","embeddable":true,"href":"https:\/\/portaltela.pt\/api\/wp\/v2\/categories?post=390631"},{"taxonomy":"post_tag","embeddable":true,"href":"https:\/\/portaltela.pt\/api\/wp\/v2\/tags?post=390631"}],"curies":[{"name":"wp","href":"https:\/\/api.w.org\/{rel}","templated":true}]}}