{"id":390628,"date":"2026-02-27T09:11:52","date_gmt":"2026-02-27T12:11:52","guid":{"rendered":"https:\/\/portaltela.pt\/noticias\/2026\/02\/27\/barragens-do-algarve-asseguram-agua-para-tres-anos-apos-tempestades\/"},"modified":"2026-02-27T09:11:52","modified_gmt":"2026-02-27T12:11:52","slug":"barragens-do-algarve-asseguram-agua-para-tres-anos-apos-tempestades","status":"publish","type":"post","link":"https:\/\/portaltela.pt\/noticias\/2026\/02\/27\/barragens-do-algarve-asseguram-agua-para-tres-anos-apos-tempestades\/","title":{"rendered":"Barragens do Algarve asseguram \u00e1gua para tr\u00eas anos ap\u00f3s tempestades"},"content":{"rendered":"<p>As barragens do Algarve encontram-se com \u00e1gua suficiente para abastecer a regi\u00e3o por cerca de tr\u00eas anos, ap\u00f3s as tempestades registadas no in\u00edcio deste ano. Os n\u00edveis de \u00e1gua nas lagoas algarvias est\u00e3o acima dos 80%, o que representa um volume consider\u00e1vel para o territ\u00f3rio.<\/p>\n<p>O an\u00fancio \u00e9 feito pelo presidente da Ag\u00eancia Portuguesa do Ambiente (APA), Jo\u00e3o Matos Fernandes, que destaca a import\u00e2ncia de manter a gest\u00e3o eficiente dos recursos h\u00eddricos. A chuva intensa que caiu no in\u00edcio do ano foi determinante para inverter cen\u00e1rios de menor disponibilidade.<\/p>\n<p>Segundo dados da APA, o refor\u00e7o no volume de \u00e1gua permite assegurar o abastecimento das popula\u00e7\u00f5es e das atividades econ\u00f3micas locais durante um per\u00edodo aproximado de tr\u00eas anos, mesmo sem novas precipita\u00e7\u00f5es. A not\u00edcia surge numa altura em que a regi\u00e3o enfrenta per\u00edodos de seca.<\/p>\n<h3>Monitoriza\u00e7\u00e3o e medidas de sustentabilidade<\/h3>\n<p>As autoridades locais e nacionais mant\u00eam a monitoriza\u00e7\u00e3o das barragens e esperam manter a sustentabilidade do recurso h\u00eddrico na regi\u00e3o. Podem ser utilizadas medidas de gest\u00e3o de \u00e1gua e de efici\u00eancia no consumo para manter o equil\u00edbrio entre a procura e a oferta.<\/p>\n","protected":false},"excerpt":{"rendered":"<ul>\n<li>Barragens do Algarve est\u00e3o acima de 80% de \u00e1gua, segundo o presidente da Ag\u00eancia Portuguesa do Ambiente, Jo\u00e3o Matos Fernandes.<\/li>\n<li>As chuvas no in\u00edcio do ano encheram as reservas e asseguram abastecimento por cerca de tr\u00eas anos, sem novas precipita\u00e7\u00f5es.<\/li>\n<li>O aumento do volume de \u00e1gua \u00e9 visto como indica\u00e7\u00e3o positiva para uma regi\u00e3o com seca frequente.<\/li>\n<li>Autoridades locais e nacionais continuam a monitorizar a situa\u00e7\u00e3o e a aplicar medidas para a sustentabilidade do recurso h\u00eddrico.<\/li>\n<\/ul>\n","protected":false},"author":2,"featured_media":390645,"comment_status":"closed","ping_status":"closed","sticky":false,"template":"","format":"standard","meta":{"footnotes":""},"categories":[1],"tags":[1503,4802,1090,928,167,4085],"class_list":["post-390628","post","type-post","status-publish","format-standard","has-post-thumbnail","hentry","category-noticias","tag-abastecimento-de-agua","tag-agencia-portuguesa-do-ambiente","tag-agua","tag-algarve","tag-ambiente","tag-apa"],"yoast_head":"<!-- This site is optimized with the Yoast SEO plugin v27.2 - https:\/\/yoast.com\/product\/yoast-seo-wordpress\/ -->\n<title>Barragens do Algarve asseguram \u00e1gua para tr\u00eas anos ap\u00f3s tempestades - Portal Tela Portugal<\/title>\n<meta name=\"robots\" content=\"index, follow, max-snippet:-1, max-image-preview:large, max-video-preview:-1\" \/>\n<meta property=\"og:locale\" content=\"pt_PT\" \/>\n<meta property=\"og:type\" content=\"article\" \/>\n<meta property=\"og:title\" content=\"Barragens do Algarve asseguram \u00e1gua para tr\u00eas anos ap\u00f3s tempestades - Portal Tela Portugal\" \/>\n<meta property=\"og:description\" content=\"Barragens do Algarve est\u00e3o acima de 80% de \u00e1gua, segundo o presidente da Ag\u00eancia Portuguesa do Ambiente, Jo\u00e3o Matos Fernandes. As chuvas no in\u00edcio do ano encheram as reservas e asseguram abastecimento por cerca de tr\u00eas anos, sem novas precipita\u00e7\u00f5es. O aumento do volume de \u00e1gua \u00e9 visto como indica\u00e7\u00e3o positiva para uma regi\u00e3o com seca frequente. Autoridades locais e nacionais continuam a monitorizar a situa\u00e7\u00e3o e a aplicar medidas para a sustentabilidade do recurso h\u00eddrico.\" \/>\n<meta property=\"og:url\" content=\"https:\/\/portaltela.pt\/noticias\/2026\/02\/27\/barragens-do-algarve-asseguram-agua-para-tres-anos-apos-tempestades\/\" \/>\n<meta property=\"og:site_name\" content=\"Portal Tela Portugal\" \/>\n<meta property=\"article:published_time\" content=\"2026-02-27T12:11:52+00:00\" \/>\n<meta name=\"author\" content=\"Telinha\" \/>\n<meta name=\"twitter:card\" content=\"summary_large_image\" \/>\n<meta name=\"twitter:label1\" content=\"Escrito por\" \/>\n\t<meta name=\"twitter:data1\" content=\"Telinha\" \/>\n\t<meta name=\"twitter:label2\" content=\"Tempo estimado de leitura\" \/>\n\t<meta name=\"twitter:data2\" content=\"1 minuto\" \/>\n<script type=\"application\/ld+json\" class=\"yoast-schema-graph\">{\"@context\":\"https:\/\/schema.org\",\"@graph\":[{\"@type\":\"Article\",\"@id\":\"https:\/\/portaltela.pt\/noticias\/2026\/02\/27\/barragens-do-algarve-asseguram-agua-para-tres-anos-apos-tempestades\/#article\",\"isPartOf\":{\"@id\":\"https:\/\/portaltela.pt\/noticias\/2026\/02\/27\/barragens-do-algarve-asseguram-agua-para-tres-anos-apos-tempestades\/\"},\"author\":{\"name\":\"Telinha\",\"@id\":\"https:\/\/portaltela.pt\/#\/schema\/person\/c4278d4a6028830caff9ee44b42d32ed\"},\"headline\":\"Barragens do Algarve asseguram \u00e1gua para tr\u00eas anos ap\u00f3s tempestades\",\"datePublished\":\"2026-02-27T12:11:52+00:00\",\"mainEntityOfPage\":{\"@id\":\"https:\/\/portaltela.pt\/noticias\/2026\/02\/27\/barragens-do-algarve-asseguram-agua-para-tres-anos-apos-tempestades\/\"},\"wordCount\":225,\"image\":{\"@id\":\"https:\/\/portaltela.pt\/noticias\/2026\/02\/27\/barragens-do-algarve-asseguram-agua-para-tres-anos-apos-tempestades\/#primaryimage\"},\"thumbnailUrl\":\"https:\/\/portaltela.pt\/s.01k8rhncp4jt1\/2026\/02\/img_1280x722uu2026-02-27-11-42-58-2269329.jpg\",\"keywords\":[\"abastecimento de \u00e1gua\",\"Ag\u00eancia Portuguesa do Ambiente\",\"\u00e1gua\",\"Algarve\",\"ambiente\",\"APA\"],\"articleSection\":[\"Not\u00edcias\"],\"inLanguage\":\"pt-PT\"},{\"@type\":\"WebPage\",\"@id\":\"https:\/\/portaltela.pt\/noticias\/2026\/02\/27\/barragens-do-algarve-asseguram-agua-para-tres-anos-apos-tempestades\/\",\"url\":\"https:\/\/portaltela.pt\/noticias\/2026\/02\/27\/barragens-do-algarve-asseguram-agua-para-tres-anos-apos-tempestades\/\",\"name\":\"Barragens do Algarve asseguram \u00e1gua para tr\u00eas anos ap\u00f3s tempestades - Portal Tela Portugal\",\"isPartOf\":{\"@id\":\"https:\/\/portaltela.pt\/#website\"},\"primaryImageOfPage\":{\"@id\":\"https:\/\/portaltela.pt\/noticias\/2026\/02\/27\/barragens-do-algarve-asseguram-agua-para-tres-anos-apos-tempestades\/#primaryimage\"},\"image\":{\"@id\":\"https:\/\/portaltela.pt\/noticias\/2026\/02\/27\/barragens-do-algarve-asseguram-agua-para-tres-anos-apos-tempestades\/#primaryimage\"},\"thumbnailUrl\":\"https:\/\/portaltela.pt\/s.01k8rhncp4jt1\/2026\/02\/img_1280x722uu2026-02-27-11-42-58-2269329.jpg\",\"datePublished\":\"2026-02-27T12:11:52+00:00\",\"author\":{\"@id\":\"https:\/\/portaltela.pt\/#\/schema\/person\/c4278d4a6028830caff9ee44b42d32ed\"},\"breadcrumb\":{\"@id\":\"https:\/\/portaltela.pt\/noticias\/2026\/02\/27\/barragens-do-algarve-asseguram-agua-para-tres-anos-apos-tempestades\/#breadcrumb\"},\"inLanguage\":\"pt-PT\",\"potentialAction\":[{\"@type\":\"ReadAction\",\"target\":[\"https:\/\/portaltela.pt\/noticias\/2026\/02\/27\/barragens-do-algarve-asseguram-agua-para-tres-anos-apos-tempestades\/\"]}]},{\"@type\":\"ImageObject\",\"inLanguage\":\"pt-PT\",\"@id\":\"https:\/\/portaltela.pt\/noticias\/2026\/02\/27\/barragens-do-algarve-asseguram-agua-para-tres-anos-apos-tempestades\/#primaryimage\",\"url\":\"https:\/\/portaltela.pt\/s.01k8rhncp4jt1\/2026\/02\/img_1280x722uu2026-02-27-11-42-58-2269329.jpg\",\"contentUrl\":\"https:\/\/portaltela.pt\/s.01k8rhncp4jt1\/2026\/02\/img_1280x722uu2026-02-27-11-42-58-2269329.jpg\",\"width\":796,\"height\":448,\"caption\":\"Photo\"},{\"@type\":\"BreadcrumbList\",\"@id\":\"https:\/\/portaltela.pt\/noticias\/2026\/02\/27\/barragens-do-algarve-asseguram-agua-para-tres-anos-apos-tempestades\/#breadcrumb\",\"itemListElement\":[{\"@type\":\"ListItem\",\"position\":1,\"name\":\"In\u00edcio\",\"item\":\"https:\/\/portaltela.pt\/\"},{\"@type\":\"ListItem\",\"position\":2,\"name\":\"Barragens do Algarve asseguram \u00e1gua para tr\u00eas anos ap\u00f3s tempestades\"}]},{\"@type\":\"WebSite\",\"@id\":\"https:\/\/portaltela.pt\/#website\",\"url\":\"https:\/\/portaltela.pt\/\",\"name\":\"Portal Tela Portugal\",\"description\":\"\",\"potentialAction\":[{\"@type\":\"SearchAction\",\"target\":{\"@type\":\"EntryPoint\",\"urlTemplate\":\"https:\/\/portaltela.pt\/?s={search_term_string}\"},\"query-input\":{\"@type\":\"PropertyValueSpecification\",\"valueRequired\":true,\"valueName\":\"search_term_string\"}}],\"inLanguage\":\"pt-PT\"},{\"@type\":\"Person\",\"@id\":\"https:\/\/portaltela.pt\/#\/schema\/person\/c4278d4a6028830caff9ee44b42d32ed\",\"name\":\"Telinha\",\"image\":{\"@type\":\"ImageObject\",\"inLanguage\":\"pt-PT\",\"@id\":\"https:\/\/portaltela.pt\/s.01k8rhncp4jt1\/2025\/11\/talking-bot-125x125.png\",\"url\":\"https:\/\/portaltela.pt\/s.01k8rhncp4jt1\/2025\/11\/talking-bot-125x125.png\",\"contentUrl\":\"https:\/\/portaltela.pt\/s.01k8rhncp4jt1\/2025\/11\/talking-bot-125x125.png\",\"caption\":\"Telinha\"},\"sameAs\":[\"https:\/\/portaltela.pt\/\"],\"url\":\"https:\/\/portaltela.pt\/por\/367410592786\/\"}]}<\/script>\n<!-- \/ Yoast SEO plugin. -->","yoast_head_json":{"title":"Barragens do Algarve asseguram \u00e1gua para tr\u00eas anos ap\u00f3s tempestades - Portal Tela Portugal","robots":{"index":"index","follow":"follow","max-snippet":"max-snippet:-1","max-image-preview":"max-image-preview:large","max-video-preview":"max-video-preview:-1"},"og_locale":"pt_PT","og_type":"article","og_title":"Barragens do Algarve asseguram \u00e1gua para tr\u00eas anos ap\u00f3s tempestades - Portal Tela Portugal","og_description":"Barragens do Algarve est\u00e3o acima de 80% de \u00e1gua, segundo o presidente da Ag\u00eancia Portuguesa do Ambiente, Jo\u00e3o Matos Fernandes. As chuvas no in\u00edcio do ano encheram as reservas e asseguram abastecimento por cerca de tr\u00eas anos, sem novas precipita\u00e7\u00f5es. O aumento do volume de \u00e1gua \u00e9 visto como indica\u00e7\u00e3o positiva para uma regi\u00e3o com seca frequente. Autoridades locais e nacionais continuam a monitorizar a situa\u00e7\u00e3o e a aplicar medidas para a sustentabilidade do recurso h\u00eddrico.","og_url":"https:\/\/portaltela.pt\/noticias\/2026\/02\/27\/barragens-do-algarve-asseguram-agua-para-tres-anos-apos-tempestades\/","og_site_name":"Portal Tela Portugal","article_published_time":"2026-02-27T12:11:52+00:00","author":"Telinha","twitter_card":"summary_large_image","twitter_misc":{"Escrito por":"Telinha","Tempo estimado de leitura":"1 minuto"},"schema":{"@context":"https:\/\/schema.org","@graph":[{"@type":"Article","@id":"https:\/\/portaltela.pt\/noticias\/2026\/02\/27\/barragens-do-algarve-asseguram-agua-para-tres-anos-apos-tempestades\/#article","isPartOf":{"@id":"https:\/\/portaltela.pt\/noticias\/2026\/02\/27\/barragens-do-algarve-asseguram-agua-para-tres-anos-apos-tempestades\/"},"author":{"name":"Telinha","@id":"https:\/\/portaltela.pt\/#\/schema\/person\/c4278d4a6028830caff9ee44b42d32ed"},"headline":"Barragens do Algarve asseguram \u00e1gua para tr\u00eas anos ap\u00f3s tempestades","datePublished":"2026-02-27T12:11:52+00:00","mainEntityOfPage":{"@id":"https:\/\/portaltela.pt\/noticias\/2026\/02\/27\/barragens-do-algarve-asseguram-agua-para-tres-anos-apos-tempestades\/"},"wordCount":225,"image":{"@id":"https:\/\/portaltela.pt\/noticias\/2026\/02\/27\/barragens-do-algarve-asseguram-agua-para-tres-anos-apos-tempestades\/#primaryimage"},"thumbnailUrl":"https:\/\/portaltela.pt\/s.01k8rhncp4jt1\/2026\/02\/img_1280x722uu2026-02-27-11-42-58-2269329.jpg","keywords":["abastecimento de \u00e1gua","Ag\u00eancia Portuguesa do Ambiente","\u00e1gua","Algarve","ambiente","APA"],"articleSection":["Not\u00edcias"],"inLanguage":"pt-PT"},{"@type":"WebPage","@id":"https:\/\/portaltela.pt\/noticias\/2026\/02\/27\/barragens-do-algarve-asseguram-agua-para-tres-anos-apos-tempestades\/","url":"https:\/\/portaltela.pt\/noticias\/2026\/02\/27\/barragens-do-algarve-asseguram-agua-para-tres-anos-apos-tempestades\/","name":"Barragens do Algarve asseguram \u00e1gua para tr\u00eas anos ap\u00f3s tempestades - Portal Tela Portugal","isPartOf":{"@id":"https:\/\/portaltela.pt\/#website"},"primaryImageOfPage":{"@id":"https:\/\/portaltela.pt\/noticias\/2026\/02\/27\/barragens-do-algarve-asseguram-agua-para-tres-anos-apos-tempestades\/#primaryimage"},"image":{"@id":"https:\/\/portaltela.pt\/noticias\/2026\/02\/27\/barragens-do-algarve-asseguram-agua-para-tres-anos-apos-tempestades\/#primaryimage"},"thumbnailUrl":"https:\/\/portaltela.pt\/s.01k8rhncp4jt1\/2026\/02\/img_1280x722uu2026-02-27-11-42-58-2269329.jpg","datePublished":"2026-02-27T12:11:52+00:00","author":{"@id":"https:\/\/portaltela.pt\/#\/schema\/person\/c4278d4a6028830caff9ee44b42d32ed"},"breadcrumb":{"@id":"https:\/\/portaltela.pt\/noticias\/2026\/02\/27\/barragens-do-algarve-asseguram-agua-para-tres-anos-apos-tempestades\/#breadcrumb"},"inLanguage":"pt-PT","potentialAction":[{"@type":"ReadAction","target":["https:\/\/portaltela.pt\/noticias\/2026\/02\/27\/barragens-do-algarve-asseguram-agua-para-tres-anos-apos-tempestades\/"]}]},{"@type":"ImageObject","inLanguage":"pt-PT","@id":"https:\/\/portaltela.pt\/noticias\/2026\/02\/27\/barragens-do-algarve-asseguram-agua-para-tres-anos-apos-tempestades\/#primaryimage","url":"https:\/\/portaltela.pt\/s.01k8rhncp4jt1\/2026\/02\/img_1280x722uu2026-02-27-11-42-58-2269329.jpg","contentUrl":"https:\/\/portaltela.pt\/s.01k8rhncp4jt1\/2026\/02\/img_1280x722uu2026-02-27-11-42-58-2269329.jpg","width":796,"height":448,"caption":"Photo"},{"@type":"BreadcrumbList","@id":"https:\/\/portaltela.pt\/noticias\/2026\/02\/27\/barragens-do-algarve-asseguram-agua-para-tres-anos-apos-tempestades\/#breadcrumb","itemListElement":[{"@type":"ListItem","position":1,"name":"In\u00edcio","item":"https:\/\/portaltela.pt\/"},{"@type":"ListItem","position":2,"name":"Barragens do Algarve asseguram \u00e1gua para tr\u00eas anos ap\u00f3s tempestades"}]},{"@type":"WebSite","@id":"https:\/\/portaltela.pt\/#website","url":"https:\/\/portaltela.pt\/","name":"Portal Tela Portugal","description":"","potentialAction":[{"@type":"SearchAction","target":{"@type":"EntryPoint","urlTemplate":"https:\/\/portaltela.pt\/?s={search_term_string}"},"query-input":{"@type":"PropertyValueSpecification","valueRequired":true,"valueName":"search_term_string"}}],"inLanguage":"pt-PT"},{"@type":"Person","@id":"https:\/\/portaltela.pt\/#\/schema\/person\/c4278d4a6028830caff9ee44b42d32ed","name":"Telinha","image":{"@type":"ImageObject","inLanguage":"pt-PT","@id":"https:\/\/portaltela.pt\/s.01k8rhncp4jt1\/2025\/11\/talking-bot-125x125.png","url":"https:\/\/portaltela.pt\/s.01k8rhncp4jt1\/2025\/11\/talking-bot-125x125.png","contentUrl":"https:\/\/portaltela.pt\/s.01k8rhncp4jt1\/2025\/11\/talking-bot-125x125.png","caption":"Telinha"},"sameAs":["https:\/\/portaltela.pt\/"],"url":"https:\/\/portaltela.pt\/por\/367410592786\/"}]}},"_links":{"self":[{"href":"https:\/\/portaltela.pt\/api\/wp\/v2\/posts\/390628","targetHints":{"allow":["GET"]}}],"collection":[{"href":"https:\/\/portaltela.pt\/api\/wp\/v2\/posts"}],"about":[{"href":"https:\/\/portaltela.pt\/api\/wp\/v2\/types\/post"}],"author":[{"embeddable":true,"href":"https:\/\/portaltela.pt\/api\/wp\/v2\/users\/2"}],"replies":[{"embeddable":true,"href":"https:\/\/portaltela.pt\/api\/wp\/v2\/comments?post=390628"}],"version-history":[{"count":0,"href":"https:\/\/portaltela.pt\/api\/wp\/v2\/posts\/390628\/revisions"}],"wp:featuredmedia":[{"embeddable":true,"href":"https:\/\/portaltela.pt\/api\/wp\/v2\/media\/390645"}],"wp:attachment":[{"href":"https:\/\/portaltela.pt\/api\/wp\/v2\/media?parent=390628"}],"wp:term":[{"taxonomy":"category","embeddable":true,"href":"https:\/\/portaltela.pt\/api\/wp\/v2\/categories?post=390628"},{"taxonomy":"post_tag","embeddable":true,"href":"https:\/\/portaltela.pt\/api\/wp\/v2\/tags?post=390628"}],"curies":[{"name":"wp","href":"https:\/\/api.w.org\/{rel}","templated":true}]}}