{"id":390607,"date":"2026-02-27T08:47:34","date_gmt":"2026-02-27T11:47:34","guid":{"rendered":"https:\/\/portaltela.pt\/noticias\/2026\/02\/27\/mais-seis-mortos-em-fevereiro-em-cabo-delgado-mocambique\/"},"modified":"2026-02-27T08:47:34","modified_gmt":"2026-02-27T11:47:34","slug":"mais-seis-mortos-em-fevereiro-em-cabo-delgado-mocambique","status":"publish","type":"post","link":"https:\/\/portaltela.pt\/noticias\/2026\/02\/27\/mais-seis-mortos-em-fevereiro-em-cabo-delgado-mocambique\/","title":{"rendered":"Mais seis mortos em fevereiro em Cabo Delgado, Mo\u00e7ambique"},"content":{"rendered":"<p>Firme acompanhamento aos n\u00fameros da organiza\u00e7\u00e3o ACLED aponta para sete eventos violentos em Cabo Delgado nas duas \u00faltimas semanas, com quatro ataques reivindicados por extremistas do Estado Isl\u00e2mico. Ao todo, registrados desde outubro de 2017, 2.331 incidentes, dos quais 2.162 ligados ao EIM, provocando 6.466 mortes at\u00e9 agora.<\/p>\n<p>O relat\u00f3rio, com dados entre 9 e 22 de fevereiro, refor\u00e7a que as a\u00e7\u00f5es da insurg\u00eancia continuam a impactar a prov\u00edncia. Nos \u00faltimos oito anos, os confrontos provocaram dezenas de mortos e um padr\u00e3o de enfrentamentos com for\u00e7as do Estado, bem como acessos a bens de primeira necessidade por civis.<\/p>\n<p>Al\u00e9m dos embates, o estudo observa que na regi\u00e3o costeira as intera\u00e7\u00f5es com comunidades t\u00eam sido mais moderadas, com suprimentos geralmente obtidos de forma pac\u00edfica. Houve apenas um ataque violento pr\u00f3ximo de Moc\u00edmboa da Praia, com o lan\u00e7amento de uma granada de lan\u00e7amento de rocket contra uma base militar.<\/p>\n<h3>Contexto da regi\u00e3o<\/h3>\n<p>Mais de uma semana ap\u00f3s o in\u00edcio do Ramad\u00e3o, o EIM mant\u00e9m foco na obten\u00e7\u00e3o de alimentos e bens essenciais, segundo o relat\u00f3rio. Militantes com base na floresta de Catupa emboscaram uma coluna de viaturas comerciais na N380, gerando confrontos prolongados com as for\u00e7as de seguran\u00e7a e ao menos tr\u00eas mortes.<\/p>\n<p>A prov\u00edncia de Cabo Delgado, rica em g\u00e1s natural, tem sido palco de ataques desde 2017, marcando o in\u00edcio da insurg\u00eancia em Moc\u00edmboa da Praia. Este hist\u00f3rico contextualiza os recentes epis\u00f3dios e o impacto sobre a popula\u00e7\u00e3o local.<\/p>\n<h3>Ponto pol\u00edtico<\/h3>\n<p>O Presidente de Mo\u00e7ambique, Daniel Chapo, sinalizou, em entrevista \u00e0 Lusa, a possibilidade de solu\u00e7\u00e3o pelo di\u00e1logo para a viol\u00eancia no norte do pa\u00eds, reiterando o objetivo de alcan\u00e7ar a paz. Referiu experi\u00eancias anteriores de pacifica\u00e7\u00e3o, destacando o papel do di\u00e1logo na resolu\u00e7\u00e3o de conflitos prolongados.<\/p>\n","protected":false},"excerpt":{"rendered":"<ul>\n<li>ACLED regista sete eventos violentos em Cabo Delgado nas duas \u00faltimas semanas, quatro deles ligados ao Estado Isl\u00e2mico, com seis mortos, elevando o total desde 2017 para 6.466.<\/li>\n<li>O relat\u00f3rio cobre o per\u00edodo de 09 a 22 de fevereiro; desde outubro de 2017 j\u00e1 ocorreram 2.331 eventos violentos, sendo que 2.162 envolveram elementos do Estado Isl\u00e2mico Mo\u00e7ambique (EIM).<\/li>\n<li>No per\u00edodo analisado, os ataques do EIM continuam a visar obten\u00e7\u00e3o de alimentos e bens de primeira necessidade, com emboscada a uma coluna de viaturas comerciais na N380, na floresta de Catupa, causando pelo menos tr\u00eas mortes.<\/li>\n<li>Na costa e ilhas, as intera\u00e7\u00f5es com comunidades t\u00eam sido relativamente moderadas, com apenas uma a\u00e7\u00e3o violenta registrada na regi\u00e3o: o lan\u00e7amento de uma granada lan\u00e7ada por foguete contra uma base militar perto de Moc\u00edmboa da Praia.<\/li>\n<li>O conflito em Cabo Delgado, rico em g\u00e1s, persiste desde 2017; o Presidente mo\u00e7ambicano j\u00e1 indicou abertura a uma solu\u00e7\u00e3o pelo di\u00e1logo para o terrorismo no norte, visando a paz para o pa\u00eds.<\/li>\n<\/ul>\n","protected":false},"author":2,"featured_media":390620,"comment_status":"closed","ping_status":"closed","sticky":false,"template":"","format":"standard","meta":{"footnotes":""},"categories":[1],"tags":[254,3625,1911,250,4989,939],"class_list":["post-390607","post","type-post","status-publish","format-standard","has-post-thumbnail","hentry","category-noticias","tag-conflito","tag-estado-islamico","tag-mocambique","tag-seguranca-publica","tag-terrorismo","tag-violencia"],"yoast_head":"<!-- This site is optimized with the Yoast SEO plugin v27.2 - https:\/\/yoast.com\/product\/yoast-seo-wordpress\/ -->\n<title>Mais seis mortos em fevereiro em Cabo Delgado, Mo\u00e7ambique - Portal Tela Portugal<\/title>\n<meta name=\"robots\" content=\"index, follow, max-snippet:-1, max-image-preview:large, max-video-preview:-1\" \/>\n<meta property=\"og:locale\" content=\"pt_PT\" \/>\n<meta property=\"og:type\" content=\"article\" \/>\n<meta property=\"og:title\" content=\"Mais seis mortos em fevereiro em Cabo Delgado, Mo\u00e7ambique - Portal Tela Portugal\" \/>\n<meta property=\"og:description\" content=\"ACLED regista sete eventos violentos em Cabo Delgado nas duas \u00faltimas semanas, quatro deles ligados ao Estado Isl\u00e2mico, com seis mortos, elevando o total desde 2017 para 6.466. O relat\u00f3rio cobre o per\u00edodo de 09 a 22 de fevereiro; desde outubro de 2017 j\u00e1 ocorreram 2.331 eventos violentos, sendo que 2.162 envolveram elementos do Estado Isl\u00e2mico Mo\u00e7ambique (EIM). No per\u00edodo analisado, os ataques do EIM continuam a visar obten\u00e7\u00e3o de alimentos e bens de primeira necessidade, com emboscada a uma coluna de viaturas comerciais na N380, na floresta de Catupa, causando pelo menos tr\u00eas mortes. Na costa e ilhas, as intera\u00e7\u00f5es com comunidades t\u00eam sido relativamente moderadas, com apenas uma a\u00e7\u00e3o violenta registrada na regi\u00e3o: o lan\u00e7amento de uma granada lan\u00e7ada por foguete contra uma base militar perto de Moc\u00edmboa da Praia. O conflito em Cabo Delgado, rico em g\u00e1s, persiste desde 2017; o Presidente mo\u00e7ambicano j\u00e1 indicou abertura a uma solu\u00e7\u00e3o pelo di\u00e1logo para o terrorismo no norte, visando a paz para o pa\u00eds.\" \/>\n<meta property=\"og:url\" content=\"https:\/\/portaltela.pt\/noticias\/2026\/02\/27\/mais-seis-mortos-em-fevereiro-em-cabo-delgado-mocambique\/\" \/>\n<meta property=\"og:site_name\" content=\"Portal Tela Portugal\" \/>\n<meta property=\"article:published_time\" content=\"2026-02-27T11:47:34+00:00\" \/>\n<meta name=\"author\" content=\"Telinha\" \/>\n<meta name=\"twitter:card\" content=\"summary_large_image\" \/>\n<meta name=\"twitter:label1\" content=\"Escrito por\" \/>\n\t<meta name=\"twitter:data1\" content=\"Telinha\" \/>\n\t<meta name=\"twitter:label2\" content=\"Tempo estimado de leitura\" \/>\n\t<meta name=\"twitter:data2\" content=\"2 minutos\" \/>\n<script type=\"application\/ld+json\" class=\"yoast-schema-graph\">{\"@context\":\"https:\/\/schema.org\",\"@graph\":[{\"@type\":\"Article\",\"@id\":\"https:\/\/portaltela.pt\/noticias\/2026\/02\/27\/mais-seis-mortos-em-fevereiro-em-cabo-delgado-mocambique\/#article\",\"isPartOf\":{\"@id\":\"https:\/\/portaltela.pt\/noticias\/2026\/02\/27\/mais-seis-mortos-em-fevereiro-em-cabo-delgado-mocambique\/\"},\"author\":{\"name\":\"Telinha\",\"@id\":\"https:\/\/portaltela.pt\/#\/schema\/person\/c4278d4a6028830caff9ee44b42d32ed\"},\"headline\":\"Mais seis mortos em fevereiro em Cabo Delgado, Mo\u00e7ambique\",\"datePublished\":\"2026-02-27T11:47:34+00:00\",\"mainEntityOfPage\":{\"@id\":\"https:\/\/portaltela.pt\/noticias\/2026\/02\/27\/mais-seis-mortos-em-fevereiro-em-cabo-delgado-mocambique\/\"},\"wordCount\":337,\"image\":{\"@id\":\"https:\/\/portaltela.pt\/noticias\/2026\/02\/27\/mais-seis-mortos-em-fevereiro-em-cabo-delgado-mocambique\/#primaryimage\"},\"thumbnailUrl\":\"https:\/\/portaltela.pt\/s.01k8rhncp4jt1\/2026\/02\/img_1500x1000uu2024-01-04-16-07-49-1531700.jpg\",\"keywords\":[\"conflito\",\"Estado Isl\u00e2mico\",\"Mo\u00e7ambique\",\"seguran\u00e7a p\u00fablica\",\"terrorismo\",\"viol\u00eancia\"],\"articleSection\":[\"Not\u00edcias\"],\"inLanguage\":\"pt-PT\"},{\"@type\":\"WebPage\",\"@id\":\"https:\/\/portaltela.pt\/noticias\/2026\/02\/27\/mais-seis-mortos-em-fevereiro-em-cabo-delgado-mocambique\/\",\"url\":\"https:\/\/portaltela.pt\/noticias\/2026\/02\/27\/mais-seis-mortos-em-fevereiro-em-cabo-delgado-mocambique\/\",\"name\":\"Mais seis mortos em fevereiro em Cabo Delgado, Mo\u00e7ambique - Portal Tela Portugal\",\"isPartOf\":{\"@id\":\"https:\/\/portaltela.pt\/#website\"},\"primaryImageOfPage\":{\"@id\":\"https:\/\/portaltela.pt\/noticias\/2026\/02\/27\/mais-seis-mortos-em-fevereiro-em-cabo-delgado-mocambique\/#primaryimage\"},\"image\":{\"@id\":\"https:\/\/portaltela.pt\/noticias\/2026\/02\/27\/mais-seis-mortos-em-fevereiro-em-cabo-delgado-mocambique\/#primaryimage\"},\"thumbnailUrl\":\"https:\/\/portaltela.pt\/s.01k8rhncp4jt1\/2026\/02\/img_1500x1000uu2024-01-04-16-07-49-1531700.jpg\",\"datePublished\":\"2026-02-27T11:47:34+00:00\",\"author\":{\"@id\":\"https:\/\/portaltela.pt\/#\/schema\/person\/c4278d4a6028830caff9ee44b42d32ed\"},\"breadcrumb\":{\"@id\":\"https:\/\/portaltela.pt\/noticias\/2026\/02\/27\/mais-seis-mortos-em-fevereiro-em-cabo-delgado-mocambique\/#breadcrumb\"},\"inLanguage\":\"pt-PT\",\"potentialAction\":[{\"@type\":\"ReadAction\",\"target\":[\"https:\/\/portaltela.pt\/noticias\/2026\/02\/27\/mais-seis-mortos-em-fevereiro-em-cabo-delgado-mocambique\/\"]}]},{\"@type\":\"ImageObject\",\"inLanguage\":\"pt-PT\",\"@id\":\"https:\/\/portaltela.pt\/noticias\/2026\/02\/27\/mais-seis-mortos-em-fevereiro-em-cabo-delgado-mocambique\/#primaryimage\",\"url\":\"https:\/\/portaltela.pt\/s.01k8rhncp4jt1\/2026\/02\/img_1500x1000uu2024-01-04-16-07-49-1531700.jpg\",\"contentUrl\":\"https:\/\/portaltela.pt\/s.01k8rhncp4jt1\/2026\/02\/img_1500x1000uu2024-01-04-16-07-49-1531700.jpg\",\"width\":796,\"height\":448,\"caption\":\"Ataques armados em Cabo Delgado. Mo\u00e7ambique\"},{\"@type\":\"BreadcrumbList\",\"@id\":\"https:\/\/portaltela.pt\/noticias\/2026\/02\/27\/mais-seis-mortos-em-fevereiro-em-cabo-delgado-mocambique\/#breadcrumb\",\"itemListElement\":[{\"@type\":\"ListItem\",\"position\":1,\"name\":\"In\u00edcio\",\"item\":\"https:\/\/portaltela.pt\/\"},{\"@type\":\"ListItem\",\"position\":2,\"name\":\"Mais seis mortos em fevereiro em Cabo Delgado, Mo\u00e7ambique\"}]},{\"@type\":\"WebSite\",\"@id\":\"https:\/\/portaltela.pt\/#website\",\"url\":\"https:\/\/portaltela.pt\/\",\"name\":\"Portal Tela Portugal\",\"description\":\"\",\"potentialAction\":[{\"@type\":\"SearchAction\",\"target\":{\"@type\":\"EntryPoint\",\"urlTemplate\":\"https:\/\/portaltela.pt\/?s={search_term_string}\"},\"query-input\":{\"@type\":\"PropertyValueSpecification\",\"valueRequired\":true,\"valueName\":\"search_term_string\"}}],\"inLanguage\":\"pt-PT\"},{\"@type\":\"Person\",\"@id\":\"https:\/\/portaltela.pt\/#\/schema\/person\/c4278d4a6028830caff9ee44b42d32ed\",\"name\":\"Telinha\",\"image\":{\"@type\":\"ImageObject\",\"inLanguage\":\"pt-PT\",\"@id\":\"https:\/\/portaltela.pt\/s.01k8rhncp4jt1\/2025\/11\/talking-bot-125x125.png\",\"url\":\"https:\/\/portaltela.pt\/s.01k8rhncp4jt1\/2025\/11\/talking-bot-125x125.png\",\"contentUrl\":\"https:\/\/portaltela.pt\/s.01k8rhncp4jt1\/2025\/11\/talking-bot-125x125.png\",\"caption\":\"Telinha\"},\"sameAs\":[\"https:\/\/portaltela.pt\/\"],\"url\":\"https:\/\/portaltela.pt\/por\/367410592786\/\"}]}<\/script>\n<!-- \/ Yoast SEO plugin. -->","yoast_head_json":{"title":"Mais seis mortos em fevereiro em Cabo Delgado, Mo\u00e7ambique - Portal Tela Portugal","robots":{"index":"index","follow":"follow","max-snippet":"max-snippet:-1","max-image-preview":"max-image-preview:large","max-video-preview":"max-video-preview:-1"},"og_locale":"pt_PT","og_type":"article","og_title":"Mais seis mortos em fevereiro em Cabo Delgado, Mo\u00e7ambique - Portal Tela Portugal","og_description":"ACLED regista sete eventos violentos em Cabo Delgado nas duas \u00faltimas semanas, quatro deles ligados ao Estado Isl\u00e2mico, com seis mortos, elevando o total desde 2017 para 6.466. O relat\u00f3rio cobre o per\u00edodo de 09 a 22 de fevereiro; desde outubro de 2017 j\u00e1 ocorreram 2.331 eventos violentos, sendo que 2.162 envolveram elementos do Estado Isl\u00e2mico Mo\u00e7ambique (EIM). No per\u00edodo analisado, os ataques do EIM continuam a visar obten\u00e7\u00e3o de alimentos e bens de primeira necessidade, com emboscada a uma coluna de viaturas comerciais na N380, na floresta de Catupa, causando pelo menos tr\u00eas mortes. Na costa e ilhas, as intera\u00e7\u00f5es com comunidades t\u00eam sido relativamente moderadas, com apenas uma a\u00e7\u00e3o violenta registrada na regi\u00e3o: o lan\u00e7amento de uma granada lan\u00e7ada por foguete contra uma base militar perto de Moc\u00edmboa da Praia. O conflito em Cabo Delgado, rico em g\u00e1s, persiste desde 2017; o Presidente mo\u00e7ambicano j\u00e1 indicou abertura a uma solu\u00e7\u00e3o pelo di\u00e1logo para o terrorismo no norte, visando a paz para o pa\u00eds.","og_url":"https:\/\/portaltela.pt\/noticias\/2026\/02\/27\/mais-seis-mortos-em-fevereiro-em-cabo-delgado-mocambique\/","og_site_name":"Portal Tela Portugal","article_published_time":"2026-02-27T11:47:34+00:00","author":"Telinha","twitter_card":"summary_large_image","twitter_misc":{"Escrito por":"Telinha","Tempo estimado de leitura":"2 minutos"},"schema":{"@context":"https:\/\/schema.org","@graph":[{"@type":"Article","@id":"https:\/\/portaltela.pt\/noticias\/2026\/02\/27\/mais-seis-mortos-em-fevereiro-em-cabo-delgado-mocambique\/#article","isPartOf":{"@id":"https:\/\/portaltela.pt\/noticias\/2026\/02\/27\/mais-seis-mortos-em-fevereiro-em-cabo-delgado-mocambique\/"},"author":{"name":"Telinha","@id":"https:\/\/portaltela.pt\/#\/schema\/person\/c4278d4a6028830caff9ee44b42d32ed"},"headline":"Mais seis mortos em fevereiro em Cabo Delgado, Mo\u00e7ambique","datePublished":"2026-02-27T11:47:34+00:00","mainEntityOfPage":{"@id":"https:\/\/portaltela.pt\/noticias\/2026\/02\/27\/mais-seis-mortos-em-fevereiro-em-cabo-delgado-mocambique\/"},"wordCount":337,"image":{"@id":"https:\/\/portaltela.pt\/noticias\/2026\/02\/27\/mais-seis-mortos-em-fevereiro-em-cabo-delgado-mocambique\/#primaryimage"},"thumbnailUrl":"https:\/\/portaltela.pt\/s.01k8rhncp4jt1\/2026\/02\/img_1500x1000uu2024-01-04-16-07-49-1531700.jpg","keywords":["conflito","Estado Isl\u00e2mico","Mo\u00e7ambique","seguran\u00e7a p\u00fablica","terrorismo","viol\u00eancia"],"articleSection":["Not\u00edcias"],"inLanguage":"pt-PT"},{"@type":"WebPage","@id":"https:\/\/portaltela.pt\/noticias\/2026\/02\/27\/mais-seis-mortos-em-fevereiro-em-cabo-delgado-mocambique\/","url":"https:\/\/portaltela.pt\/noticias\/2026\/02\/27\/mais-seis-mortos-em-fevereiro-em-cabo-delgado-mocambique\/","name":"Mais seis mortos em fevereiro em Cabo Delgado, Mo\u00e7ambique - Portal Tela Portugal","isPartOf":{"@id":"https:\/\/portaltela.pt\/#website"},"primaryImageOfPage":{"@id":"https:\/\/portaltela.pt\/noticias\/2026\/02\/27\/mais-seis-mortos-em-fevereiro-em-cabo-delgado-mocambique\/#primaryimage"},"image":{"@id":"https:\/\/portaltela.pt\/noticias\/2026\/02\/27\/mais-seis-mortos-em-fevereiro-em-cabo-delgado-mocambique\/#primaryimage"},"thumbnailUrl":"https:\/\/portaltela.pt\/s.01k8rhncp4jt1\/2026\/02\/img_1500x1000uu2024-01-04-16-07-49-1531700.jpg","datePublished":"2026-02-27T11:47:34+00:00","author":{"@id":"https:\/\/portaltela.pt\/#\/schema\/person\/c4278d4a6028830caff9ee44b42d32ed"},"breadcrumb":{"@id":"https:\/\/portaltela.pt\/noticias\/2026\/02\/27\/mais-seis-mortos-em-fevereiro-em-cabo-delgado-mocambique\/#breadcrumb"},"inLanguage":"pt-PT","potentialAction":[{"@type":"ReadAction","target":["https:\/\/portaltela.pt\/noticias\/2026\/02\/27\/mais-seis-mortos-em-fevereiro-em-cabo-delgado-mocambique\/"]}]},{"@type":"ImageObject","inLanguage":"pt-PT","@id":"https:\/\/portaltela.pt\/noticias\/2026\/02\/27\/mais-seis-mortos-em-fevereiro-em-cabo-delgado-mocambique\/#primaryimage","url":"https:\/\/portaltela.pt\/s.01k8rhncp4jt1\/2026\/02\/img_1500x1000uu2024-01-04-16-07-49-1531700.jpg","contentUrl":"https:\/\/portaltela.pt\/s.01k8rhncp4jt1\/2026\/02\/img_1500x1000uu2024-01-04-16-07-49-1531700.jpg","width":796,"height":448,"caption":"Ataques armados em Cabo Delgado. Mo\u00e7ambique"},{"@type":"BreadcrumbList","@id":"https:\/\/portaltela.pt\/noticias\/2026\/02\/27\/mais-seis-mortos-em-fevereiro-em-cabo-delgado-mocambique\/#breadcrumb","itemListElement":[{"@type":"ListItem","position":1,"name":"In\u00edcio","item":"https:\/\/portaltela.pt\/"},{"@type":"ListItem","position":2,"name":"Mais seis mortos em fevereiro em Cabo Delgado, Mo\u00e7ambique"}]},{"@type":"WebSite","@id":"https:\/\/portaltela.pt\/#website","url":"https:\/\/portaltela.pt\/","name":"Portal Tela Portugal","description":"","potentialAction":[{"@type":"SearchAction","target":{"@type":"EntryPoint","urlTemplate":"https:\/\/portaltela.pt\/?s={search_term_string}"},"query-input":{"@type":"PropertyValueSpecification","valueRequired":true,"valueName":"search_term_string"}}],"inLanguage":"pt-PT"},{"@type":"Person","@id":"https:\/\/portaltela.pt\/#\/schema\/person\/c4278d4a6028830caff9ee44b42d32ed","name":"Telinha","image":{"@type":"ImageObject","inLanguage":"pt-PT","@id":"https:\/\/portaltela.pt\/s.01k8rhncp4jt1\/2025\/11\/talking-bot-125x125.png","url":"https:\/\/portaltela.pt\/s.01k8rhncp4jt1\/2025\/11\/talking-bot-125x125.png","contentUrl":"https:\/\/portaltela.pt\/s.01k8rhncp4jt1\/2025\/11\/talking-bot-125x125.png","caption":"Telinha"},"sameAs":["https:\/\/portaltela.pt\/"],"url":"https:\/\/portaltela.pt\/por\/367410592786\/"}]}},"_links":{"self":[{"href":"https:\/\/portaltela.pt\/api\/wp\/v2\/posts\/390607","targetHints":{"allow":["GET"]}}],"collection":[{"href":"https:\/\/portaltela.pt\/api\/wp\/v2\/posts"}],"about":[{"href":"https:\/\/portaltela.pt\/api\/wp\/v2\/types\/post"}],"author":[{"embeddable":true,"href":"https:\/\/portaltela.pt\/api\/wp\/v2\/users\/2"}],"replies":[{"embeddable":true,"href":"https:\/\/portaltela.pt\/api\/wp\/v2\/comments?post=390607"}],"version-history":[{"count":0,"href":"https:\/\/portaltela.pt\/api\/wp\/v2\/posts\/390607\/revisions"}],"wp:featuredmedia":[{"embeddable":true,"href":"https:\/\/portaltela.pt\/api\/wp\/v2\/media\/390620"}],"wp:attachment":[{"href":"https:\/\/portaltela.pt\/api\/wp\/v2\/media?parent=390607"}],"wp:term":[{"taxonomy":"category","embeddable":true,"href":"https:\/\/portaltela.pt\/api\/wp\/v2\/categories?post=390607"},{"taxonomy":"post_tag","embeddable":true,"href":"https:\/\/portaltela.pt\/api\/wp\/v2\/tags?post=390607"}],"curies":[{"name":"wp","href":"https:\/\/api.w.org\/{rel}","templated":true}]}}