{"id":390569,"date":"2026-02-27T08:22:18","date_gmt":"2026-02-27T11:22:18","guid":{"rendered":"https:\/\/portaltela.pt\/noticias\/2026\/02\/27\/video-falso-nao-mostra-muculmanos-sem-documentos-a-invadir-espanha\/"},"modified":"2026-02-27T08:22:18","modified_gmt":"2026-02-27T11:22:18","slug":"video-falso-nao-mostra-muculmanos-sem-documentos-a-invadir-espanha","status":"publish","type":"post","link":"https:\/\/portaltela.pt\/noticias\/2026\/02\/27\/video-falso-nao-mostra-muculmanos-sem-documentos-a-invadir-espanha\/","title":{"rendered":"V\u00eddeo falso n\u00e3o mostra mu\u00e7ulmanos sem documentos a invadir Espanha"},"content":{"rendered":"<p>Um v\u00eddeo que circula nas redes sociais com centenas de milhares de visualiza\u00e7\u00f5es \u00e9 falso: n\u00e3o mostra barcos de mu\u00e7ulmanos sem documentos a invadir Espanha, mas sim uma travessia ocorrida no final de 2022 entre a L\u00edbia e o sul de It\u00e1lia.<\/p>\n<p>A origem do v\u00eddeo \u00e9 associada \u00e0 conta RadioGenoa, conhecida por partilhar conte\u00fados de desinforma\u00e7\u00e3o e por emitir mensagens com tonalidade racista. Os arquivos revelam que a publica\u00e7\u00e3o j\u00e1 ultrapassou meio milh\u00e3o de visualiza\u00e7\u00f5es e v\u00e1rias partilhas.<\/p>\n<p>O autor do v\u00eddeo \u00e9 Hamad Bavly, um jovem eg\u00edpcio de 22 anos que vive em B\u00e9rgamo, na It\u00e1lia, onde estuda engenharia mec\u00e2nica e gere uma pizzaria. Ele partilhou, em v\u00e1rias plataformas, que as imagens s\u00e3o antigas.<\/p>\n<h3>Contexto e desmentido<\/h3>\n<p>As investiga\u00e7\u00f5es apontam que as imagens retratam uma travessia entre a L\u00edbia e o sul de It\u00e1lia, envolvendo um antigo pesqueiro eg\u00edpcio que transportava migrantes de diversas nacionalidades e religi\u00f5es. O barco esteve no Mediterr\u00e2neo cerca de cinco dias at\u00e9 ser resgatado pelas autoridades italianas.<\/p>\n<p>Segundo o material publicado pelo pr\u00f3prio autor, a viagem ocorreu no final de 2022, com um grupo de cinco amigos eg\u00edpcios que tentaram chegar \u00e0 Europa. Detalhes adicionais descrevem a passagem por diversas etapas at\u00e9 o resgate.<\/p>\n<p>N\u00e3o \u00e9 verificada a alega\u00e7\u00e3o de que o governo espanhol tenha criado um \u201cefeito de chamada\u201d com medidas de regulariza\u00e7\u00e3o. A medida em quest\u00e3o abrange somente pessoas que j\u00e1 viviam em Espanha h\u00e1 pelo menos cinco meses at\u00e9 31 de dezembro de 2025 ou que tenham pedido prote\u00e7\u00e3o internacional at\u00e9 essa data.<\/p>\n<h3>Conclus\u00e3o<\/h3>\n<p>\u00c9 falso que o v\u00eddeo mostre um barco cheio de mu\u00e7ulmanos sem documentos a invadir Espanha. As imagens correspondem a uma travessia entre a L\u00edbia e It\u00e1lia, com migrantes de v\u00e1rias origens a bordo, realizada no final de 2022. Fontes associadas \u00e0 publica\u00e7\u00e3o hist\u00f3rica j\u00e1 tinham sido apontadas em verifica\u00e7\u00f5es anteriores.<\/p>\n","protected":false},"excerpt":{"rendered":"<ul>\n<li>\u00c9 falso que o v\u00eddeo mostre mu\u00e7ulmanos sem documentos a invadir a Espanha; \u00e9 uma travessia entre a L\u00edbia e o sul de It\u00e1lia realizada em 2022.<\/li>\n<li>A origem identificada do v\u00eddeo \u00e9 a conta RadioGenoa, conhecida por desinforma\u00e7\u00e3o e conte\u00fados xen\u00f3fobos, com publica\u00e7\u00f5es amplificadas nas redes sociais.<\/li>\n<li>O video originalmente foi criado por Hamad Bavly, um jovem eg\u00edpcio de 22 anos, que vive em B\u00e9rgamo e estudava engenharia mec\u00e2nica \u00e0 \u00e9poca.<\/li>\n<li>As imagens j\u00e1 tinham sido partilhadas anteriormente pelo pr\u00f3prio autor em fevereiro de 2025, explicando a origem da viagem entre a L\u00edbia e It\u00e1lia, envolvendo v\u00e1rias nacionalidades e religi\u00f5es.<\/li>\n<li>N\u00e3o h\u00e1 rela\u00e7\u00e3o com uma \u201cinvas\u00e3o pela Espanha\u201d nem com a recente regulariza\u00e7\u00e3o de estrangeiros em Espanha; a medida refere-se a pessoas j\u00e1 no pa\u00eds h\u00e1 meses e a pedido de prote\u00e7\u00e3o at\u00e9 a data indicada.<\/li>\n<\/ul>\n","protected":false},"author":2,"featured_media":390579,"comment_status":"closed","ping_status":"closed","sticky":false,"template":"","format":"standard","meta":{"footnotes":""},"categories":[1],"tags":[1469,2487,712,1857,3768,1678],"class_list":["post-390569","post","type-post","status-publish","format-standard","has-post-thumbnail","hentry","category-noticias","tag-desinformacao","tag-europa","tag-imigracao","tag-italia","tag-libia","tag-migrantes"],"yoast_head":"<!-- This site is optimized with the Yoast SEO plugin v27.2 - https:\/\/yoast.com\/product\/yoast-seo-wordpress\/ -->\n<title>V\u00eddeo falso n\u00e3o mostra mu\u00e7ulmanos sem documentos a invadir Espanha - Portal Tela Portugal<\/title>\n<meta name=\"robots\" content=\"index, follow, max-snippet:-1, max-image-preview:large, max-video-preview:-1\" \/>\n<meta property=\"og:locale\" content=\"pt_PT\" \/>\n<meta property=\"og:type\" content=\"article\" \/>\n<meta property=\"og:title\" content=\"V\u00eddeo falso n\u00e3o mostra mu\u00e7ulmanos sem documentos a invadir Espanha - Portal Tela Portugal\" \/>\n<meta property=\"og:description\" content=\"\u00c9 falso que o v\u00eddeo mostre mu\u00e7ulmanos sem documentos a invadir a Espanha; \u00e9 uma travessia entre a L\u00edbia e o sul de It\u00e1lia realizada em 2022. A origem identificada do v\u00eddeo \u00e9 a conta RadioGenoa, conhecida por desinforma\u00e7\u00e3o e conte\u00fados xen\u00f3fobos, com publica\u00e7\u00f5es amplificadas nas redes sociais. O video originalmente foi criado por Hamad Bavly, um jovem eg\u00edpcio de 22 anos, que vive em B\u00e9rgamo e estudava engenharia mec\u00e2nica \u00e0 \u00e9poca. As imagens j\u00e1 tinham sido partilhadas anteriormente pelo pr\u00f3prio autor em fevereiro de 2025, explicando a origem da viagem entre a L\u00edbia e It\u00e1lia, envolvendo v\u00e1rias nacionalidades e religi\u00f5es. N\u00e3o h\u00e1 rela\u00e7\u00e3o com uma \u201cinvas\u00e3o pela Espanha\u201d nem com a recente regulariza\u00e7\u00e3o de estrangeiros em Espanha; a medida refere-se a pessoas j\u00e1 no pa\u00eds h\u00e1 meses e a pedido de prote\u00e7\u00e3o at\u00e9 a data indicada.\" \/>\n<meta property=\"og:url\" content=\"https:\/\/portaltela.pt\/noticias\/2026\/02\/27\/video-falso-nao-mostra-muculmanos-sem-documentos-a-invadir-espanha\/\" \/>\n<meta property=\"og:site_name\" content=\"Portal Tela Portugal\" \/>\n<meta property=\"article:published_time\" content=\"2026-02-27T11:22:18+00:00\" \/>\n<meta name=\"author\" content=\"Telinha\" \/>\n<meta name=\"twitter:card\" content=\"summary_large_image\" \/>\n<meta name=\"twitter:label1\" content=\"Escrito por\" \/>\n\t<meta name=\"twitter:data1\" content=\"Telinha\" \/>\n\t<meta name=\"twitter:label2\" content=\"Tempo estimado de leitura\" \/>\n\t<meta name=\"twitter:data2\" content=\"2 minutos\" \/>\n<script type=\"application\/ld+json\" class=\"yoast-schema-graph\">{\"@context\":\"https:\/\/schema.org\",\"@graph\":[{\"@type\":\"Article\",\"@id\":\"https:\/\/portaltela.pt\/noticias\/2026\/02\/27\/video-falso-nao-mostra-muculmanos-sem-documentos-a-invadir-espanha\/#article\",\"isPartOf\":{\"@id\":\"https:\/\/portaltela.pt\/noticias\/2026\/02\/27\/video-falso-nao-mostra-muculmanos-sem-documentos-a-invadir-espanha\/\"},\"author\":{\"name\":\"Telinha\",\"@id\":\"https:\/\/portaltela.pt\/#\/schema\/person\/c4278d4a6028830caff9ee44b42d32ed\"},\"headline\":\"V\u00eddeo falso n\u00e3o mostra mu\u00e7ulmanos sem documentos a invadir Espanha\",\"datePublished\":\"2026-02-27T11:22:18+00:00\",\"mainEntityOfPage\":{\"@id\":\"https:\/\/portaltela.pt\/noticias\/2026\/02\/27\/video-falso-nao-mostra-muculmanos-sem-documentos-a-invadir-espanha\/\"},\"wordCount\":346,\"image\":{\"@id\":\"https:\/\/portaltela.pt\/noticias\/2026\/02\/27\/video-falso-nao-mostra-muculmanos-sem-documentos-a-invadir-espanha\/#primaryimage\"},\"thumbnailUrl\":\"https:\/\/portaltela.pt\/s.01k8rhncp4jt1\/2026\/02\/img_1500x1000uu2025-03-30-13-01-45-2201052.jpg\",\"keywords\":[\"desinforma\u00e7\u00e3o\",\"Europa\",\"imigra\u00e7\u00e3o\",\"It\u00e1lia\",\"L\u00edbia\",\"migrantes\"],\"articleSection\":[\"Not\u00edcias\"],\"inLanguage\":\"pt-PT\"},{\"@type\":\"WebPage\",\"@id\":\"https:\/\/portaltela.pt\/noticias\/2026\/02\/27\/video-falso-nao-mostra-muculmanos-sem-documentos-a-invadir-espanha\/\",\"url\":\"https:\/\/portaltela.pt\/noticias\/2026\/02\/27\/video-falso-nao-mostra-muculmanos-sem-documentos-a-invadir-espanha\/\",\"name\":\"V\u00eddeo falso n\u00e3o mostra mu\u00e7ulmanos sem documentos a invadir Espanha - Portal Tela Portugal\",\"isPartOf\":{\"@id\":\"https:\/\/portaltela.pt\/#website\"},\"primaryImageOfPage\":{\"@id\":\"https:\/\/portaltela.pt\/noticias\/2026\/02\/27\/video-falso-nao-mostra-muculmanos-sem-documentos-a-invadir-espanha\/#primaryimage\"},\"image\":{\"@id\":\"https:\/\/portaltela.pt\/noticias\/2026\/02\/27\/video-falso-nao-mostra-muculmanos-sem-documentos-a-invadir-espanha\/#primaryimage\"},\"thumbnailUrl\":\"https:\/\/portaltela.pt\/s.01k8rhncp4jt1\/2026\/02\/img_1500x1000uu2025-03-30-13-01-45-2201052.jpg\",\"datePublished\":\"2026-02-27T11:22:18+00:00\",\"author\":{\"@id\":\"https:\/\/portaltela.pt\/#\/schema\/person\/c4278d4a6028830caff9ee44b42d32ed\"},\"breadcrumb\":{\"@id\":\"https:\/\/portaltela.pt\/noticias\/2026\/02\/27\/video-falso-nao-mostra-muculmanos-sem-documentos-a-invadir-espanha\/#breadcrumb\"},\"inLanguage\":\"pt-PT\",\"potentialAction\":[{\"@type\":\"ReadAction\",\"target\":[\"https:\/\/portaltela.pt\/noticias\/2026\/02\/27\/video-falso-nao-mostra-muculmanos-sem-documentos-a-invadir-espanha\/\"]}]},{\"@type\":\"ImageObject\",\"inLanguage\":\"pt-PT\",\"@id\":\"https:\/\/portaltela.pt\/noticias\/2026\/02\/27\/video-falso-nao-mostra-muculmanos-sem-documentos-a-invadir-espanha\/#primaryimage\",\"url\":\"https:\/\/portaltela.pt\/s.01k8rhncp4jt1\/2026\/02\/img_1500x1000uu2025-03-30-13-01-45-2201052.jpg\",\"contentUrl\":\"https:\/\/portaltela.pt\/s.01k8rhncp4jt1\/2026\/02\/img_1500x1000uu2025-03-30-13-01-45-2201052.jpg\",\"width\":796,\"height\":448,\"caption\":\"Cinco mil mu\u00e7ulmanos em ora\u00e7\u00e3o ao nascer do dia celebram fim do Ramad\u00e3o na Pra\u00e7a do Martim Moniz\"},{\"@type\":\"BreadcrumbList\",\"@id\":\"https:\/\/portaltela.pt\/noticias\/2026\/02\/27\/video-falso-nao-mostra-muculmanos-sem-documentos-a-invadir-espanha\/#breadcrumb\",\"itemListElement\":[{\"@type\":\"ListItem\",\"position\":1,\"name\":\"In\u00edcio\",\"item\":\"https:\/\/portaltela.pt\/\"},{\"@type\":\"ListItem\",\"position\":2,\"name\":\"V\u00eddeo falso n\u00e3o mostra mu\u00e7ulmanos sem documentos a invadir Espanha\"}]},{\"@type\":\"WebSite\",\"@id\":\"https:\/\/portaltela.pt\/#website\",\"url\":\"https:\/\/portaltela.pt\/\",\"name\":\"Portal Tela Portugal\",\"description\":\"\",\"potentialAction\":[{\"@type\":\"SearchAction\",\"target\":{\"@type\":\"EntryPoint\",\"urlTemplate\":\"https:\/\/portaltela.pt\/?s={search_term_string}\"},\"query-input\":{\"@type\":\"PropertyValueSpecification\",\"valueRequired\":true,\"valueName\":\"search_term_string\"}}],\"inLanguage\":\"pt-PT\"},{\"@type\":\"Person\",\"@id\":\"https:\/\/portaltela.pt\/#\/schema\/person\/c4278d4a6028830caff9ee44b42d32ed\",\"name\":\"Telinha\",\"image\":{\"@type\":\"ImageObject\",\"inLanguage\":\"pt-PT\",\"@id\":\"https:\/\/portaltela.pt\/s.01k8rhncp4jt1\/2025\/11\/talking-bot-125x125.png\",\"url\":\"https:\/\/portaltela.pt\/s.01k8rhncp4jt1\/2025\/11\/talking-bot-125x125.png\",\"contentUrl\":\"https:\/\/portaltela.pt\/s.01k8rhncp4jt1\/2025\/11\/talking-bot-125x125.png\",\"caption\":\"Telinha\"},\"sameAs\":[\"https:\/\/portaltela.pt\/\"],\"url\":\"https:\/\/portaltela.pt\/por\/367410592786\/\"}]}<\/script>\n<!-- \/ Yoast SEO plugin. -->","yoast_head_json":{"title":"V\u00eddeo falso n\u00e3o mostra mu\u00e7ulmanos sem documentos a invadir Espanha - Portal Tela Portugal","robots":{"index":"index","follow":"follow","max-snippet":"max-snippet:-1","max-image-preview":"max-image-preview:large","max-video-preview":"max-video-preview:-1"},"og_locale":"pt_PT","og_type":"article","og_title":"V\u00eddeo falso n\u00e3o mostra mu\u00e7ulmanos sem documentos a invadir Espanha - Portal Tela Portugal","og_description":"\u00c9 falso que o v\u00eddeo mostre mu\u00e7ulmanos sem documentos a invadir a Espanha; \u00e9 uma travessia entre a L\u00edbia e o sul de It\u00e1lia realizada em 2022. A origem identificada do v\u00eddeo \u00e9 a conta RadioGenoa, conhecida por desinforma\u00e7\u00e3o e conte\u00fados xen\u00f3fobos, com publica\u00e7\u00f5es amplificadas nas redes sociais. O video originalmente foi criado por Hamad Bavly, um jovem eg\u00edpcio de 22 anos, que vive em B\u00e9rgamo e estudava engenharia mec\u00e2nica \u00e0 \u00e9poca. As imagens j\u00e1 tinham sido partilhadas anteriormente pelo pr\u00f3prio autor em fevereiro de 2025, explicando a origem da viagem entre a L\u00edbia e It\u00e1lia, envolvendo v\u00e1rias nacionalidades e religi\u00f5es. N\u00e3o h\u00e1 rela\u00e7\u00e3o com uma \u201cinvas\u00e3o pela Espanha\u201d nem com a recente regulariza\u00e7\u00e3o de estrangeiros em Espanha; a medida refere-se a pessoas j\u00e1 no pa\u00eds h\u00e1 meses e a pedido de prote\u00e7\u00e3o at\u00e9 a data indicada.","og_url":"https:\/\/portaltela.pt\/noticias\/2026\/02\/27\/video-falso-nao-mostra-muculmanos-sem-documentos-a-invadir-espanha\/","og_site_name":"Portal Tela Portugal","article_published_time":"2026-02-27T11:22:18+00:00","author":"Telinha","twitter_card":"summary_large_image","twitter_misc":{"Escrito por":"Telinha","Tempo estimado de leitura":"2 minutos"},"schema":{"@context":"https:\/\/schema.org","@graph":[{"@type":"Article","@id":"https:\/\/portaltela.pt\/noticias\/2026\/02\/27\/video-falso-nao-mostra-muculmanos-sem-documentos-a-invadir-espanha\/#article","isPartOf":{"@id":"https:\/\/portaltela.pt\/noticias\/2026\/02\/27\/video-falso-nao-mostra-muculmanos-sem-documentos-a-invadir-espanha\/"},"author":{"name":"Telinha","@id":"https:\/\/portaltela.pt\/#\/schema\/person\/c4278d4a6028830caff9ee44b42d32ed"},"headline":"V\u00eddeo falso n\u00e3o mostra mu\u00e7ulmanos sem documentos a invadir Espanha","datePublished":"2026-02-27T11:22:18+00:00","mainEntityOfPage":{"@id":"https:\/\/portaltela.pt\/noticias\/2026\/02\/27\/video-falso-nao-mostra-muculmanos-sem-documentos-a-invadir-espanha\/"},"wordCount":346,"image":{"@id":"https:\/\/portaltela.pt\/noticias\/2026\/02\/27\/video-falso-nao-mostra-muculmanos-sem-documentos-a-invadir-espanha\/#primaryimage"},"thumbnailUrl":"https:\/\/portaltela.pt\/s.01k8rhncp4jt1\/2026\/02\/img_1500x1000uu2025-03-30-13-01-45-2201052.jpg","keywords":["desinforma\u00e7\u00e3o","Europa","imigra\u00e7\u00e3o","It\u00e1lia","L\u00edbia","migrantes"],"articleSection":["Not\u00edcias"],"inLanguage":"pt-PT"},{"@type":"WebPage","@id":"https:\/\/portaltela.pt\/noticias\/2026\/02\/27\/video-falso-nao-mostra-muculmanos-sem-documentos-a-invadir-espanha\/","url":"https:\/\/portaltela.pt\/noticias\/2026\/02\/27\/video-falso-nao-mostra-muculmanos-sem-documentos-a-invadir-espanha\/","name":"V\u00eddeo falso n\u00e3o mostra mu\u00e7ulmanos sem documentos a invadir Espanha - Portal Tela Portugal","isPartOf":{"@id":"https:\/\/portaltela.pt\/#website"},"primaryImageOfPage":{"@id":"https:\/\/portaltela.pt\/noticias\/2026\/02\/27\/video-falso-nao-mostra-muculmanos-sem-documentos-a-invadir-espanha\/#primaryimage"},"image":{"@id":"https:\/\/portaltela.pt\/noticias\/2026\/02\/27\/video-falso-nao-mostra-muculmanos-sem-documentos-a-invadir-espanha\/#primaryimage"},"thumbnailUrl":"https:\/\/portaltela.pt\/s.01k8rhncp4jt1\/2026\/02\/img_1500x1000uu2025-03-30-13-01-45-2201052.jpg","datePublished":"2026-02-27T11:22:18+00:00","author":{"@id":"https:\/\/portaltela.pt\/#\/schema\/person\/c4278d4a6028830caff9ee44b42d32ed"},"breadcrumb":{"@id":"https:\/\/portaltela.pt\/noticias\/2026\/02\/27\/video-falso-nao-mostra-muculmanos-sem-documentos-a-invadir-espanha\/#breadcrumb"},"inLanguage":"pt-PT","potentialAction":[{"@type":"ReadAction","target":["https:\/\/portaltela.pt\/noticias\/2026\/02\/27\/video-falso-nao-mostra-muculmanos-sem-documentos-a-invadir-espanha\/"]}]},{"@type":"ImageObject","inLanguage":"pt-PT","@id":"https:\/\/portaltela.pt\/noticias\/2026\/02\/27\/video-falso-nao-mostra-muculmanos-sem-documentos-a-invadir-espanha\/#primaryimage","url":"https:\/\/portaltela.pt\/s.01k8rhncp4jt1\/2026\/02\/img_1500x1000uu2025-03-30-13-01-45-2201052.jpg","contentUrl":"https:\/\/portaltela.pt\/s.01k8rhncp4jt1\/2026\/02\/img_1500x1000uu2025-03-30-13-01-45-2201052.jpg","width":796,"height":448,"caption":"Cinco mil mu\u00e7ulmanos em ora\u00e7\u00e3o ao nascer do dia celebram fim do Ramad\u00e3o na Pra\u00e7a do Martim Moniz"},{"@type":"BreadcrumbList","@id":"https:\/\/portaltela.pt\/noticias\/2026\/02\/27\/video-falso-nao-mostra-muculmanos-sem-documentos-a-invadir-espanha\/#breadcrumb","itemListElement":[{"@type":"ListItem","position":1,"name":"In\u00edcio","item":"https:\/\/portaltela.pt\/"},{"@type":"ListItem","position":2,"name":"V\u00eddeo falso n\u00e3o mostra mu\u00e7ulmanos sem documentos a invadir Espanha"}]},{"@type":"WebSite","@id":"https:\/\/portaltela.pt\/#website","url":"https:\/\/portaltela.pt\/","name":"Portal Tela Portugal","description":"","potentialAction":[{"@type":"SearchAction","target":{"@type":"EntryPoint","urlTemplate":"https:\/\/portaltela.pt\/?s={search_term_string}"},"query-input":{"@type":"PropertyValueSpecification","valueRequired":true,"valueName":"search_term_string"}}],"inLanguage":"pt-PT"},{"@type":"Person","@id":"https:\/\/portaltela.pt\/#\/schema\/person\/c4278d4a6028830caff9ee44b42d32ed","name":"Telinha","image":{"@type":"ImageObject","inLanguage":"pt-PT","@id":"https:\/\/portaltela.pt\/s.01k8rhncp4jt1\/2025\/11\/talking-bot-125x125.png","url":"https:\/\/portaltela.pt\/s.01k8rhncp4jt1\/2025\/11\/talking-bot-125x125.png","contentUrl":"https:\/\/portaltela.pt\/s.01k8rhncp4jt1\/2025\/11\/talking-bot-125x125.png","caption":"Telinha"},"sameAs":["https:\/\/portaltela.pt\/"],"url":"https:\/\/portaltela.pt\/por\/367410592786\/"}]}},"_links":{"self":[{"href":"https:\/\/portaltela.pt\/api\/wp\/v2\/posts\/390569","targetHints":{"allow":["GET"]}}],"collection":[{"href":"https:\/\/portaltela.pt\/api\/wp\/v2\/posts"}],"about":[{"href":"https:\/\/portaltela.pt\/api\/wp\/v2\/types\/post"}],"author":[{"embeddable":true,"href":"https:\/\/portaltela.pt\/api\/wp\/v2\/users\/2"}],"replies":[{"embeddable":true,"href":"https:\/\/portaltela.pt\/api\/wp\/v2\/comments?post=390569"}],"version-history":[{"count":0,"href":"https:\/\/portaltela.pt\/api\/wp\/v2\/posts\/390569\/revisions"}],"wp:featuredmedia":[{"embeddable":true,"href":"https:\/\/portaltela.pt\/api\/wp\/v2\/media\/390579"}],"wp:attachment":[{"href":"https:\/\/portaltela.pt\/api\/wp\/v2\/media?parent=390569"}],"wp:term":[{"taxonomy":"category","embeddable":true,"href":"https:\/\/portaltela.pt\/api\/wp\/v2\/categories?post=390569"},{"taxonomy":"post_tag","embeddable":true,"href":"https:\/\/portaltela.pt\/api\/wp\/v2\/tags?post=390569"}],"curies":[{"name":"wp","href":"https:\/\/api.w.org\/{rel}","templated":true}]}}