{"id":390563,"date":"2026-02-27T08:13:00","date_gmt":"2026-02-27T11:13:00","guid":{"rendered":"https:\/\/portaltela.pt\/noticias\/2026\/02\/27\/governo-nomeia-ex-secretario-de-estado-de-costa-para-a-dg-do-consumidor\/"},"modified":"2026-02-27T08:13:00","modified_gmt":"2026-02-27T11:13:00","slug":"governo-nomeia-ex-secretario-de-estado-de-costa-para-a-dg-do-consumidor","status":"publish","type":"post","link":"https:\/\/portaltela.pt\/noticias\/politica\/2026\/02\/27\/governo-nomeia-ex-secretario-de-estado-de-costa-para-a-dg-do-consumidor\/","title":{"rendered":"Governo nomeia ex-secret\u00e1rio de Estado de Costa para a DG do Consumidor"},"content":{"rendered":"<p>O governo nomeou hoje Jorge Seguro Sanches para liderar a Dire\u00e7\u00e3o-Geral do Consumidor (DGC) em regime de comiss\u00e3o de servi\u00e7o por cinco anos. A nomea\u00e7\u00e3o foi oficializada pelo Minist\u00e9rio da Economia e da Coes\u00e3o Territorial. A tomada de posse ocorreu ainda esta sexta-feira.<\/p>\n<p>Conforme o comunicado divulgado \u00e0s reda\u00e7\u00f5es, a nomea\u00e7\u00e3o foi assinada pelo Ministro da Economia e da Coes\u00e3o Territorial, Castro Almeida. Seguro Sanches assume o cargo ap\u00f3s ter passado pelo processo de sele\u00e7\u00e3o da Cresap, o organismo que avalia candidaturas de altos cargos p\u00fablicos.<\/p>\n<p>Jorge Seguro Sanches, nascido em Penamacor em 1965, venceu o concurso lan\u00e7ado pela Cresap em agosto de 2024. O cargo sucede a Carla Barata, que estava em substitui\u00e7\u00e3o desde a sa\u00edda de Pedro Portugal Gaspar para a presid\u00eancia da AIMA.<\/p>\n<h3>Trajet\u00f3ria profissional<\/h3>\n<p>O novo l\u00edder integrou equipas multidisciplinares ligadas \u00e0 gest\u00e3o e pol\u00edticas da sa\u00fade. Atuou como deputado na Assembleia da Rep\u00fablica em v\u00e1rias legislaturas, foi inspector da Inspec\u00e7\u00e3o Geral da Sa\u00fade e exerceu fun\u00e7\u00f5es executivas na \u00e1rea tecnol\u00f3gica, incluindo a dire\u00e7\u00e3o da Microsoft Portugal (2005-2006).<\/p>\n<p>A DGC tem como fun\u00e7\u00e3o definir e executar pol\u00edticas de defesa do consumidor, emitir pareceres e propor medidas para dinamizar o setor. A nomea\u00e7\u00e3o de Seguro Sanches refor\u00e7a a orienta\u00e7\u00e3o do Governo para refor\u00e7ar a atua\u00e7\u00e3o nesta \u00e1rea.<\/p>\n<h3>Contexto institucional<\/h3>\n<p>Em 2023, j\u00e1 \u00e0 frente de uma Comiss\u00e3o Parlamentar de Inqu\u00e9rito, Seguro Sanches presidiu os trabalhos relacionados \u00e0 TAP, situa\u00e7\u00e3o que gerou controv\u00e9rsia na altura. O parlamentar acabou por demitir-se do cargo de presidente da comiss\u00e3o ap\u00f3s cr\u00edticas \u00e0 condu\u00e7\u00e3o dos trabalhos.<\/p>\n<p>A tomada de posse ocorreu na sexta-feira, com a presen\u00e7a do pr\u00f3prio ministro Castro Almeida. A nomea\u00e7\u00e3o chega num momento de avalia\u00e7\u00e3o cont\u00ednua de pol\u00edticas de defesa do consumidor no pa\u00eds.<\/p>\n","protected":false},"excerpt":{"rendered":"<ul>\n<li>Governo nomeia Jorge Seguro Sanches para liderar a Dire\u00e7\u00e3o-Geral do Consumidor (DGC) em regime de comiss\u00e3o de servi\u00e7o por cinco anos.<\/li>\n<li>Nomea\u00e7\u00e3o foi anunciada pelo Ministro da Economia e da Coes\u00e3o Territorial, Castro Almeida, e a posse ocorreu na sexta-feira, 27 de fevereiro.<\/li>\n<li>Seguro Sanches foi secret\u00e1rio de Estado de Ant\u00f3nio Costa, primeiro na Energia, depois na Defesa, e \u00e9 deputado do Partido Socialista; venceu o concurso p\u00fablico da Cresap.<\/li>\n<li>A DGC \u00e9 respons\u00e1vel pela defini\u00e7\u00e3o e execu\u00e7\u00e3o de pol\u00edticas de defesa do consumidor, incluindo emitir pareceres e propor medidas.<\/li>\n<li>O curr\u00edculo divulgado pelo Governo destaca que j\u00e1 foi chefe de equipa em pol\u00edticas de sa\u00fade, inspector da Administra\u00e7\u00e3o, director da Microsoft Portugal (2005-2006) e deputado, entre outros cargos; em 2023 presidiu \u00e0 comiss\u00e3o parlamentar de inqu\u00e9rito \u00e0 TAP, demitindo-se depois.<\/li>\n<\/ul>\n","protected":false},"author":2,"featured_media":390572,"comment_status":"closed","ping_status":"closed","sticky":false,"template":"","format":"standard","meta":{"footnotes":""},"categories":[1,5],"tags":[6115,4847,168,34,229],"class_list":["post-390563","post","type-post","status-publish","format-standard","has-post-thumbnail","hentry","category-noticias","category-politica","tag-_economia","tag-administracao-central","tag-administracao-publica","tag-governo","tag-politica-publica"],"yoast_head":"<!-- This site is optimized with the Yoast SEO plugin v27.2 - https:\/\/yoast.com\/product\/yoast-seo-wordpress\/ -->\n<title>Governo nomeia ex-secret\u00e1rio de Estado de Costa para a DG do Consumidor - Portal Tela Portugal<\/title>\n<meta name=\"robots\" content=\"index, follow, max-snippet:-1, max-image-preview:large, max-video-preview:-1\" \/>\n<meta property=\"og:locale\" content=\"pt_PT\" \/>\n<meta property=\"og:type\" content=\"article\" \/>\n<meta property=\"og:title\" content=\"Governo nomeia ex-secret\u00e1rio de Estado de Costa para a DG do Consumidor - Portal Tela Portugal\" \/>\n<meta property=\"og:description\" content=\"Governo nomeia Jorge Seguro Sanches para liderar a Dire\u00e7\u00e3o-Geral do Consumidor (DGC) em regime de comiss\u00e3o de servi\u00e7o por cinco anos. Nomea\u00e7\u00e3o foi anunciada pelo Ministro da Economia e da Coes\u00e3o Territorial, Castro Almeida, e a posse ocorreu na sexta-feira, 27 de fevereiro. Seguro Sanches foi secret\u00e1rio de Estado de Ant\u00f3nio Costa, primeiro na Energia, depois na Defesa, e \u00e9 deputado do Partido Socialista; venceu o concurso p\u00fablico da Cresap. A DGC \u00e9 respons\u00e1vel pela defini\u00e7\u00e3o e execu\u00e7\u00e3o de pol\u00edticas de defesa do consumidor, incluindo emitir pareceres e propor medidas. O curr\u00edculo divulgado pelo Governo destaca que j\u00e1 foi chefe de equipa em pol\u00edticas de sa\u00fade, inspector da Administra\u00e7\u00e3o, director da Microsoft Portugal (2005-2006) e deputado, entre outros cargos; em 2023 presidiu \u00e0 comiss\u00e3o parlamentar de inqu\u00e9rito \u00e0 TAP, demitindo-se depois.\" \/>\n<meta property=\"og:url\" content=\"https:\/\/portaltela.pt\/noticias\/2026\/02\/27\/governo-nomeia-ex-secretario-de-estado-de-costa-para-a-dg-do-consumidor\/\" \/>\n<meta property=\"og:site_name\" content=\"Portal Tela Portugal\" \/>\n<meta property=\"article:published_time\" content=\"2026-02-27T11:13:00+00:00\" \/>\n<meta name=\"author\" content=\"Telinha\" \/>\n<meta name=\"twitter:card\" content=\"summary_large_image\" \/>\n<meta name=\"twitter:label1\" content=\"Escrito por\" \/>\n\t<meta name=\"twitter:data1\" content=\"Telinha\" \/>\n\t<meta name=\"twitter:label2\" content=\"Tempo estimado de leitura\" \/>\n\t<meta name=\"twitter:data2\" content=\"2 minutos\" \/>\n<script type=\"application\/ld+json\" class=\"yoast-schema-graph\">{\"@context\":\"https:\/\/schema.org\",\"@graph\":[{\"@type\":\"Article\",\"@id\":\"https:\/\/portaltela.pt\/noticias\/2026\/02\/27\/governo-nomeia-ex-secretario-de-estado-de-costa-para-a-dg-do-consumidor\/#article\",\"isPartOf\":{\"@id\":\"https:\/\/portaltela.pt\/noticias\/2026\/02\/27\/governo-nomeia-ex-secretario-de-estado-de-costa-para-a-dg-do-consumidor\/\"},\"author\":{\"name\":\"Telinha\",\"@id\":\"https:\/\/portaltela.pt\/#\/schema\/person\/c4278d4a6028830caff9ee44b42d32ed\"},\"headline\":\"Governo nomeia ex-secret\u00e1rio de Estado de Costa para a DG do Consumidor\",\"datePublished\":\"2026-02-27T11:13:00+00:00\",\"mainEntityOfPage\":{\"@id\":\"https:\/\/portaltela.pt\/noticias\/2026\/02\/27\/governo-nomeia-ex-secretario-de-estado-de-costa-para-a-dg-do-consumidor\/\"},\"wordCount\":341,\"image\":{\"@id\":\"https:\/\/portaltela.pt\/noticias\/2026\/02\/27\/governo-nomeia-ex-secretario-de-estado-de-costa-para-a-dg-do-consumidor\/#primaryimage\"},\"thumbnailUrl\":\"https:\/\/portaltela.pt\/s.01k8rhncp4jt1\/2026\/02\/2070216.jpg\",\"keywords\":[\"_economia\",\"Administra\u00e7\u00e3o Central\",\"administra\u00e7\u00e3o p\u00fablica\",\"governo\",\"pol\u00edtica p\u00fablica\"],\"articleSection\":[\"Not\u00edcias\",\"Pol\u00edtica\"],\"inLanguage\":\"pt-PT\"},{\"@type\":\"WebPage\",\"@id\":\"https:\/\/portaltela.pt\/noticias\/2026\/02\/27\/governo-nomeia-ex-secretario-de-estado-de-costa-para-a-dg-do-consumidor\/\",\"url\":\"https:\/\/portaltela.pt\/noticias\/2026\/02\/27\/governo-nomeia-ex-secretario-de-estado-de-costa-para-a-dg-do-consumidor\/\",\"name\":\"Governo nomeia ex-secret\u00e1rio de Estado de Costa para a DG do Consumidor - Portal Tela Portugal\",\"isPartOf\":{\"@id\":\"https:\/\/portaltela.pt\/#website\"},\"primaryImageOfPage\":{\"@id\":\"https:\/\/portaltela.pt\/noticias\/2026\/02\/27\/governo-nomeia-ex-secretario-de-estado-de-costa-para-a-dg-do-consumidor\/#primaryimage\"},\"image\":{\"@id\":\"https:\/\/portaltela.pt\/noticias\/2026\/02\/27\/governo-nomeia-ex-secretario-de-estado-de-costa-para-a-dg-do-consumidor\/#primaryimage\"},\"thumbnailUrl\":\"https:\/\/portaltela.pt\/s.01k8rhncp4jt1\/2026\/02\/2070216.jpg\",\"datePublished\":\"2026-02-27T11:13:00+00:00\",\"author\":{\"@id\":\"https:\/\/portaltela.pt\/#\/schema\/person\/c4278d4a6028830caff9ee44b42d32ed\"},\"breadcrumb\":{\"@id\":\"https:\/\/portaltela.pt\/noticias\/2026\/02\/27\/governo-nomeia-ex-secretario-de-estado-de-costa-para-a-dg-do-consumidor\/#breadcrumb\"},\"inLanguage\":\"pt-PT\",\"potentialAction\":[{\"@type\":\"ReadAction\",\"target\":[\"https:\/\/portaltela.pt\/noticias\/2026\/02\/27\/governo-nomeia-ex-secretario-de-estado-de-costa-para-a-dg-do-consumidor\/\"]}]},{\"@type\":\"ImageObject\",\"inLanguage\":\"pt-PT\",\"@id\":\"https:\/\/portaltela.pt\/noticias\/2026\/02\/27\/governo-nomeia-ex-secretario-de-estado-de-costa-para-a-dg-do-consumidor\/#primaryimage\",\"url\":\"https:\/\/portaltela.pt\/s.01k8rhncp4jt1\/2026\/02\/2070216.jpg\",\"contentUrl\":\"https:\/\/portaltela.pt\/s.01k8rhncp4jt1\/2026\/02\/2070216.jpg\",\"width\":796,\"height\":448,\"caption\":\"Jorge Seguro Sanches foi deputado pelo PS e secret\u00e1rio de Estado em governos de Ant\u00f3nio Costa\"},{\"@type\":\"BreadcrumbList\",\"@id\":\"https:\/\/portaltela.pt\/noticias\/2026\/02\/27\/governo-nomeia-ex-secretario-de-estado-de-costa-para-a-dg-do-consumidor\/#breadcrumb\",\"itemListElement\":[{\"@type\":\"ListItem\",\"position\":1,\"name\":\"In\u00edcio\",\"item\":\"https:\/\/portaltela.pt\/\"},{\"@type\":\"ListItem\",\"position\":2,\"name\":\"Governo nomeia ex-secret\u00e1rio de Estado de Costa para a DG do Consumidor\"}]},{\"@type\":\"WebSite\",\"@id\":\"https:\/\/portaltela.pt\/#website\",\"url\":\"https:\/\/portaltela.pt\/\",\"name\":\"Portal Tela Portugal\",\"description\":\"\",\"potentialAction\":[{\"@type\":\"SearchAction\",\"target\":{\"@type\":\"EntryPoint\",\"urlTemplate\":\"https:\/\/portaltela.pt\/?s={search_term_string}\"},\"query-input\":{\"@type\":\"PropertyValueSpecification\",\"valueRequired\":true,\"valueName\":\"search_term_string\"}}],\"inLanguage\":\"pt-PT\"},{\"@type\":\"Person\",\"@id\":\"https:\/\/portaltela.pt\/#\/schema\/person\/c4278d4a6028830caff9ee44b42d32ed\",\"name\":\"Telinha\",\"image\":{\"@type\":\"ImageObject\",\"inLanguage\":\"pt-PT\",\"@id\":\"https:\/\/portaltela.pt\/s.01k8rhncp4jt1\/2025\/11\/talking-bot-125x125.png\",\"url\":\"https:\/\/portaltela.pt\/s.01k8rhncp4jt1\/2025\/11\/talking-bot-125x125.png\",\"contentUrl\":\"https:\/\/portaltela.pt\/s.01k8rhncp4jt1\/2025\/11\/talking-bot-125x125.png\",\"caption\":\"Telinha\"},\"sameAs\":[\"https:\/\/portaltela.pt\/\"],\"url\":\"https:\/\/portaltela.pt\/por\/367410592786\/\"}]}<\/script>\n<!-- \/ Yoast SEO plugin. -->","yoast_head_json":{"title":"Governo nomeia ex-secret\u00e1rio de Estado de Costa para a DG do Consumidor - Portal Tela Portugal","robots":{"index":"index","follow":"follow","max-snippet":"max-snippet:-1","max-image-preview":"max-image-preview:large","max-video-preview":"max-video-preview:-1"},"og_locale":"pt_PT","og_type":"article","og_title":"Governo nomeia ex-secret\u00e1rio de Estado de Costa para a DG do Consumidor - Portal Tela Portugal","og_description":"Governo nomeia Jorge Seguro Sanches para liderar a Dire\u00e7\u00e3o-Geral do Consumidor (DGC) em regime de comiss\u00e3o de servi\u00e7o por cinco anos. Nomea\u00e7\u00e3o foi anunciada pelo Ministro da Economia e da Coes\u00e3o Territorial, Castro Almeida, e a posse ocorreu na sexta-feira, 27 de fevereiro. Seguro Sanches foi secret\u00e1rio de Estado de Ant\u00f3nio Costa, primeiro na Energia, depois na Defesa, e \u00e9 deputado do Partido Socialista; venceu o concurso p\u00fablico da Cresap. A DGC \u00e9 respons\u00e1vel pela defini\u00e7\u00e3o e execu\u00e7\u00e3o de pol\u00edticas de defesa do consumidor, incluindo emitir pareceres e propor medidas. O curr\u00edculo divulgado pelo Governo destaca que j\u00e1 foi chefe de equipa em pol\u00edticas de sa\u00fade, inspector da Administra\u00e7\u00e3o, director da Microsoft Portugal (2005-2006) e deputado, entre outros cargos; em 2023 presidiu \u00e0 comiss\u00e3o parlamentar de inqu\u00e9rito \u00e0 TAP, demitindo-se depois.","og_url":"https:\/\/portaltela.pt\/noticias\/2026\/02\/27\/governo-nomeia-ex-secretario-de-estado-de-costa-para-a-dg-do-consumidor\/","og_site_name":"Portal Tela Portugal","article_published_time":"2026-02-27T11:13:00+00:00","author":"Telinha","twitter_card":"summary_large_image","twitter_misc":{"Escrito por":"Telinha","Tempo estimado de leitura":"2 minutos"},"schema":{"@context":"https:\/\/schema.org","@graph":[{"@type":"Article","@id":"https:\/\/portaltela.pt\/noticias\/2026\/02\/27\/governo-nomeia-ex-secretario-de-estado-de-costa-para-a-dg-do-consumidor\/#article","isPartOf":{"@id":"https:\/\/portaltela.pt\/noticias\/2026\/02\/27\/governo-nomeia-ex-secretario-de-estado-de-costa-para-a-dg-do-consumidor\/"},"author":{"name":"Telinha","@id":"https:\/\/portaltela.pt\/#\/schema\/person\/c4278d4a6028830caff9ee44b42d32ed"},"headline":"Governo nomeia ex-secret\u00e1rio de Estado de Costa para a DG do Consumidor","datePublished":"2026-02-27T11:13:00+00:00","mainEntityOfPage":{"@id":"https:\/\/portaltela.pt\/noticias\/2026\/02\/27\/governo-nomeia-ex-secretario-de-estado-de-costa-para-a-dg-do-consumidor\/"},"wordCount":341,"image":{"@id":"https:\/\/portaltela.pt\/noticias\/2026\/02\/27\/governo-nomeia-ex-secretario-de-estado-de-costa-para-a-dg-do-consumidor\/#primaryimage"},"thumbnailUrl":"https:\/\/portaltela.pt\/s.01k8rhncp4jt1\/2026\/02\/2070216.jpg","keywords":["_economia","Administra\u00e7\u00e3o Central","administra\u00e7\u00e3o p\u00fablica","governo","pol\u00edtica p\u00fablica"],"articleSection":["Not\u00edcias","Pol\u00edtica"],"inLanguage":"pt-PT"},{"@type":"WebPage","@id":"https:\/\/portaltela.pt\/noticias\/2026\/02\/27\/governo-nomeia-ex-secretario-de-estado-de-costa-para-a-dg-do-consumidor\/","url":"https:\/\/portaltela.pt\/noticias\/2026\/02\/27\/governo-nomeia-ex-secretario-de-estado-de-costa-para-a-dg-do-consumidor\/","name":"Governo nomeia ex-secret\u00e1rio de Estado de Costa para a DG do Consumidor - Portal Tela Portugal","isPartOf":{"@id":"https:\/\/portaltela.pt\/#website"},"primaryImageOfPage":{"@id":"https:\/\/portaltela.pt\/noticias\/2026\/02\/27\/governo-nomeia-ex-secretario-de-estado-de-costa-para-a-dg-do-consumidor\/#primaryimage"},"image":{"@id":"https:\/\/portaltela.pt\/noticias\/2026\/02\/27\/governo-nomeia-ex-secretario-de-estado-de-costa-para-a-dg-do-consumidor\/#primaryimage"},"thumbnailUrl":"https:\/\/portaltela.pt\/s.01k8rhncp4jt1\/2026\/02\/2070216.jpg","datePublished":"2026-02-27T11:13:00+00:00","author":{"@id":"https:\/\/portaltela.pt\/#\/schema\/person\/c4278d4a6028830caff9ee44b42d32ed"},"breadcrumb":{"@id":"https:\/\/portaltela.pt\/noticias\/2026\/02\/27\/governo-nomeia-ex-secretario-de-estado-de-costa-para-a-dg-do-consumidor\/#breadcrumb"},"inLanguage":"pt-PT","potentialAction":[{"@type":"ReadAction","target":["https:\/\/portaltela.pt\/noticias\/2026\/02\/27\/governo-nomeia-ex-secretario-de-estado-de-costa-para-a-dg-do-consumidor\/"]}]},{"@type":"ImageObject","inLanguage":"pt-PT","@id":"https:\/\/portaltela.pt\/noticias\/2026\/02\/27\/governo-nomeia-ex-secretario-de-estado-de-costa-para-a-dg-do-consumidor\/#primaryimage","url":"https:\/\/portaltela.pt\/s.01k8rhncp4jt1\/2026\/02\/2070216.jpg","contentUrl":"https:\/\/portaltela.pt\/s.01k8rhncp4jt1\/2026\/02\/2070216.jpg","width":796,"height":448,"caption":"Jorge Seguro Sanches foi deputado pelo PS e secret\u00e1rio de Estado em governos de Ant\u00f3nio Costa"},{"@type":"BreadcrumbList","@id":"https:\/\/portaltela.pt\/noticias\/2026\/02\/27\/governo-nomeia-ex-secretario-de-estado-de-costa-para-a-dg-do-consumidor\/#breadcrumb","itemListElement":[{"@type":"ListItem","position":1,"name":"In\u00edcio","item":"https:\/\/portaltela.pt\/"},{"@type":"ListItem","position":2,"name":"Governo nomeia ex-secret\u00e1rio de Estado de Costa para a DG do Consumidor"}]},{"@type":"WebSite","@id":"https:\/\/portaltela.pt\/#website","url":"https:\/\/portaltela.pt\/","name":"Portal Tela Portugal","description":"","potentialAction":[{"@type":"SearchAction","target":{"@type":"EntryPoint","urlTemplate":"https:\/\/portaltela.pt\/?s={search_term_string}"},"query-input":{"@type":"PropertyValueSpecification","valueRequired":true,"valueName":"search_term_string"}}],"inLanguage":"pt-PT"},{"@type":"Person","@id":"https:\/\/portaltela.pt\/#\/schema\/person\/c4278d4a6028830caff9ee44b42d32ed","name":"Telinha","image":{"@type":"ImageObject","inLanguage":"pt-PT","@id":"https:\/\/portaltela.pt\/s.01k8rhncp4jt1\/2025\/11\/talking-bot-125x125.png","url":"https:\/\/portaltela.pt\/s.01k8rhncp4jt1\/2025\/11\/talking-bot-125x125.png","contentUrl":"https:\/\/portaltela.pt\/s.01k8rhncp4jt1\/2025\/11\/talking-bot-125x125.png","caption":"Telinha"},"sameAs":["https:\/\/portaltela.pt\/"],"url":"https:\/\/portaltela.pt\/por\/367410592786\/"}]}},"_links":{"self":[{"href":"https:\/\/portaltela.pt\/api\/wp\/v2\/posts\/390563","targetHints":{"allow":["GET"]}}],"collection":[{"href":"https:\/\/portaltela.pt\/api\/wp\/v2\/posts"}],"about":[{"href":"https:\/\/portaltela.pt\/api\/wp\/v2\/types\/post"}],"author":[{"embeddable":true,"href":"https:\/\/portaltela.pt\/api\/wp\/v2\/users\/2"}],"replies":[{"embeddable":true,"href":"https:\/\/portaltela.pt\/api\/wp\/v2\/comments?post=390563"}],"version-history":[{"count":0,"href":"https:\/\/portaltela.pt\/api\/wp\/v2\/posts\/390563\/revisions"}],"wp:featuredmedia":[{"embeddable":true,"href":"https:\/\/portaltela.pt\/api\/wp\/v2\/media\/390572"}],"wp:attachment":[{"href":"https:\/\/portaltela.pt\/api\/wp\/v2\/media?parent=390563"}],"wp:term":[{"taxonomy":"category","embeddable":true,"href":"https:\/\/portaltela.pt\/api\/wp\/v2\/categories?post=390563"},{"taxonomy":"post_tag","embeddable":true,"href":"https:\/\/portaltela.pt\/api\/wp\/v2\/tags?post=390563"}],"curies":[{"name":"wp","href":"https:\/\/api.w.org\/{rel}","templated":true}]}}