{"id":390540,"date":"2026-02-27T08:07:00","date_gmt":"2026-02-27T11:07:00","guid":{"rendered":"https:\/\/portaltela.pt\/noticias\/2026\/02\/27\/atualizacao-informatica-impediu-juizes-de-assinar-sentencas\/"},"modified":"2026-02-27T08:07:00","modified_gmt":"2026-02-27T11:07:00","slug":"atualizacao-informatica-impediu-juizes-de-assinar-sentencas","status":"publish","type":"post","link":"https:\/\/portaltela.pt\/noticias\/2026\/02\/27\/atualizacao-informatica-impediu-juizes-de-assinar-sentencas\/","title":{"rendered":"Atualiza\u00e7\u00e3o inform\u00e1tica impediu ju\u00edzes de assinar senten\u00e7as"},"content":{"rendered":"<p>V\u00e1rios ju\u00edzes ficaram impedidos de assinar senten\u00e7as ap\u00f3s a instala\u00e7\u00e3o de uma atualiza\u00e7\u00e3o no sistema inform\u00e1tico. A informa\u00e7\u00e3o foi partilhada pelo presidente da Associa\u00e7\u00e3o Sindical de Ju\u00edzes Portugueses (ASJP) ao P\u00fablico. A situa\u00e7\u00e3o foi descrita como ca\u00f3tica, e ainda se verificava ontem.<\/p>\n<p>Segundo o Instituto de Gest\u00e3o Financeira e Equipamentos da Justi\u00e7a (IGEF), a atualiza\u00e7\u00e3o causou falhas em cerca de 10% dos utilizadores. O IGEF esclareceu que em nenhum momento estiveram todos os ju\u00edzes impedidos de praticar atos, apenas alguns quedaram temporariamente limitados.<\/p>\n<h3>Impacto nos atos processuais<\/h3>\n<p>A presidente do Sindicato dos Funcion\u00e1rios Judiciais, Regina Soares, afirmou que os constrangimentos afetaram despachos, senten\u00e7as, ac\u00f3rd\u00e3os e atas, atrasando tramita\u00e7\u00f5es urgentes em alguns casos. O presidente da ASJP solicitou interven\u00e7\u00e3o urgente e explica\u00e7\u00f5es formais sobre o incidente.<\/p>\n<p>O respons\u00e1vel pela ASJP pediu esclarecimentos sobre as causas e as medidas tomadas para assegurar a fiabilidade do sistema, a rastreabilidade dos atos praticados e a organiza\u00e7\u00e3o adequada do trabalho judicial. A situa\u00e7\u00e3o, j\u00e1 mitigada, exigir\u00e1 monitoriza\u00e7\u00e3o cont\u00ednua.<\/p>\n","protected":false},"excerpt":{"rendered":"<ul>\n<li>O problema inform\u00e1tico impediu v\u00e1rios ju\u00edzes de assinar senten\u00e7as ap\u00f3s a instala\u00e7\u00e3o de uma atualiza\u00e7\u00e3o nos computadores.<\/li>\n<li>A situa\u00e7\u00e3o foi descrita como ca\u00f3tica pelo presidente da Associa\u00e7\u00e3o Sindical de Ju\u00edzes Portugueses, citada pelo P\u00fablico, e ainda se verificava na quinta-feira.<\/li>\n<li>A atualiza\u00e7\u00e3o afetou cerca de 10% dos utilizadores, segundo o Instituto de Gest\u00e3o Financeira e Equipamentos da Justi\u00e7a (IGEF).<\/li>\n<li>Os constrangimentos atingem despachos, senten\u00e7as, ac\u00f3rd\u00e3os e atas, dificultando a tramita\u00e7\u00e3o regular e o cumprimento atempado de despachos urgentes, segundo a presidente do Sindicato dos Funcion\u00e1rios Judiciais, Regina Soares.<\/li>\n<li>O presidente da ASJP pediu interven\u00e7\u00e3o urgente e informa\u00e7\u00f5es sobre o que aconteceu, destacando o impacto no funcionamento da justi\u00e7a.<\/li>\n<\/ul>\n","protected":false},"author":2,"featured_media":390552,"comment_status":"closed","ping_status":"closed","sticky":false,"template":"","format":"standard","meta":{"footnotes":""},"categories":[1],"tags":[168,6331,223,6208,4716],"class_list":["post-390540","post","type-post","status-publish","format-standard","has-post-thumbnail","hentry","category-noticias","tag-administracao-publica","tag-condicoes-de-trabalho","tag-informatica","tag-tribunais","tag-tribunais-administrativos-e-fiscais"],"yoast_head":"<!-- This site is optimized with the Yoast SEO plugin v27.2 - https:\/\/yoast.com\/product\/yoast-seo-wordpress\/ -->\n<title>Atualiza\u00e7\u00e3o inform\u00e1tica impediu ju\u00edzes de assinar senten\u00e7as - Portal Tela Portugal<\/title>\n<meta name=\"robots\" content=\"index, follow, max-snippet:-1, max-image-preview:large, max-video-preview:-1\" \/>\n<meta property=\"og:locale\" content=\"pt_PT\" \/>\n<meta property=\"og:type\" content=\"article\" \/>\n<meta property=\"og:title\" content=\"Atualiza\u00e7\u00e3o inform\u00e1tica impediu ju\u00edzes de assinar senten\u00e7as - Portal Tela Portugal\" \/>\n<meta property=\"og:description\" content=\"O problema inform\u00e1tico impediu v\u00e1rios ju\u00edzes de assinar senten\u00e7as ap\u00f3s a instala\u00e7\u00e3o de uma atualiza\u00e7\u00e3o nos computadores. A situa\u00e7\u00e3o foi descrita como ca\u00f3tica pelo presidente da Associa\u00e7\u00e3o Sindical de Ju\u00edzes Portugueses, citada pelo P\u00fablico, e ainda se verificava na quinta-feira. A atualiza\u00e7\u00e3o afetou cerca de 10% dos utilizadores, segundo o Instituto de Gest\u00e3o Financeira e Equipamentos da Justi\u00e7a (IGEF). Os constrangimentos atingem despachos, senten\u00e7as, ac\u00f3rd\u00e3os e atas, dificultando a tramita\u00e7\u00e3o regular e o cumprimento atempado de despachos urgentes, segundo a presidente do Sindicato dos Funcion\u00e1rios Judiciais, Regina Soares. O presidente da ASJP pediu interven\u00e7\u00e3o urgente e informa\u00e7\u00f5es sobre o que aconteceu, destacando o impacto no funcionamento da justi\u00e7a.\" \/>\n<meta property=\"og:url\" content=\"https:\/\/portaltela.pt\/noticias\/2026\/02\/27\/atualizacao-informatica-impediu-juizes-de-assinar-sentencas\/\" \/>\n<meta property=\"og:site_name\" content=\"Portal Tela Portugal\" \/>\n<meta property=\"article:published_time\" content=\"2026-02-27T11:07:00+00:00\" \/>\n<meta name=\"author\" content=\"Telinha\" \/>\n<meta name=\"twitter:card\" content=\"summary_large_image\" \/>\n<meta name=\"twitter:label1\" content=\"Escrito por\" \/>\n\t<meta name=\"twitter:data1\" content=\"Telinha\" \/>\n\t<meta name=\"twitter:label2\" content=\"Tempo estimado de leitura\" \/>\n\t<meta name=\"twitter:data2\" content=\"1 minuto\" \/>\n<script type=\"application\/ld+json\" class=\"yoast-schema-graph\">{\"@context\":\"https:\/\/schema.org\",\"@graph\":[{\"@type\":\"Article\",\"@id\":\"https:\/\/portaltela.pt\/noticias\/2026\/02\/27\/atualizacao-informatica-impediu-juizes-de-assinar-sentencas\/#article\",\"isPartOf\":{\"@id\":\"https:\/\/portaltela.pt\/noticias\/2026\/02\/27\/atualizacao-informatica-impediu-juizes-de-assinar-sentencas\/\"},\"author\":{\"name\":\"Telinha\",\"@id\":\"https:\/\/portaltela.pt\/#\/schema\/person\/c4278d4a6028830caff9ee44b42d32ed\"},\"headline\":\"Atualiza\u00e7\u00e3o inform\u00e1tica impediu ju\u00edzes de assinar senten\u00e7as\",\"datePublished\":\"2026-02-27T11:07:00+00:00\",\"mainEntityOfPage\":{\"@id\":\"https:\/\/portaltela.pt\/noticias\/2026\/02\/27\/atualizacao-informatica-impediu-juizes-de-assinar-sentencas\/\"},\"wordCount\":202,\"image\":{\"@id\":\"https:\/\/portaltela.pt\/noticias\/2026\/02\/27\/atualizacao-informatica-impediu-juizes-de-assinar-sentencas\/#primaryimage\"},\"thumbnailUrl\":\"https:\/\/portaltela.pt\/s.01k8rhncp4jt1\/2026\/02\/image-1996.jpg\",\"keywords\":[\"administra\u00e7\u00e3o p\u00fablica\",\"condi\u00e7\u00f5es de trabalho\",\"inform\u00e1tica\",\"Tribunais\",\"Tribunais Administrativos e Fiscais\"],\"articleSection\":[\"Not\u00edcias\"],\"inLanguage\":\"pt-PT\"},{\"@type\":\"WebPage\",\"@id\":\"https:\/\/portaltela.pt\/noticias\/2026\/02\/27\/atualizacao-informatica-impediu-juizes-de-assinar-sentencas\/\",\"url\":\"https:\/\/portaltela.pt\/noticias\/2026\/02\/27\/atualizacao-informatica-impediu-juizes-de-assinar-sentencas\/\",\"name\":\"Atualiza\u00e7\u00e3o inform\u00e1tica impediu ju\u00edzes de assinar senten\u00e7as - Portal Tela Portugal\",\"isPartOf\":{\"@id\":\"https:\/\/portaltela.pt\/#website\"},\"primaryImageOfPage\":{\"@id\":\"https:\/\/portaltela.pt\/noticias\/2026\/02\/27\/atualizacao-informatica-impediu-juizes-de-assinar-sentencas\/#primaryimage\"},\"image\":{\"@id\":\"https:\/\/portaltela.pt\/noticias\/2026\/02\/27\/atualizacao-informatica-impediu-juizes-de-assinar-sentencas\/#primaryimage\"},\"thumbnailUrl\":\"https:\/\/portaltela.pt\/s.01k8rhncp4jt1\/2026\/02\/image-1996.jpg\",\"datePublished\":\"2026-02-27T11:07:00+00:00\",\"author\":{\"@id\":\"https:\/\/portaltela.pt\/#\/schema\/person\/c4278d4a6028830caff9ee44b42d32ed\"},\"breadcrumb\":{\"@id\":\"https:\/\/portaltela.pt\/noticias\/2026\/02\/27\/atualizacao-informatica-impediu-juizes-de-assinar-sentencas\/#breadcrumb\"},\"inLanguage\":\"pt-PT\",\"potentialAction\":[{\"@type\":\"ReadAction\",\"target\":[\"https:\/\/portaltela.pt\/noticias\/2026\/02\/27\/atualizacao-informatica-impediu-juizes-de-assinar-sentencas\/\"]}]},{\"@type\":\"ImageObject\",\"inLanguage\":\"pt-PT\",\"@id\":\"https:\/\/portaltela.pt\/noticias\/2026\/02\/27\/atualizacao-informatica-impediu-juizes-de-assinar-sentencas\/#primaryimage\",\"url\":\"https:\/\/portaltela.pt\/s.01k8rhncp4jt1\/2026\/02\/image-1996.jpg\",\"contentUrl\":\"https:\/\/portaltela.pt\/s.01k8rhncp4jt1\/2026\/02\/image-1996.jpg\",\"width\":796,\"height\":448,\"caption\":\"O problema ter\u00e1 sido causado pela instala\u00e7\u00e3o de uma atualiza\u00e7\u00e3o nos computadores dos ju\u00edzes,\"},{\"@type\":\"BreadcrumbList\",\"@id\":\"https:\/\/portaltela.pt\/noticias\/2026\/02\/27\/atualizacao-informatica-impediu-juizes-de-assinar-sentencas\/#breadcrumb\",\"itemListElement\":[{\"@type\":\"ListItem\",\"position\":1,\"name\":\"In\u00edcio\",\"item\":\"https:\/\/portaltela.pt\/\"},{\"@type\":\"ListItem\",\"position\":2,\"name\":\"Atualiza\u00e7\u00e3o inform\u00e1tica impediu ju\u00edzes de assinar senten\u00e7as\"}]},{\"@type\":\"WebSite\",\"@id\":\"https:\/\/portaltela.pt\/#website\",\"url\":\"https:\/\/portaltela.pt\/\",\"name\":\"Portal Tela Portugal\",\"description\":\"\",\"potentialAction\":[{\"@type\":\"SearchAction\",\"target\":{\"@type\":\"EntryPoint\",\"urlTemplate\":\"https:\/\/portaltela.pt\/?s={search_term_string}\"},\"query-input\":{\"@type\":\"PropertyValueSpecification\",\"valueRequired\":true,\"valueName\":\"search_term_string\"}}],\"inLanguage\":\"pt-PT\"},{\"@type\":\"Person\",\"@id\":\"https:\/\/portaltela.pt\/#\/schema\/person\/c4278d4a6028830caff9ee44b42d32ed\",\"name\":\"Telinha\",\"image\":{\"@type\":\"ImageObject\",\"inLanguage\":\"pt-PT\",\"@id\":\"https:\/\/portaltela.pt\/s.01k8rhncp4jt1\/2025\/11\/talking-bot-125x125.png\",\"url\":\"https:\/\/portaltela.pt\/s.01k8rhncp4jt1\/2025\/11\/talking-bot-125x125.png\",\"contentUrl\":\"https:\/\/portaltela.pt\/s.01k8rhncp4jt1\/2025\/11\/talking-bot-125x125.png\",\"caption\":\"Telinha\"},\"sameAs\":[\"https:\/\/portaltela.pt\/\"],\"url\":\"https:\/\/portaltela.pt\/por\/367410592786\/\"}]}<\/script>\n<!-- \/ Yoast SEO plugin. -->","yoast_head_json":{"title":"Atualiza\u00e7\u00e3o inform\u00e1tica impediu ju\u00edzes de assinar senten\u00e7as - Portal Tela Portugal","robots":{"index":"index","follow":"follow","max-snippet":"max-snippet:-1","max-image-preview":"max-image-preview:large","max-video-preview":"max-video-preview:-1"},"og_locale":"pt_PT","og_type":"article","og_title":"Atualiza\u00e7\u00e3o inform\u00e1tica impediu ju\u00edzes de assinar senten\u00e7as - Portal Tela Portugal","og_description":"O problema inform\u00e1tico impediu v\u00e1rios ju\u00edzes de assinar senten\u00e7as ap\u00f3s a instala\u00e7\u00e3o de uma atualiza\u00e7\u00e3o nos computadores. A situa\u00e7\u00e3o foi descrita como ca\u00f3tica pelo presidente da Associa\u00e7\u00e3o Sindical de Ju\u00edzes Portugueses, citada pelo P\u00fablico, e ainda se verificava na quinta-feira. A atualiza\u00e7\u00e3o afetou cerca de 10% dos utilizadores, segundo o Instituto de Gest\u00e3o Financeira e Equipamentos da Justi\u00e7a (IGEF). Os constrangimentos atingem despachos, senten\u00e7as, ac\u00f3rd\u00e3os e atas, dificultando a tramita\u00e7\u00e3o regular e o cumprimento atempado de despachos urgentes, segundo a presidente do Sindicato dos Funcion\u00e1rios Judiciais, Regina Soares. O presidente da ASJP pediu interven\u00e7\u00e3o urgente e informa\u00e7\u00f5es sobre o que aconteceu, destacando o impacto no funcionamento da justi\u00e7a.","og_url":"https:\/\/portaltela.pt\/noticias\/2026\/02\/27\/atualizacao-informatica-impediu-juizes-de-assinar-sentencas\/","og_site_name":"Portal Tela Portugal","article_published_time":"2026-02-27T11:07:00+00:00","author":"Telinha","twitter_card":"summary_large_image","twitter_misc":{"Escrito por":"Telinha","Tempo estimado de leitura":"1 minuto"},"schema":{"@context":"https:\/\/schema.org","@graph":[{"@type":"Article","@id":"https:\/\/portaltela.pt\/noticias\/2026\/02\/27\/atualizacao-informatica-impediu-juizes-de-assinar-sentencas\/#article","isPartOf":{"@id":"https:\/\/portaltela.pt\/noticias\/2026\/02\/27\/atualizacao-informatica-impediu-juizes-de-assinar-sentencas\/"},"author":{"name":"Telinha","@id":"https:\/\/portaltela.pt\/#\/schema\/person\/c4278d4a6028830caff9ee44b42d32ed"},"headline":"Atualiza\u00e7\u00e3o inform\u00e1tica impediu ju\u00edzes de assinar senten\u00e7as","datePublished":"2026-02-27T11:07:00+00:00","mainEntityOfPage":{"@id":"https:\/\/portaltela.pt\/noticias\/2026\/02\/27\/atualizacao-informatica-impediu-juizes-de-assinar-sentencas\/"},"wordCount":202,"image":{"@id":"https:\/\/portaltela.pt\/noticias\/2026\/02\/27\/atualizacao-informatica-impediu-juizes-de-assinar-sentencas\/#primaryimage"},"thumbnailUrl":"https:\/\/portaltela.pt\/s.01k8rhncp4jt1\/2026\/02\/image-1996.jpg","keywords":["administra\u00e7\u00e3o p\u00fablica","condi\u00e7\u00f5es de trabalho","inform\u00e1tica","Tribunais","Tribunais Administrativos e Fiscais"],"articleSection":["Not\u00edcias"],"inLanguage":"pt-PT"},{"@type":"WebPage","@id":"https:\/\/portaltela.pt\/noticias\/2026\/02\/27\/atualizacao-informatica-impediu-juizes-de-assinar-sentencas\/","url":"https:\/\/portaltela.pt\/noticias\/2026\/02\/27\/atualizacao-informatica-impediu-juizes-de-assinar-sentencas\/","name":"Atualiza\u00e7\u00e3o inform\u00e1tica impediu ju\u00edzes de assinar senten\u00e7as - Portal Tela Portugal","isPartOf":{"@id":"https:\/\/portaltela.pt\/#website"},"primaryImageOfPage":{"@id":"https:\/\/portaltela.pt\/noticias\/2026\/02\/27\/atualizacao-informatica-impediu-juizes-de-assinar-sentencas\/#primaryimage"},"image":{"@id":"https:\/\/portaltela.pt\/noticias\/2026\/02\/27\/atualizacao-informatica-impediu-juizes-de-assinar-sentencas\/#primaryimage"},"thumbnailUrl":"https:\/\/portaltela.pt\/s.01k8rhncp4jt1\/2026\/02\/image-1996.jpg","datePublished":"2026-02-27T11:07:00+00:00","author":{"@id":"https:\/\/portaltela.pt\/#\/schema\/person\/c4278d4a6028830caff9ee44b42d32ed"},"breadcrumb":{"@id":"https:\/\/portaltela.pt\/noticias\/2026\/02\/27\/atualizacao-informatica-impediu-juizes-de-assinar-sentencas\/#breadcrumb"},"inLanguage":"pt-PT","potentialAction":[{"@type":"ReadAction","target":["https:\/\/portaltela.pt\/noticias\/2026\/02\/27\/atualizacao-informatica-impediu-juizes-de-assinar-sentencas\/"]}]},{"@type":"ImageObject","inLanguage":"pt-PT","@id":"https:\/\/portaltela.pt\/noticias\/2026\/02\/27\/atualizacao-informatica-impediu-juizes-de-assinar-sentencas\/#primaryimage","url":"https:\/\/portaltela.pt\/s.01k8rhncp4jt1\/2026\/02\/image-1996.jpg","contentUrl":"https:\/\/portaltela.pt\/s.01k8rhncp4jt1\/2026\/02\/image-1996.jpg","width":796,"height":448,"caption":"O problema ter\u00e1 sido causado pela instala\u00e7\u00e3o de uma atualiza\u00e7\u00e3o nos computadores dos ju\u00edzes,"},{"@type":"BreadcrumbList","@id":"https:\/\/portaltela.pt\/noticias\/2026\/02\/27\/atualizacao-informatica-impediu-juizes-de-assinar-sentencas\/#breadcrumb","itemListElement":[{"@type":"ListItem","position":1,"name":"In\u00edcio","item":"https:\/\/portaltela.pt\/"},{"@type":"ListItem","position":2,"name":"Atualiza\u00e7\u00e3o inform\u00e1tica impediu ju\u00edzes de assinar senten\u00e7as"}]},{"@type":"WebSite","@id":"https:\/\/portaltela.pt\/#website","url":"https:\/\/portaltela.pt\/","name":"Portal Tela Portugal","description":"","potentialAction":[{"@type":"SearchAction","target":{"@type":"EntryPoint","urlTemplate":"https:\/\/portaltela.pt\/?s={search_term_string}"},"query-input":{"@type":"PropertyValueSpecification","valueRequired":true,"valueName":"search_term_string"}}],"inLanguage":"pt-PT"},{"@type":"Person","@id":"https:\/\/portaltela.pt\/#\/schema\/person\/c4278d4a6028830caff9ee44b42d32ed","name":"Telinha","image":{"@type":"ImageObject","inLanguage":"pt-PT","@id":"https:\/\/portaltela.pt\/s.01k8rhncp4jt1\/2025\/11\/talking-bot-125x125.png","url":"https:\/\/portaltela.pt\/s.01k8rhncp4jt1\/2025\/11\/talking-bot-125x125.png","contentUrl":"https:\/\/portaltela.pt\/s.01k8rhncp4jt1\/2025\/11\/talking-bot-125x125.png","caption":"Telinha"},"sameAs":["https:\/\/portaltela.pt\/"],"url":"https:\/\/portaltela.pt\/por\/367410592786\/"}]}},"_links":{"self":[{"href":"https:\/\/portaltela.pt\/api\/wp\/v2\/posts\/390540","targetHints":{"allow":["GET"]}}],"collection":[{"href":"https:\/\/portaltela.pt\/api\/wp\/v2\/posts"}],"about":[{"href":"https:\/\/portaltela.pt\/api\/wp\/v2\/types\/post"}],"author":[{"embeddable":true,"href":"https:\/\/portaltela.pt\/api\/wp\/v2\/users\/2"}],"replies":[{"embeddable":true,"href":"https:\/\/portaltela.pt\/api\/wp\/v2\/comments?post=390540"}],"version-history":[{"count":0,"href":"https:\/\/portaltela.pt\/api\/wp\/v2\/posts\/390540\/revisions"}],"wp:featuredmedia":[{"embeddable":true,"href":"https:\/\/portaltela.pt\/api\/wp\/v2\/media\/390552"}],"wp:attachment":[{"href":"https:\/\/portaltela.pt\/api\/wp\/v2\/media?parent=390540"}],"wp:term":[{"taxonomy":"category","embeddable":true,"href":"https:\/\/portaltela.pt\/api\/wp\/v2\/categories?post=390540"},{"taxonomy":"post_tag","embeddable":true,"href":"https:\/\/portaltela.pt\/api\/wp\/v2\/tags?post=390540"}],"curies":[{"name":"wp","href":"https:\/\/api.w.org\/{rel}","templated":true}]}}