{"id":390512,"date":"2026-02-27T08:02:16","date_gmt":"2026-02-27T11:02:16","guid":{"rendered":"https:\/\/portaltela.pt\/noticias\/2026\/02\/27\/tres-homens-julgados-pelo-roubo-de-377-mil-euros-em-loica-do-palacio-do-eliseu\/"},"modified":"2026-02-27T08:02:16","modified_gmt":"2026-02-27T11:02:16","slug":"tres-homens-julgados-pelo-roubo-de-377-mil-euros-em-loica-do-palacio-do-eliseu","status":"publish","type":"post","link":"https:\/\/portaltela.pt\/noticias\/2026\/02\/27\/tres-homens-julgados-pelo-roubo-de-377-mil-euros-em-loica-do-palacio-do-eliseu\/","title":{"rendered":"Tr\u00eas homens julgados pelo roubo de 377 mil euros em loi\u00e7a do Pal\u00e1cio do Eliseu"},"content":{"rendered":"<p>Tr\u00eas homens est\u00e3o a ser julgados pelo roubo e manuseamento de cerca de 100 pe\u00e7as de loi\u00e7a do Pal\u00e1cio do Eliseu, produzidas pela Manufacture de S\u00e8vres. O crime ocorreu entre 2023 e 2025, envolvendo pe\u00e7as com o monograma Eliseu. O caso ficou conhecido ap\u00f3s serem encontradas \u00e0 venda online.<\/p>\n<p>No banco dos r\u00e9us est\u00e1 Thomas M., antigo tesoureiro da presid\u00eancia francesa. Damien G., colega dele h\u00e1 cerca de uma d\u00e9cada, atua como intermedi\u00e1rio na venda. Ghislain M., rececionista do Louvre desde 2023, completa o trio em julgamento.<\/p>\n<p>O julgamento decorre no Tribunal Penal de Paris, na quinta-feira \u00e0 noite. As pe\u00e7as foram registadas na Internet e surgiram em m\u00e3os de um colecionador em Versalhes, conforme a acusa\u00e7\u00e3o relatou no tribunal.<\/p>\n<h3>Enquadramento do caso<\/h3>\n<p>A S\u00e8vres informou a venda online de pratos com o monograma Eliseu, o que levou \u00e0 queixa da Presid\u00eancia. A investiga\u00e7\u00e3o apontou Thomas M. como o autor de v\u00e1rios desvios de invent\u00e1rio, com destaque para itens recebidos por ele sozinha.<\/p>\n<p>A fabricante estima o valor total das pe\u00e7as em 377 370 euros, valor contestado pela defesa. A acusa\u00e7\u00e3o real\u00e7ou o simbolismo da perda, dada a rela\u00e7\u00e3o hist\u00f3rica entre o Eliseu e a manufatura.<\/p>\n<p>Thomas M. reconheceu os factos, dizendo que o primeiro roubo ocorreu em 2023. Alega ter adquirido as pe\u00e7as pela sua beleza e exibiu-as na sua casa, movido por gosto pessoal.<\/p>\n<h3>Desdobramentos na venda<\/h3>\n<p>Segundo o que foi apresentado, o casal iniciou a revenda das pe\u00e7as quando enfrentou dificuldades financeiras. Damien G. \u00e9 descrito como quem organizava a venda, com opera\u00e7\u00f5es atrav\u00e9s de uma conta profissional na Vinted e de grupos de Facebook.<\/p>\n<p>Damien G. admitiu ter recebido e vendido objetos cuja proveni\u00eancia sabia ser roubada, conforme indicaram os magistrados. Ghislain M. admitiu ter adquirido cerca de 100 pe\u00e7as, alegando desconhecimento da liga\u00e7\u00e3o de Thomas M. ao Eliseu.<\/p>\n<p>Ghislain M. declarou que n\u00e3o sabia que as pe\u00e7as eram roubadas, mas reconheceu ter desconfiado de algumas situa\u00e7\u00f5es mais tarde. Durante a audi\u00eancia, houve emo\u00e7\u00e3o por parte do testemunho, com o depoente a descrever a sua vida como destru\u00edda pela hist\u00f3ria.<\/p>\n<h3>Percurso processual<\/h3>\n<p>O Minist\u00e9rio P\u00fablico pediu penas at\u00e9 oito meses de pris\u00e3o com pulso eletr\u00f3nico para os casos em que cabem, conforme a gravidade. Para Thomas M., foi solicitada uma pena de dois anos, com 16 meses suspensos, e uma multa de 10.000 euros.<\/p>\n<p>Para Damien G., a acusa\u00e7\u00e3o requereu dois anos de pris\u00e3o, 18 meses suspensos e uma multa de 10.000 euros. Ghislain M. enfrentaria dois anos, com 20 meses suspensos, e tamb\u00e9m uma multa de 10.000 euros.<\/p>\n<p>O veredito est\u00e1 marcado para o pr\u00f3ximo dia 16 de abril. As senten\u00e7as finais dependem da avalia\u00e7\u00e3o do tribunal sobre a prova apresentada at\u00e9 l\u00e1.<\/p>\n","protected":false},"excerpt":{"rendered":"<ul>\n<li>Tr\u00eas homens s\u00e3o julgados no Tribunal Penal de Paris por roubo e manuseamento de cerca de 100 pe\u00e7as de loi\u00e7a com o monograma do Pal\u00e1cio do Eliseu, avaliadas em 377 370 euros, entre 2023 e 2025.<\/li>\n<li>Os r\u00e9us s\u00e3o o ex-tesoureiro da presid\u00eancia francesa, a companheira dele e uma rececionista do Louvre; Thomas M. reconhece os furtos desde 2023.<\/li>\n<li>Damien G. \u00e9 apresentado como intermedi\u00e1rio, vendendo pe\u00e7as atrav\u00e9s da plataforma Vinted e de grupos no Facebook.<\/li>\n<li>Ghislain M., rececionista do Louvre, admite ter comprado parte das pe\u00e7as, alegando desconhecer o esquema de roubo.<\/li>\n<li>O Minist\u00e9rio P\u00fablico pediu penas de at\u00e9 oito meses com Pulseira Eletr\u00f3nica; o veredito est\u00e1 marcado para 16 de abril.<\/li>\n<\/ul>\n","protected":false},"author":2,"featured_media":390527,"comment_status":"closed","ping_status":"closed","sticky":false,"template":"","format":"standard","meta":{"footnotes":""},"categories":[1],"tags":[3022,1856,215,1175,203,6208],"class_list":["post-390512","post","type-post","status-publish","format-standard","has-post-thumbnail","hentry","category-noticias","tag-ceramica","tag-franca","tag-investigacao","tag-patrimonio-cultural","tag-roubo","tag-tribunais"],"yoast_head":"<!-- This site is optimized with the Yoast SEO plugin v27.2 - https:\/\/yoast.com\/product\/yoast-seo-wordpress\/ -->\n<title>Tr\u00eas homens julgados pelo roubo de 377 mil euros em loi\u00e7a do Pal\u00e1cio do Eliseu - Portal Tela Portugal<\/title>\n<meta name=\"robots\" content=\"index, follow, max-snippet:-1, max-image-preview:large, max-video-preview:-1\" \/>\n<meta property=\"og:locale\" content=\"pt_PT\" \/>\n<meta property=\"og:type\" content=\"article\" \/>\n<meta property=\"og:title\" content=\"Tr\u00eas homens julgados pelo roubo de 377 mil euros em loi\u00e7a do Pal\u00e1cio do Eliseu - Portal Tela Portugal\" \/>\n<meta property=\"og:description\" content=\"Tr\u00eas homens s\u00e3o julgados no Tribunal Penal de Paris por roubo e manuseamento de cerca de 100 pe\u00e7as de loi\u00e7a com o monograma do Pal\u00e1cio do Eliseu, avaliadas em 377 370 euros, entre 2023 e 2025. Os r\u00e9us s\u00e3o o ex-tesoureiro da presid\u00eancia francesa, a companheira dele e uma rececionista do Louvre; Thomas M. reconhece os furtos desde 2023. Damien G. \u00e9 apresentado como intermedi\u00e1rio, vendendo pe\u00e7as atrav\u00e9s da plataforma Vinted e de grupos no Facebook. Ghislain M., rececionista do Louvre, admite ter comprado parte das pe\u00e7as, alegando desconhecer o esquema de roubo. O Minist\u00e9rio P\u00fablico pediu penas de at\u00e9 oito meses com Pulseira Eletr\u00f3nica; o veredito est\u00e1 marcado para 16 de abril.\" \/>\n<meta property=\"og:url\" content=\"https:\/\/portaltela.pt\/noticias\/2026\/02\/27\/tres-homens-julgados-pelo-roubo-de-377-mil-euros-em-loica-do-palacio-do-eliseu\/\" \/>\n<meta property=\"og:site_name\" content=\"Portal Tela Portugal\" \/>\n<meta property=\"article:published_time\" content=\"2026-02-27T11:02:16+00:00\" \/>\n<meta name=\"author\" content=\"Telinha\" \/>\n<meta name=\"twitter:card\" content=\"summary_large_image\" \/>\n<meta name=\"twitter:label1\" content=\"Escrito por\" \/>\n\t<meta name=\"twitter:data1\" content=\"Telinha\" \/>\n\t<meta name=\"twitter:label2\" content=\"Tempo estimado de leitura\" \/>\n\t<meta name=\"twitter:data2\" content=\"2 minutos\" \/>\n<script type=\"application\/ld+json\" class=\"yoast-schema-graph\">{\"@context\":\"https:\/\/schema.org\",\"@graph\":[{\"@type\":\"Article\",\"@id\":\"https:\/\/portaltela.pt\/noticias\/2026\/02\/27\/tres-homens-julgados-pelo-roubo-de-377-mil-euros-em-loica-do-palacio-do-eliseu\/#article\",\"isPartOf\":{\"@id\":\"https:\/\/portaltela.pt\/noticias\/2026\/02\/27\/tres-homens-julgados-pelo-roubo-de-377-mil-euros-em-loica-do-palacio-do-eliseu\/\"},\"author\":{\"name\":\"Telinha\",\"@id\":\"https:\/\/portaltela.pt\/#\/schema\/person\/c4278d4a6028830caff9ee44b42d32ed\"},\"headline\":\"Tr\u00eas homens julgados pelo roubo de 377 mil euros em loi\u00e7a do Pal\u00e1cio do Eliseu\",\"datePublished\":\"2026-02-27T11:02:16+00:00\",\"mainEntityOfPage\":{\"@id\":\"https:\/\/portaltela.pt\/noticias\/2026\/02\/27\/tres-homens-julgados-pelo-roubo-de-377-mil-euros-em-loica-do-palacio-do-eliseu\/\"},\"wordCount\":495,\"image\":{\"@id\":\"https:\/\/portaltela.pt\/noticias\/2026\/02\/27\/tres-homens-julgados-pelo-roubo-de-377-mil-euros-em-loica-do-palacio-do-eliseu\/#primaryimage\"},\"thumbnailUrl\":\"https:\/\/portaltela.pt\/s.01k8rhncp4jt1\/2026\/02\/1536x864_cmsv2_1d895491-d5e5-5634-b577-667676fa95d4-9666922.jpg\",\"keywords\":[\"cer\u00e2mica\",\"Fran\u00e7a\",\"investiga\u00e7\u00e3o\",\"Patrim\u00f3nio Cultural\",\"roubo\",\"Tribunais\"],\"articleSection\":[\"Not\u00edcias\"],\"inLanguage\":\"pt-PT\"},{\"@type\":\"WebPage\",\"@id\":\"https:\/\/portaltela.pt\/noticias\/2026\/02\/27\/tres-homens-julgados-pelo-roubo-de-377-mil-euros-em-loica-do-palacio-do-eliseu\/\",\"url\":\"https:\/\/portaltela.pt\/noticias\/2026\/02\/27\/tres-homens-julgados-pelo-roubo-de-377-mil-euros-em-loica-do-palacio-do-eliseu\/\",\"name\":\"Tr\u00eas homens julgados pelo roubo de 377 mil euros em loi\u00e7a do Pal\u00e1cio do Eliseu - Portal Tela Portugal\",\"isPartOf\":{\"@id\":\"https:\/\/portaltela.pt\/#website\"},\"primaryImageOfPage\":{\"@id\":\"https:\/\/portaltela.pt\/noticias\/2026\/02\/27\/tres-homens-julgados-pelo-roubo-de-377-mil-euros-em-loica-do-palacio-do-eliseu\/#primaryimage\"},\"image\":{\"@id\":\"https:\/\/portaltela.pt\/noticias\/2026\/02\/27\/tres-homens-julgados-pelo-roubo-de-377-mil-euros-em-loica-do-palacio-do-eliseu\/#primaryimage\"},\"thumbnailUrl\":\"https:\/\/portaltela.pt\/s.01k8rhncp4jt1\/2026\/02\/1536x864_cmsv2_1d895491-d5e5-5634-b577-667676fa95d4-9666922.jpg\",\"datePublished\":\"2026-02-27T11:02:16+00:00\",\"author\":{\"@id\":\"https:\/\/portaltela.pt\/#\/schema\/person\/c4278d4a6028830caff9ee44b42d32ed\"},\"breadcrumb\":{\"@id\":\"https:\/\/portaltela.pt\/noticias\/2026\/02\/27\/tres-homens-julgados-pelo-roubo-de-377-mil-euros-em-loica-do-palacio-do-eliseu\/#breadcrumb\"},\"inLanguage\":\"pt-PT\",\"potentialAction\":[{\"@type\":\"ReadAction\",\"target\":[\"https:\/\/portaltela.pt\/noticias\/2026\/02\/27\/tres-homens-julgados-pelo-roubo-de-377-mil-euros-em-loica-do-palacio-do-eliseu\/\"]}]},{\"@type\":\"ImageObject\",\"inLanguage\":\"pt-PT\",\"@id\":\"https:\/\/portaltela.pt\/noticias\/2026\/02\/27\/tres-homens-julgados-pelo-roubo-de-377-mil-euros-em-loica-do-palacio-do-eliseu\/#primaryimage\",\"url\":\"https:\/\/portaltela.pt\/s.01k8rhncp4jt1\/2026\/02\/1536x864_cmsv2_1d895491-d5e5-5634-b577-667676fa95d4-9666922.jpg\",\"contentUrl\":\"https:\/\/portaltela.pt\/s.01k8rhncp4jt1\/2026\/02\/1536x864_cmsv2_1d895491-d5e5-5634-b577-667676fa95d4-9666922.jpg\",\"width\":796,\"height\":448,\"caption\":\"ILUSTRA\u00c7\u00c3O DA FOTO - Toda a loi\u00e7a do Pal\u00e1cio do Eliseu \u00e9 propriedade da prestigiada f\u00e1brica de S\u00e8vres, cujos pratos podem ultrapassar os mil euros.\"},{\"@type\":\"BreadcrumbList\",\"@id\":\"https:\/\/portaltela.pt\/noticias\/2026\/02\/27\/tres-homens-julgados-pelo-roubo-de-377-mil-euros-em-loica-do-palacio-do-eliseu\/#breadcrumb\",\"itemListElement\":[{\"@type\":\"ListItem\",\"position\":1,\"name\":\"In\u00edcio\",\"item\":\"https:\/\/portaltela.pt\/\"},{\"@type\":\"ListItem\",\"position\":2,\"name\":\"Tr\u00eas homens julgados pelo roubo de 377 mil euros em loi\u00e7a do Pal\u00e1cio do Eliseu\"}]},{\"@type\":\"WebSite\",\"@id\":\"https:\/\/portaltela.pt\/#website\",\"url\":\"https:\/\/portaltela.pt\/\",\"name\":\"Portal Tela Portugal\",\"description\":\"\",\"potentialAction\":[{\"@type\":\"SearchAction\",\"target\":{\"@type\":\"EntryPoint\",\"urlTemplate\":\"https:\/\/portaltela.pt\/?s={search_term_string}\"},\"query-input\":{\"@type\":\"PropertyValueSpecification\",\"valueRequired\":true,\"valueName\":\"search_term_string\"}}],\"inLanguage\":\"pt-PT\"},{\"@type\":\"Person\",\"@id\":\"https:\/\/portaltela.pt\/#\/schema\/person\/c4278d4a6028830caff9ee44b42d32ed\",\"name\":\"Telinha\",\"image\":{\"@type\":\"ImageObject\",\"inLanguage\":\"pt-PT\",\"@id\":\"https:\/\/portaltela.pt\/s.01k8rhncp4jt1\/2025\/11\/talking-bot-125x125.png\",\"url\":\"https:\/\/portaltela.pt\/s.01k8rhncp4jt1\/2025\/11\/talking-bot-125x125.png\",\"contentUrl\":\"https:\/\/portaltela.pt\/s.01k8rhncp4jt1\/2025\/11\/talking-bot-125x125.png\",\"caption\":\"Telinha\"},\"sameAs\":[\"https:\/\/portaltela.pt\/\"],\"url\":\"https:\/\/portaltela.pt\/por\/367410592786\/\"}]}<\/script>\n<!-- \/ Yoast SEO plugin. -->","yoast_head_json":{"title":"Tr\u00eas homens julgados pelo roubo de 377 mil euros em loi\u00e7a do Pal\u00e1cio do Eliseu - Portal Tela Portugal","robots":{"index":"index","follow":"follow","max-snippet":"max-snippet:-1","max-image-preview":"max-image-preview:large","max-video-preview":"max-video-preview:-1"},"og_locale":"pt_PT","og_type":"article","og_title":"Tr\u00eas homens julgados pelo roubo de 377 mil euros em loi\u00e7a do Pal\u00e1cio do Eliseu - Portal Tela Portugal","og_description":"Tr\u00eas homens s\u00e3o julgados no Tribunal Penal de Paris por roubo e manuseamento de cerca de 100 pe\u00e7as de loi\u00e7a com o monograma do Pal\u00e1cio do Eliseu, avaliadas em 377 370 euros, entre 2023 e 2025. Os r\u00e9us s\u00e3o o ex-tesoureiro da presid\u00eancia francesa, a companheira dele e uma rececionista do Louvre; Thomas M. reconhece os furtos desde 2023. Damien G. \u00e9 apresentado como intermedi\u00e1rio, vendendo pe\u00e7as atrav\u00e9s da plataforma Vinted e de grupos no Facebook. Ghislain M., rececionista do Louvre, admite ter comprado parte das pe\u00e7as, alegando desconhecer o esquema de roubo. O Minist\u00e9rio P\u00fablico pediu penas de at\u00e9 oito meses com Pulseira Eletr\u00f3nica; o veredito est\u00e1 marcado para 16 de abril.","og_url":"https:\/\/portaltela.pt\/noticias\/2026\/02\/27\/tres-homens-julgados-pelo-roubo-de-377-mil-euros-em-loica-do-palacio-do-eliseu\/","og_site_name":"Portal Tela Portugal","article_published_time":"2026-02-27T11:02:16+00:00","author":"Telinha","twitter_card":"summary_large_image","twitter_misc":{"Escrito por":"Telinha","Tempo estimado de leitura":"2 minutos"},"schema":{"@context":"https:\/\/schema.org","@graph":[{"@type":"Article","@id":"https:\/\/portaltela.pt\/noticias\/2026\/02\/27\/tres-homens-julgados-pelo-roubo-de-377-mil-euros-em-loica-do-palacio-do-eliseu\/#article","isPartOf":{"@id":"https:\/\/portaltela.pt\/noticias\/2026\/02\/27\/tres-homens-julgados-pelo-roubo-de-377-mil-euros-em-loica-do-palacio-do-eliseu\/"},"author":{"name":"Telinha","@id":"https:\/\/portaltela.pt\/#\/schema\/person\/c4278d4a6028830caff9ee44b42d32ed"},"headline":"Tr\u00eas homens julgados pelo roubo de 377 mil euros em loi\u00e7a do Pal\u00e1cio do Eliseu","datePublished":"2026-02-27T11:02:16+00:00","mainEntityOfPage":{"@id":"https:\/\/portaltela.pt\/noticias\/2026\/02\/27\/tres-homens-julgados-pelo-roubo-de-377-mil-euros-em-loica-do-palacio-do-eliseu\/"},"wordCount":495,"image":{"@id":"https:\/\/portaltela.pt\/noticias\/2026\/02\/27\/tres-homens-julgados-pelo-roubo-de-377-mil-euros-em-loica-do-palacio-do-eliseu\/#primaryimage"},"thumbnailUrl":"https:\/\/portaltela.pt\/s.01k8rhncp4jt1\/2026\/02\/1536x864_cmsv2_1d895491-d5e5-5634-b577-667676fa95d4-9666922.jpg","keywords":["cer\u00e2mica","Fran\u00e7a","investiga\u00e7\u00e3o","Patrim\u00f3nio Cultural","roubo","Tribunais"],"articleSection":["Not\u00edcias"],"inLanguage":"pt-PT"},{"@type":"WebPage","@id":"https:\/\/portaltela.pt\/noticias\/2026\/02\/27\/tres-homens-julgados-pelo-roubo-de-377-mil-euros-em-loica-do-palacio-do-eliseu\/","url":"https:\/\/portaltela.pt\/noticias\/2026\/02\/27\/tres-homens-julgados-pelo-roubo-de-377-mil-euros-em-loica-do-palacio-do-eliseu\/","name":"Tr\u00eas homens julgados pelo roubo de 377 mil euros em loi\u00e7a do Pal\u00e1cio do Eliseu - Portal Tela Portugal","isPartOf":{"@id":"https:\/\/portaltela.pt\/#website"},"primaryImageOfPage":{"@id":"https:\/\/portaltela.pt\/noticias\/2026\/02\/27\/tres-homens-julgados-pelo-roubo-de-377-mil-euros-em-loica-do-palacio-do-eliseu\/#primaryimage"},"image":{"@id":"https:\/\/portaltela.pt\/noticias\/2026\/02\/27\/tres-homens-julgados-pelo-roubo-de-377-mil-euros-em-loica-do-palacio-do-eliseu\/#primaryimage"},"thumbnailUrl":"https:\/\/portaltela.pt\/s.01k8rhncp4jt1\/2026\/02\/1536x864_cmsv2_1d895491-d5e5-5634-b577-667676fa95d4-9666922.jpg","datePublished":"2026-02-27T11:02:16+00:00","author":{"@id":"https:\/\/portaltela.pt\/#\/schema\/person\/c4278d4a6028830caff9ee44b42d32ed"},"breadcrumb":{"@id":"https:\/\/portaltela.pt\/noticias\/2026\/02\/27\/tres-homens-julgados-pelo-roubo-de-377-mil-euros-em-loica-do-palacio-do-eliseu\/#breadcrumb"},"inLanguage":"pt-PT","potentialAction":[{"@type":"ReadAction","target":["https:\/\/portaltela.pt\/noticias\/2026\/02\/27\/tres-homens-julgados-pelo-roubo-de-377-mil-euros-em-loica-do-palacio-do-eliseu\/"]}]},{"@type":"ImageObject","inLanguage":"pt-PT","@id":"https:\/\/portaltela.pt\/noticias\/2026\/02\/27\/tres-homens-julgados-pelo-roubo-de-377-mil-euros-em-loica-do-palacio-do-eliseu\/#primaryimage","url":"https:\/\/portaltela.pt\/s.01k8rhncp4jt1\/2026\/02\/1536x864_cmsv2_1d895491-d5e5-5634-b577-667676fa95d4-9666922.jpg","contentUrl":"https:\/\/portaltela.pt\/s.01k8rhncp4jt1\/2026\/02\/1536x864_cmsv2_1d895491-d5e5-5634-b577-667676fa95d4-9666922.jpg","width":796,"height":448,"caption":"ILUSTRA\u00c7\u00c3O DA FOTO - Toda a loi\u00e7a do Pal\u00e1cio do Eliseu \u00e9 propriedade da prestigiada f\u00e1brica de S\u00e8vres, cujos pratos podem ultrapassar os mil euros."},{"@type":"BreadcrumbList","@id":"https:\/\/portaltela.pt\/noticias\/2026\/02\/27\/tres-homens-julgados-pelo-roubo-de-377-mil-euros-em-loica-do-palacio-do-eliseu\/#breadcrumb","itemListElement":[{"@type":"ListItem","position":1,"name":"In\u00edcio","item":"https:\/\/portaltela.pt\/"},{"@type":"ListItem","position":2,"name":"Tr\u00eas homens julgados pelo roubo de 377 mil euros em loi\u00e7a do Pal\u00e1cio do Eliseu"}]},{"@type":"WebSite","@id":"https:\/\/portaltela.pt\/#website","url":"https:\/\/portaltela.pt\/","name":"Portal Tela Portugal","description":"","potentialAction":[{"@type":"SearchAction","target":{"@type":"EntryPoint","urlTemplate":"https:\/\/portaltela.pt\/?s={search_term_string}"},"query-input":{"@type":"PropertyValueSpecification","valueRequired":true,"valueName":"search_term_string"}}],"inLanguage":"pt-PT"},{"@type":"Person","@id":"https:\/\/portaltela.pt\/#\/schema\/person\/c4278d4a6028830caff9ee44b42d32ed","name":"Telinha","image":{"@type":"ImageObject","inLanguage":"pt-PT","@id":"https:\/\/portaltela.pt\/s.01k8rhncp4jt1\/2025\/11\/talking-bot-125x125.png","url":"https:\/\/portaltela.pt\/s.01k8rhncp4jt1\/2025\/11\/talking-bot-125x125.png","contentUrl":"https:\/\/portaltela.pt\/s.01k8rhncp4jt1\/2025\/11\/talking-bot-125x125.png","caption":"Telinha"},"sameAs":["https:\/\/portaltela.pt\/"],"url":"https:\/\/portaltela.pt\/por\/367410592786\/"}]}},"_links":{"self":[{"href":"https:\/\/portaltela.pt\/api\/wp\/v2\/posts\/390512","targetHints":{"allow":["GET"]}}],"collection":[{"href":"https:\/\/portaltela.pt\/api\/wp\/v2\/posts"}],"about":[{"href":"https:\/\/portaltela.pt\/api\/wp\/v2\/types\/post"}],"author":[{"embeddable":true,"href":"https:\/\/portaltela.pt\/api\/wp\/v2\/users\/2"}],"replies":[{"embeddable":true,"href":"https:\/\/portaltela.pt\/api\/wp\/v2\/comments?post=390512"}],"version-history":[{"count":0,"href":"https:\/\/portaltela.pt\/api\/wp\/v2\/posts\/390512\/revisions"}],"wp:featuredmedia":[{"embeddable":true,"href":"https:\/\/portaltela.pt\/api\/wp\/v2\/media\/390527"}],"wp:attachment":[{"href":"https:\/\/portaltela.pt\/api\/wp\/v2\/media?parent=390512"}],"wp:term":[{"taxonomy":"category","embeddable":true,"href":"https:\/\/portaltela.pt\/api\/wp\/v2\/categories?post=390512"},{"taxonomy":"post_tag","embeddable":true,"href":"https:\/\/portaltela.pt\/api\/wp\/v2\/tags?post=390512"}],"curies":[{"name":"wp","href":"https:\/\/api.w.org\/{rel}","templated":true}]}}