{"id":390509,"date":"2026-02-27T07:54:42","date_gmt":"2026-02-27T10:54:42","guid":{"rendered":"https:\/\/portaltela.pt\/noticias\/2026\/02\/27\/capitania-do-funchal-prolonga-aviso-de-vento-forte-na-madeira-ate-sabado\/"},"modified":"2026-02-27T07:54:42","modified_gmt":"2026-02-27T10:54:42","slug":"capitania-do-funchal-prolonga-aviso-de-vento-forte-na-madeira-ate-sabado","status":"publish","type":"post","link":"https:\/\/portaltela.pt\/noticias\/2026\/02\/27\/capitania-do-funchal-prolonga-aviso-de-vento-forte-na-madeira-ate-sabado\/","title":{"rendered":"Capitania do Funchal prolonga aviso de vento forte na Madeira at\u00e9 s\u00e1bado"},"content":{"rendered":"<p>A Capitania do Porto do Funchal prolongou o aviso de vento forte para o mar da Madeira at\u00e9 \u00e0s 06:00 de s\u00e1bado. A medida mant\u00e9m-se para o arquip\u00e9lago, dada a previs\u00e3o meteorol\u00f3gica.<\/p>\n<p>Segundo o IPMA, o vento dever\u00e1 soprar de norte\/noroeste, por vezes forte, entre 51 e 61 km\/h, principalmente \u00e0 tarde e no final do per\u00edodo. A intensidade pode variar conforme a evolu\u00e7\u00e3o das condi\u00e7\u00f5es.<\/p>\n<p>A visibilidade dever\u00e1 ser boa a moderada. Em termos de agita\u00e7\u00e3o mar\u00edtima, na costa norte prev\u00eaem-se ondas de noroeste entre dois e tr\u00eas metros, podendo chegar \u00e0 sul at\u00e9 1,5 metros.<\/p>\n<p>A autoridade mar\u00edtima real\u00e7a a necessidade de caution cont\u00ednua por parte da comunidade mar\u00edtima e da popula\u00e7\u00e3o em zonas costeiras, tanto na prepara\u00e7\u00e3o para o mar como durante a navega\u00e7\u00e3o.<\/p>\n<p>O aviso foi originalmente emitido pela capitania na quarta-feira, mantendo-se v\u00e1lido at\u00e9 ao pr\u00f3ximo s\u00e1bado pela manh\u00e3.<\/p>\n","protected":false},"excerpt":{"rendered":"<ul>\n<li>A capitania do Porto do Funchal prolongou o aviso de vento forte para o mar da Madeira at\u00e9 \u00e0s 06:00 de s\u00e1bado.<\/li>\n<li>O IPMA indica vento de norte\/noroeste, por vezes forte (51\u201361 km\/h) durante a tarde e no final do per\u00edodo.<\/li>\n<li>A visibilidade \u00e9 boa a moderada.<\/li>\n<li>Em termos de agita\u00e7\u00e3o mar\u00edtima, na costa norte as ondas devem ficar entre dois e tr\u00eas metros; na parte sul, at\u00e9 1,5 metros.<\/li>\n<li>A capitania apela \u00e0 comunidade mar\u00edtima e \u00e0 popula\u00e7\u00e3o para adotar os cuidados na prepara\u00e7\u00e3o, marcha para o mar e perman\u00eancia em zonas costeiras.<\/li>\n<\/ul>\n","protected":false},"author":2,"featured_media":390523,"comment_status":"closed","ping_status":"closed","sticky":false,"template":"","format":"standard","meta":{"footnotes":""},"categories":[1],"tags":[183,5289,859,1713,4782,2345],"class_list":["post-390509","post","type-post","status-publish","format-standard","has-post-thumbnail","hentry","category-noticias","tag-agitacao-maritima","tag-alerta-amarelo","tag-madeira","tag-mar","tag-vento","tag-ventos"],"yoast_head":"<!-- This site is optimized with the Yoast SEO plugin v27.2 - https:\/\/yoast.com\/product\/yoast-seo-wordpress\/ -->\n<title>Capitania do Funchal prolonga aviso de vento forte na Madeira at\u00e9 s\u00e1bado - Portal Tela Portugal<\/title>\n<meta name=\"robots\" content=\"index, follow, max-snippet:-1, max-image-preview:large, max-video-preview:-1\" \/>\n<meta property=\"og:locale\" content=\"pt_PT\" \/>\n<meta property=\"og:type\" content=\"article\" \/>\n<meta property=\"og:title\" content=\"Capitania do Funchal prolonga aviso de vento forte na Madeira at\u00e9 s\u00e1bado - Portal Tela Portugal\" \/>\n<meta property=\"og:description\" content=\"A capitania do Porto do Funchal prolongou o aviso de vento forte para o mar da Madeira at\u00e9 \u00e0s 06:00 de s\u00e1bado. O IPMA indica vento de norte\/noroeste, por vezes forte (51\u201361 km\/h) durante a tarde e no final do per\u00edodo. A visibilidade \u00e9 boa a moderada. Em termos de agita\u00e7\u00e3o mar\u00edtima, na costa norte as ondas devem ficar entre dois e tr\u00eas metros; na parte sul, at\u00e9 1,5 metros. A capitania apela \u00e0 comunidade mar\u00edtima e \u00e0 popula\u00e7\u00e3o para adotar os cuidados na prepara\u00e7\u00e3o, marcha para o mar e perman\u00eancia em zonas costeiras.\" \/>\n<meta property=\"og:url\" content=\"https:\/\/portaltela.pt\/noticias\/2026\/02\/27\/capitania-do-funchal-prolonga-aviso-de-vento-forte-na-madeira-ate-sabado\/\" \/>\n<meta property=\"og:site_name\" content=\"Portal Tela Portugal\" \/>\n<meta property=\"article:published_time\" content=\"2026-02-27T10:54:42+00:00\" \/>\n<meta name=\"author\" content=\"Telinha\" \/>\n<meta name=\"twitter:card\" content=\"summary_large_image\" \/>\n<meta name=\"twitter:label1\" content=\"Escrito por\" \/>\n\t<meta name=\"twitter:data1\" content=\"Telinha\" \/>\n\t<meta name=\"twitter:label2\" content=\"Tempo estimado de leitura\" \/>\n\t<meta name=\"twitter:data2\" content=\"1 minuto\" \/>\n<script type=\"application\/ld+json\" class=\"yoast-schema-graph\">{\"@context\":\"https:\/\/schema.org\",\"@graph\":[{\"@type\":\"Article\",\"@id\":\"https:\/\/portaltela.pt\/noticias\/2026\/02\/27\/capitania-do-funchal-prolonga-aviso-de-vento-forte-na-madeira-ate-sabado\/#article\",\"isPartOf\":{\"@id\":\"https:\/\/portaltela.pt\/noticias\/2026\/02\/27\/capitania-do-funchal-prolonga-aviso-de-vento-forte-na-madeira-ate-sabado\/\"},\"author\":{\"name\":\"Telinha\",\"@id\":\"https:\/\/portaltela.pt\/#\/schema\/person\/c4278d4a6028830caff9ee44b42d32ed\"},\"headline\":\"Capitania do Funchal prolonga aviso de vento forte na Madeira at\u00e9 s\u00e1bado\",\"datePublished\":\"2026-02-27T10:54:42+00:00\",\"mainEntityOfPage\":{\"@id\":\"https:\/\/portaltela.pt\/noticias\/2026\/02\/27\/capitania-do-funchal-prolonga-aviso-de-vento-forte-na-madeira-ate-sabado\/\"},\"wordCount\":175,\"image\":{\"@id\":\"https:\/\/portaltela.pt\/noticias\/2026\/02\/27\/capitania-do-funchal-prolonga-aviso-de-vento-forte-na-madeira-ate-sabado\/#primaryimage\"},\"thumbnailUrl\":\"https:\/\/portaltela.pt\/s.01k8rhncp4jt1\/2026\/02\/img_1500x1000uu2016-05-11-09-46-00-535003.jpg\",\"keywords\":[\"agita\u00e7\u00e3o mar\u00edtima\",\"alerta amarelo\",\"Madeira\",\"mar\",\"vento\",\"ventos\"],\"articleSection\":[\"Not\u00edcias\"],\"inLanguage\":\"pt-PT\"},{\"@type\":\"WebPage\",\"@id\":\"https:\/\/portaltela.pt\/noticias\/2026\/02\/27\/capitania-do-funchal-prolonga-aviso-de-vento-forte-na-madeira-ate-sabado\/\",\"url\":\"https:\/\/portaltela.pt\/noticias\/2026\/02\/27\/capitania-do-funchal-prolonga-aviso-de-vento-forte-na-madeira-ate-sabado\/\",\"name\":\"Capitania do Funchal prolonga aviso de vento forte na Madeira at\u00e9 s\u00e1bado - Portal Tela Portugal\",\"isPartOf\":{\"@id\":\"https:\/\/portaltela.pt\/#website\"},\"primaryImageOfPage\":{\"@id\":\"https:\/\/portaltela.pt\/noticias\/2026\/02\/27\/capitania-do-funchal-prolonga-aviso-de-vento-forte-na-madeira-ate-sabado\/#primaryimage\"},\"image\":{\"@id\":\"https:\/\/portaltela.pt\/noticias\/2026\/02\/27\/capitania-do-funchal-prolonga-aviso-de-vento-forte-na-madeira-ate-sabado\/#primaryimage\"},\"thumbnailUrl\":\"https:\/\/portaltela.pt\/s.01k8rhncp4jt1\/2026\/02\/img_1500x1000uu2016-05-11-09-46-00-535003.jpg\",\"datePublished\":\"2026-02-27T10:54:42+00:00\",\"author\":{\"@id\":\"https:\/\/portaltela.pt\/#\/schema\/person\/c4278d4a6028830caff9ee44b42d32ed\"},\"breadcrumb\":{\"@id\":\"https:\/\/portaltela.pt\/noticias\/2026\/02\/27\/capitania-do-funchal-prolonga-aviso-de-vento-forte-na-madeira-ate-sabado\/#breadcrumb\"},\"inLanguage\":\"pt-PT\",\"potentialAction\":[{\"@type\":\"ReadAction\",\"target\":[\"https:\/\/portaltela.pt\/noticias\/2026\/02\/27\/capitania-do-funchal-prolonga-aviso-de-vento-forte-na-madeira-ate-sabado\/\"]}]},{\"@type\":\"ImageObject\",\"inLanguage\":\"pt-PT\",\"@id\":\"https:\/\/portaltela.pt\/noticias\/2026\/02\/27\/capitania-do-funchal-prolonga-aviso-de-vento-forte-na-madeira-ate-sabado\/#primaryimage\",\"url\":\"https:\/\/portaltela.pt\/s.01k8rhncp4jt1\/2026\/02\/img_1500x1000uu2016-05-11-09-46-00-535003.jpg\",\"contentUrl\":\"https:\/\/portaltela.pt\/s.01k8rhncp4jt1\/2026\/02\/img_1500x1000uu2016-05-11-09-46-00-535003.jpg\",\"width\":796,\"height\":448,\"caption\":\"Capitania do Funchal prolonga aviso de vento forte para a Madeira at\u00e9 s\u00e1bado\"},{\"@type\":\"BreadcrumbList\",\"@id\":\"https:\/\/portaltela.pt\/noticias\/2026\/02\/27\/capitania-do-funchal-prolonga-aviso-de-vento-forte-na-madeira-ate-sabado\/#breadcrumb\",\"itemListElement\":[{\"@type\":\"ListItem\",\"position\":1,\"name\":\"In\u00edcio\",\"item\":\"https:\/\/portaltela.pt\/\"},{\"@type\":\"ListItem\",\"position\":2,\"name\":\"Capitania do Funchal prolonga aviso de vento forte na Madeira at\u00e9 s\u00e1bado\"}]},{\"@type\":\"WebSite\",\"@id\":\"https:\/\/portaltela.pt\/#website\",\"url\":\"https:\/\/portaltela.pt\/\",\"name\":\"Portal Tela Portugal\",\"description\":\"\",\"potentialAction\":[{\"@type\":\"SearchAction\",\"target\":{\"@type\":\"EntryPoint\",\"urlTemplate\":\"https:\/\/portaltela.pt\/?s={search_term_string}\"},\"query-input\":{\"@type\":\"PropertyValueSpecification\",\"valueRequired\":true,\"valueName\":\"search_term_string\"}}],\"inLanguage\":\"pt-PT\"},{\"@type\":\"Person\",\"@id\":\"https:\/\/portaltela.pt\/#\/schema\/person\/c4278d4a6028830caff9ee44b42d32ed\",\"name\":\"Telinha\",\"image\":{\"@type\":\"ImageObject\",\"inLanguage\":\"pt-PT\",\"@id\":\"https:\/\/portaltela.pt\/s.01k8rhncp4jt1\/2025\/11\/talking-bot-125x125.png\",\"url\":\"https:\/\/portaltela.pt\/s.01k8rhncp4jt1\/2025\/11\/talking-bot-125x125.png\",\"contentUrl\":\"https:\/\/portaltela.pt\/s.01k8rhncp4jt1\/2025\/11\/talking-bot-125x125.png\",\"caption\":\"Telinha\"},\"sameAs\":[\"https:\/\/portaltela.pt\/\"],\"url\":\"https:\/\/portaltela.pt\/por\/367410592786\/\"}]}<\/script>\n<!-- \/ Yoast SEO plugin. -->","yoast_head_json":{"title":"Capitania do Funchal prolonga aviso de vento forte na Madeira at\u00e9 s\u00e1bado - Portal Tela Portugal","robots":{"index":"index","follow":"follow","max-snippet":"max-snippet:-1","max-image-preview":"max-image-preview:large","max-video-preview":"max-video-preview:-1"},"og_locale":"pt_PT","og_type":"article","og_title":"Capitania do Funchal prolonga aviso de vento forte na Madeira at\u00e9 s\u00e1bado - Portal Tela Portugal","og_description":"A capitania do Porto do Funchal prolongou o aviso de vento forte para o mar da Madeira at\u00e9 \u00e0s 06:00 de s\u00e1bado. O IPMA indica vento de norte\/noroeste, por vezes forte (51\u201361 km\/h) durante a tarde e no final do per\u00edodo. A visibilidade \u00e9 boa a moderada. Em termos de agita\u00e7\u00e3o mar\u00edtima, na costa norte as ondas devem ficar entre dois e tr\u00eas metros; na parte sul, at\u00e9 1,5 metros. A capitania apela \u00e0 comunidade mar\u00edtima e \u00e0 popula\u00e7\u00e3o para adotar os cuidados na prepara\u00e7\u00e3o, marcha para o mar e perman\u00eancia em zonas costeiras.","og_url":"https:\/\/portaltela.pt\/noticias\/2026\/02\/27\/capitania-do-funchal-prolonga-aviso-de-vento-forte-na-madeira-ate-sabado\/","og_site_name":"Portal Tela Portugal","article_published_time":"2026-02-27T10:54:42+00:00","author":"Telinha","twitter_card":"summary_large_image","twitter_misc":{"Escrito por":"Telinha","Tempo estimado de leitura":"1 minuto"},"schema":{"@context":"https:\/\/schema.org","@graph":[{"@type":"Article","@id":"https:\/\/portaltela.pt\/noticias\/2026\/02\/27\/capitania-do-funchal-prolonga-aviso-de-vento-forte-na-madeira-ate-sabado\/#article","isPartOf":{"@id":"https:\/\/portaltela.pt\/noticias\/2026\/02\/27\/capitania-do-funchal-prolonga-aviso-de-vento-forte-na-madeira-ate-sabado\/"},"author":{"name":"Telinha","@id":"https:\/\/portaltela.pt\/#\/schema\/person\/c4278d4a6028830caff9ee44b42d32ed"},"headline":"Capitania do Funchal prolonga aviso de vento forte na Madeira at\u00e9 s\u00e1bado","datePublished":"2026-02-27T10:54:42+00:00","mainEntityOfPage":{"@id":"https:\/\/portaltela.pt\/noticias\/2026\/02\/27\/capitania-do-funchal-prolonga-aviso-de-vento-forte-na-madeira-ate-sabado\/"},"wordCount":175,"image":{"@id":"https:\/\/portaltela.pt\/noticias\/2026\/02\/27\/capitania-do-funchal-prolonga-aviso-de-vento-forte-na-madeira-ate-sabado\/#primaryimage"},"thumbnailUrl":"https:\/\/portaltela.pt\/s.01k8rhncp4jt1\/2026\/02\/img_1500x1000uu2016-05-11-09-46-00-535003.jpg","keywords":["agita\u00e7\u00e3o mar\u00edtima","alerta amarelo","Madeira","mar","vento","ventos"],"articleSection":["Not\u00edcias"],"inLanguage":"pt-PT"},{"@type":"WebPage","@id":"https:\/\/portaltela.pt\/noticias\/2026\/02\/27\/capitania-do-funchal-prolonga-aviso-de-vento-forte-na-madeira-ate-sabado\/","url":"https:\/\/portaltela.pt\/noticias\/2026\/02\/27\/capitania-do-funchal-prolonga-aviso-de-vento-forte-na-madeira-ate-sabado\/","name":"Capitania do Funchal prolonga aviso de vento forte na Madeira at\u00e9 s\u00e1bado - Portal Tela Portugal","isPartOf":{"@id":"https:\/\/portaltela.pt\/#website"},"primaryImageOfPage":{"@id":"https:\/\/portaltela.pt\/noticias\/2026\/02\/27\/capitania-do-funchal-prolonga-aviso-de-vento-forte-na-madeira-ate-sabado\/#primaryimage"},"image":{"@id":"https:\/\/portaltela.pt\/noticias\/2026\/02\/27\/capitania-do-funchal-prolonga-aviso-de-vento-forte-na-madeira-ate-sabado\/#primaryimage"},"thumbnailUrl":"https:\/\/portaltela.pt\/s.01k8rhncp4jt1\/2026\/02\/img_1500x1000uu2016-05-11-09-46-00-535003.jpg","datePublished":"2026-02-27T10:54:42+00:00","author":{"@id":"https:\/\/portaltela.pt\/#\/schema\/person\/c4278d4a6028830caff9ee44b42d32ed"},"breadcrumb":{"@id":"https:\/\/portaltela.pt\/noticias\/2026\/02\/27\/capitania-do-funchal-prolonga-aviso-de-vento-forte-na-madeira-ate-sabado\/#breadcrumb"},"inLanguage":"pt-PT","potentialAction":[{"@type":"ReadAction","target":["https:\/\/portaltela.pt\/noticias\/2026\/02\/27\/capitania-do-funchal-prolonga-aviso-de-vento-forte-na-madeira-ate-sabado\/"]}]},{"@type":"ImageObject","inLanguage":"pt-PT","@id":"https:\/\/portaltela.pt\/noticias\/2026\/02\/27\/capitania-do-funchal-prolonga-aviso-de-vento-forte-na-madeira-ate-sabado\/#primaryimage","url":"https:\/\/portaltela.pt\/s.01k8rhncp4jt1\/2026\/02\/img_1500x1000uu2016-05-11-09-46-00-535003.jpg","contentUrl":"https:\/\/portaltela.pt\/s.01k8rhncp4jt1\/2026\/02\/img_1500x1000uu2016-05-11-09-46-00-535003.jpg","width":796,"height":448,"caption":"Capitania do Funchal prolonga aviso de vento forte para a Madeira at\u00e9 s\u00e1bado"},{"@type":"BreadcrumbList","@id":"https:\/\/portaltela.pt\/noticias\/2026\/02\/27\/capitania-do-funchal-prolonga-aviso-de-vento-forte-na-madeira-ate-sabado\/#breadcrumb","itemListElement":[{"@type":"ListItem","position":1,"name":"In\u00edcio","item":"https:\/\/portaltela.pt\/"},{"@type":"ListItem","position":2,"name":"Capitania do Funchal prolonga aviso de vento forte na Madeira at\u00e9 s\u00e1bado"}]},{"@type":"WebSite","@id":"https:\/\/portaltela.pt\/#website","url":"https:\/\/portaltela.pt\/","name":"Portal Tela Portugal","description":"","potentialAction":[{"@type":"SearchAction","target":{"@type":"EntryPoint","urlTemplate":"https:\/\/portaltela.pt\/?s={search_term_string}"},"query-input":{"@type":"PropertyValueSpecification","valueRequired":true,"valueName":"search_term_string"}}],"inLanguage":"pt-PT"},{"@type":"Person","@id":"https:\/\/portaltela.pt\/#\/schema\/person\/c4278d4a6028830caff9ee44b42d32ed","name":"Telinha","image":{"@type":"ImageObject","inLanguage":"pt-PT","@id":"https:\/\/portaltela.pt\/s.01k8rhncp4jt1\/2025\/11\/talking-bot-125x125.png","url":"https:\/\/portaltela.pt\/s.01k8rhncp4jt1\/2025\/11\/talking-bot-125x125.png","contentUrl":"https:\/\/portaltela.pt\/s.01k8rhncp4jt1\/2025\/11\/talking-bot-125x125.png","caption":"Telinha"},"sameAs":["https:\/\/portaltela.pt\/"],"url":"https:\/\/portaltela.pt\/por\/367410592786\/"}]}},"_links":{"self":[{"href":"https:\/\/portaltela.pt\/api\/wp\/v2\/posts\/390509","targetHints":{"allow":["GET"]}}],"collection":[{"href":"https:\/\/portaltela.pt\/api\/wp\/v2\/posts"}],"about":[{"href":"https:\/\/portaltela.pt\/api\/wp\/v2\/types\/post"}],"author":[{"embeddable":true,"href":"https:\/\/portaltela.pt\/api\/wp\/v2\/users\/2"}],"replies":[{"embeddable":true,"href":"https:\/\/portaltela.pt\/api\/wp\/v2\/comments?post=390509"}],"version-history":[{"count":0,"href":"https:\/\/portaltela.pt\/api\/wp\/v2\/posts\/390509\/revisions"}],"wp:featuredmedia":[{"embeddable":true,"href":"https:\/\/portaltela.pt\/api\/wp\/v2\/media\/390523"}],"wp:attachment":[{"href":"https:\/\/portaltela.pt\/api\/wp\/v2\/media?parent=390509"}],"wp:term":[{"taxonomy":"category","embeddable":true,"href":"https:\/\/portaltela.pt\/api\/wp\/v2\/categories?post=390509"},{"taxonomy":"post_tag","embeddable":true,"href":"https:\/\/portaltela.pt\/api\/wp\/v2\/tags?post=390509"}],"curies":[{"name":"wp","href":"https:\/\/api.w.org\/{rel}","templated":true}]}}