{"id":390454,"date":"2026-02-27T07:18:09","date_gmt":"2026-02-27T10:18:09","guid":{"rendered":"https:\/\/portaltela.pt\/noticias\/2026\/02\/27\/neymar-revela-a-vinicius-o-que-lhe-disse-apos-episodio-com-prestianni-na-luz\/"},"modified":"2026-02-27T07:18:09","modified_gmt":"2026-02-27T10:18:09","slug":"neymar-revela-a-vinicius-o-que-lhe-disse-apos-episodio-com-prestianni-na-luz","status":"publish","type":"post","link":"https:\/\/portaltela.pt\/desporto\/futebol\/2026\/02\/27\/neymar-revela-a-vinicius-o-que-lhe-disse-apos-episodio-com-prestianni-na-luz\/","title":{"rendered":"Neymar revela a Vin\u00edcius o que lhe disse ap\u00f3s epis\u00f3dio com Prestianni na Luz"},"content":{"rendered":"<p>Neymar voltou a marcar pela Santos e conduziu a vit\u00f3ria sobre o Vasco, por 2-1. O atacante brasileiro bisou e dedicou um dos golos a Vin\u00edcius Jr, imitando a famosa dan\u00e7a junto \u00e0 bandeirola de canto. O gesto refor\u00e7ou o apoio ao jogador do Real Madrid.<\/p>\n<p>Ap\u00f3s o duelo, Neymar reiterou o apoio a Vin\u00edcius Jr e revelou o que lhe disse depois do caso envolvendo Gianluca Prestianni na Luz. N\u00e3o foram detalhadas as palavras, apenas que o incidente foi discutido entre ambos e que mant\u00e9m o entendimento entre os dois.<\/p>\n<p>O Santos soma assim tr\u00eas pontos e aproxima-se da \u00e1rea de acesso na classifica\u00e7\u00e3o. O resultado ocorreu no est\u00e1dio da Vila Belmiro, diante do Vasco, em partida da Campeonato Paulista. A dupla brasileira integra o foco de cobertura pela m\u00eddia desportiva.<\/p>\n","protected":false},"excerpt":{"rendered":"<ul>\n<li>Neymar marcou dois no triunfo do Santos frente ao Vasco (2-1) e dedicou um dos golos a Vin\u00edcius J\u00fanior.<\/li>\n<li>O jogador imitou a dan\u00e7a na bandeira de canto durante o festejo.<\/li>\n<li>Reiterou apoio ao jovem atacante do Real Madrid, Vin\u00edcius J\u00fanior.<\/li>\n<li>Disse o que lhe disse a Vin\u00edcius J\u00fanior ap\u00f3s o caso com Gianluca Prestianni na Luz.<\/li>\n<li>O epis\u00f3dio envolvendo Prestianni ocorreu na Luz.<\/li>\n<\/ul>\n","protected":false},"author":2,"featured_media":390461,"comment_status":"closed","ping_status":"closed","sticky":false,"template":"","format":"standard","meta":{"footnotes":""},"categories":[21,24],"tags":[32,6031,3552,2556,2265],"class_list":["post-390454","post","type-post","status-publish","format-standard","has-post-thumbnail","hentry","category-desporto","category-futebol","tag-futebol","tag-gianluca-prestianni","tag-neymar","tag-santos","tag-vinicius-junior"],"yoast_head":"<!-- This site is optimized with the Yoast SEO plugin v27.2 - https:\/\/yoast.com\/product\/yoast-seo-wordpress\/ -->\n<title>Neymar revela a Vin\u00edcius o que lhe disse ap\u00f3s epis\u00f3dio com Prestianni na Luz - Portal Tela Portugal<\/title>\n<meta name=\"robots\" content=\"index, follow, max-snippet:-1, max-image-preview:large, max-video-preview:-1\" \/>\n<meta property=\"og:locale\" content=\"pt_PT\" \/>\n<meta property=\"og:type\" content=\"article\" \/>\n<meta property=\"og:title\" content=\"Neymar revela a Vin\u00edcius o que lhe disse ap\u00f3s epis\u00f3dio com Prestianni na Luz - Portal Tela Portugal\" \/>\n<meta property=\"og:description\" content=\"Neymar marcou dois no triunfo do Santos frente ao Vasco (2-1) e dedicou um dos golos a Vin\u00edcius J\u00fanior. O jogador imitou a dan\u00e7a na bandeira de canto durante o festejo. Reiterou apoio ao jovem atacante do Real Madrid, Vin\u00edcius J\u00fanior. Disse o que lhe disse a Vin\u00edcius J\u00fanior ap\u00f3s o caso com Gianluca Prestianni na Luz. O epis\u00f3dio envolvendo Prestianni ocorreu na Luz.\" \/>\n<meta property=\"og:url\" content=\"https:\/\/portaltela.pt\/noticias\/2026\/02\/27\/neymar-revela-a-vinicius-o-que-lhe-disse-apos-episodio-com-prestianni-na-luz\/\" \/>\n<meta property=\"og:site_name\" content=\"Portal Tela Portugal\" \/>\n<meta property=\"article:published_time\" content=\"2026-02-27T10:18:09+00:00\" \/>\n<meta name=\"author\" content=\"Telinha\" \/>\n<meta name=\"twitter:card\" content=\"summary_large_image\" \/>\n<meta name=\"twitter:label1\" content=\"Escrito por\" \/>\n\t<meta name=\"twitter:data1\" content=\"Telinha\" \/>\n\t<meta name=\"twitter:label2\" content=\"Tempo estimado de leitura\" \/>\n\t<meta name=\"twitter:data2\" content=\"1 minuto\" \/>\n<script type=\"application\/ld+json\" class=\"yoast-schema-graph\">{\"@context\":\"https:\/\/schema.org\",\"@graph\":[{\"@type\":\"Article\",\"@id\":\"https:\/\/portaltela.pt\/noticias\/2026\/02\/27\/neymar-revela-a-vinicius-o-que-lhe-disse-apos-episodio-com-prestianni-na-luz\/#article\",\"isPartOf\":{\"@id\":\"https:\/\/portaltela.pt\/noticias\/2026\/02\/27\/neymar-revela-a-vinicius-o-que-lhe-disse-apos-episodio-com-prestianni-na-luz\/\"},\"author\":{\"name\":\"Telinha\",\"@id\":\"https:\/\/portaltela.pt\/#\/schema\/person\/c4278d4a6028830caff9ee44b42d32ed\"},\"headline\":\"Neymar revela a Vin\u00edcius o que lhe disse ap\u00f3s epis\u00f3dio com Prestianni na Luz\",\"datePublished\":\"2026-02-27T10:18:09+00:00\",\"mainEntityOfPage\":{\"@id\":\"https:\/\/portaltela.pt\/noticias\/2026\/02\/27\/neymar-revela-a-vinicius-o-que-lhe-disse-apos-episodio-com-prestianni-na-luz\/\"},\"wordCount\":160,\"image\":{\"@id\":\"https:\/\/portaltela.pt\/noticias\/2026\/02\/27\/neymar-revela-a-vinicius-o-que-lhe-disse-apos-episodio-com-prestianni-na-luz\/#primaryimage\"},\"thumbnailUrl\":\"https:\/\/portaltela.pt\/s.01k8rhncp4jt1\/2026\/02\/img_1200x721uu2026-02-27-10-14-52-2423909.jpg\",\"keywords\":[\"futebol\",\"Gianluca Prestianni\",\"Neymar\",\"Santos\",\"Vin\u00edcius J\u00fanior\"],\"articleSection\":[\"Desporto\",\"Futebol\"],\"inLanguage\":\"pt-PT\"},{\"@type\":\"WebPage\",\"@id\":\"https:\/\/portaltela.pt\/noticias\/2026\/02\/27\/neymar-revela-a-vinicius-o-que-lhe-disse-apos-episodio-com-prestianni-na-luz\/\",\"url\":\"https:\/\/portaltela.pt\/noticias\/2026\/02\/27\/neymar-revela-a-vinicius-o-que-lhe-disse-apos-episodio-com-prestianni-na-luz\/\",\"name\":\"Neymar revela a Vin\u00edcius o que lhe disse ap\u00f3s epis\u00f3dio com Prestianni na Luz - Portal Tela Portugal\",\"isPartOf\":{\"@id\":\"https:\/\/portaltela.pt\/#website\"},\"primaryImageOfPage\":{\"@id\":\"https:\/\/portaltela.pt\/noticias\/2026\/02\/27\/neymar-revela-a-vinicius-o-que-lhe-disse-apos-episodio-com-prestianni-na-luz\/#primaryimage\"},\"image\":{\"@id\":\"https:\/\/portaltela.pt\/noticias\/2026\/02\/27\/neymar-revela-a-vinicius-o-que-lhe-disse-apos-episodio-com-prestianni-na-luz\/#primaryimage\"},\"thumbnailUrl\":\"https:\/\/portaltela.pt\/s.01k8rhncp4jt1\/2026\/02\/img_1200x721uu2026-02-27-10-14-52-2423909.jpg\",\"datePublished\":\"2026-02-27T10:18:09+00:00\",\"author\":{\"@id\":\"https:\/\/portaltela.pt\/#\/schema\/person\/c4278d4a6028830caff9ee44b42d32ed\"},\"breadcrumb\":{\"@id\":\"https:\/\/portaltela.pt\/noticias\/2026\/02\/27\/neymar-revela-a-vinicius-o-que-lhe-disse-apos-episodio-com-prestianni-na-luz\/#breadcrumb\"},\"inLanguage\":\"pt-PT\",\"potentialAction\":[{\"@type\":\"ReadAction\",\"target\":[\"https:\/\/portaltela.pt\/noticias\/2026\/02\/27\/neymar-revela-a-vinicius-o-que-lhe-disse-apos-episodio-com-prestianni-na-luz\/\"]}]},{\"@type\":\"ImageObject\",\"inLanguage\":\"pt-PT\",\"@id\":\"https:\/\/portaltela.pt\/noticias\/2026\/02\/27\/neymar-revela-a-vinicius-o-que-lhe-disse-apos-episodio-com-prestianni-na-luz\/#primaryimage\",\"url\":\"https:\/\/portaltela.pt\/s.01k8rhncp4jt1\/2026\/02\/img_1200x721uu2026-02-27-10-14-52-2423909.jpg\",\"contentUrl\":\"https:\/\/portaltela.pt\/s.01k8rhncp4jt1\/2026\/02\/img_1200x721uu2026-02-27-10-14-52-2423909.jpg\",\"width\":796,\"height\":448,\"caption\":\"Neymar revela o que disse a Vin\u00edcius ap\u00f3s caso com Prestianni na Luz: \u00abQue voltes a marcar e que festejes da mesma forma\u00bb\"},{\"@type\":\"BreadcrumbList\",\"@id\":\"https:\/\/portaltela.pt\/noticias\/2026\/02\/27\/neymar-revela-a-vinicius-o-que-lhe-disse-apos-episodio-com-prestianni-na-luz\/#breadcrumb\",\"itemListElement\":[{\"@type\":\"ListItem\",\"position\":1,\"name\":\"In\u00edcio\",\"item\":\"https:\/\/portaltela.pt\/\"},{\"@type\":\"ListItem\",\"position\":2,\"name\":\"Neymar revela a Vin\u00edcius o que lhe disse ap\u00f3s epis\u00f3dio com Prestianni na Luz\"}]},{\"@type\":\"WebSite\",\"@id\":\"https:\/\/portaltela.pt\/#website\",\"url\":\"https:\/\/portaltela.pt\/\",\"name\":\"Portal Tela Portugal\",\"description\":\"\",\"potentialAction\":[{\"@type\":\"SearchAction\",\"target\":{\"@type\":\"EntryPoint\",\"urlTemplate\":\"https:\/\/portaltela.pt\/?s={search_term_string}\"},\"query-input\":{\"@type\":\"PropertyValueSpecification\",\"valueRequired\":true,\"valueName\":\"search_term_string\"}}],\"inLanguage\":\"pt-PT\"},{\"@type\":\"Person\",\"@id\":\"https:\/\/portaltela.pt\/#\/schema\/person\/c4278d4a6028830caff9ee44b42d32ed\",\"name\":\"Telinha\",\"image\":{\"@type\":\"ImageObject\",\"inLanguage\":\"pt-PT\",\"@id\":\"https:\/\/portaltela.pt\/s.01k8rhncp4jt1\/2025\/11\/talking-bot-125x125.png\",\"url\":\"https:\/\/portaltela.pt\/s.01k8rhncp4jt1\/2025\/11\/talking-bot-125x125.png\",\"contentUrl\":\"https:\/\/portaltela.pt\/s.01k8rhncp4jt1\/2025\/11\/talking-bot-125x125.png\",\"caption\":\"Telinha\"},\"sameAs\":[\"https:\/\/portaltela.pt\/\"],\"url\":\"https:\/\/portaltela.pt\/por\/367410592786\/\"}]}<\/script>\n<!-- \/ Yoast SEO plugin. -->","yoast_head_json":{"title":"Neymar revela a Vin\u00edcius o que lhe disse ap\u00f3s epis\u00f3dio com Prestianni na Luz - Portal Tela Portugal","robots":{"index":"index","follow":"follow","max-snippet":"max-snippet:-1","max-image-preview":"max-image-preview:large","max-video-preview":"max-video-preview:-1"},"og_locale":"pt_PT","og_type":"article","og_title":"Neymar revela a Vin\u00edcius o que lhe disse ap\u00f3s epis\u00f3dio com Prestianni na Luz - Portal Tela Portugal","og_description":"Neymar marcou dois no triunfo do Santos frente ao Vasco (2-1) e dedicou um dos golos a Vin\u00edcius J\u00fanior. O jogador imitou a dan\u00e7a na bandeira de canto durante o festejo. Reiterou apoio ao jovem atacante do Real Madrid, Vin\u00edcius J\u00fanior. Disse o que lhe disse a Vin\u00edcius J\u00fanior ap\u00f3s o caso com Gianluca Prestianni na Luz. O epis\u00f3dio envolvendo Prestianni ocorreu na Luz.","og_url":"https:\/\/portaltela.pt\/noticias\/2026\/02\/27\/neymar-revela-a-vinicius-o-que-lhe-disse-apos-episodio-com-prestianni-na-luz\/","og_site_name":"Portal Tela Portugal","article_published_time":"2026-02-27T10:18:09+00:00","author":"Telinha","twitter_card":"summary_large_image","twitter_misc":{"Escrito por":"Telinha","Tempo estimado de leitura":"1 minuto"},"schema":{"@context":"https:\/\/schema.org","@graph":[{"@type":"Article","@id":"https:\/\/portaltela.pt\/noticias\/2026\/02\/27\/neymar-revela-a-vinicius-o-que-lhe-disse-apos-episodio-com-prestianni-na-luz\/#article","isPartOf":{"@id":"https:\/\/portaltela.pt\/noticias\/2026\/02\/27\/neymar-revela-a-vinicius-o-que-lhe-disse-apos-episodio-com-prestianni-na-luz\/"},"author":{"name":"Telinha","@id":"https:\/\/portaltela.pt\/#\/schema\/person\/c4278d4a6028830caff9ee44b42d32ed"},"headline":"Neymar revela a Vin\u00edcius o que lhe disse ap\u00f3s epis\u00f3dio com Prestianni na Luz","datePublished":"2026-02-27T10:18:09+00:00","mainEntityOfPage":{"@id":"https:\/\/portaltela.pt\/noticias\/2026\/02\/27\/neymar-revela-a-vinicius-o-que-lhe-disse-apos-episodio-com-prestianni-na-luz\/"},"wordCount":160,"image":{"@id":"https:\/\/portaltela.pt\/noticias\/2026\/02\/27\/neymar-revela-a-vinicius-o-que-lhe-disse-apos-episodio-com-prestianni-na-luz\/#primaryimage"},"thumbnailUrl":"https:\/\/portaltela.pt\/s.01k8rhncp4jt1\/2026\/02\/img_1200x721uu2026-02-27-10-14-52-2423909.jpg","keywords":["futebol","Gianluca Prestianni","Neymar","Santos","Vin\u00edcius J\u00fanior"],"articleSection":["Desporto","Futebol"],"inLanguage":"pt-PT"},{"@type":"WebPage","@id":"https:\/\/portaltela.pt\/noticias\/2026\/02\/27\/neymar-revela-a-vinicius-o-que-lhe-disse-apos-episodio-com-prestianni-na-luz\/","url":"https:\/\/portaltela.pt\/noticias\/2026\/02\/27\/neymar-revela-a-vinicius-o-que-lhe-disse-apos-episodio-com-prestianni-na-luz\/","name":"Neymar revela a Vin\u00edcius o que lhe disse ap\u00f3s epis\u00f3dio com Prestianni na Luz - Portal Tela Portugal","isPartOf":{"@id":"https:\/\/portaltela.pt\/#website"},"primaryImageOfPage":{"@id":"https:\/\/portaltela.pt\/noticias\/2026\/02\/27\/neymar-revela-a-vinicius-o-que-lhe-disse-apos-episodio-com-prestianni-na-luz\/#primaryimage"},"image":{"@id":"https:\/\/portaltela.pt\/noticias\/2026\/02\/27\/neymar-revela-a-vinicius-o-que-lhe-disse-apos-episodio-com-prestianni-na-luz\/#primaryimage"},"thumbnailUrl":"https:\/\/portaltela.pt\/s.01k8rhncp4jt1\/2026\/02\/img_1200x721uu2026-02-27-10-14-52-2423909.jpg","datePublished":"2026-02-27T10:18:09+00:00","author":{"@id":"https:\/\/portaltela.pt\/#\/schema\/person\/c4278d4a6028830caff9ee44b42d32ed"},"breadcrumb":{"@id":"https:\/\/portaltela.pt\/noticias\/2026\/02\/27\/neymar-revela-a-vinicius-o-que-lhe-disse-apos-episodio-com-prestianni-na-luz\/#breadcrumb"},"inLanguage":"pt-PT","potentialAction":[{"@type":"ReadAction","target":["https:\/\/portaltela.pt\/noticias\/2026\/02\/27\/neymar-revela-a-vinicius-o-que-lhe-disse-apos-episodio-com-prestianni-na-luz\/"]}]},{"@type":"ImageObject","inLanguage":"pt-PT","@id":"https:\/\/portaltela.pt\/noticias\/2026\/02\/27\/neymar-revela-a-vinicius-o-que-lhe-disse-apos-episodio-com-prestianni-na-luz\/#primaryimage","url":"https:\/\/portaltela.pt\/s.01k8rhncp4jt1\/2026\/02\/img_1200x721uu2026-02-27-10-14-52-2423909.jpg","contentUrl":"https:\/\/portaltela.pt\/s.01k8rhncp4jt1\/2026\/02\/img_1200x721uu2026-02-27-10-14-52-2423909.jpg","width":796,"height":448,"caption":"Neymar revela o que disse a Vin\u00edcius ap\u00f3s caso com Prestianni na Luz: \u00abQue voltes a marcar e que festejes da mesma forma\u00bb"},{"@type":"BreadcrumbList","@id":"https:\/\/portaltela.pt\/noticias\/2026\/02\/27\/neymar-revela-a-vinicius-o-que-lhe-disse-apos-episodio-com-prestianni-na-luz\/#breadcrumb","itemListElement":[{"@type":"ListItem","position":1,"name":"In\u00edcio","item":"https:\/\/portaltela.pt\/"},{"@type":"ListItem","position":2,"name":"Neymar revela a Vin\u00edcius o que lhe disse ap\u00f3s epis\u00f3dio com Prestianni na Luz"}]},{"@type":"WebSite","@id":"https:\/\/portaltela.pt\/#website","url":"https:\/\/portaltela.pt\/","name":"Portal Tela Portugal","description":"","potentialAction":[{"@type":"SearchAction","target":{"@type":"EntryPoint","urlTemplate":"https:\/\/portaltela.pt\/?s={search_term_string}"},"query-input":{"@type":"PropertyValueSpecification","valueRequired":true,"valueName":"search_term_string"}}],"inLanguage":"pt-PT"},{"@type":"Person","@id":"https:\/\/portaltela.pt\/#\/schema\/person\/c4278d4a6028830caff9ee44b42d32ed","name":"Telinha","image":{"@type":"ImageObject","inLanguage":"pt-PT","@id":"https:\/\/portaltela.pt\/s.01k8rhncp4jt1\/2025\/11\/talking-bot-125x125.png","url":"https:\/\/portaltela.pt\/s.01k8rhncp4jt1\/2025\/11\/talking-bot-125x125.png","contentUrl":"https:\/\/portaltela.pt\/s.01k8rhncp4jt1\/2025\/11\/talking-bot-125x125.png","caption":"Telinha"},"sameAs":["https:\/\/portaltela.pt\/"],"url":"https:\/\/portaltela.pt\/por\/367410592786\/"}]}},"_links":{"self":[{"href":"https:\/\/portaltela.pt\/api\/wp\/v2\/posts\/390454","targetHints":{"allow":["GET"]}}],"collection":[{"href":"https:\/\/portaltela.pt\/api\/wp\/v2\/posts"}],"about":[{"href":"https:\/\/portaltela.pt\/api\/wp\/v2\/types\/post"}],"author":[{"embeddable":true,"href":"https:\/\/portaltela.pt\/api\/wp\/v2\/users\/2"}],"replies":[{"embeddable":true,"href":"https:\/\/portaltela.pt\/api\/wp\/v2\/comments?post=390454"}],"version-history":[{"count":0,"href":"https:\/\/portaltela.pt\/api\/wp\/v2\/posts\/390454\/revisions"}],"wp:featuredmedia":[{"embeddable":true,"href":"https:\/\/portaltela.pt\/api\/wp\/v2\/media\/390461"}],"wp:attachment":[{"href":"https:\/\/portaltela.pt\/api\/wp\/v2\/media?parent=390454"}],"wp:term":[{"taxonomy":"category","embeddable":true,"href":"https:\/\/portaltela.pt\/api\/wp\/v2\/categories?post=390454"},{"taxonomy":"post_tag","embeddable":true,"href":"https:\/\/portaltela.pt\/api\/wp\/v2\/tags?post=390454"}],"curies":[{"name":"wp","href":"https:\/\/api.w.org\/{rel}","templated":true}]}}