{"id":390447,"date":"2026-02-27T07:05:00","date_gmt":"2026-02-27T10:05:00","guid":{"rendered":"https:\/\/portaltela.pt\/noticias\/2026\/02\/27\/caetano-veloso-atua-no-porto-em-regresso-a-portugal-em-maio\/"},"modified":"2026-02-27T07:05:00","modified_gmt":"2026-02-27T10:05:00","slug":"caetano-veloso-atua-no-porto-em-regresso-a-portugal-em-maio","status":"publish","type":"post","link":"https:\/\/portaltela.pt\/noticias\/2026\/02\/27\/caetano-veloso-atua-no-porto-em-regresso-a-portugal-em-maio\/","title":{"rendered":"Caetano Veloso atua no Porto em regresso a Portugal em maio"},"content":{"rendered":"<p>Caetano Veloso atua no Porto, marcando o regresso do artista a Portugal. O concerto est\u00e1 agendado para o m\u00eas de maio, ainda sem data oficial anunciada pela equipa de produ\u00e7\u00e3o.<\/p>\n<p>A apresenta\u00e7\u00e3o ocorre na cidade do Porto, em territ\u00f3rio portugu\u00eas, como parte de uma digress\u00e3o europeia. O an\u00fancio surge como retorno do m\u00fasico brasileiro ao pa\u00eds, ap\u00f3s per\u00edodos de concertos no passado.<\/p>\n<p>Segundo fontes pr\u00f3ximas, o objetivo \u00e9 celebrar o reencontro com o p\u00fablico portugu\u00eas e apresentar um alinhamento que mistura cl\u00e1ssicos e temas recentes. Detalhes log\u00edsticos e a venda de bilhetes devem ser divulgados pela promotora nas pr\u00f3ximas semanas.<\/p>\n<p>Fonte: LUSA<\/p>\n","protected":false},"excerpt":{"rendered":"<ul>\n<li>Caetano Veloso atua no Porto em maio, no regresso a Portugal.<\/li>\n<li>O concerto marca o retorno do artista brasileiro ao pa\u00eds.<\/li>\n<li>A not\u00edcia destaca o regresso de Veloso a Portugal para este espet\u00e1culo.<\/li>\n<\/ul>\n","protected":false},"author":2,"featured_media":390457,"comment_status":"closed","ping_status":"closed","sticky":false,"template":"","format":"standard","meta":{"footnotes":""},"categories":[12,1],"tags":[593,4886,2487,122,982,1014],"class_list":["post-390447","post","type-post","status-publish","format-standard","has-post-thumbnail","hentry","category-entretenimento","category-noticias","tag-concertos","tag-digressoes","tag-europa","tag-musica","tag-porto","tag-portugal"],"yoast_head":"<!-- This site is optimized with the Yoast SEO plugin v27.2 - https:\/\/yoast.com\/product\/yoast-seo-wordpress\/ -->\n<title>Caetano Veloso atua no Porto em regresso a Portugal em maio - Portal Tela Portugal<\/title>\n<meta name=\"robots\" content=\"index, follow, max-snippet:-1, max-image-preview:large, max-video-preview:-1\" \/>\n<meta property=\"og:locale\" content=\"pt_PT\" \/>\n<meta property=\"og:type\" content=\"article\" \/>\n<meta property=\"og:title\" content=\"Caetano Veloso atua no Porto em regresso a Portugal em maio - Portal Tela Portugal\" \/>\n<meta property=\"og:description\" content=\"Caetano Veloso atua no Porto em maio, no regresso a Portugal. O concerto marca o retorno do artista brasileiro ao pa\u00eds. A not\u00edcia destaca o regresso de Veloso a Portugal para este espet\u00e1culo.\" \/>\n<meta property=\"og:url\" content=\"https:\/\/portaltela.pt\/noticias\/2026\/02\/27\/caetano-veloso-atua-no-porto-em-regresso-a-portugal-em-maio\/\" \/>\n<meta property=\"og:site_name\" content=\"Portal Tela Portugal\" \/>\n<meta property=\"article:published_time\" content=\"2026-02-27T10:05:00+00:00\" \/>\n<meta name=\"author\" content=\"Telinha\" \/>\n<meta name=\"twitter:card\" content=\"summary_large_image\" \/>\n<meta name=\"twitter:label1\" content=\"Escrito por\" \/>\n\t<meta name=\"twitter:data1\" content=\"Telinha\" \/>\n\t<meta name=\"twitter:label2\" content=\"Tempo estimado de leitura\" \/>\n\t<meta name=\"twitter:data2\" content=\"1 minuto\" \/>\n<script type=\"application\/ld+json\" class=\"yoast-schema-graph\">{\"@context\":\"https:\/\/schema.org\",\"@graph\":[{\"@type\":\"Article\",\"@id\":\"https:\/\/portaltela.pt\/noticias\/2026\/02\/27\/caetano-veloso-atua-no-porto-em-regresso-a-portugal-em-maio\/#article\",\"isPartOf\":{\"@id\":\"https:\/\/portaltela.pt\/noticias\/2026\/02\/27\/caetano-veloso-atua-no-porto-em-regresso-a-portugal-em-maio\/\"},\"author\":{\"name\":\"Telinha\",\"@id\":\"https:\/\/portaltela.pt\/#\/schema\/person\/c4278d4a6028830caff9ee44b42d32ed\"},\"headline\":\"Caetano Veloso atua no Porto em regresso a Portugal em maio\",\"datePublished\":\"2026-02-27T10:05:00+00:00\",\"mainEntityOfPage\":{\"@id\":\"https:\/\/portaltela.pt\/noticias\/2026\/02\/27\/caetano-veloso-atua-no-porto-em-regresso-a-portugal-em-maio\/\"},\"wordCount\":129,\"image\":{\"@id\":\"https:\/\/portaltela.pt\/noticias\/2026\/02\/27\/caetano-veloso-atua-no-porto-em-regresso-a-portugal-em-maio\/#primaryimage\"},\"thumbnailUrl\":\"https:\/\/portaltela.pt\/s.01k8rhncp4jt1\/2026\/02\/CACHE_780X1200_ANALOG_WATERMARKED_45768620_10991618289703-1.jpg\",\"keywords\":[\"concertos\",\"digress\u00f5es\",\"Europa\",\"m\u00fasica\",\"Porto\",\"Portugal\"],\"articleSection\":[\"Entretenimento\",\"Not\u00edcias\"],\"inLanguage\":\"pt-PT\"},{\"@type\":\"WebPage\",\"@id\":\"https:\/\/portaltela.pt\/noticias\/2026\/02\/27\/caetano-veloso-atua-no-porto-em-regresso-a-portugal-em-maio\/\",\"url\":\"https:\/\/portaltela.pt\/noticias\/2026\/02\/27\/caetano-veloso-atua-no-porto-em-regresso-a-portugal-em-maio\/\",\"name\":\"Caetano Veloso atua no Porto em regresso a Portugal em maio - Portal Tela Portugal\",\"isPartOf\":{\"@id\":\"https:\/\/portaltela.pt\/#website\"},\"primaryImageOfPage\":{\"@id\":\"https:\/\/portaltela.pt\/noticias\/2026\/02\/27\/caetano-veloso-atua-no-porto-em-regresso-a-portugal-em-maio\/#primaryimage\"},\"image\":{\"@id\":\"https:\/\/portaltela.pt\/noticias\/2026\/02\/27\/caetano-veloso-atua-no-porto-em-regresso-a-portugal-em-maio\/#primaryimage\"},\"thumbnailUrl\":\"https:\/\/portaltela.pt\/s.01k8rhncp4jt1\/2026\/02\/CACHE_780X1200_ANALOG_WATERMARKED_45768620_10991618289703-1.jpg\",\"datePublished\":\"2026-02-27T10:05:00+00:00\",\"author\":{\"@id\":\"https:\/\/portaltela.pt\/#\/schema\/person\/c4278d4a6028830caff9ee44b42d32ed\"},\"breadcrumb\":{\"@id\":\"https:\/\/portaltela.pt\/noticias\/2026\/02\/27\/caetano-veloso-atua-no-porto-em-regresso-a-portugal-em-maio\/#breadcrumb\"},\"inLanguage\":\"pt-PT\",\"potentialAction\":[{\"@type\":\"ReadAction\",\"target\":[\"https:\/\/portaltela.pt\/noticias\/2026\/02\/27\/caetano-veloso-atua-no-porto-em-regresso-a-portugal-em-maio\/\"]}]},{\"@type\":\"ImageObject\",\"inLanguage\":\"pt-PT\",\"@id\":\"https:\/\/portaltela.pt\/noticias\/2026\/02\/27\/caetano-veloso-atua-no-porto-em-regresso-a-portugal-em-maio\/#primaryimage\",\"url\":\"https:\/\/portaltela.pt\/s.01k8rhncp4jt1\/2026\/02\/CACHE_780X1200_ANALOG_WATERMARKED_45768620_10991618289703-1.jpg\",\"contentUrl\":\"https:\/\/portaltela.pt\/s.01k8rhncp4jt1\/2026\/02\/CACHE_780X1200_ANALOG_WATERMARKED_45768620_10991618289703-1.jpg\",\"width\":796,\"height\":448,\"caption\":\"Caetano Veloso atua no Porto no seu regresso a Portugal em maio\"},{\"@type\":\"BreadcrumbList\",\"@id\":\"https:\/\/portaltela.pt\/noticias\/2026\/02\/27\/caetano-veloso-atua-no-porto-em-regresso-a-portugal-em-maio\/#breadcrumb\",\"itemListElement\":[{\"@type\":\"ListItem\",\"position\":1,\"name\":\"In\u00edcio\",\"item\":\"https:\/\/portaltela.pt\/\"},{\"@type\":\"ListItem\",\"position\":2,\"name\":\"Caetano Veloso atua no Porto em regresso a Portugal em maio\"}]},{\"@type\":\"WebSite\",\"@id\":\"https:\/\/portaltela.pt\/#website\",\"url\":\"https:\/\/portaltela.pt\/\",\"name\":\"Portal Tela Portugal\",\"description\":\"\",\"potentialAction\":[{\"@type\":\"SearchAction\",\"target\":{\"@type\":\"EntryPoint\",\"urlTemplate\":\"https:\/\/portaltela.pt\/?s={search_term_string}\"},\"query-input\":{\"@type\":\"PropertyValueSpecification\",\"valueRequired\":true,\"valueName\":\"search_term_string\"}}],\"inLanguage\":\"pt-PT\"},{\"@type\":\"Person\",\"@id\":\"https:\/\/portaltela.pt\/#\/schema\/person\/c4278d4a6028830caff9ee44b42d32ed\",\"name\":\"Telinha\",\"image\":{\"@type\":\"ImageObject\",\"inLanguage\":\"pt-PT\",\"@id\":\"https:\/\/portaltela.pt\/s.01k8rhncp4jt1\/2025\/11\/talking-bot-125x125.png\",\"url\":\"https:\/\/portaltela.pt\/s.01k8rhncp4jt1\/2025\/11\/talking-bot-125x125.png\",\"contentUrl\":\"https:\/\/portaltela.pt\/s.01k8rhncp4jt1\/2025\/11\/talking-bot-125x125.png\",\"caption\":\"Telinha\"},\"sameAs\":[\"https:\/\/portaltela.pt\/\"],\"url\":\"https:\/\/portaltela.pt\/por\/367410592786\/\"}]}<\/script>\n<!-- \/ Yoast SEO plugin. -->","yoast_head_json":{"title":"Caetano Veloso atua no Porto em regresso a Portugal em maio - Portal Tela Portugal","robots":{"index":"index","follow":"follow","max-snippet":"max-snippet:-1","max-image-preview":"max-image-preview:large","max-video-preview":"max-video-preview:-1"},"og_locale":"pt_PT","og_type":"article","og_title":"Caetano Veloso atua no Porto em regresso a Portugal em maio - Portal Tela Portugal","og_description":"Caetano Veloso atua no Porto em maio, no regresso a Portugal. O concerto marca o retorno do artista brasileiro ao pa\u00eds. A not\u00edcia destaca o regresso de Veloso a Portugal para este espet\u00e1culo.","og_url":"https:\/\/portaltela.pt\/noticias\/2026\/02\/27\/caetano-veloso-atua-no-porto-em-regresso-a-portugal-em-maio\/","og_site_name":"Portal Tela Portugal","article_published_time":"2026-02-27T10:05:00+00:00","author":"Telinha","twitter_card":"summary_large_image","twitter_misc":{"Escrito por":"Telinha","Tempo estimado de leitura":"1 minuto"},"schema":{"@context":"https:\/\/schema.org","@graph":[{"@type":"Article","@id":"https:\/\/portaltela.pt\/noticias\/2026\/02\/27\/caetano-veloso-atua-no-porto-em-regresso-a-portugal-em-maio\/#article","isPartOf":{"@id":"https:\/\/portaltela.pt\/noticias\/2026\/02\/27\/caetano-veloso-atua-no-porto-em-regresso-a-portugal-em-maio\/"},"author":{"name":"Telinha","@id":"https:\/\/portaltela.pt\/#\/schema\/person\/c4278d4a6028830caff9ee44b42d32ed"},"headline":"Caetano Veloso atua no Porto em regresso a Portugal em maio","datePublished":"2026-02-27T10:05:00+00:00","mainEntityOfPage":{"@id":"https:\/\/portaltela.pt\/noticias\/2026\/02\/27\/caetano-veloso-atua-no-porto-em-regresso-a-portugal-em-maio\/"},"wordCount":129,"image":{"@id":"https:\/\/portaltela.pt\/noticias\/2026\/02\/27\/caetano-veloso-atua-no-porto-em-regresso-a-portugal-em-maio\/#primaryimage"},"thumbnailUrl":"https:\/\/portaltela.pt\/s.01k8rhncp4jt1\/2026\/02\/CACHE_780X1200_ANALOG_WATERMARKED_45768620_10991618289703-1.jpg","keywords":["concertos","digress\u00f5es","Europa","m\u00fasica","Porto","Portugal"],"articleSection":["Entretenimento","Not\u00edcias"],"inLanguage":"pt-PT"},{"@type":"WebPage","@id":"https:\/\/portaltela.pt\/noticias\/2026\/02\/27\/caetano-veloso-atua-no-porto-em-regresso-a-portugal-em-maio\/","url":"https:\/\/portaltela.pt\/noticias\/2026\/02\/27\/caetano-veloso-atua-no-porto-em-regresso-a-portugal-em-maio\/","name":"Caetano Veloso atua no Porto em regresso a Portugal em maio - Portal Tela Portugal","isPartOf":{"@id":"https:\/\/portaltela.pt\/#website"},"primaryImageOfPage":{"@id":"https:\/\/portaltela.pt\/noticias\/2026\/02\/27\/caetano-veloso-atua-no-porto-em-regresso-a-portugal-em-maio\/#primaryimage"},"image":{"@id":"https:\/\/portaltela.pt\/noticias\/2026\/02\/27\/caetano-veloso-atua-no-porto-em-regresso-a-portugal-em-maio\/#primaryimage"},"thumbnailUrl":"https:\/\/portaltela.pt\/s.01k8rhncp4jt1\/2026\/02\/CACHE_780X1200_ANALOG_WATERMARKED_45768620_10991618289703-1.jpg","datePublished":"2026-02-27T10:05:00+00:00","author":{"@id":"https:\/\/portaltela.pt\/#\/schema\/person\/c4278d4a6028830caff9ee44b42d32ed"},"breadcrumb":{"@id":"https:\/\/portaltela.pt\/noticias\/2026\/02\/27\/caetano-veloso-atua-no-porto-em-regresso-a-portugal-em-maio\/#breadcrumb"},"inLanguage":"pt-PT","potentialAction":[{"@type":"ReadAction","target":["https:\/\/portaltela.pt\/noticias\/2026\/02\/27\/caetano-veloso-atua-no-porto-em-regresso-a-portugal-em-maio\/"]}]},{"@type":"ImageObject","inLanguage":"pt-PT","@id":"https:\/\/portaltela.pt\/noticias\/2026\/02\/27\/caetano-veloso-atua-no-porto-em-regresso-a-portugal-em-maio\/#primaryimage","url":"https:\/\/portaltela.pt\/s.01k8rhncp4jt1\/2026\/02\/CACHE_780X1200_ANALOG_WATERMARKED_45768620_10991618289703-1.jpg","contentUrl":"https:\/\/portaltela.pt\/s.01k8rhncp4jt1\/2026\/02\/CACHE_780X1200_ANALOG_WATERMARKED_45768620_10991618289703-1.jpg","width":796,"height":448,"caption":"Caetano Veloso atua no Porto no seu regresso a Portugal em maio"},{"@type":"BreadcrumbList","@id":"https:\/\/portaltela.pt\/noticias\/2026\/02\/27\/caetano-veloso-atua-no-porto-em-regresso-a-portugal-em-maio\/#breadcrumb","itemListElement":[{"@type":"ListItem","position":1,"name":"In\u00edcio","item":"https:\/\/portaltela.pt\/"},{"@type":"ListItem","position":2,"name":"Caetano Veloso atua no Porto em regresso a Portugal em maio"}]},{"@type":"WebSite","@id":"https:\/\/portaltela.pt\/#website","url":"https:\/\/portaltela.pt\/","name":"Portal Tela Portugal","description":"","potentialAction":[{"@type":"SearchAction","target":{"@type":"EntryPoint","urlTemplate":"https:\/\/portaltela.pt\/?s={search_term_string}"},"query-input":{"@type":"PropertyValueSpecification","valueRequired":true,"valueName":"search_term_string"}}],"inLanguage":"pt-PT"},{"@type":"Person","@id":"https:\/\/portaltela.pt\/#\/schema\/person\/c4278d4a6028830caff9ee44b42d32ed","name":"Telinha","image":{"@type":"ImageObject","inLanguage":"pt-PT","@id":"https:\/\/portaltela.pt\/s.01k8rhncp4jt1\/2025\/11\/talking-bot-125x125.png","url":"https:\/\/portaltela.pt\/s.01k8rhncp4jt1\/2025\/11\/talking-bot-125x125.png","contentUrl":"https:\/\/portaltela.pt\/s.01k8rhncp4jt1\/2025\/11\/talking-bot-125x125.png","caption":"Telinha"},"sameAs":["https:\/\/portaltela.pt\/"],"url":"https:\/\/portaltela.pt\/por\/367410592786\/"}]}},"_links":{"self":[{"href":"https:\/\/portaltela.pt\/api\/wp\/v2\/posts\/390447","targetHints":{"allow":["GET"]}}],"collection":[{"href":"https:\/\/portaltela.pt\/api\/wp\/v2\/posts"}],"about":[{"href":"https:\/\/portaltela.pt\/api\/wp\/v2\/types\/post"}],"author":[{"embeddable":true,"href":"https:\/\/portaltela.pt\/api\/wp\/v2\/users\/2"}],"replies":[{"embeddable":true,"href":"https:\/\/portaltela.pt\/api\/wp\/v2\/comments?post=390447"}],"version-history":[{"count":0,"href":"https:\/\/portaltela.pt\/api\/wp\/v2\/posts\/390447\/revisions"}],"wp:featuredmedia":[{"embeddable":true,"href":"https:\/\/portaltela.pt\/api\/wp\/v2\/media\/390457"}],"wp:attachment":[{"href":"https:\/\/portaltela.pt\/api\/wp\/v2\/media?parent=390447"}],"wp:term":[{"taxonomy":"category","embeddable":true,"href":"https:\/\/portaltela.pt\/api\/wp\/v2\/categories?post=390447"},{"taxonomy":"post_tag","embeddable":true,"href":"https:\/\/portaltela.pt\/api\/wp\/v2\/tags?post=390447"}],"curies":[{"name":"wp","href":"https:\/\/api.w.org\/{rel}","templated":true}]}}