{"id":390446,"date":"2026-02-27T07:03:00","date_gmt":"2026-02-27T10:03:00","guid":{"rendered":"https:\/\/portaltela.pt\/noticias\/2026\/02\/27\/democracia-nao-se-ensina-nas-escolas-criam-se-condicoes-para-aprender\/"},"modified":"2026-02-27T07:03:00","modified_gmt":"2026-02-27T10:03:00","slug":"democracia-nao-se-ensina-nas-escolas-criam-se-condicoes-para-aprender","status":"publish","type":"post","link":"https:\/\/portaltela.pt\/noticias\/2026\/02\/27\/democracia-nao-se-ensina-nas-escolas-criam-se-condicoes-para-aprender\/","title":{"rendered":"Democracia n\u00e3o se ensina nas escolas; criam-se condi\u00e7\u00f5es para aprender"},"content":{"rendered":"<p>A educa\u00e7\u00e3o para os valores democr\u00e1ticos ganha relev\u00e2ncia num momento em que a comunica\u00e7\u00e3o global se intensifica. A ideia central \u00e9 que a democracia se aprende na pr\u00e1tica, atrav\u00e9s de viv\u00eancias consistentes nas escolas, n\u00e3o apenas por discursos.<\/p>\n<p>O texto defende que a participa\u00e7\u00e3o das crian\u00e7as na gest\u00e3o escolar \u00e9 determinante para o desenvolvimento de compet\u00eancias c\u00edvicas. A aprendizagem ocorre pela imers\u00e3o em regras, decis\u00f5es e responsabilidades, com a compreens\u00e3o de que liberdade implica responsabilidade.<\/p>\n<p>A participa\u00e7\u00e3o ativa deve incluir planifica\u00e7\u00e3o de atividades, defini\u00e7\u00e3o de condutas e gest\u00e3o de espa\u00e7os comuns. Quando as crian\u00e7as influenciam decis\u00f5es, espera-se que este envolvimento seja interiorizado, n\u00e3o apenas imposto pelo professor.<\/p>\n<h3>Imers\u00e3o na participa\u00e7\u00e3o democr\u00e1tica<\/h3>\n<p>Para que as crian\u00e7as internalizem regras, \u00e9 essencial que tenham voz na organiza\u00e7\u00e3o de atividades pedag\u00f3gicas e na Assembleia de turmas. A participa\u00e7\u00e3o respons\u00e1vel requer perceber que a liberdade traz responsabilidade.<\/p>\n<p>As pr\u00e1ticas devem ocorrer ao longo do tempo, com registos semanais de acontecimentos e momentos de di\u00e1logo. Este modelo favorece respeito, toler\u00e2ncia e empatia, pilares da conviv\u00eancia democr\u00e1tica.<\/p>\n<h3>Liberdade implica responsabilidade!<\/h3>\n<p>O envolvimento nas decis\u00f5es cria compromisso com as resolu\u00e7\u00f5es aprovadas. O objetivo \u00e9 que as crian\u00e7as se sintam ligadas ao processo decis\u00f3rio, desenvolvendo uma postura aut\u00f4noma de an\u00e1lise e de escolhas.<\/p>\n<p>O processo envolve avan\u00e7os e recuos, mas pretende criar h\u00e1bitos de reflex\u00e3o antes da a\u00e7\u00e3o. A gest\u00e3o de conflitos \u00e9 apresentada como ferramenta para reduzir respostas impulsivas.<\/p>\n<h3>O papel do fair play<\/h3>\n<p>A pr\u00e1tica desportiva \u00e9 citada como exemplo de conviv\u00eancia justa, onde se aprende a lidar com vit\u00f3rias e derrotas com respeito. O fair play serve de modelo para rela\u00e7\u00f5es equilibradas dentro da escola.<\/p>\n<h3>O papel do exemplo<\/h3>\n<p>Professores e adultos devem modelar comportamentos consistentes com o que ensinam. Crian\u00e7as observam com aten\u00e7\u00e3o e tendem a imitar atitudes, por isso a coer\u00eancia entre palavras e a\u00e7\u00f5es \u00e9 essencial.<\/p>\n<h3>Desenvolvimento do pensamento cr\u00edtico<\/h3>\n<p>Num mundo com excesso de informa\u00e7\u00e3o, o pensamento cr\u00edtico \u00e9 fundamental. \u00c9 necess\u00e1rio estimular a curiosidade, reconhecer limites do conhecimento e, ao mesmo tempo, desafiar ideias com base em evid\u00eancia.<\/p>\n","protected":false},"excerpt":{"rendered":"<ul>\n<li>A educa\u00e7\u00e3o para valores democr\u00e1ticos depende de uma pr\u00e1tica na escola, envolvendo os alunos na gest\u00e3o da vida escolar.<\/li>\n<li>A participa\u00e7\u00e3o ativa das crian\u00e7as na planifica\u00e7\u00e3o, nas regras de conduta e nas decis\u00f5es escolares refor\u00e7a a rela\u00e7\u00e3o entre liberdade e responsabilidade.<\/li>\n<li>A gest\u00e3o de conflitos, atrav\u00e9s de registos e assembleias semanais, desenvolve respeito, toler\u00e2ncia, compreens\u00e3o e empatia.<\/li>\n<li>Um atraso entre o acontecimento e a discuss\u00e3o desarma a emo\u00e7\u00e3o, promovendo pensamento reflexivo e respostas mais ponderadas.<\/li>\n<li>O papel dos adultos, especialmente dos professores, \u00e9 fundamental como modelo de comportamento, aliado ao ensino do fair play e ao desenvolvimento do pensamento cr\u00edtico desde cedo.<\/li>\n<\/ul>\n","protected":false},"author":2,"featured_media":390456,"comment_status":"closed","ping_status":"closed","sticky":false,"template":"","format":"standard","meta":{"footnotes":""},"categories":[1],"tags":[370,2795,163,5965,2443,1249],"class_list":["post-390446","post","type-post","status-publish","format-standard","has-post-thumbnail","hentry","category-noticias","tag-cidadania","tag-democracia","tag-educacao","tag-educacao-para-a-cidadania","tag-educacao-publica","tag-participacao"],"yoast_head":"<!-- This site is optimized with the Yoast SEO plugin v27.2 - https:\/\/yoast.com\/product\/yoast-seo-wordpress\/ -->\n<title>Democracia n\u00e3o se ensina nas escolas; criam-se condi\u00e7\u00f5es para aprender - Portal Tela Portugal<\/title>\n<meta name=\"robots\" content=\"index, follow, max-snippet:-1, max-image-preview:large, max-video-preview:-1\" \/>\n<meta property=\"og:locale\" content=\"pt_PT\" \/>\n<meta property=\"og:type\" content=\"article\" \/>\n<meta property=\"og:title\" content=\"Democracia n\u00e3o se ensina nas escolas; criam-se condi\u00e7\u00f5es para aprender - Portal Tela Portugal\" \/>\n<meta property=\"og:description\" content=\"A educa\u00e7\u00e3o para valores democr\u00e1ticos depende de uma pr\u00e1tica na escola, envolvendo os alunos na gest\u00e3o da vida escolar. A participa\u00e7\u00e3o ativa das crian\u00e7as na planifica\u00e7\u00e3o, nas regras de conduta e nas decis\u00f5es escolares refor\u00e7a a rela\u00e7\u00e3o entre liberdade e responsabilidade. A gest\u00e3o de conflitos, atrav\u00e9s de registos e assembleias semanais, desenvolve respeito, toler\u00e2ncia, compreens\u00e3o e empatia. Um atraso entre o acontecimento e a discuss\u00e3o desarma a emo\u00e7\u00e3o, promovendo pensamento reflexivo e respostas mais ponderadas. O papel dos adultos, especialmente dos professores, \u00e9 fundamental como modelo de comportamento, aliado ao ensino do fair play e ao desenvolvimento do pensamento cr\u00edtico desde cedo.\" \/>\n<meta property=\"og:url\" content=\"https:\/\/portaltela.pt\/noticias\/2026\/02\/27\/democracia-nao-se-ensina-nas-escolas-criam-se-condicoes-para-aprender\/\" \/>\n<meta property=\"og:site_name\" content=\"Portal Tela Portugal\" \/>\n<meta property=\"article:published_time\" content=\"2026-02-27T10:03:00+00:00\" \/>\n<meta name=\"author\" content=\"Telinha\" \/>\n<meta name=\"twitter:card\" content=\"summary_large_image\" \/>\n<meta name=\"twitter:label1\" content=\"Escrito por\" \/>\n\t<meta name=\"twitter:data1\" content=\"Telinha\" \/>\n\t<meta name=\"twitter:label2\" content=\"Tempo estimado de leitura\" \/>\n\t<meta name=\"twitter:data2\" content=\"2 minutos\" \/>\n<script type=\"application\/ld+json\" class=\"yoast-schema-graph\">{\"@context\":\"https:\/\/schema.org\",\"@graph\":[{\"@type\":\"Article\",\"@id\":\"https:\/\/portaltela.pt\/noticias\/2026\/02\/27\/democracia-nao-se-ensina-nas-escolas-criam-se-condicoes-para-aprender\/#article\",\"isPartOf\":{\"@id\":\"https:\/\/portaltela.pt\/noticias\/2026\/02\/27\/democracia-nao-se-ensina-nas-escolas-criam-se-condicoes-para-aprender\/\"},\"author\":{\"name\":\"Telinha\",\"@id\":\"https:\/\/portaltela.pt\/#\/schema\/person\/c4278d4a6028830caff9ee44b42d32ed\"},\"headline\":\"Democracia n\u00e3o se ensina nas escolas; criam-se condi\u00e7\u00f5es para aprender\",\"datePublished\":\"2026-02-27T10:03:00+00:00\",\"mainEntityOfPage\":{\"@id\":\"https:\/\/portaltela.pt\/noticias\/2026\/02\/27\/democracia-nao-se-ensina-nas-escolas-criam-se-condicoes-para-aprender\/\"},\"wordCount\":401,\"image\":{\"@id\":\"https:\/\/portaltela.pt\/noticias\/2026\/02\/27\/democracia-nao-se-ensina-nas-escolas-criam-se-condicoes-para-aprender\/#primaryimage\"},\"thumbnailUrl\":\"https:\/\/portaltela.pt\/s.01k8rhncp4jt1\/2026\/02\/2070204.jpg\",\"keywords\":[\"cidadania\",\"democracia\",\"educa\u00e7\u00e3o\",\"Educa\u00e7\u00e3o para a Cidadania\",\"educa\u00e7\u00e3o p\u00fablica\",\"participa\u00e7\u00e3o\"],\"articleSection\":[\"Not\u00edcias\"],\"inLanguage\":\"pt-PT\"},{\"@type\":\"WebPage\",\"@id\":\"https:\/\/portaltela.pt\/noticias\/2026\/02\/27\/democracia-nao-se-ensina-nas-escolas-criam-se-condicoes-para-aprender\/\",\"url\":\"https:\/\/portaltela.pt\/noticias\/2026\/02\/27\/democracia-nao-se-ensina-nas-escolas-criam-se-condicoes-para-aprender\/\",\"name\":\"Democracia n\u00e3o se ensina nas escolas; criam-se condi\u00e7\u00f5es para aprender - Portal Tela Portugal\",\"isPartOf\":{\"@id\":\"https:\/\/portaltela.pt\/#website\"},\"primaryImageOfPage\":{\"@id\":\"https:\/\/portaltela.pt\/noticias\/2026\/02\/27\/democracia-nao-se-ensina-nas-escolas-criam-se-condicoes-para-aprender\/#primaryimage\"},\"image\":{\"@id\":\"https:\/\/portaltela.pt\/noticias\/2026\/02\/27\/democracia-nao-se-ensina-nas-escolas-criam-se-condicoes-para-aprender\/#primaryimage\"},\"thumbnailUrl\":\"https:\/\/portaltela.pt\/s.01k8rhncp4jt1\/2026\/02\/2070204.jpg\",\"datePublished\":\"2026-02-27T10:03:00+00:00\",\"author\":{\"@id\":\"https:\/\/portaltela.pt\/#\/schema\/person\/c4278d4a6028830caff9ee44b42d32ed\"},\"breadcrumb\":{\"@id\":\"https:\/\/portaltela.pt\/noticias\/2026\/02\/27\/democracia-nao-se-ensina-nas-escolas-criam-se-condicoes-para-aprender\/#breadcrumb\"},\"inLanguage\":\"pt-PT\",\"potentialAction\":[{\"@type\":\"ReadAction\",\"target\":[\"https:\/\/portaltela.pt\/noticias\/2026\/02\/27\/democracia-nao-se-ensina-nas-escolas-criam-se-condicoes-para-aprender\/\"]}]},{\"@type\":\"ImageObject\",\"inLanguage\":\"pt-PT\",\"@id\":\"https:\/\/portaltela.pt\/noticias\/2026\/02\/27\/democracia-nao-se-ensina-nas-escolas-criam-se-condicoes-para-aprender\/#primaryimage\",\"url\":\"https:\/\/portaltela.pt\/s.01k8rhncp4jt1\/2026\/02\/2070204.jpg\",\"contentUrl\":\"https:\/\/portaltela.pt\/s.01k8rhncp4jt1\/2026\/02\/2070204.jpg\",\"width\":796,\"height\":448,\"caption\":\"As crian\u00e7as s\u00e3o observadoras atentas e sens\u00edveis, aprendendo mais atrav\u00e9s da observa\u00e7\u00e3o direta do que dos discursos proferidos\"},{\"@type\":\"BreadcrumbList\",\"@id\":\"https:\/\/portaltela.pt\/noticias\/2026\/02\/27\/democracia-nao-se-ensina-nas-escolas-criam-se-condicoes-para-aprender\/#breadcrumb\",\"itemListElement\":[{\"@type\":\"ListItem\",\"position\":1,\"name\":\"In\u00edcio\",\"item\":\"https:\/\/portaltela.pt\/\"},{\"@type\":\"ListItem\",\"position\":2,\"name\":\"Democracia n\u00e3o se ensina nas escolas; criam-se condi\u00e7\u00f5es para aprender\"}]},{\"@type\":\"WebSite\",\"@id\":\"https:\/\/portaltela.pt\/#website\",\"url\":\"https:\/\/portaltela.pt\/\",\"name\":\"Portal Tela Portugal\",\"description\":\"\",\"potentialAction\":[{\"@type\":\"SearchAction\",\"target\":{\"@type\":\"EntryPoint\",\"urlTemplate\":\"https:\/\/portaltela.pt\/?s={search_term_string}\"},\"query-input\":{\"@type\":\"PropertyValueSpecification\",\"valueRequired\":true,\"valueName\":\"search_term_string\"}}],\"inLanguage\":\"pt-PT\"},{\"@type\":\"Person\",\"@id\":\"https:\/\/portaltela.pt\/#\/schema\/person\/c4278d4a6028830caff9ee44b42d32ed\",\"name\":\"Telinha\",\"image\":{\"@type\":\"ImageObject\",\"inLanguage\":\"pt-PT\",\"@id\":\"https:\/\/portaltela.pt\/s.01k8rhncp4jt1\/2025\/11\/talking-bot-125x125.png\",\"url\":\"https:\/\/portaltela.pt\/s.01k8rhncp4jt1\/2025\/11\/talking-bot-125x125.png\",\"contentUrl\":\"https:\/\/portaltela.pt\/s.01k8rhncp4jt1\/2025\/11\/talking-bot-125x125.png\",\"caption\":\"Telinha\"},\"sameAs\":[\"https:\/\/portaltela.pt\/\"],\"url\":\"https:\/\/portaltela.pt\/por\/367410592786\/\"}]}<\/script>\n<!-- \/ Yoast SEO plugin. -->","yoast_head_json":{"title":"Democracia n\u00e3o se ensina nas escolas; criam-se condi\u00e7\u00f5es para aprender - Portal Tela Portugal","robots":{"index":"index","follow":"follow","max-snippet":"max-snippet:-1","max-image-preview":"max-image-preview:large","max-video-preview":"max-video-preview:-1"},"og_locale":"pt_PT","og_type":"article","og_title":"Democracia n\u00e3o se ensina nas escolas; criam-se condi\u00e7\u00f5es para aprender - Portal Tela Portugal","og_description":"A educa\u00e7\u00e3o para valores democr\u00e1ticos depende de uma pr\u00e1tica na escola, envolvendo os alunos na gest\u00e3o da vida escolar. A participa\u00e7\u00e3o ativa das crian\u00e7as na planifica\u00e7\u00e3o, nas regras de conduta e nas decis\u00f5es escolares refor\u00e7a a rela\u00e7\u00e3o entre liberdade e responsabilidade. A gest\u00e3o de conflitos, atrav\u00e9s de registos e assembleias semanais, desenvolve respeito, toler\u00e2ncia, compreens\u00e3o e empatia. Um atraso entre o acontecimento e a discuss\u00e3o desarma a emo\u00e7\u00e3o, promovendo pensamento reflexivo e respostas mais ponderadas. O papel dos adultos, especialmente dos professores, \u00e9 fundamental como modelo de comportamento, aliado ao ensino do fair play e ao desenvolvimento do pensamento cr\u00edtico desde cedo.","og_url":"https:\/\/portaltela.pt\/noticias\/2026\/02\/27\/democracia-nao-se-ensina-nas-escolas-criam-se-condicoes-para-aprender\/","og_site_name":"Portal Tela Portugal","article_published_time":"2026-02-27T10:03:00+00:00","author":"Telinha","twitter_card":"summary_large_image","twitter_misc":{"Escrito por":"Telinha","Tempo estimado de leitura":"2 minutos"},"schema":{"@context":"https:\/\/schema.org","@graph":[{"@type":"Article","@id":"https:\/\/portaltela.pt\/noticias\/2026\/02\/27\/democracia-nao-se-ensina-nas-escolas-criam-se-condicoes-para-aprender\/#article","isPartOf":{"@id":"https:\/\/portaltela.pt\/noticias\/2026\/02\/27\/democracia-nao-se-ensina-nas-escolas-criam-se-condicoes-para-aprender\/"},"author":{"name":"Telinha","@id":"https:\/\/portaltela.pt\/#\/schema\/person\/c4278d4a6028830caff9ee44b42d32ed"},"headline":"Democracia n\u00e3o se ensina nas escolas; criam-se condi\u00e7\u00f5es para aprender","datePublished":"2026-02-27T10:03:00+00:00","mainEntityOfPage":{"@id":"https:\/\/portaltela.pt\/noticias\/2026\/02\/27\/democracia-nao-se-ensina-nas-escolas-criam-se-condicoes-para-aprender\/"},"wordCount":401,"image":{"@id":"https:\/\/portaltela.pt\/noticias\/2026\/02\/27\/democracia-nao-se-ensina-nas-escolas-criam-se-condicoes-para-aprender\/#primaryimage"},"thumbnailUrl":"https:\/\/portaltela.pt\/s.01k8rhncp4jt1\/2026\/02\/2070204.jpg","keywords":["cidadania","democracia","educa\u00e7\u00e3o","Educa\u00e7\u00e3o para a Cidadania","educa\u00e7\u00e3o p\u00fablica","participa\u00e7\u00e3o"],"articleSection":["Not\u00edcias"],"inLanguage":"pt-PT"},{"@type":"WebPage","@id":"https:\/\/portaltela.pt\/noticias\/2026\/02\/27\/democracia-nao-se-ensina-nas-escolas-criam-se-condicoes-para-aprender\/","url":"https:\/\/portaltela.pt\/noticias\/2026\/02\/27\/democracia-nao-se-ensina-nas-escolas-criam-se-condicoes-para-aprender\/","name":"Democracia n\u00e3o se ensina nas escolas; criam-se condi\u00e7\u00f5es para aprender - Portal Tela Portugal","isPartOf":{"@id":"https:\/\/portaltela.pt\/#website"},"primaryImageOfPage":{"@id":"https:\/\/portaltela.pt\/noticias\/2026\/02\/27\/democracia-nao-se-ensina-nas-escolas-criam-se-condicoes-para-aprender\/#primaryimage"},"image":{"@id":"https:\/\/portaltela.pt\/noticias\/2026\/02\/27\/democracia-nao-se-ensina-nas-escolas-criam-se-condicoes-para-aprender\/#primaryimage"},"thumbnailUrl":"https:\/\/portaltela.pt\/s.01k8rhncp4jt1\/2026\/02\/2070204.jpg","datePublished":"2026-02-27T10:03:00+00:00","author":{"@id":"https:\/\/portaltela.pt\/#\/schema\/person\/c4278d4a6028830caff9ee44b42d32ed"},"breadcrumb":{"@id":"https:\/\/portaltela.pt\/noticias\/2026\/02\/27\/democracia-nao-se-ensina-nas-escolas-criam-se-condicoes-para-aprender\/#breadcrumb"},"inLanguage":"pt-PT","potentialAction":[{"@type":"ReadAction","target":["https:\/\/portaltela.pt\/noticias\/2026\/02\/27\/democracia-nao-se-ensina-nas-escolas-criam-se-condicoes-para-aprender\/"]}]},{"@type":"ImageObject","inLanguage":"pt-PT","@id":"https:\/\/portaltela.pt\/noticias\/2026\/02\/27\/democracia-nao-se-ensina-nas-escolas-criam-se-condicoes-para-aprender\/#primaryimage","url":"https:\/\/portaltela.pt\/s.01k8rhncp4jt1\/2026\/02\/2070204.jpg","contentUrl":"https:\/\/portaltela.pt\/s.01k8rhncp4jt1\/2026\/02\/2070204.jpg","width":796,"height":448,"caption":"As crian\u00e7as s\u00e3o observadoras atentas e sens\u00edveis, aprendendo mais atrav\u00e9s da observa\u00e7\u00e3o direta do que dos discursos proferidos"},{"@type":"BreadcrumbList","@id":"https:\/\/portaltela.pt\/noticias\/2026\/02\/27\/democracia-nao-se-ensina-nas-escolas-criam-se-condicoes-para-aprender\/#breadcrumb","itemListElement":[{"@type":"ListItem","position":1,"name":"In\u00edcio","item":"https:\/\/portaltela.pt\/"},{"@type":"ListItem","position":2,"name":"Democracia n\u00e3o se ensina nas escolas; criam-se condi\u00e7\u00f5es para aprender"}]},{"@type":"WebSite","@id":"https:\/\/portaltela.pt\/#website","url":"https:\/\/portaltela.pt\/","name":"Portal Tela Portugal","description":"","potentialAction":[{"@type":"SearchAction","target":{"@type":"EntryPoint","urlTemplate":"https:\/\/portaltela.pt\/?s={search_term_string}"},"query-input":{"@type":"PropertyValueSpecification","valueRequired":true,"valueName":"search_term_string"}}],"inLanguage":"pt-PT"},{"@type":"Person","@id":"https:\/\/portaltela.pt\/#\/schema\/person\/c4278d4a6028830caff9ee44b42d32ed","name":"Telinha","image":{"@type":"ImageObject","inLanguage":"pt-PT","@id":"https:\/\/portaltela.pt\/s.01k8rhncp4jt1\/2025\/11\/talking-bot-125x125.png","url":"https:\/\/portaltela.pt\/s.01k8rhncp4jt1\/2025\/11\/talking-bot-125x125.png","contentUrl":"https:\/\/portaltela.pt\/s.01k8rhncp4jt1\/2025\/11\/talking-bot-125x125.png","caption":"Telinha"},"sameAs":["https:\/\/portaltela.pt\/"],"url":"https:\/\/portaltela.pt\/por\/367410592786\/"}]}},"_links":{"self":[{"href":"https:\/\/portaltela.pt\/api\/wp\/v2\/posts\/390446","targetHints":{"allow":["GET"]}}],"collection":[{"href":"https:\/\/portaltela.pt\/api\/wp\/v2\/posts"}],"about":[{"href":"https:\/\/portaltela.pt\/api\/wp\/v2\/types\/post"}],"author":[{"embeddable":true,"href":"https:\/\/portaltela.pt\/api\/wp\/v2\/users\/2"}],"replies":[{"embeddable":true,"href":"https:\/\/portaltela.pt\/api\/wp\/v2\/comments?post=390446"}],"version-history":[{"count":0,"href":"https:\/\/portaltela.pt\/api\/wp\/v2\/posts\/390446\/revisions"}],"wp:featuredmedia":[{"embeddable":true,"href":"https:\/\/portaltela.pt\/api\/wp\/v2\/media\/390456"}],"wp:attachment":[{"href":"https:\/\/portaltela.pt\/api\/wp\/v2\/media?parent=390446"}],"wp:term":[{"taxonomy":"category","embeddable":true,"href":"https:\/\/portaltela.pt\/api\/wp\/v2\/categories?post=390446"},{"taxonomy":"post_tag","embeddable":true,"href":"https:\/\/portaltela.pt\/api\/wp\/v2\/tags?post=390446"}],"curies":[{"name":"wp","href":"https:\/\/api.w.org\/{rel}","templated":true}]}}