{"id":390425,"date":"2026-02-27T07:16:51","date_gmt":"2026-02-27T10:16:51","guid":{"rendered":"https:\/\/portaltela.pt\/noticias\/2026\/02\/27\/brasil-intensifica-buscas-por-sobreviventes-apos-cheias-mortais-em-minas-gerais\/"},"modified":"2026-02-27T07:16:51","modified_gmt":"2026-02-27T10:16:51","slug":"brasil-intensifica-buscas-por-sobreviventes-apos-cheias-mortais-em-minas-gerais","status":"publish","type":"post","link":"https:\/\/portaltela.pt\/noticias\/2026\/02\/27\/brasil-intensifica-buscas-por-sobreviventes-apos-cheias-mortais-em-minas-gerais\/","title":{"rendered":"Brasil intensifica buscas por sobreviventes ap\u00f3s cheias mortais em Minas Gerais"},"content":{"rendered":"<p>Equipes de resgate no estado brasileiro de Minas Gerais atuam pelo terceiro dia consecutivo para localizar sobreviventes ap\u00f3s deslizamentos de terra em Juiz de Fora, que j\u00e1 deixaram 54 mortos e milhares de desalojados, num cen\u00e1rio de chuvas previstas para o fim de semana.<\/p>\n<p>No Parque Jardim Burnier, a lama impede o avan\u00e7o das opera\u00e7\u00f5es e algumas casas ru\u00edram; v\u00e1rias pessoas permanecem soterradas, mantendo o esfor\u00e7o de localizar v\u00edtimas e recuperar pessoas ainda desaparecidas.<\/p>\n<p>Everaldo de Almeida, operador de escavadora, disse que \u00e9 necess\u00e1rio prosseguir com cautela para n\u00e3o danificar corpos presos sob os escombros, enquanto as equipes ajustam o ritmo de remo\u00e7\u00e3o da lama.<\/p>\n<p>Mais de 5 000 moradores abandonaram as casas, e as equipas de socorro, acompanhadas de vizinhos, continuam a procurar desaparecidos, com alguns retornando aos locais danificados para recuperar bens e animais de estima\u00e7\u00e3o.<\/p>\n<h3>Chuva prevista complica opera\u00e7\u00f5es<\/h3>\n<p>As autoridades alertam para a continuidade de pancadas de chuva ao longo do fim de semana, o que pode dificultar as buscas e aumentar o risco de novos deslizamentos na regi\u00e3o.<\/p>\n<p>A regi\u00e3o tem sido afetada por fen\u00f3menos meteorol\u00f3gicos extremos, segundo cientistas, o que sustenta a necessidade de aten\u00e7\u00e3o constante e de recursos para as opera\u00e7\u00f5es de resgate.<\/p>\n","protected":false},"excerpt":{"rendered":"<ul>\n<li>Pelo terceiro dia, equipas de resgate em Minas Gerais procuram entre a lama e os escombros ap\u00f3s deslizamentos que provocaram pelo menos 54 mortos e desalojaram milhares de pessoas.<\/li>\n<li>Em Juiz de Fora, o operador de escavadora Everaldo de Almeida afirmou que as equipas avan\u00e7am devagar para evitar danificar corpos sob os escombros no Parque Jardim Burnier.<\/li>\n<li>Mais de cinco mil moradores abandonaram as casas; outros regressam \u00e0s zonas danificadas para recuperar bens e animais de estima\u00e7\u00e3o.<\/li>\n<li>A chuva dever\u00e1 continuar durante o fim de semana, dificultando as opera\u00e7\u00f5es de recupera\u00e7\u00e3o.<\/li>\n<li>As autoridades alertam que fen\u00f3menos meteorol\u00f3gicos extremos, ligados \u00e0s altera\u00e7\u00f5es clim\u00e1ticas, aumentam a vulnerabilidade da regi\u00e3o.<\/li>\n<\/ul>\n","protected":false},"author":2,"featured_media":390437,"comment_status":"closed","ping_status":"closed","sticky":false,"template":"","format":"standard","meta":{"footnotes":""},"categories":[1],"tags":[3812,5329,4590,6063,4665,2293],"class_list":["post-390425","post","type-post","status-publish","format-standard","has-post-thumbnail","hentry","category-noticias","tag-alagamentos","tag-chuva","tag-desabrigos","tag-desastres","tag-fenomenos-climaticos-adversos","tag-inundacoes"],"yoast_head":"<!-- This site is optimized with the Yoast SEO plugin v27.2 - https:\/\/yoast.com\/product\/yoast-seo-wordpress\/ -->\n<title>Brasil intensifica buscas por sobreviventes ap\u00f3s cheias mortais em Minas Gerais - Portal Tela Portugal<\/title>\n<meta name=\"robots\" content=\"index, follow, max-snippet:-1, max-image-preview:large, max-video-preview:-1\" \/>\n<meta property=\"og:locale\" content=\"pt_PT\" \/>\n<meta property=\"og:type\" content=\"article\" \/>\n<meta property=\"og:title\" content=\"Brasil intensifica buscas por sobreviventes ap\u00f3s cheias mortais em Minas Gerais - Portal Tela Portugal\" \/>\n<meta property=\"og:description\" content=\"Pelo terceiro dia, equipas de resgate em Minas Gerais procuram entre a lama e os escombros ap\u00f3s deslizamentos que provocaram pelo menos 54 mortos e desalojaram milhares de pessoas. Em Juiz de Fora, o operador de escavadora Everaldo de Almeida afirmou que as equipas avan\u00e7am devagar para evitar danificar corpos sob os escombros no Parque Jardim Burnier. Mais de cinco mil moradores abandonaram as casas; outros regressam \u00e0s zonas danificadas para recuperar bens e animais de estima\u00e7\u00e3o. A chuva dever\u00e1 continuar durante o fim de semana, dificultando as opera\u00e7\u00f5es de recupera\u00e7\u00e3o. As autoridades alertam que fen\u00f3menos meteorol\u00f3gicos extremos, ligados \u00e0s altera\u00e7\u00f5es clim\u00e1ticas, aumentam a vulnerabilidade da regi\u00e3o.\" \/>\n<meta property=\"og:url\" content=\"https:\/\/portaltela.pt\/noticias\/2026\/02\/27\/brasil-intensifica-buscas-por-sobreviventes-apos-cheias-mortais-em-minas-gerais\/\" \/>\n<meta property=\"og:site_name\" content=\"Portal Tela Portugal\" \/>\n<meta property=\"article:published_time\" content=\"2026-02-27T10:16:51+00:00\" \/>\n<meta name=\"author\" content=\"Telinha\" \/>\n<meta name=\"twitter:card\" content=\"summary_large_image\" \/>\n<meta name=\"twitter:label1\" content=\"Escrito por\" \/>\n\t<meta name=\"twitter:data1\" content=\"Telinha\" \/>\n\t<meta name=\"twitter:label2\" content=\"Tempo estimado de leitura\" \/>\n\t<meta name=\"twitter:data2\" content=\"1 minuto\" \/>\n<script type=\"application\/ld+json\" class=\"yoast-schema-graph\">{\"@context\":\"https:\/\/schema.org\",\"@graph\":[{\"@type\":\"Article\",\"@id\":\"https:\/\/portaltela.pt\/noticias\/2026\/02\/27\/brasil-intensifica-buscas-por-sobreviventes-apos-cheias-mortais-em-minas-gerais\/#article\",\"isPartOf\":{\"@id\":\"https:\/\/portaltela.pt\/noticias\/2026\/02\/27\/brasil-intensifica-buscas-por-sobreviventes-apos-cheias-mortais-em-minas-gerais\/\"},\"author\":{\"name\":\"Telinha\",\"@id\":\"https:\/\/portaltela.pt\/#\/schema\/person\/c4278d4a6028830caff9ee44b42d32ed\"},\"headline\":\"Brasil intensifica buscas por sobreviventes ap\u00f3s cheias mortais em Minas Gerais\",\"datePublished\":\"2026-02-27T10:16:51+00:00\",\"mainEntityOfPage\":{\"@id\":\"https:\/\/portaltela.pt\/noticias\/2026\/02\/27\/brasil-intensifica-buscas-por-sobreviventes-apos-cheias-mortais-em-minas-gerais\/\"},\"wordCount\":227,\"image\":{\"@id\":\"https:\/\/portaltela.pt\/noticias\/2026\/02\/27\/brasil-intensifica-buscas-por-sobreviventes-apos-cheias-mortais-em-minas-gerais\/#primaryimage\"},\"thumbnailUrl\":\"https:\/\/portaltela.pt\/s.01k8rhncp4jt1\/2026\/02\/1536x864_cmsv2_660e3763-23da-59c0-a722-408800f8e860-9667945.jpg\",\"keywords\":[\"alagamentos\",\"chuva\",\"desabrigos\",\"desastres\",\"fen\u00f3menos clim\u00e1ticos adversos\",\"inunda\u00e7\u00f5es\"],\"articleSection\":[\"Not\u00edcias\"],\"inLanguage\":\"pt-PT\"},{\"@type\":\"WebPage\",\"@id\":\"https:\/\/portaltela.pt\/noticias\/2026\/02\/27\/brasil-intensifica-buscas-por-sobreviventes-apos-cheias-mortais-em-minas-gerais\/\",\"url\":\"https:\/\/portaltela.pt\/noticias\/2026\/02\/27\/brasil-intensifica-buscas-por-sobreviventes-apos-cheias-mortais-em-minas-gerais\/\",\"name\":\"Brasil intensifica buscas por sobreviventes ap\u00f3s cheias mortais em Minas Gerais - Portal Tela Portugal\",\"isPartOf\":{\"@id\":\"https:\/\/portaltela.pt\/#website\"},\"primaryImageOfPage\":{\"@id\":\"https:\/\/portaltela.pt\/noticias\/2026\/02\/27\/brasil-intensifica-buscas-por-sobreviventes-apos-cheias-mortais-em-minas-gerais\/#primaryimage\"},\"image\":{\"@id\":\"https:\/\/portaltela.pt\/noticias\/2026\/02\/27\/brasil-intensifica-buscas-por-sobreviventes-apos-cheias-mortais-em-minas-gerais\/#primaryimage\"},\"thumbnailUrl\":\"https:\/\/portaltela.pt\/s.01k8rhncp4jt1\/2026\/02\/1536x864_cmsv2_660e3763-23da-59c0-a722-408800f8e860-9667945.jpg\",\"datePublished\":\"2026-02-27T10:16:51+00:00\",\"author\":{\"@id\":\"https:\/\/portaltela.pt\/#\/schema\/person\/c4278d4a6028830caff9ee44b42d32ed\"},\"breadcrumb\":{\"@id\":\"https:\/\/portaltela.pt\/noticias\/2026\/02\/27\/brasil-intensifica-buscas-por-sobreviventes-apos-cheias-mortais-em-minas-gerais\/#breadcrumb\"},\"inLanguage\":\"pt-PT\",\"potentialAction\":[{\"@type\":\"ReadAction\",\"target\":[\"https:\/\/portaltela.pt\/noticias\/2026\/02\/27\/brasil-intensifica-buscas-por-sobreviventes-apos-cheias-mortais-em-minas-gerais\/\"]}]},{\"@type\":\"ImageObject\",\"inLanguage\":\"pt-PT\",\"@id\":\"https:\/\/portaltela.pt\/noticias\/2026\/02\/27\/brasil-intensifica-buscas-por-sobreviventes-apos-cheias-mortais-em-minas-gerais\/#primaryimage\",\"url\":\"https:\/\/portaltela.pt\/s.01k8rhncp4jt1\/2026\/02\/1536x864_cmsv2_660e3763-23da-59c0-a722-408800f8e860-9667945.jpg\",\"contentUrl\":\"https:\/\/portaltela.pt\/s.01k8rhncp4jt1\/2026\/02\/1536x864_cmsv2_660e3763-23da-59c0-a722-408800f8e860-9667945.jpg\",\"width\":796,\"height\":448,\"caption\":\"Moradores recuperam pertences ap\u00f3s derrocada de casas devido a chuvas intensas e cheias no bairro Parque Burnier, em Juiz de Fora\"},{\"@type\":\"BreadcrumbList\",\"@id\":\"https:\/\/portaltela.pt\/noticias\/2026\/02\/27\/brasil-intensifica-buscas-por-sobreviventes-apos-cheias-mortais-em-minas-gerais\/#breadcrumb\",\"itemListElement\":[{\"@type\":\"ListItem\",\"position\":1,\"name\":\"In\u00edcio\",\"item\":\"https:\/\/portaltela.pt\/\"},{\"@type\":\"ListItem\",\"position\":2,\"name\":\"Brasil intensifica buscas por sobreviventes ap\u00f3s cheias mortais em Minas Gerais\"}]},{\"@type\":\"WebSite\",\"@id\":\"https:\/\/portaltela.pt\/#website\",\"url\":\"https:\/\/portaltela.pt\/\",\"name\":\"Portal Tela Portugal\",\"description\":\"\",\"potentialAction\":[{\"@type\":\"SearchAction\",\"target\":{\"@type\":\"EntryPoint\",\"urlTemplate\":\"https:\/\/portaltela.pt\/?s={search_term_string}\"},\"query-input\":{\"@type\":\"PropertyValueSpecification\",\"valueRequired\":true,\"valueName\":\"search_term_string\"}}],\"inLanguage\":\"pt-PT\"},{\"@type\":\"Person\",\"@id\":\"https:\/\/portaltela.pt\/#\/schema\/person\/c4278d4a6028830caff9ee44b42d32ed\",\"name\":\"Telinha\",\"image\":{\"@type\":\"ImageObject\",\"inLanguage\":\"pt-PT\",\"@id\":\"https:\/\/portaltela.pt\/s.01k8rhncp4jt1\/2025\/11\/talking-bot-125x125.png\",\"url\":\"https:\/\/portaltela.pt\/s.01k8rhncp4jt1\/2025\/11\/talking-bot-125x125.png\",\"contentUrl\":\"https:\/\/portaltela.pt\/s.01k8rhncp4jt1\/2025\/11\/talking-bot-125x125.png\",\"caption\":\"Telinha\"},\"sameAs\":[\"https:\/\/portaltela.pt\/\"],\"url\":\"https:\/\/portaltela.pt\/por\/367410592786\/\"}]}<\/script>\n<!-- \/ Yoast SEO plugin. -->","yoast_head_json":{"title":"Brasil intensifica buscas por sobreviventes ap\u00f3s cheias mortais em Minas Gerais - Portal Tela Portugal","robots":{"index":"index","follow":"follow","max-snippet":"max-snippet:-1","max-image-preview":"max-image-preview:large","max-video-preview":"max-video-preview:-1"},"og_locale":"pt_PT","og_type":"article","og_title":"Brasil intensifica buscas por sobreviventes ap\u00f3s cheias mortais em Minas Gerais - Portal Tela Portugal","og_description":"Pelo terceiro dia, equipas de resgate em Minas Gerais procuram entre a lama e os escombros ap\u00f3s deslizamentos que provocaram pelo menos 54 mortos e desalojaram milhares de pessoas. Em Juiz de Fora, o operador de escavadora Everaldo de Almeida afirmou que as equipas avan\u00e7am devagar para evitar danificar corpos sob os escombros no Parque Jardim Burnier. Mais de cinco mil moradores abandonaram as casas; outros regressam \u00e0s zonas danificadas para recuperar bens e animais de estima\u00e7\u00e3o. A chuva dever\u00e1 continuar durante o fim de semana, dificultando as opera\u00e7\u00f5es de recupera\u00e7\u00e3o. As autoridades alertam que fen\u00f3menos meteorol\u00f3gicos extremos, ligados \u00e0s altera\u00e7\u00f5es clim\u00e1ticas, aumentam a vulnerabilidade da regi\u00e3o.","og_url":"https:\/\/portaltela.pt\/noticias\/2026\/02\/27\/brasil-intensifica-buscas-por-sobreviventes-apos-cheias-mortais-em-minas-gerais\/","og_site_name":"Portal Tela Portugal","article_published_time":"2026-02-27T10:16:51+00:00","author":"Telinha","twitter_card":"summary_large_image","twitter_misc":{"Escrito por":"Telinha","Tempo estimado de leitura":"1 minuto"},"schema":{"@context":"https:\/\/schema.org","@graph":[{"@type":"Article","@id":"https:\/\/portaltela.pt\/noticias\/2026\/02\/27\/brasil-intensifica-buscas-por-sobreviventes-apos-cheias-mortais-em-minas-gerais\/#article","isPartOf":{"@id":"https:\/\/portaltela.pt\/noticias\/2026\/02\/27\/brasil-intensifica-buscas-por-sobreviventes-apos-cheias-mortais-em-minas-gerais\/"},"author":{"name":"Telinha","@id":"https:\/\/portaltela.pt\/#\/schema\/person\/c4278d4a6028830caff9ee44b42d32ed"},"headline":"Brasil intensifica buscas por sobreviventes ap\u00f3s cheias mortais em Minas Gerais","datePublished":"2026-02-27T10:16:51+00:00","mainEntityOfPage":{"@id":"https:\/\/portaltela.pt\/noticias\/2026\/02\/27\/brasil-intensifica-buscas-por-sobreviventes-apos-cheias-mortais-em-minas-gerais\/"},"wordCount":227,"image":{"@id":"https:\/\/portaltela.pt\/noticias\/2026\/02\/27\/brasil-intensifica-buscas-por-sobreviventes-apos-cheias-mortais-em-minas-gerais\/#primaryimage"},"thumbnailUrl":"https:\/\/portaltela.pt\/s.01k8rhncp4jt1\/2026\/02\/1536x864_cmsv2_660e3763-23da-59c0-a722-408800f8e860-9667945.jpg","keywords":["alagamentos","chuva","desabrigos","desastres","fen\u00f3menos clim\u00e1ticos adversos","inunda\u00e7\u00f5es"],"articleSection":["Not\u00edcias"],"inLanguage":"pt-PT"},{"@type":"WebPage","@id":"https:\/\/portaltela.pt\/noticias\/2026\/02\/27\/brasil-intensifica-buscas-por-sobreviventes-apos-cheias-mortais-em-minas-gerais\/","url":"https:\/\/portaltela.pt\/noticias\/2026\/02\/27\/brasil-intensifica-buscas-por-sobreviventes-apos-cheias-mortais-em-minas-gerais\/","name":"Brasil intensifica buscas por sobreviventes ap\u00f3s cheias mortais em Minas Gerais - Portal Tela Portugal","isPartOf":{"@id":"https:\/\/portaltela.pt\/#website"},"primaryImageOfPage":{"@id":"https:\/\/portaltela.pt\/noticias\/2026\/02\/27\/brasil-intensifica-buscas-por-sobreviventes-apos-cheias-mortais-em-minas-gerais\/#primaryimage"},"image":{"@id":"https:\/\/portaltela.pt\/noticias\/2026\/02\/27\/brasil-intensifica-buscas-por-sobreviventes-apos-cheias-mortais-em-minas-gerais\/#primaryimage"},"thumbnailUrl":"https:\/\/portaltela.pt\/s.01k8rhncp4jt1\/2026\/02\/1536x864_cmsv2_660e3763-23da-59c0-a722-408800f8e860-9667945.jpg","datePublished":"2026-02-27T10:16:51+00:00","author":{"@id":"https:\/\/portaltela.pt\/#\/schema\/person\/c4278d4a6028830caff9ee44b42d32ed"},"breadcrumb":{"@id":"https:\/\/portaltela.pt\/noticias\/2026\/02\/27\/brasil-intensifica-buscas-por-sobreviventes-apos-cheias-mortais-em-minas-gerais\/#breadcrumb"},"inLanguage":"pt-PT","potentialAction":[{"@type":"ReadAction","target":["https:\/\/portaltela.pt\/noticias\/2026\/02\/27\/brasil-intensifica-buscas-por-sobreviventes-apos-cheias-mortais-em-minas-gerais\/"]}]},{"@type":"ImageObject","inLanguage":"pt-PT","@id":"https:\/\/portaltela.pt\/noticias\/2026\/02\/27\/brasil-intensifica-buscas-por-sobreviventes-apos-cheias-mortais-em-minas-gerais\/#primaryimage","url":"https:\/\/portaltela.pt\/s.01k8rhncp4jt1\/2026\/02\/1536x864_cmsv2_660e3763-23da-59c0-a722-408800f8e860-9667945.jpg","contentUrl":"https:\/\/portaltela.pt\/s.01k8rhncp4jt1\/2026\/02\/1536x864_cmsv2_660e3763-23da-59c0-a722-408800f8e860-9667945.jpg","width":796,"height":448,"caption":"Moradores recuperam pertences ap\u00f3s derrocada de casas devido a chuvas intensas e cheias no bairro Parque Burnier, em Juiz de Fora"},{"@type":"BreadcrumbList","@id":"https:\/\/portaltela.pt\/noticias\/2026\/02\/27\/brasil-intensifica-buscas-por-sobreviventes-apos-cheias-mortais-em-minas-gerais\/#breadcrumb","itemListElement":[{"@type":"ListItem","position":1,"name":"In\u00edcio","item":"https:\/\/portaltela.pt\/"},{"@type":"ListItem","position":2,"name":"Brasil intensifica buscas por sobreviventes ap\u00f3s cheias mortais em Minas Gerais"}]},{"@type":"WebSite","@id":"https:\/\/portaltela.pt\/#website","url":"https:\/\/portaltela.pt\/","name":"Portal Tela Portugal","description":"","potentialAction":[{"@type":"SearchAction","target":{"@type":"EntryPoint","urlTemplate":"https:\/\/portaltela.pt\/?s={search_term_string}"},"query-input":{"@type":"PropertyValueSpecification","valueRequired":true,"valueName":"search_term_string"}}],"inLanguage":"pt-PT"},{"@type":"Person","@id":"https:\/\/portaltela.pt\/#\/schema\/person\/c4278d4a6028830caff9ee44b42d32ed","name":"Telinha","image":{"@type":"ImageObject","inLanguage":"pt-PT","@id":"https:\/\/portaltela.pt\/s.01k8rhncp4jt1\/2025\/11\/talking-bot-125x125.png","url":"https:\/\/portaltela.pt\/s.01k8rhncp4jt1\/2025\/11\/talking-bot-125x125.png","contentUrl":"https:\/\/portaltela.pt\/s.01k8rhncp4jt1\/2025\/11\/talking-bot-125x125.png","caption":"Telinha"},"sameAs":["https:\/\/portaltela.pt\/"],"url":"https:\/\/portaltela.pt\/por\/367410592786\/"}]}},"_links":{"self":[{"href":"https:\/\/portaltela.pt\/api\/wp\/v2\/posts\/390425","targetHints":{"allow":["GET"]}}],"collection":[{"href":"https:\/\/portaltela.pt\/api\/wp\/v2\/posts"}],"about":[{"href":"https:\/\/portaltela.pt\/api\/wp\/v2\/types\/post"}],"author":[{"embeddable":true,"href":"https:\/\/portaltela.pt\/api\/wp\/v2\/users\/2"}],"replies":[{"embeddable":true,"href":"https:\/\/portaltela.pt\/api\/wp\/v2\/comments?post=390425"}],"version-history":[{"count":0,"href":"https:\/\/portaltela.pt\/api\/wp\/v2\/posts\/390425\/revisions"}],"wp:featuredmedia":[{"embeddable":true,"href":"https:\/\/portaltela.pt\/api\/wp\/v2\/media\/390437"}],"wp:attachment":[{"href":"https:\/\/portaltela.pt\/api\/wp\/v2\/media?parent=390425"}],"wp:term":[{"taxonomy":"category","embeddable":true,"href":"https:\/\/portaltela.pt\/api\/wp\/v2\/categories?post=390425"},{"taxonomy":"post_tag","embeddable":true,"href":"https:\/\/portaltela.pt\/api\/wp\/v2\/tags?post=390425"}],"curies":[{"name":"wp","href":"https:\/\/api.w.org\/{rel}","templated":true}]}}