{"id":390419,"date":"2026-02-27T05:51:00","date_gmt":"2026-02-27T08:51:00","guid":{"rendered":"https:\/\/portaltela.pt\/noticias\/2026\/02\/27\/larie-celebra-no-teatro-do-bairro-alto-a-peca-bicho-do-mato\/"},"modified":"2026-02-27T05:51:00","modified_gmt":"2026-02-27T08:51:00","slug":"larie-celebra-no-teatro-do-bairro-alto-a-peca-bicho-do-mato","status":"publish","type":"post","link":"https:\/\/portaltela.pt\/noticias\/2026\/02\/27\/larie-celebra-no-teatro-do-bairro-alto-a-peca-bicho-do-mato\/","title":{"rendered":"Larie celebra no Teatro do Bairro Alto a pe\u00e7a Bicho-do-Mato"},"content":{"rendered":"<p>No Teatro do Bairro Alto, em Lisboa, a artista Larie apresenta Mandak\u00ed, uma performance musical descrente de transe suave. O espect\u00e1culo, em cena de sexta-feira a domingo, transforma a sala num espa\u00e7o de pacifica\u00e7\u00e3o pessoal atrav\u00e9s de corpo, voz e som.<\/p>\n<p>Mandak\u00ed prop\u00f5e um encontro entre mem\u00f3ria musical e experi\u00eancia \u00edntima. Larie parte de um gesto corporal simples \u2014 p\u00e9s e m\u00e3os que marcam o piso \u2014 para reconhecer o espa\u00e7o antes de se erguer e ocupar o lugar com uma pr\u00e1tica sonora que se desalinha do impulso c\u00e9nico tradicional.<\/p>\n<p>A produ\u00e7\u00e3o insere-se num conceito de \u201cbicho-do-mato\u201d, ligado \u00e0 origem da artista em Franca, no interior de S\u00e3o Paulo, e \u00e0 ideia de retorno de uma l\u00edngua cantada pela oralidade. A pe\u00e7a recorre a interjei\u00e7\u00f5es e mem\u00f3rias da fala para construir uma paisagem sonora singular.<\/p>\n<h3>O caminho art\u00edstico de Larie<\/h3>\n<p>Ao longo do espect\u00e1culo, o corpo funciona como detonador de sonoridades em tr\u00eas dimens\u00f5es, espelhando uma composi\u00e7\u00e3o pensada para instala\u00e7\u00f5es. A experi\u00eancia \u00e9 descrita como um transe quase et\u00e9reo, capaz de convocar uma pacifica\u00e7\u00e3o musical.<\/p>\n<p>A obra tamb\u00e9m aborda a identidade de g\u00e9nero em transi\u00e7\u00e3o. A partir de dispositivos no peito, Larie emite samples que sinalizam a mudan\u00e7a corporal, evidenciando o percurso pessoal sem encerrar o tema.<\/p>\n<p>Antes conhecida sob o nome Labaq, a artista tem uma trajet\u00f3ria marcada por \u00e1lbuns e colabora\u00e7\u00f5es diversas. A passagem para o nome atual inclui uma explora\u00e7\u00e3o da voz aguda que, conforme o processo terap\u00eautico, se desloca para novos timbres.<\/p>\n<p>Mandak\u00ed aparece como uma celebra\u00e7\u00e3o da introspec\u00e7\u00e3o e da identidade marginalizada, conectando o Brasil de origem ao presente em Portugal. A proposta \u00e9 dialogar com identidades rejeitadas, sem exortar ou justificar, apenas apresentar o percurso art\u00edstico.<\/p>\n","protected":false},"excerpt":{"rendered":"<ul>\n<li>Mandak\u00ed, em apresenta\u00e7\u00e3o no Teatro do Bairro Alto, em Lisboa, a partir desta sexta-feira e at\u00e9 domingo, \u00e9 uma performance musical em formato de suave transe de Larie.<\/li>\n<li>A pe\u00e7a utiliza o corpo, a voz e o espa\u00e7o para criar um percurso de pacifica\u00e7\u00e3o musical e po\u00e9tica, com sons pensados tridimensionalmente em pr\u00e1tica de instala\u00e7\u00f5es.<\/li>\n<li>A performance aborda a identidade de g\u00e9nero de Larie, incluindo o processo de transi\u00e7\u00e3o e o uso de samples acionados por dispositivos no peito.<\/li>\n<li>O conceito de \u201cbicho-do-mato\u201d remete \u00e0s origens em Franca, interior de S\u00e3o Paulo, \u00e0 l\u00edngua cantada na oralidade e \u00e0 personalidade introspectiva da artista.<\/li>\n<li>A obra marca uma despedida da voz aguda de Larie, associada \u00e0 terapia hormonal, explorando uma nova dire\u00e7\u00e3o vocal e art\u00edstica.<\/li>\n<\/ul>\n","protected":false},"author":2,"featured_media":390432,"comment_status":"closed","ping_status":"closed","sticky":false,"template":"","format":"standard","meta":{"footnotes":""},"categories":[1],"tags":[1858,2547,145,6391,981,122],"class_list":["post-390419","post","type-post","status-publish","format-standard","has-post-thumbnail","hentry","category-noticias","tag-arte-teatro","tag-brasil","tag-cultura","tag-identidade-de-genero-desafios-na-atualidade","tag-lisboa","tag-musica"],"yoast_head":"<!-- This site is optimized with the Yoast SEO plugin v27.2 - https:\/\/yoast.com\/product\/yoast-seo-wordpress\/ -->\n<title>Larie celebra no Teatro do Bairro Alto a pe\u00e7a Bicho-do-Mato - Portal Tela Portugal<\/title>\n<meta name=\"robots\" content=\"index, follow, max-snippet:-1, max-image-preview:large, max-video-preview:-1\" \/>\n<meta property=\"og:locale\" content=\"pt_PT\" \/>\n<meta property=\"og:type\" content=\"article\" \/>\n<meta property=\"og:title\" content=\"Larie celebra no Teatro do Bairro Alto a pe\u00e7a Bicho-do-Mato - Portal Tela Portugal\" \/>\n<meta property=\"og:description\" content=\"Mandak\u00ed, em apresenta\u00e7\u00e3o no Teatro do Bairro Alto, em Lisboa, a partir desta sexta-feira e at\u00e9 domingo, \u00e9 uma performance musical em formato de suave transe de Larie. A pe\u00e7a utiliza o corpo, a voz e o espa\u00e7o para criar um percurso de pacifica\u00e7\u00e3o musical e po\u00e9tica, com sons pensados tridimensionalmente em pr\u00e1tica de instala\u00e7\u00f5es. A performance aborda a identidade de g\u00e9nero de Larie, incluindo o processo de transi\u00e7\u00e3o e o uso de samples acionados por dispositivos no peito. O conceito de \u201cbicho-do-mato\u201d remete \u00e0s origens em Franca, interior de S\u00e3o Paulo, \u00e0 l\u00edngua cantada na oralidade e \u00e0 personalidade introspectiva da artista. A obra marca uma despedida da voz aguda de Larie, associada \u00e0 terapia hormonal, explorando uma nova dire\u00e7\u00e3o vocal e art\u00edstica.\" \/>\n<meta property=\"og:url\" content=\"https:\/\/portaltela.pt\/noticias\/2026\/02\/27\/larie-celebra-no-teatro-do-bairro-alto-a-peca-bicho-do-mato\/\" \/>\n<meta property=\"og:site_name\" content=\"Portal Tela Portugal\" \/>\n<meta property=\"article:published_time\" content=\"2026-02-27T08:51:00+00:00\" \/>\n<meta name=\"author\" content=\"Telinha\" \/>\n<meta name=\"twitter:card\" content=\"summary_large_image\" \/>\n<meta name=\"twitter:label1\" content=\"Escrito por\" \/>\n\t<meta name=\"twitter:data1\" content=\"Telinha\" \/>\n\t<meta name=\"twitter:label2\" content=\"Tempo estimado de leitura\" \/>\n\t<meta name=\"twitter:data2\" content=\"2 minutos\" \/>\n<script type=\"application\/ld+json\" class=\"yoast-schema-graph\">{\"@context\":\"https:\/\/schema.org\",\"@graph\":[{\"@type\":\"Article\",\"@id\":\"https:\/\/portaltela.pt\/noticias\/2026\/02\/27\/larie-celebra-no-teatro-do-bairro-alto-a-peca-bicho-do-mato\/#article\",\"isPartOf\":{\"@id\":\"https:\/\/portaltela.pt\/noticias\/2026\/02\/27\/larie-celebra-no-teatro-do-bairro-alto-a-peca-bicho-do-mato\/\"},\"author\":{\"name\":\"Telinha\",\"@id\":\"https:\/\/portaltela.pt\/#\/schema\/person\/c4278d4a6028830caff9ee44b42d32ed\"},\"headline\":\"Larie celebra no Teatro do Bairro Alto a pe\u00e7a Bicho-do-Mato\",\"datePublished\":\"2026-02-27T08:51:00+00:00\",\"mainEntityOfPage\":{\"@id\":\"https:\/\/portaltela.pt\/noticias\/2026\/02\/27\/larie-celebra-no-teatro-do-bairro-alto-a-peca-bicho-do-mato\/\"},\"wordCount\":325,\"image\":{\"@id\":\"https:\/\/portaltela.pt\/noticias\/2026\/02\/27\/larie-celebra-no-teatro-do-bairro-alto-a-peca-bicho-do-mato\/#primaryimage\"},\"thumbnailUrl\":\"https:\/\/portaltela.pt\/s.01k8rhncp4jt1\/2026\/02\/2070137.jpg\",\"keywords\":[\"arte\/teatro\",\"Brasil\",\"cultura\",\"Identidade de g\u00e9nero \u2013 Desafios na Atualidade\",\"Lisboa\",\"m\u00fasica\"],\"articleSection\":[\"Not\u00edcias\"],\"inLanguage\":\"pt-PT\"},{\"@type\":\"WebPage\",\"@id\":\"https:\/\/portaltela.pt\/noticias\/2026\/02\/27\/larie-celebra-no-teatro-do-bairro-alto-a-peca-bicho-do-mato\/\",\"url\":\"https:\/\/portaltela.pt\/noticias\/2026\/02\/27\/larie-celebra-no-teatro-do-bairro-alto-a-peca-bicho-do-mato\/\",\"name\":\"Larie celebra no Teatro do Bairro Alto a pe\u00e7a Bicho-do-Mato - Portal Tela Portugal\",\"isPartOf\":{\"@id\":\"https:\/\/portaltela.pt\/#website\"},\"primaryImageOfPage\":{\"@id\":\"https:\/\/portaltela.pt\/noticias\/2026\/02\/27\/larie-celebra-no-teatro-do-bairro-alto-a-peca-bicho-do-mato\/#primaryimage\"},\"image\":{\"@id\":\"https:\/\/portaltela.pt\/noticias\/2026\/02\/27\/larie-celebra-no-teatro-do-bairro-alto-a-peca-bicho-do-mato\/#primaryimage\"},\"thumbnailUrl\":\"https:\/\/portaltela.pt\/s.01k8rhncp4jt1\/2026\/02\/2070137.jpg\",\"datePublished\":\"2026-02-27T08:51:00+00:00\",\"author\":{\"@id\":\"https:\/\/portaltela.pt\/#\/schema\/person\/c4278d4a6028830caff9ee44b42d32ed\"},\"breadcrumb\":{\"@id\":\"https:\/\/portaltela.pt\/noticias\/2026\/02\/27\/larie-celebra-no-teatro-do-bairro-alto-a-peca-bicho-do-mato\/#breadcrumb\"},\"inLanguage\":\"pt-PT\",\"potentialAction\":[{\"@type\":\"ReadAction\",\"target\":[\"https:\/\/portaltela.pt\/noticias\/2026\/02\/27\/larie-celebra-no-teatro-do-bairro-alto-a-peca-bicho-do-mato\/\"]}]},{\"@type\":\"ImageObject\",\"inLanguage\":\"pt-PT\",\"@id\":\"https:\/\/portaltela.pt\/noticias\/2026\/02\/27\/larie-celebra-no-teatro-do-bairro-alto-a-peca-bicho-do-mato\/#primaryimage\",\"url\":\"https:\/\/portaltela.pt\/s.01k8rhncp4jt1\/2026\/02\/2070137.jpg\",\"contentUrl\":\"https:\/\/portaltela.pt\/s.01k8rhncp4jt1\/2026\/02\/2070137.jpg\",\"width\":796,\"height\":448,\"caption\":\"Larie teve at\u00e9 aqui uma carreira na m\u00fasica com outra identidade: Labaq\"},{\"@type\":\"BreadcrumbList\",\"@id\":\"https:\/\/portaltela.pt\/noticias\/2026\/02\/27\/larie-celebra-no-teatro-do-bairro-alto-a-peca-bicho-do-mato\/#breadcrumb\",\"itemListElement\":[{\"@type\":\"ListItem\",\"position\":1,\"name\":\"In\u00edcio\",\"item\":\"https:\/\/portaltela.pt\/\"},{\"@type\":\"ListItem\",\"position\":2,\"name\":\"Larie celebra no Teatro do Bairro Alto a pe\u00e7a Bicho-do-Mato\"}]},{\"@type\":\"WebSite\",\"@id\":\"https:\/\/portaltela.pt\/#website\",\"url\":\"https:\/\/portaltela.pt\/\",\"name\":\"Portal Tela Portugal\",\"description\":\"\",\"potentialAction\":[{\"@type\":\"SearchAction\",\"target\":{\"@type\":\"EntryPoint\",\"urlTemplate\":\"https:\/\/portaltela.pt\/?s={search_term_string}\"},\"query-input\":{\"@type\":\"PropertyValueSpecification\",\"valueRequired\":true,\"valueName\":\"search_term_string\"}}],\"inLanguage\":\"pt-PT\"},{\"@type\":\"Person\",\"@id\":\"https:\/\/portaltela.pt\/#\/schema\/person\/c4278d4a6028830caff9ee44b42d32ed\",\"name\":\"Telinha\",\"image\":{\"@type\":\"ImageObject\",\"inLanguage\":\"pt-PT\",\"@id\":\"https:\/\/portaltela.pt\/s.01k8rhncp4jt1\/2025\/11\/talking-bot-125x125.png\",\"url\":\"https:\/\/portaltela.pt\/s.01k8rhncp4jt1\/2025\/11\/talking-bot-125x125.png\",\"contentUrl\":\"https:\/\/portaltela.pt\/s.01k8rhncp4jt1\/2025\/11\/talking-bot-125x125.png\",\"caption\":\"Telinha\"},\"sameAs\":[\"https:\/\/portaltela.pt\/\"],\"url\":\"https:\/\/portaltela.pt\/por\/367410592786\/\"}]}<\/script>\n<!-- \/ Yoast SEO plugin. -->","yoast_head_json":{"title":"Larie celebra no Teatro do Bairro Alto a pe\u00e7a Bicho-do-Mato - Portal Tela Portugal","robots":{"index":"index","follow":"follow","max-snippet":"max-snippet:-1","max-image-preview":"max-image-preview:large","max-video-preview":"max-video-preview:-1"},"og_locale":"pt_PT","og_type":"article","og_title":"Larie celebra no Teatro do Bairro Alto a pe\u00e7a Bicho-do-Mato - Portal Tela Portugal","og_description":"Mandak\u00ed, em apresenta\u00e7\u00e3o no Teatro do Bairro Alto, em Lisboa, a partir desta sexta-feira e at\u00e9 domingo, \u00e9 uma performance musical em formato de suave transe de Larie. A pe\u00e7a utiliza o corpo, a voz e o espa\u00e7o para criar um percurso de pacifica\u00e7\u00e3o musical e po\u00e9tica, com sons pensados tridimensionalmente em pr\u00e1tica de instala\u00e7\u00f5es. A performance aborda a identidade de g\u00e9nero de Larie, incluindo o processo de transi\u00e7\u00e3o e o uso de samples acionados por dispositivos no peito. O conceito de \u201cbicho-do-mato\u201d remete \u00e0s origens em Franca, interior de S\u00e3o Paulo, \u00e0 l\u00edngua cantada na oralidade e \u00e0 personalidade introspectiva da artista. A obra marca uma despedida da voz aguda de Larie, associada \u00e0 terapia hormonal, explorando uma nova dire\u00e7\u00e3o vocal e art\u00edstica.","og_url":"https:\/\/portaltela.pt\/noticias\/2026\/02\/27\/larie-celebra-no-teatro-do-bairro-alto-a-peca-bicho-do-mato\/","og_site_name":"Portal Tela Portugal","article_published_time":"2026-02-27T08:51:00+00:00","author":"Telinha","twitter_card":"summary_large_image","twitter_misc":{"Escrito por":"Telinha","Tempo estimado de leitura":"2 minutos"},"schema":{"@context":"https:\/\/schema.org","@graph":[{"@type":"Article","@id":"https:\/\/portaltela.pt\/noticias\/2026\/02\/27\/larie-celebra-no-teatro-do-bairro-alto-a-peca-bicho-do-mato\/#article","isPartOf":{"@id":"https:\/\/portaltela.pt\/noticias\/2026\/02\/27\/larie-celebra-no-teatro-do-bairro-alto-a-peca-bicho-do-mato\/"},"author":{"name":"Telinha","@id":"https:\/\/portaltela.pt\/#\/schema\/person\/c4278d4a6028830caff9ee44b42d32ed"},"headline":"Larie celebra no Teatro do Bairro Alto a pe\u00e7a Bicho-do-Mato","datePublished":"2026-02-27T08:51:00+00:00","mainEntityOfPage":{"@id":"https:\/\/portaltela.pt\/noticias\/2026\/02\/27\/larie-celebra-no-teatro-do-bairro-alto-a-peca-bicho-do-mato\/"},"wordCount":325,"image":{"@id":"https:\/\/portaltela.pt\/noticias\/2026\/02\/27\/larie-celebra-no-teatro-do-bairro-alto-a-peca-bicho-do-mato\/#primaryimage"},"thumbnailUrl":"https:\/\/portaltela.pt\/s.01k8rhncp4jt1\/2026\/02\/2070137.jpg","keywords":["arte\/teatro","Brasil","cultura","Identidade de g\u00e9nero \u2013 Desafios na Atualidade","Lisboa","m\u00fasica"],"articleSection":["Not\u00edcias"],"inLanguage":"pt-PT"},{"@type":"WebPage","@id":"https:\/\/portaltela.pt\/noticias\/2026\/02\/27\/larie-celebra-no-teatro-do-bairro-alto-a-peca-bicho-do-mato\/","url":"https:\/\/portaltela.pt\/noticias\/2026\/02\/27\/larie-celebra-no-teatro-do-bairro-alto-a-peca-bicho-do-mato\/","name":"Larie celebra no Teatro do Bairro Alto a pe\u00e7a Bicho-do-Mato - Portal Tela Portugal","isPartOf":{"@id":"https:\/\/portaltela.pt\/#website"},"primaryImageOfPage":{"@id":"https:\/\/portaltela.pt\/noticias\/2026\/02\/27\/larie-celebra-no-teatro-do-bairro-alto-a-peca-bicho-do-mato\/#primaryimage"},"image":{"@id":"https:\/\/portaltela.pt\/noticias\/2026\/02\/27\/larie-celebra-no-teatro-do-bairro-alto-a-peca-bicho-do-mato\/#primaryimage"},"thumbnailUrl":"https:\/\/portaltela.pt\/s.01k8rhncp4jt1\/2026\/02\/2070137.jpg","datePublished":"2026-02-27T08:51:00+00:00","author":{"@id":"https:\/\/portaltela.pt\/#\/schema\/person\/c4278d4a6028830caff9ee44b42d32ed"},"breadcrumb":{"@id":"https:\/\/portaltela.pt\/noticias\/2026\/02\/27\/larie-celebra-no-teatro-do-bairro-alto-a-peca-bicho-do-mato\/#breadcrumb"},"inLanguage":"pt-PT","potentialAction":[{"@type":"ReadAction","target":["https:\/\/portaltela.pt\/noticias\/2026\/02\/27\/larie-celebra-no-teatro-do-bairro-alto-a-peca-bicho-do-mato\/"]}]},{"@type":"ImageObject","inLanguage":"pt-PT","@id":"https:\/\/portaltela.pt\/noticias\/2026\/02\/27\/larie-celebra-no-teatro-do-bairro-alto-a-peca-bicho-do-mato\/#primaryimage","url":"https:\/\/portaltela.pt\/s.01k8rhncp4jt1\/2026\/02\/2070137.jpg","contentUrl":"https:\/\/portaltela.pt\/s.01k8rhncp4jt1\/2026\/02\/2070137.jpg","width":796,"height":448,"caption":"Larie teve at\u00e9 aqui uma carreira na m\u00fasica com outra identidade: Labaq"},{"@type":"BreadcrumbList","@id":"https:\/\/portaltela.pt\/noticias\/2026\/02\/27\/larie-celebra-no-teatro-do-bairro-alto-a-peca-bicho-do-mato\/#breadcrumb","itemListElement":[{"@type":"ListItem","position":1,"name":"In\u00edcio","item":"https:\/\/portaltela.pt\/"},{"@type":"ListItem","position":2,"name":"Larie celebra no Teatro do Bairro Alto a pe\u00e7a Bicho-do-Mato"}]},{"@type":"WebSite","@id":"https:\/\/portaltela.pt\/#website","url":"https:\/\/portaltela.pt\/","name":"Portal Tela Portugal","description":"","potentialAction":[{"@type":"SearchAction","target":{"@type":"EntryPoint","urlTemplate":"https:\/\/portaltela.pt\/?s={search_term_string}"},"query-input":{"@type":"PropertyValueSpecification","valueRequired":true,"valueName":"search_term_string"}}],"inLanguage":"pt-PT"},{"@type":"Person","@id":"https:\/\/portaltela.pt\/#\/schema\/person\/c4278d4a6028830caff9ee44b42d32ed","name":"Telinha","image":{"@type":"ImageObject","inLanguage":"pt-PT","@id":"https:\/\/portaltela.pt\/s.01k8rhncp4jt1\/2025\/11\/talking-bot-125x125.png","url":"https:\/\/portaltela.pt\/s.01k8rhncp4jt1\/2025\/11\/talking-bot-125x125.png","contentUrl":"https:\/\/portaltela.pt\/s.01k8rhncp4jt1\/2025\/11\/talking-bot-125x125.png","caption":"Telinha"},"sameAs":["https:\/\/portaltela.pt\/"],"url":"https:\/\/portaltela.pt\/por\/367410592786\/"}]}},"_links":{"self":[{"href":"https:\/\/portaltela.pt\/api\/wp\/v2\/posts\/390419","targetHints":{"allow":["GET"]}}],"collection":[{"href":"https:\/\/portaltela.pt\/api\/wp\/v2\/posts"}],"about":[{"href":"https:\/\/portaltela.pt\/api\/wp\/v2\/types\/post"}],"author":[{"embeddable":true,"href":"https:\/\/portaltela.pt\/api\/wp\/v2\/users\/2"}],"replies":[{"embeddable":true,"href":"https:\/\/portaltela.pt\/api\/wp\/v2\/comments?post=390419"}],"version-history":[{"count":0,"href":"https:\/\/portaltela.pt\/api\/wp\/v2\/posts\/390419\/revisions"}],"wp:featuredmedia":[{"embeddable":true,"href":"https:\/\/portaltela.pt\/api\/wp\/v2\/media\/390432"}],"wp:attachment":[{"href":"https:\/\/portaltela.pt\/api\/wp\/v2\/media?parent=390419"}],"wp:term":[{"taxonomy":"category","embeddable":true,"href":"https:\/\/portaltela.pt\/api\/wp\/v2\/categories?post=390419"},{"taxonomy":"post_tag","embeddable":true,"href":"https:\/\/portaltela.pt\/api\/wp\/v2\/tags?post=390419"}],"curies":[{"name":"wp","href":"https:\/\/api.w.org\/{rel}","templated":true}]}}