{"id":390382,"date":"2026-02-27T07:02:09","date_gmt":"2026-02-27T10:02:09","guid":{"rendered":"https:\/\/portaltela.pt\/noticias\/2026\/02\/27\/jovens-mascarados-que-se-identificam-como-animais-reunem-se-em-buenos-aires\/"},"modified":"2026-02-27T07:02:09","modified_gmt":"2026-02-27T10:02:09","slug":"jovens-mascarados-que-se-identificam-como-animais-reunem-se-em-buenos-aires","status":"publish","type":"post","link":"https:\/\/portaltela.pt\/noticias\/2026\/02\/27\/jovens-mascarados-que-se-identificam-como-animais-reunem-se-em-buenos-aires\/","title":{"rendered":"Jovens mascarados que se identificam como animais re\u00fanem-se em Buenos Aires"},"content":{"rendered":"<p>Adolescentes em Buenos Aires que se identificam como therians, pessoas que dizem sentir uma liga\u00e7\u00e3o mental ou espiritual com animais n\u00e3o humanos, ganharam destaque nas redes sociais. O fen\u00f3meno ficou evidente com encontros em parques p\u00fablicos, onde alguns participantes usam m\u00e1scaras de animais, andam de gatas e formam grupos sociais semelhantes a \u201cmatilhas\u201d.<\/p>\n<p>A transmiss\u00e3o ocorreu principalmente via TikTok, onde a hashtag #therian j\u00e1 completa mais de dois milh\u00f5es de publica\u00e7\u00f5es. A Argentina lidera o envolvimento da regi\u00e3o da Am\u00e9rica Latina. Para alguns jovens, a identifica\u00e7\u00e3o \u00e9 uma express\u00e3o de identidade; para outros, trata-se de uma forma de performance ou divers\u00e3o.<\/p>\n<h3>Repercuss\u00e3o nas redes<\/h3>\n<p>Especialistas em sa\u00fade mental t\u00eam debatido o impacto social deste fen\u00f3meno. Psic\u00f3logos consideram vari\u00e1veis de risco e benef\u00edcios, descrevendo efeitos subjetivos distintos entre os participantes e comunidades. A discuss\u00e3o p\u00fablica reflete a diversidade de interpreta\u00e7\u00f5es em torno da identidade.<\/p>\n<p>O fen\u00f3meno tamb\u00e9m gerou cobertura medi\u00e1tica e opini\u00f5es diversas, com relatos sobre encontros em espa\u00e7os p\u00fablicos e a forma como os jovens comunicam a sua experi\u00eancia. Organiza\u00e7\u00f5es de sa\u00fade refor\u00e7am a necessidade de compreender o tema com rigor cient\u00edfico.<\/p>\n<h3>Contexto e pr\u00f3ximos passos<\/h3>\n<p>Autoridades e profissionais de educa\u00e7\u00e3o pedem observa\u00e7\u00e3o cuidadosa, sem sensationalismo, para evitar conclus\u00f5es precipitadas. A comunidade cient\u00edfica continua a estudar manifesta\u00e7\u00f5es identit\u00e1rias emergentes entre adolescentes, com foco em sa\u00fade mental e bem-estar.<\/p>\n","protected":false},"excerpt":{"rendered":"<ul>\n<li>Em Buenos Aires, adolescentes que se identificam como therians re\u00fanem-se em parques, com m\u00e1scaras de animais e comportamentos como andar de gatas ou formar \u201cmatilhas\u201d.<\/li>\n<li>O fen\u00f3meno tornou-se viral no TikTok, com a hashtag #therian a ultrapassar dois milh\u00f5es de publica\u00e7\u00f5es; a Argentina lidera o envolvimento na Am\u00e9rica Latina.<\/li>\n<li>Alguns participantes veem-no como express\u00e3o de identidade; outros encaram como performance ou divers\u00e3o.<\/li>\n<li>O movimento gerou debate nas redes, com psic\u00f3logos a comentar os potenciais impactos sociais.<\/li>\n<li>N\u00e3o existem dados oficiais sobre a dimens\u00e3o do movimento entre os jovens.<\/li>\n<\/ul>\n","protected":false},"author":2,"featured_media":390397,"comment_status":"closed","ping_status":"closed","sticky":false,"template":"","format":"standard","meta":{"footnotes":""},"categories":[1],"tags":[5018,6391,2844,6165,2249,55],"class_list":["post-390382","post","type-post","status-publish","format-standard","has-post-thumbnail","hentry","category-noticias","tag-adolescentes","tag-identidade-de-genero-desafios-na-atualidade","tag-jovens","tag-pessoas-lgbt","tag-psicologia","tag-saude-mental"],"yoast_head":"<!-- This site is optimized with the Yoast SEO plugin v27.2 - https:\/\/yoast.com\/product\/yoast-seo-wordpress\/ -->\n<title>Jovens mascarados que se identificam como animais re\u00fanem-se em Buenos Aires - Portal Tela Portugal<\/title>\n<meta name=\"robots\" content=\"index, follow, max-snippet:-1, max-image-preview:large, max-video-preview:-1\" \/>\n<meta property=\"og:locale\" content=\"pt_PT\" \/>\n<meta property=\"og:type\" content=\"article\" \/>\n<meta property=\"og:title\" content=\"Jovens mascarados que se identificam como animais re\u00fanem-se em Buenos Aires - Portal Tela Portugal\" \/>\n<meta property=\"og:description\" content=\"Em Buenos Aires, adolescentes que se identificam como therians re\u00fanem-se em parques, com m\u00e1scaras de animais e comportamentos como andar de gatas ou formar \u201cmatilhas\u201d. O fen\u00f3meno tornou-se viral no TikTok, com a hashtag #therian a ultrapassar dois milh\u00f5es de publica\u00e7\u00f5es; a Argentina lidera o envolvimento na Am\u00e9rica Latina. Alguns participantes veem-no como express\u00e3o de identidade; outros encaram como performance ou divers\u00e3o. O movimento gerou debate nas redes, com psic\u00f3logos a comentar os potenciais impactos sociais. N\u00e3o existem dados oficiais sobre a dimens\u00e3o do movimento entre os jovens.\" \/>\n<meta property=\"og:url\" content=\"https:\/\/portaltela.pt\/noticias\/2026\/02\/27\/jovens-mascarados-que-se-identificam-como-animais-reunem-se-em-buenos-aires\/\" \/>\n<meta property=\"og:site_name\" content=\"Portal Tela Portugal\" \/>\n<meta property=\"article:published_time\" content=\"2026-02-27T10:02:09+00:00\" \/>\n<meta name=\"author\" content=\"Telinha\" \/>\n<meta name=\"twitter:card\" content=\"summary_large_image\" \/>\n<meta name=\"twitter:label1\" content=\"Escrito por\" \/>\n\t<meta name=\"twitter:data1\" content=\"Telinha\" \/>\n\t<meta name=\"twitter:label2\" content=\"Tempo estimado de leitura\" \/>\n\t<meta name=\"twitter:data2\" content=\"1 minuto\" \/>\n<script type=\"application\/ld+json\" class=\"yoast-schema-graph\">{\"@context\":\"https:\/\/schema.org\",\"@graph\":[{\"@type\":\"Article\",\"@id\":\"https:\/\/portaltela.pt\/noticias\/2026\/02\/27\/jovens-mascarados-que-se-identificam-como-animais-reunem-se-em-buenos-aires\/#article\",\"isPartOf\":{\"@id\":\"https:\/\/portaltela.pt\/noticias\/2026\/02\/27\/jovens-mascarados-que-se-identificam-como-animais-reunem-se-em-buenos-aires\/\"},\"author\":{\"name\":\"Telinha\",\"@id\":\"https:\/\/portaltela.pt\/#\/schema\/person\/c4278d4a6028830caff9ee44b42d32ed\"},\"headline\":\"Jovens mascarados que se identificam como animais re\u00fanem-se em Buenos Aires\",\"datePublished\":\"2026-02-27T10:02:09+00:00\",\"mainEntityOfPage\":{\"@id\":\"https:\/\/portaltela.pt\/noticias\/2026\/02\/27\/jovens-mascarados-que-se-identificam-como-animais-reunem-se-em-buenos-aires\/\"},\"wordCount\":271,\"image\":{\"@id\":\"https:\/\/portaltela.pt\/noticias\/2026\/02\/27\/jovens-mascarados-que-se-identificam-como-animais-reunem-se-em-buenos-aires\/#primaryimage\"},\"thumbnailUrl\":\"https:\/\/portaltela.pt\/s.01k8rhncp4jt1\/2026\/02\/1536x864_cmsv2_f9f1a6d8-3c7a-5149-8118-2645c31b7850-9667801.jpg\",\"keywords\":[\"adolescentes\",\"Identidade de g\u00e9nero \u2013 Desafios na Atualidade\",\"jovens\",\"pessoas LGBT\",\"psicologia\",\"sa\u00fade mental\"],\"articleSection\":[\"Not\u00edcias\"],\"inLanguage\":\"pt-PT\"},{\"@type\":\"WebPage\",\"@id\":\"https:\/\/portaltela.pt\/noticias\/2026\/02\/27\/jovens-mascarados-que-se-identificam-como-animais-reunem-se-em-buenos-aires\/\",\"url\":\"https:\/\/portaltela.pt\/noticias\/2026\/02\/27\/jovens-mascarados-que-se-identificam-como-animais-reunem-se-em-buenos-aires\/\",\"name\":\"Jovens mascarados que se identificam como animais re\u00fanem-se em Buenos Aires - Portal Tela Portugal\",\"isPartOf\":{\"@id\":\"https:\/\/portaltela.pt\/#website\"},\"primaryImageOfPage\":{\"@id\":\"https:\/\/portaltela.pt\/noticias\/2026\/02\/27\/jovens-mascarados-que-se-identificam-como-animais-reunem-se-em-buenos-aires\/#primaryimage\"},\"image\":{\"@id\":\"https:\/\/portaltela.pt\/noticias\/2026\/02\/27\/jovens-mascarados-que-se-identificam-como-animais-reunem-se-em-buenos-aires\/#primaryimage\"},\"thumbnailUrl\":\"https:\/\/portaltela.pt\/s.01k8rhncp4jt1\/2026\/02\/1536x864_cmsv2_f9f1a6d8-3c7a-5149-8118-2645c31b7850-9667801.jpg\",\"datePublished\":\"2026-02-27T10:02:09+00:00\",\"author\":{\"@id\":\"https:\/\/portaltela.pt\/#\/schema\/person\/c4278d4a6028830caff9ee44b42d32ed\"},\"breadcrumb\":{\"@id\":\"https:\/\/portaltela.pt\/noticias\/2026\/02\/27\/jovens-mascarados-que-se-identificam-como-animais-reunem-se-em-buenos-aires\/#breadcrumb\"},\"inLanguage\":\"pt-PT\",\"potentialAction\":[{\"@type\":\"ReadAction\",\"target\":[\"https:\/\/portaltela.pt\/noticias\/2026\/02\/27\/jovens-mascarados-que-se-identificam-como-animais-reunem-se-em-buenos-aires\/\"]}]},{\"@type\":\"ImageObject\",\"inLanguage\":\"pt-PT\",\"@id\":\"https:\/\/portaltela.pt\/noticias\/2026\/02\/27\/jovens-mascarados-que-se-identificam-como-animais-reunem-se-em-buenos-aires\/#primaryimage\",\"url\":\"https:\/\/portaltela.pt\/s.01k8rhncp4jt1\/2026\/02\/1536x864_cmsv2_f9f1a6d8-3c7a-5149-8118-2645c31b7850-9667801.jpg\",\"contentUrl\":\"https:\/\/portaltela.pt\/s.01k8rhncp4jt1\/2026\/02\/1536x864_cmsv2_f9f1a6d8-3c7a-5149-8118-2645c31b7850-9667801.jpg\",\"width\":796,\"height\":448,\"caption\":\"Tend\u00eancia viral na Argentina junta jovens mascarados que se identificam como animais num parque de Buenos Aires\"},{\"@type\":\"BreadcrumbList\",\"@id\":\"https:\/\/portaltela.pt\/noticias\/2026\/02\/27\/jovens-mascarados-que-se-identificam-como-animais-reunem-se-em-buenos-aires\/#breadcrumb\",\"itemListElement\":[{\"@type\":\"ListItem\",\"position\":1,\"name\":\"In\u00edcio\",\"item\":\"https:\/\/portaltela.pt\/\"},{\"@type\":\"ListItem\",\"position\":2,\"name\":\"Jovens mascarados que se identificam como animais re\u00fanem-se em Buenos Aires\"}]},{\"@type\":\"WebSite\",\"@id\":\"https:\/\/portaltela.pt\/#website\",\"url\":\"https:\/\/portaltela.pt\/\",\"name\":\"Portal Tela Portugal\",\"description\":\"\",\"potentialAction\":[{\"@type\":\"SearchAction\",\"target\":{\"@type\":\"EntryPoint\",\"urlTemplate\":\"https:\/\/portaltela.pt\/?s={search_term_string}\"},\"query-input\":{\"@type\":\"PropertyValueSpecification\",\"valueRequired\":true,\"valueName\":\"search_term_string\"}}],\"inLanguage\":\"pt-PT\"},{\"@type\":\"Person\",\"@id\":\"https:\/\/portaltela.pt\/#\/schema\/person\/c4278d4a6028830caff9ee44b42d32ed\",\"name\":\"Telinha\",\"image\":{\"@type\":\"ImageObject\",\"inLanguage\":\"pt-PT\",\"@id\":\"https:\/\/portaltela.pt\/s.01k8rhncp4jt1\/2025\/11\/talking-bot-125x125.png\",\"url\":\"https:\/\/portaltela.pt\/s.01k8rhncp4jt1\/2025\/11\/talking-bot-125x125.png\",\"contentUrl\":\"https:\/\/portaltela.pt\/s.01k8rhncp4jt1\/2025\/11\/talking-bot-125x125.png\",\"caption\":\"Telinha\"},\"sameAs\":[\"https:\/\/portaltela.pt\/\"],\"url\":\"https:\/\/portaltela.pt\/por\/367410592786\/\"}]}<\/script>\n<!-- \/ Yoast SEO plugin. -->","yoast_head_json":{"title":"Jovens mascarados que se identificam como animais re\u00fanem-se em Buenos Aires - Portal Tela Portugal","robots":{"index":"index","follow":"follow","max-snippet":"max-snippet:-1","max-image-preview":"max-image-preview:large","max-video-preview":"max-video-preview:-1"},"og_locale":"pt_PT","og_type":"article","og_title":"Jovens mascarados que se identificam como animais re\u00fanem-se em Buenos Aires - Portal Tela Portugal","og_description":"Em Buenos Aires, adolescentes que se identificam como therians re\u00fanem-se em parques, com m\u00e1scaras de animais e comportamentos como andar de gatas ou formar \u201cmatilhas\u201d. O fen\u00f3meno tornou-se viral no TikTok, com a hashtag #therian a ultrapassar dois milh\u00f5es de publica\u00e7\u00f5es; a Argentina lidera o envolvimento na Am\u00e9rica Latina. Alguns participantes veem-no como express\u00e3o de identidade; outros encaram como performance ou divers\u00e3o. O movimento gerou debate nas redes, com psic\u00f3logos a comentar os potenciais impactos sociais. N\u00e3o existem dados oficiais sobre a dimens\u00e3o do movimento entre os jovens.","og_url":"https:\/\/portaltela.pt\/noticias\/2026\/02\/27\/jovens-mascarados-que-se-identificam-como-animais-reunem-se-em-buenos-aires\/","og_site_name":"Portal Tela Portugal","article_published_time":"2026-02-27T10:02:09+00:00","author":"Telinha","twitter_card":"summary_large_image","twitter_misc":{"Escrito por":"Telinha","Tempo estimado de leitura":"1 minuto"},"schema":{"@context":"https:\/\/schema.org","@graph":[{"@type":"Article","@id":"https:\/\/portaltela.pt\/noticias\/2026\/02\/27\/jovens-mascarados-que-se-identificam-como-animais-reunem-se-em-buenos-aires\/#article","isPartOf":{"@id":"https:\/\/portaltela.pt\/noticias\/2026\/02\/27\/jovens-mascarados-que-se-identificam-como-animais-reunem-se-em-buenos-aires\/"},"author":{"name":"Telinha","@id":"https:\/\/portaltela.pt\/#\/schema\/person\/c4278d4a6028830caff9ee44b42d32ed"},"headline":"Jovens mascarados que se identificam como animais re\u00fanem-se em Buenos Aires","datePublished":"2026-02-27T10:02:09+00:00","mainEntityOfPage":{"@id":"https:\/\/portaltela.pt\/noticias\/2026\/02\/27\/jovens-mascarados-que-se-identificam-como-animais-reunem-se-em-buenos-aires\/"},"wordCount":271,"image":{"@id":"https:\/\/portaltela.pt\/noticias\/2026\/02\/27\/jovens-mascarados-que-se-identificam-como-animais-reunem-se-em-buenos-aires\/#primaryimage"},"thumbnailUrl":"https:\/\/portaltela.pt\/s.01k8rhncp4jt1\/2026\/02\/1536x864_cmsv2_f9f1a6d8-3c7a-5149-8118-2645c31b7850-9667801.jpg","keywords":["adolescentes","Identidade de g\u00e9nero \u2013 Desafios na Atualidade","jovens","pessoas LGBT","psicologia","sa\u00fade mental"],"articleSection":["Not\u00edcias"],"inLanguage":"pt-PT"},{"@type":"WebPage","@id":"https:\/\/portaltela.pt\/noticias\/2026\/02\/27\/jovens-mascarados-que-se-identificam-como-animais-reunem-se-em-buenos-aires\/","url":"https:\/\/portaltela.pt\/noticias\/2026\/02\/27\/jovens-mascarados-que-se-identificam-como-animais-reunem-se-em-buenos-aires\/","name":"Jovens mascarados que se identificam como animais re\u00fanem-se em Buenos Aires - Portal Tela Portugal","isPartOf":{"@id":"https:\/\/portaltela.pt\/#website"},"primaryImageOfPage":{"@id":"https:\/\/portaltela.pt\/noticias\/2026\/02\/27\/jovens-mascarados-que-se-identificam-como-animais-reunem-se-em-buenos-aires\/#primaryimage"},"image":{"@id":"https:\/\/portaltela.pt\/noticias\/2026\/02\/27\/jovens-mascarados-que-se-identificam-como-animais-reunem-se-em-buenos-aires\/#primaryimage"},"thumbnailUrl":"https:\/\/portaltela.pt\/s.01k8rhncp4jt1\/2026\/02\/1536x864_cmsv2_f9f1a6d8-3c7a-5149-8118-2645c31b7850-9667801.jpg","datePublished":"2026-02-27T10:02:09+00:00","author":{"@id":"https:\/\/portaltela.pt\/#\/schema\/person\/c4278d4a6028830caff9ee44b42d32ed"},"breadcrumb":{"@id":"https:\/\/portaltela.pt\/noticias\/2026\/02\/27\/jovens-mascarados-que-se-identificam-como-animais-reunem-se-em-buenos-aires\/#breadcrumb"},"inLanguage":"pt-PT","potentialAction":[{"@type":"ReadAction","target":["https:\/\/portaltela.pt\/noticias\/2026\/02\/27\/jovens-mascarados-que-se-identificam-como-animais-reunem-se-em-buenos-aires\/"]}]},{"@type":"ImageObject","inLanguage":"pt-PT","@id":"https:\/\/portaltela.pt\/noticias\/2026\/02\/27\/jovens-mascarados-que-se-identificam-como-animais-reunem-se-em-buenos-aires\/#primaryimage","url":"https:\/\/portaltela.pt\/s.01k8rhncp4jt1\/2026\/02\/1536x864_cmsv2_f9f1a6d8-3c7a-5149-8118-2645c31b7850-9667801.jpg","contentUrl":"https:\/\/portaltela.pt\/s.01k8rhncp4jt1\/2026\/02\/1536x864_cmsv2_f9f1a6d8-3c7a-5149-8118-2645c31b7850-9667801.jpg","width":796,"height":448,"caption":"Tend\u00eancia viral na Argentina junta jovens mascarados que se identificam como animais num parque de Buenos Aires"},{"@type":"BreadcrumbList","@id":"https:\/\/portaltela.pt\/noticias\/2026\/02\/27\/jovens-mascarados-que-se-identificam-como-animais-reunem-se-em-buenos-aires\/#breadcrumb","itemListElement":[{"@type":"ListItem","position":1,"name":"In\u00edcio","item":"https:\/\/portaltela.pt\/"},{"@type":"ListItem","position":2,"name":"Jovens mascarados que se identificam como animais re\u00fanem-se em Buenos Aires"}]},{"@type":"WebSite","@id":"https:\/\/portaltela.pt\/#website","url":"https:\/\/portaltela.pt\/","name":"Portal Tela Portugal","description":"","potentialAction":[{"@type":"SearchAction","target":{"@type":"EntryPoint","urlTemplate":"https:\/\/portaltela.pt\/?s={search_term_string}"},"query-input":{"@type":"PropertyValueSpecification","valueRequired":true,"valueName":"search_term_string"}}],"inLanguage":"pt-PT"},{"@type":"Person","@id":"https:\/\/portaltela.pt\/#\/schema\/person\/c4278d4a6028830caff9ee44b42d32ed","name":"Telinha","image":{"@type":"ImageObject","inLanguage":"pt-PT","@id":"https:\/\/portaltela.pt\/s.01k8rhncp4jt1\/2025\/11\/talking-bot-125x125.png","url":"https:\/\/portaltela.pt\/s.01k8rhncp4jt1\/2025\/11\/talking-bot-125x125.png","contentUrl":"https:\/\/portaltela.pt\/s.01k8rhncp4jt1\/2025\/11\/talking-bot-125x125.png","caption":"Telinha"},"sameAs":["https:\/\/portaltela.pt\/"],"url":"https:\/\/portaltela.pt\/por\/367410592786\/"}]}},"_links":{"self":[{"href":"https:\/\/portaltela.pt\/api\/wp\/v2\/posts\/390382","targetHints":{"allow":["GET"]}}],"collection":[{"href":"https:\/\/portaltela.pt\/api\/wp\/v2\/posts"}],"about":[{"href":"https:\/\/portaltela.pt\/api\/wp\/v2\/types\/post"}],"author":[{"embeddable":true,"href":"https:\/\/portaltela.pt\/api\/wp\/v2\/users\/2"}],"replies":[{"embeddable":true,"href":"https:\/\/portaltela.pt\/api\/wp\/v2\/comments?post=390382"}],"version-history":[{"count":0,"href":"https:\/\/portaltela.pt\/api\/wp\/v2\/posts\/390382\/revisions"}],"wp:featuredmedia":[{"embeddable":true,"href":"https:\/\/portaltela.pt\/api\/wp\/v2\/media\/390397"}],"wp:attachment":[{"href":"https:\/\/portaltela.pt\/api\/wp\/v2\/media?parent=390382"}],"wp:term":[{"taxonomy":"category","embeddable":true,"href":"https:\/\/portaltela.pt\/api\/wp\/v2\/categories?post=390382"},{"taxonomy":"post_tag","embeddable":true,"href":"https:\/\/portaltela.pt\/api\/wp\/v2\/tags?post=390382"}],"curies":[{"name":"wp","href":"https:\/\/api.w.org\/{rel}","templated":true}]}}