{"id":390381,"date":"2026-02-27T07:02:08","date_gmt":"2026-02-27T10:02:08","guid":{"rendered":"https:\/\/portaltela.pt\/noticias\/2026\/02\/27\/orban-afirma-que-a-hungria-esta-a-ser-atacada\/"},"modified":"2026-02-27T07:02:08","modified_gmt":"2026-02-27T10:02:08","slug":"orban-afirma-que-a-hungria-esta-a-ser-atacada","status":"publish","type":"post","link":"https:\/\/portaltela.pt\/noticias\/internacional\/2026\/02\/27\/orban-afirma-que-a-hungria-esta-a-ser-atacada\/","title":{"rendered":"Orb\u00e1n afirma que a Hungria est\u00e1 a ser atacada"},"content":{"rendered":"<p>Viktor Orb\u00e1n afirmou que a Hungria est\u00e1 a ser alvo de a\u00e7\u00f5es externas que visam a sua economia, numa entrevista \u00e0 r\u00e1dio Kossuth. O tema central foi o bloqueio do oleoduto Druzhba, que liga a R\u00fassia \u00e0 Europa, e as alegadas consequ\u00eancias para o pa\u00eds.<\/p>\n<p>O primeiro-ministro h\u00fangaro disse que n\u00e3o recebeu resposta \u00e0 sua carta aberta dirigida ao chefe de Estado ucraniano e que o embaixador da Hungria em Kyiv foi chamado ao Minist\u00e9rio dos Neg\u00f3cios Estrangeiros, onde teriam sido apresentados diversos argumentos. A entrevista tamb\u00e9m mencionou a possibilidade de uma coopera\u00e7\u00e3o com a Eslov\u00e1quia para pressionar a Ucr\u00e2nia a retomar o transporte de petr\u00f3leo.<\/p>\n<p>Duas frentes de a\u00e7\u00e3o foram mencionadas: manter press\u00e3o diplom\u00e1tica entre Hungria e parceiros regionais e discutir a\u00e7\u00f5es conjuntas para assegurar o fluxo de petr\u00f3leo atrav\u00e9s do Druzhba. Orb\u00e1n indicou ainda que o petr\u00f3leo russo \u00e9 essencial para evitar o agravamento de custos na gasolina.<\/p>\n<h3>Potenciais impactos econ\u00f3micos<\/h3>\n<p>A discuss\u00e3o incidiu sobre o efeito do bloqueio no abastecimento de gas\u00f3leo, j\u00e1 interrompido, e a poss\u00edvel eleva\u00e7\u00e3o dos pre\u00e7os da gasolina se o fornecimento falhar. O primeiro-ministro destacou que a continua\u00e7\u00e3o das exporta\u00e7\u00f5es de eletricidade permanece, citando fam\u00edlias que vivem do lado ucraniano da fronteira.<\/p>\n<h3>Contexto de acusa\u00e7\u00f5es<\/h3>\n<p>A narrativa apresentada pelo l\u00edder nacional aponta para um confronto entre Hungria e Ucr\u00e2nia, com Orb\u00e1n alegando mentiras por parte de Kiev sobre reparos no gasoduto. A comunica\u00e7\u00e3o com dirigentes ocidentais tamb\u00e9m foi mencionada, e Orb\u00e1n referiu ainda preocupa\u00e7\u00f5es com a\u00e7\u00f5es consideradas agressivas por parte de autoridades ucranianas.<\/p>\n","protected":false},"excerpt":{"rendered":"<ul>\n<li>Viktor Orb\u00e1n afirmou que o pa\u00eds est\u00e1 a ser atacado e acusou a Ucr\u00e2nia de visar a economia h\u00fangara, com o bloqueio do oleoduto Druzhba e de alegar mentiras.<\/li>\n<li>Disse que a Ucr\u00e2nia ainda n\u00e3o respondeu \u00e0 sua carta aberta e que o embaixador da Hungria na Ucr\u00e2nia foi chamado ao Minist\u00e9rio dos Neg\u00f3cios Estrangeiros em Kiev, onde lhe foram dadas v\u00e1rias alega\u00e7\u00f5es.<\/li>\n<li>Sugeriu discutir com Robert Fico uma a\u00e7\u00e3o conjunta Hungria-Eslov\u00e1quia para obrigar a Ucr\u00e2nia a retomar o transporte de petr\u00f3leo pelo Druzhba.<\/li>\n<li>Alertou para o risco econ\u00f3mico caso o petr\u00f3leo russo n\u00e3o chegue, com poss\u00edvel subida dos pre\u00e7os da gasolina e aumento de fluxos que poderia provocar caos econ\u00f3mico; recordou que o gas\u00f3leo j\u00e1 foi interrompido.<\/li>\n<li>Afirmou que os ucranianos mentiram sobre a repara\u00e7\u00e3o do gasoduto por motivos t\u00e9cnicos, op\u00f4s-se a quem acreditou em Zelensky, e disse ter oferecido participar numa miss\u00e3o para apurar os factos; acusou ainda Kiev de explos\u00f5es ligadas ao Nord Stream.<\/li>\n<\/ul>\n","protected":false},"author":2,"featured_media":390392,"comment_status":"closed","ping_status":"closed","sticky":false,"template":"","format":"standard","meta":{"footnotes":""},"categories":[4,1],"tags":[6441,28,174,2579,3110,2134],"class_list":["post-390381","post","type-post","status-publish","format-standard","has-post-thumbnail","hentry","category-internacional","category-noticias","tag-acusacoes","tag-economia","tag-energia","tag-hungria","tag-russia","tag-ucrania"],"yoast_head":"<!-- This site is optimized with the Yoast SEO plugin v27.2 - https:\/\/yoast.com\/product\/yoast-seo-wordpress\/ -->\n<title>Orb\u00e1n afirma que a Hungria est\u00e1 a ser atacada - Portal Tela Portugal<\/title>\n<meta name=\"robots\" content=\"index, follow, max-snippet:-1, max-image-preview:large, max-video-preview:-1\" \/>\n<meta property=\"og:locale\" content=\"pt_PT\" \/>\n<meta property=\"og:type\" content=\"article\" \/>\n<meta property=\"og:title\" content=\"Orb\u00e1n afirma que a Hungria est\u00e1 a ser atacada - Portal Tela Portugal\" \/>\n<meta property=\"og:description\" content=\"Viktor Orb\u00e1n afirmou que o pa\u00eds est\u00e1 a ser atacado e acusou a Ucr\u00e2nia de visar a economia h\u00fangara, com o bloqueio do oleoduto Druzhba e de alegar mentiras. Disse que a Ucr\u00e2nia ainda n\u00e3o respondeu \u00e0 sua carta aberta e que o embaixador da Hungria na Ucr\u00e2nia foi chamado ao Minist\u00e9rio dos Neg\u00f3cios Estrangeiros em Kiev, onde lhe foram dadas v\u00e1rias alega\u00e7\u00f5es. Sugeriu discutir com Robert Fico uma a\u00e7\u00e3o conjunta Hungria-Eslov\u00e1quia para obrigar a Ucr\u00e2nia a retomar o transporte de petr\u00f3leo pelo Druzhba. Alertou para o risco econ\u00f3mico caso o petr\u00f3leo russo n\u00e3o chegue, com poss\u00edvel subida dos pre\u00e7os da gasolina e aumento de fluxos que poderia provocar caos econ\u00f3mico; recordou que o gas\u00f3leo j\u00e1 foi interrompido. Afirmou que os ucranianos mentiram sobre a repara\u00e7\u00e3o do gasoduto por motivos t\u00e9cnicos, op\u00f4s-se a quem acreditou em Zelensky, e disse ter oferecido participar numa miss\u00e3o para apurar os factos; acusou ainda Kiev de explos\u00f5es ligadas ao Nord Stream.\" \/>\n<meta property=\"og:url\" content=\"https:\/\/portaltela.pt\/noticias\/2026\/02\/27\/orban-afirma-que-a-hungria-esta-a-ser-atacada\/\" \/>\n<meta property=\"og:site_name\" content=\"Portal Tela Portugal\" \/>\n<meta property=\"article:published_time\" content=\"2026-02-27T10:02:08+00:00\" \/>\n<meta name=\"author\" content=\"Telinha\" \/>\n<meta name=\"twitter:card\" content=\"summary_large_image\" \/>\n<meta name=\"twitter:label1\" content=\"Escrito por\" \/>\n\t<meta name=\"twitter:data1\" content=\"Telinha\" \/>\n\t<meta name=\"twitter:label2\" content=\"Tempo estimado de leitura\" \/>\n\t<meta name=\"twitter:data2\" content=\"1 minuto\" \/>\n<script type=\"application\/ld+json\" class=\"yoast-schema-graph\">{\"@context\":\"https:\/\/schema.org\",\"@graph\":[{\"@type\":\"Article\",\"@id\":\"https:\/\/portaltela.pt\/noticias\/2026\/02\/27\/orban-afirma-que-a-hungria-esta-a-ser-atacada\/#article\",\"isPartOf\":{\"@id\":\"https:\/\/portaltela.pt\/noticias\/2026\/02\/27\/orban-afirma-que-a-hungria-esta-a-ser-atacada\/\"},\"author\":{\"name\":\"Telinha\",\"@id\":\"https:\/\/portaltela.pt\/#\/schema\/person\/c4278d4a6028830caff9ee44b42d32ed\"},\"headline\":\"Orb\u00e1n afirma que a Hungria est\u00e1 a ser atacada\",\"datePublished\":\"2026-02-27T10:02:08+00:00\",\"mainEntityOfPage\":{\"@id\":\"https:\/\/portaltela.pt\/noticias\/2026\/02\/27\/orban-afirma-que-a-hungria-esta-a-ser-atacada\/\"},\"wordCount\":297,\"image\":{\"@id\":\"https:\/\/portaltela.pt\/noticias\/2026\/02\/27\/orban-afirma-que-a-hungria-esta-a-ser-atacada\/#primaryimage\"},\"thumbnailUrl\":\"https:\/\/portaltela.pt\/s.01k8rhncp4jt1\/2026\/02\/1536x864_cmsv2_35f1b7e9-6918-5558-97d7-f2a5a3316e93-9667860.jpg\",\"keywords\":[\"acusa\u00e7\u00f5es\",\"economia\",\"energia\",\"Hungria\",\"R\u00fassia\",\"Ucr\u00e2nia\"],\"articleSection\":[\"Internacional\",\"Not\u00edcias\"],\"inLanguage\":\"pt-PT\"},{\"@type\":\"WebPage\",\"@id\":\"https:\/\/portaltela.pt\/noticias\/2026\/02\/27\/orban-afirma-que-a-hungria-esta-a-ser-atacada\/\",\"url\":\"https:\/\/portaltela.pt\/noticias\/2026\/02\/27\/orban-afirma-que-a-hungria-esta-a-ser-atacada\/\",\"name\":\"Orb\u00e1n afirma que a Hungria est\u00e1 a ser atacada - Portal Tela Portugal\",\"isPartOf\":{\"@id\":\"https:\/\/portaltela.pt\/#website\"},\"primaryImageOfPage\":{\"@id\":\"https:\/\/portaltela.pt\/noticias\/2026\/02\/27\/orban-afirma-que-a-hungria-esta-a-ser-atacada\/#primaryimage\"},\"image\":{\"@id\":\"https:\/\/portaltela.pt\/noticias\/2026\/02\/27\/orban-afirma-que-a-hungria-esta-a-ser-atacada\/#primaryimage\"},\"thumbnailUrl\":\"https:\/\/portaltela.pt\/s.01k8rhncp4jt1\/2026\/02\/1536x864_cmsv2_35f1b7e9-6918-5558-97d7-f2a5a3316e93-9667860.jpg\",\"datePublished\":\"2026-02-27T10:02:08+00:00\",\"author\":{\"@id\":\"https:\/\/portaltela.pt\/#\/schema\/person\/c4278d4a6028830caff9ee44b42d32ed\"},\"breadcrumb\":{\"@id\":\"https:\/\/portaltela.pt\/noticias\/2026\/02\/27\/orban-afirma-que-a-hungria-esta-a-ser-atacada\/#breadcrumb\"},\"inLanguage\":\"pt-PT\",\"potentialAction\":[{\"@type\":\"ReadAction\",\"target\":[\"https:\/\/portaltela.pt\/noticias\/2026\/02\/27\/orban-afirma-que-a-hungria-esta-a-ser-atacada\/\"]}]},{\"@type\":\"ImageObject\",\"inLanguage\":\"pt-PT\",\"@id\":\"https:\/\/portaltela.pt\/noticias\/2026\/02\/27\/orban-afirma-que-a-hungria-esta-a-ser-atacada\/#primaryimage\",\"url\":\"https:\/\/portaltela.pt\/s.01k8rhncp4jt1\/2026\/02\/1536x864_cmsv2_35f1b7e9-6918-5558-97d7-f2a5a3316e93-9667860.jpg\",\"contentUrl\":\"https:\/\/portaltela.pt\/s.01k8rhncp4jt1\/2026\/02\/1536x864_cmsv2_35f1b7e9-6918-5558-97d7-f2a5a3316e93-9667860.jpg\",\"width\":796,\"height\":448,\"caption\":\"Viktor Orb\u00e1n\"},{\"@type\":\"BreadcrumbList\",\"@id\":\"https:\/\/portaltela.pt\/noticias\/2026\/02\/27\/orban-afirma-que-a-hungria-esta-a-ser-atacada\/#breadcrumb\",\"itemListElement\":[{\"@type\":\"ListItem\",\"position\":1,\"name\":\"In\u00edcio\",\"item\":\"https:\/\/portaltela.pt\/\"},{\"@type\":\"ListItem\",\"position\":2,\"name\":\"Orb\u00e1n afirma que a Hungria est\u00e1 a ser atacada\"}]},{\"@type\":\"WebSite\",\"@id\":\"https:\/\/portaltela.pt\/#website\",\"url\":\"https:\/\/portaltela.pt\/\",\"name\":\"Portal Tela Portugal\",\"description\":\"\",\"potentialAction\":[{\"@type\":\"SearchAction\",\"target\":{\"@type\":\"EntryPoint\",\"urlTemplate\":\"https:\/\/portaltela.pt\/?s={search_term_string}\"},\"query-input\":{\"@type\":\"PropertyValueSpecification\",\"valueRequired\":true,\"valueName\":\"search_term_string\"}}],\"inLanguage\":\"pt-PT\"},{\"@type\":\"Person\",\"@id\":\"https:\/\/portaltela.pt\/#\/schema\/person\/c4278d4a6028830caff9ee44b42d32ed\",\"name\":\"Telinha\",\"image\":{\"@type\":\"ImageObject\",\"inLanguage\":\"pt-PT\",\"@id\":\"https:\/\/portaltela.pt\/s.01k8rhncp4jt1\/2025\/11\/talking-bot-125x125.png\",\"url\":\"https:\/\/portaltela.pt\/s.01k8rhncp4jt1\/2025\/11\/talking-bot-125x125.png\",\"contentUrl\":\"https:\/\/portaltela.pt\/s.01k8rhncp4jt1\/2025\/11\/talking-bot-125x125.png\",\"caption\":\"Telinha\"},\"sameAs\":[\"https:\/\/portaltela.pt\/\"],\"url\":\"https:\/\/portaltela.pt\/por\/367410592786\/\"}]}<\/script>\n<!-- \/ Yoast SEO plugin. -->","yoast_head_json":{"title":"Orb\u00e1n afirma que a Hungria est\u00e1 a ser atacada - Portal Tela Portugal","robots":{"index":"index","follow":"follow","max-snippet":"max-snippet:-1","max-image-preview":"max-image-preview:large","max-video-preview":"max-video-preview:-1"},"og_locale":"pt_PT","og_type":"article","og_title":"Orb\u00e1n afirma que a Hungria est\u00e1 a ser atacada - Portal Tela Portugal","og_description":"Viktor Orb\u00e1n afirmou que o pa\u00eds est\u00e1 a ser atacado e acusou a Ucr\u00e2nia de visar a economia h\u00fangara, com o bloqueio do oleoduto Druzhba e de alegar mentiras. Disse que a Ucr\u00e2nia ainda n\u00e3o respondeu \u00e0 sua carta aberta e que o embaixador da Hungria na Ucr\u00e2nia foi chamado ao Minist\u00e9rio dos Neg\u00f3cios Estrangeiros em Kiev, onde lhe foram dadas v\u00e1rias alega\u00e7\u00f5es. Sugeriu discutir com Robert Fico uma a\u00e7\u00e3o conjunta Hungria-Eslov\u00e1quia para obrigar a Ucr\u00e2nia a retomar o transporte de petr\u00f3leo pelo Druzhba. Alertou para o risco econ\u00f3mico caso o petr\u00f3leo russo n\u00e3o chegue, com poss\u00edvel subida dos pre\u00e7os da gasolina e aumento de fluxos que poderia provocar caos econ\u00f3mico; recordou que o gas\u00f3leo j\u00e1 foi interrompido. Afirmou que os ucranianos mentiram sobre a repara\u00e7\u00e3o do gasoduto por motivos t\u00e9cnicos, op\u00f4s-se a quem acreditou em Zelensky, e disse ter oferecido participar numa miss\u00e3o para apurar os factos; acusou ainda Kiev de explos\u00f5es ligadas ao Nord Stream.","og_url":"https:\/\/portaltela.pt\/noticias\/2026\/02\/27\/orban-afirma-que-a-hungria-esta-a-ser-atacada\/","og_site_name":"Portal Tela Portugal","article_published_time":"2026-02-27T10:02:08+00:00","author":"Telinha","twitter_card":"summary_large_image","twitter_misc":{"Escrito por":"Telinha","Tempo estimado de leitura":"1 minuto"},"schema":{"@context":"https:\/\/schema.org","@graph":[{"@type":"Article","@id":"https:\/\/portaltela.pt\/noticias\/2026\/02\/27\/orban-afirma-que-a-hungria-esta-a-ser-atacada\/#article","isPartOf":{"@id":"https:\/\/portaltela.pt\/noticias\/2026\/02\/27\/orban-afirma-que-a-hungria-esta-a-ser-atacada\/"},"author":{"name":"Telinha","@id":"https:\/\/portaltela.pt\/#\/schema\/person\/c4278d4a6028830caff9ee44b42d32ed"},"headline":"Orb\u00e1n afirma que a Hungria est\u00e1 a ser atacada","datePublished":"2026-02-27T10:02:08+00:00","mainEntityOfPage":{"@id":"https:\/\/portaltela.pt\/noticias\/2026\/02\/27\/orban-afirma-que-a-hungria-esta-a-ser-atacada\/"},"wordCount":297,"image":{"@id":"https:\/\/portaltela.pt\/noticias\/2026\/02\/27\/orban-afirma-que-a-hungria-esta-a-ser-atacada\/#primaryimage"},"thumbnailUrl":"https:\/\/portaltela.pt\/s.01k8rhncp4jt1\/2026\/02\/1536x864_cmsv2_35f1b7e9-6918-5558-97d7-f2a5a3316e93-9667860.jpg","keywords":["acusa\u00e7\u00f5es","economia","energia","Hungria","R\u00fassia","Ucr\u00e2nia"],"articleSection":["Internacional","Not\u00edcias"],"inLanguage":"pt-PT"},{"@type":"WebPage","@id":"https:\/\/portaltela.pt\/noticias\/2026\/02\/27\/orban-afirma-que-a-hungria-esta-a-ser-atacada\/","url":"https:\/\/portaltela.pt\/noticias\/2026\/02\/27\/orban-afirma-que-a-hungria-esta-a-ser-atacada\/","name":"Orb\u00e1n afirma que a Hungria est\u00e1 a ser atacada - Portal Tela Portugal","isPartOf":{"@id":"https:\/\/portaltela.pt\/#website"},"primaryImageOfPage":{"@id":"https:\/\/portaltela.pt\/noticias\/2026\/02\/27\/orban-afirma-que-a-hungria-esta-a-ser-atacada\/#primaryimage"},"image":{"@id":"https:\/\/portaltela.pt\/noticias\/2026\/02\/27\/orban-afirma-que-a-hungria-esta-a-ser-atacada\/#primaryimage"},"thumbnailUrl":"https:\/\/portaltela.pt\/s.01k8rhncp4jt1\/2026\/02\/1536x864_cmsv2_35f1b7e9-6918-5558-97d7-f2a5a3316e93-9667860.jpg","datePublished":"2026-02-27T10:02:08+00:00","author":{"@id":"https:\/\/portaltela.pt\/#\/schema\/person\/c4278d4a6028830caff9ee44b42d32ed"},"breadcrumb":{"@id":"https:\/\/portaltela.pt\/noticias\/2026\/02\/27\/orban-afirma-que-a-hungria-esta-a-ser-atacada\/#breadcrumb"},"inLanguage":"pt-PT","potentialAction":[{"@type":"ReadAction","target":["https:\/\/portaltela.pt\/noticias\/2026\/02\/27\/orban-afirma-que-a-hungria-esta-a-ser-atacada\/"]}]},{"@type":"ImageObject","inLanguage":"pt-PT","@id":"https:\/\/portaltela.pt\/noticias\/2026\/02\/27\/orban-afirma-que-a-hungria-esta-a-ser-atacada\/#primaryimage","url":"https:\/\/portaltela.pt\/s.01k8rhncp4jt1\/2026\/02\/1536x864_cmsv2_35f1b7e9-6918-5558-97d7-f2a5a3316e93-9667860.jpg","contentUrl":"https:\/\/portaltela.pt\/s.01k8rhncp4jt1\/2026\/02\/1536x864_cmsv2_35f1b7e9-6918-5558-97d7-f2a5a3316e93-9667860.jpg","width":796,"height":448,"caption":"Viktor Orb\u00e1n"},{"@type":"BreadcrumbList","@id":"https:\/\/portaltela.pt\/noticias\/2026\/02\/27\/orban-afirma-que-a-hungria-esta-a-ser-atacada\/#breadcrumb","itemListElement":[{"@type":"ListItem","position":1,"name":"In\u00edcio","item":"https:\/\/portaltela.pt\/"},{"@type":"ListItem","position":2,"name":"Orb\u00e1n afirma que a Hungria est\u00e1 a ser atacada"}]},{"@type":"WebSite","@id":"https:\/\/portaltela.pt\/#website","url":"https:\/\/portaltela.pt\/","name":"Portal Tela Portugal","description":"","potentialAction":[{"@type":"SearchAction","target":{"@type":"EntryPoint","urlTemplate":"https:\/\/portaltela.pt\/?s={search_term_string}"},"query-input":{"@type":"PropertyValueSpecification","valueRequired":true,"valueName":"search_term_string"}}],"inLanguage":"pt-PT"},{"@type":"Person","@id":"https:\/\/portaltela.pt\/#\/schema\/person\/c4278d4a6028830caff9ee44b42d32ed","name":"Telinha","image":{"@type":"ImageObject","inLanguage":"pt-PT","@id":"https:\/\/portaltela.pt\/s.01k8rhncp4jt1\/2025\/11\/talking-bot-125x125.png","url":"https:\/\/portaltela.pt\/s.01k8rhncp4jt1\/2025\/11\/talking-bot-125x125.png","contentUrl":"https:\/\/portaltela.pt\/s.01k8rhncp4jt1\/2025\/11\/talking-bot-125x125.png","caption":"Telinha"},"sameAs":["https:\/\/portaltela.pt\/"],"url":"https:\/\/portaltela.pt\/por\/367410592786\/"}]}},"_links":{"self":[{"href":"https:\/\/portaltela.pt\/api\/wp\/v2\/posts\/390381","targetHints":{"allow":["GET"]}}],"collection":[{"href":"https:\/\/portaltela.pt\/api\/wp\/v2\/posts"}],"about":[{"href":"https:\/\/portaltela.pt\/api\/wp\/v2\/types\/post"}],"author":[{"embeddable":true,"href":"https:\/\/portaltela.pt\/api\/wp\/v2\/users\/2"}],"replies":[{"embeddable":true,"href":"https:\/\/portaltela.pt\/api\/wp\/v2\/comments?post=390381"}],"version-history":[{"count":0,"href":"https:\/\/portaltela.pt\/api\/wp\/v2\/posts\/390381\/revisions"}],"wp:featuredmedia":[{"embeddable":true,"href":"https:\/\/portaltela.pt\/api\/wp\/v2\/media\/390392"}],"wp:attachment":[{"href":"https:\/\/portaltela.pt\/api\/wp\/v2\/media?parent=390381"}],"wp:term":[{"taxonomy":"category","embeddable":true,"href":"https:\/\/portaltela.pt\/api\/wp\/v2\/categories?post=390381"},{"taxonomy":"post_tag","embeddable":true,"href":"https:\/\/portaltela.pt\/api\/wp\/v2\/tags?post=390381"}],"curies":[{"name":"wp","href":"https:\/\/api.w.org\/{rel}","templated":true}]}}