{"id":390372,"date":"2026-02-27T06:43:30","date_gmt":"2026-02-27T09:43:30","guid":{"rendered":"https:\/\/portaltela.pt\/noticias\/2026\/02\/27\/trecho-da-a14-na-figueira-da-foz-sem-previsao-de-reabertura-2\/"},"modified":"2026-02-27T06:43:30","modified_gmt":"2026-02-27T09:43:30","slug":"trecho-da-a14-na-figueira-da-foz-sem-previsao-de-reabertura-2","status":"publish","type":"post","link":"https:\/\/portaltela.pt\/noticias\/2026\/02\/27\/trecho-da-a14-na-figueira-da-foz-sem-previsao-de-reabertura-2\/","title":{"rendered":"Trecho da A14 na Figueira da Foz sem previs\u00e3o de reabertura"},"content":{"rendered":"<p>O tro\u00e7o da A14 na Figueira da Foz, em Portugal, permanece sem previs\u00e3o de reabertura. A circula\u00e7\u00e3o nos dois sentidos foi cortada devido \u00e0 subida das \u00e1guas nos campos agr\u00edcolas adjacentes do vale do Mondego. A avalia\u00e7\u00e3o das autoridades prossegue.<\/p>\n<p>As informa\u00e7\u00f5es oficiais apontam que o aumento do n\u00edvel das \u00e1guas resultou do ac\u00famulo h\u00eddrico na regi\u00e3o. O atraso na normaliza\u00e7\u00e3o do tr\u00e2nsito depende do escoamento e da evolu\u00e7\u00e3o das condi\u00e7\u00f5es meteorol\u00f3gicas.<\/p>\n<p>As autoridades de tr\u00e2nsito continuam a monitorizar a via e o ambiente envolvente. Conduziros s\u00e3o aconselhados a evitar a zona e a manterem-se informados atrav\u00e9s das atualiza\u00e7\u00f5es oficiais.<\/p>\n<h3>Situa\u00e7\u00e3o atual da via<\/h3>\n<p>A circula\u00e7\u00e3o continua interrompida, sem uma data prevista para a reabertura. A prioridade \u00e9 assegurar a seguran\u00e7a dos utilizadores e a estabilidade das infraestruturas afectadas pela subida de \u00e1gua no vale do Mondego.<\/p>\n","protected":false},"excerpt":{"rendered":"<ul>\n<li>O tro\u00e7o da A14 na Figueira da Foz est\u00e1 sem previs\u00e3o de reabertura devido a condi\u00e7\u00f5es meteorol\u00f3gicas adversas.<\/li>\n<li>A circula\u00e7\u00e3o nos dois sentidos ficou cortada pela subida das \u00e1guas nos campos agr\u00edcolas adjacentes do vale do Mondego.<\/li>\n<li>A reabertura depende da diminui\u00e7\u00e3o do caudal e da avalia\u00e7\u00e3o de condi\u00e7\u00f5es de seguran\u00e7a para utilizadores.<\/li>\n<li>As autoridades monitorizam a via e o ambiente, fornecendo atualiza\u00e7\u00f5es assim que estiverem dispon\u00edveis.<\/li>\n<li>Condutores devem evitar a zona e consultar informa\u00e7\u00f5es oficiais de tr\u00e2nsito.<\/li>\n<\/ul>\n","protected":false},"author":2,"featured_media":390379,"comment_status":"closed","ping_status":"closed","sticky":false,"template":"","format":"standard","meta":{"footnotes":""},"categories":[1],"tags":[3812,4216,1083,1417,2410],"class_list":["post-390372","post","type-post","status-publish","format-standard","has-post-thumbnail","hentry","category-noticias","tag-alagamentos","tag-condicoes-de-transito","tag-estradas","tag-figueira-da-foz","tag-mondego"],"yoast_head":"<!-- This site is optimized with the Yoast SEO plugin v27.2 - https:\/\/yoast.com\/product\/yoast-seo-wordpress\/ -->\n<title>Trecho da A14 na Figueira da Foz sem previs\u00e3o de reabertura - Portal Tela Portugal<\/title>\n<meta name=\"robots\" content=\"index, follow, max-snippet:-1, max-image-preview:large, max-video-preview:-1\" \/>\n<meta property=\"og:locale\" content=\"pt_PT\" \/>\n<meta property=\"og:type\" content=\"article\" \/>\n<meta property=\"og:title\" content=\"Trecho da A14 na Figueira da Foz sem previs\u00e3o de reabertura - Portal Tela Portugal\" \/>\n<meta property=\"og:description\" content=\"O tro\u00e7o da A14 na Figueira da Foz est\u00e1 sem previs\u00e3o de reabertura devido a condi\u00e7\u00f5es meteorol\u00f3gicas adversas. A circula\u00e7\u00e3o nos dois sentidos ficou cortada pela subida das \u00e1guas nos campos agr\u00edcolas adjacentes do vale do Mondego. A reabertura depende da diminui\u00e7\u00e3o do caudal e da avalia\u00e7\u00e3o de condi\u00e7\u00f5es de seguran\u00e7a para utilizadores. As autoridades monitorizam a via e o ambiente, fornecendo atualiza\u00e7\u00f5es assim que estiverem dispon\u00edveis. Condutores devem evitar a zona e consultar informa\u00e7\u00f5es oficiais de tr\u00e2nsito.\" \/>\n<meta property=\"og:url\" content=\"https:\/\/portaltela.pt\/noticias\/2026\/02\/27\/trecho-da-a14-na-figueira-da-foz-sem-previsao-de-reabertura-2\/\" \/>\n<meta property=\"og:site_name\" content=\"Portal Tela Portugal\" \/>\n<meta property=\"article:published_time\" content=\"2026-02-27T09:43:30+00:00\" \/>\n<meta name=\"author\" content=\"Telinha\" \/>\n<meta name=\"twitter:card\" content=\"summary_large_image\" \/>\n<meta name=\"twitter:label1\" content=\"Escrito por\" \/>\n\t<meta name=\"twitter:data1\" content=\"Telinha\" \/>\n\t<meta name=\"twitter:label2\" content=\"Tempo estimado de leitura\" \/>\n\t<meta name=\"twitter:data2\" content=\"1 minuto\" \/>\n<script type=\"application\/ld+json\" class=\"yoast-schema-graph\">{\"@context\":\"https:\/\/schema.org\",\"@graph\":[{\"@type\":\"Article\",\"@id\":\"https:\/\/portaltela.pt\/noticias\/2026\/02\/27\/trecho-da-a14-na-figueira-da-foz-sem-previsao-de-reabertura-2\/#article\",\"isPartOf\":{\"@id\":\"https:\/\/portaltela.pt\/noticias\/2026\/02\/27\/trecho-da-a14-na-figueira-da-foz-sem-previsao-de-reabertura-2\/\"},\"author\":{\"name\":\"Telinha\",\"@id\":\"https:\/\/portaltela.pt\/#\/schema\/person\/c4278d4a6028830caff9ee44b42d32ed\"},\"headline\":\"Trecho da A14 na Figueira da Foz sem previs\u00e3o de reabertura\",\"datePublished\":\"2026-02-27T09:43:30+00:00\",\"mainEntityOfPage\":{\"@id\":\"https:\/\/portaltela.pt\/noticias\/2026\/02\/27\/trecho-da-a14-na-figueira-da-foz-sem-previsao-de-reabertura-2\/\"},\"wordCount\":169,\"image\":{\"@id\":\"https:\/\/portaltela.pt\/noticias\/2026\/02\/27\/trecho-da-a14-na-figueira-da-foz-sem-previsao-de-reabertura-2\/#primaryimage\"},\"thumbnailUrl\":\"https:\/\/portaltela.pt\/s.01k8rhncp4jt1\/2026\/02\/img_1280x722uu2026-02-03-15-45-00-2264466.jpg\",\"keywords\":[\"alagamentos\",\"condi\u00e7\u00f5es de tr\u00e2nsito\",\"estradas\",\"Figueira da Foz\",\"Mondego\"],\"articleSection\":[\"Not\u00edcias\"],\"inLanguage\":\"pt-PT\"},{\"@type\":\"WebPage\",\"@id\":\"https:\/\/portaltela.pt\/noticias\/2026\/02\/27\/trecho-da-a14-na-figueira-da-foz-sem-previsao-de-reabertura-2\/\",\"url\":\"https:\/\/portaltela.pt\/noticias\/2026\/02\/27\/trecho-da-a14-na-figueira-da-foz-sem-previsao-de-reabertura-2\/\",\"name\":\"Trecho da A14 na Figueira da Foz sem previs\u00e3o de reabertura - Portal Tela Portugal\",\"isPartOf\":{\"@id\":\"https:\/\/portaltela.pt\/#website\"},\"primaryImageOfPage\":{\"@id\":\"https:\/\/portaltela.pt\/noticias\/2026\/02\/27\/trecho-da-a14-na-figueira-da-foz-sem-previsao-de-reabertura-2\/#primaryimage\"},\"image\":{\"@id\":\"https:\/\/portaltela.pt\/noticias\/2026\/02\/27\/trecho-da-a14-na-figueira-da-foz-sem-previsao-de-reabertura-2\/#primaryimage\"},\"thumbnailUrl\":\"https:\/\/portaltela.pt\/s.01k8rhncp4jt1\/2026\/02\/img_1280x722uu2026-02-03-15-45-00-2264466.jpg\",\"datePublished\":\"2026-02-27T09:43:30+00:00\",\"author\":{\"@id\":\"https:\/\/portaltela.pt\/#\/schema\/person\/c4278d4a6028830caff9ee44b42d32ed\"},\"breadcrumb\":{\"@id\":\"https:\/\/portaltela.pt\/noticias\/2026\/02\/27\/trecho-da-a14-na-figueira-da-foz-sem-previsao-de-reabertura-2\/#breadcrumb\"},\"inLanguage\":\"pt-PT\",\"potentialAction\":[{\"@type\":\"ReadAction\",\"target\":[\"https:\/\/portaltela.pt\/noticias\/2026\/02\/27\/trecho-da-a14-na-figueira-da-foz-sem-previsao-de-reabertura-2\/\"]}]},{\"@type\":\"ImageObject\",\"inLanguage\":\"pt-PT\",\"@id\":\"https:\/\/portaltela.pt\/noticias\/2026\/02\/27\/trecho-da-a14-na-figueira-da-foz-sem-previsao-de-reabertura-2\/#primaryimage\",\"url\":\"https:\/\/portaltela.pt\/s.01k8rhncp4jt1\/2026\/02\/img_1280x722uu2026-02-03-15-45-00-2264466.jpg\",\"contentUrl\":\"https:\/\/portaltela.pt\/s.01k8rhncp4jt1\/2026\/02\/img_1280x722uu2026-02-03-15-45-00-2264466.jpg\",\"width\":796,\"height\":448,\"caption\":\"Circula\u00e7\u00e3o nos dois sentidos foi cortada ao tr\u00e2nsito devido \u00e0 subida das \u00e1guas nos campos agr\u00edcolas adjacentes do vale do Mondego, e n\u00e3o voltou a ser reaberta.\"},{\"@type\":\"BreadcrumbList\",\"@id\":\"https:\/\/portaltela.pt\/noticias\/2026\/02\/27\/trecho-da-a14-na-figueira-da-foz-sem-previsao-de-reabertura-2\/#breadcrumb\",\"itemListElement\":[{\"@type\":\"ListItem\",\"position\":1,\"name\":\"In\u00edcio\",\"item\":\"https:\/\/portaltela.pt\/\"},{\"@type\":\"ListItem\",\"position\":2,\"name\":\"Trecho da A14 na Figueira da Foz sem previs\u00e3o de reabertura\"}]},{\"@type\":\"WebSite\",\"@id\":\"https:\/\/portaltela.pt\/#website\",\"url\":\"https:\/\/portaltela.pt\/\",\"name\":\"Portal Tela Portugal\",\"description\":\"\",\"potentialAction\":[{\"@type\":\"SearchAction\",\"target\":{\"@type\":\"EntryPoint\",\"urlTemplate\":\"https:\/\/portaltela.pt\/?s={search_term_string}\"},\"query-input\":{\"@type\":\"PropertyValueSpecification\",\"valueRequired\":true,\"valueName\":\"search_term_string\"}}],\"inLanguage\":\"pt-PT\"},{\"@type\":\"Person\",\"@id\":\"https:\/\/portaltela.pt\/#\/schema\/person\/c4278d4a6028830caff9ee44b42d32ed\",\"name\":\"Telinha\",\"image\":{\"@type\":\"ImageObject\",\"inLanguage\":\"pt-PT\",\"@id\":\"https:\/\/portaltela.pt\/s.01k8rhncp4jt1\/2025\/11\/talking-bot-125x125.png\",\"url\":\"https:\/\/portaltela.pt\/s.01k8rhncp4jt1\/2025\/11\/talking-bot-125x125.png\",\"contentUrl\":\"https:\/\/portaltela.pt\/s.01k8rhncp4jt1\/2025\/11\/talking-bot-125x125.png\",\"caption\":\"Telinha\"},\"sameAs\":[\"https:\/\/portaltela.pt\/\"],\"url\":\"https:\/\/portaltela.pt\/por\/367410592786\/\"}]}<\/script>\n<!-- \/ Yoast SEO plugin. -->","yoast_head_json":{"title":"Trecho da A14 na Figueira da Foz sem previs\u00e3o de reabertura - Portal Tela Portugal","robots":{"index":"index","follow":"follow","max-snippet":"max-snippet:-1","max-image-preview":"max-image-preview:large","max-video-preview":"max-video-preview:-1"},"og_locale":"pt_PT","og_type":"article","og_title":"Trecho da A14 na Figueira da Foz sem previs\u00e3o de reabertura - Portal Tela Portugal","og_description":"O tro\u00e7o da A14 na Figueira da Foz est\u00e1 sem previs\u00e3o de reabertura devido a condi\u00e7\u00f5es meteorol\u00f3gicas adversas. A circula\u00e7\u00e3o nos dois sentidos ficou cortada pela subida das \u00e1guas nos campos agr\u00edcolas adjacentes do vale do Mondego. A reabertura depende da diminui\u00e7\u00e3o do caudal e da avalia\u00e7\u00e3o de condi\u00e7\u00f5es de seguran\u00e7a para utilizadores. As autoridades monitorizam a via e o ambiente, fornecendo atualiza\u00e7\u00f5es assim que estiverem dispon\u00edveis. Condutores devem evitar a zona e consultar informa\u00e7\u00f5es oficiais de tr\u00e2nsito.","og_url":"https:\/\/portaltela.pt\/noticias\/2026\/02\/27\/trecho-da-a14-na-figueira-da-foz-sem-previsao-de-reabertura-2\/","og_site_name":"Portal Tela Portugal","article_published_time":"2026-02-27T09:43:30+00:00","author":"Telinha","twitter_card":"summary_large_image","twitter_misc":{"Escrito por":"Telinha","Tempo estimado de leitura":"1 minuto"},"schema":{"@context":"https:\/\/schema.org","@graph":[{"@type":"Article","@id":"https:\/\/portaltela.pt\/noticias\/2026\/02\/27\/trecho-da-a14-na-figueira-da-foz-sem-previsao-de-reabertura-2\/#article","isPartOf":{"@id":"https:\/\/portaltela.pt\/noticias\/2026\/02\/27\/trecho-da-a14-na-figueira-da-foz-sem-previsao-de-reabertura-2\/"},"author":{"name":"Telinha","@id":"https:\/\/portaltela.pt\/#\/schema\/person\/c4278d4a6028830caff9ee44b42d32ed"},"headline":"Trecho da A14 na Figueira da Foz sem previs\u00e3o de reabertura","datePublished":"2026-02-27T09:43:30+00:00","mainEntityOfPage":{"@id":"https:\/\/portaltela.pt\/noticias\/2026\/02\/27\/trecho-da-a14-na-figueira-da-foz-sem-previsao-de-reabertura-2\/"},"wordCount":169,"image":{"@id":"https:\/\/portaltela.pt\/noticias\/2026\/02\/27\/trecho-da-a14-na-figueira-da-foz-sem-previsao-de-reabertura-2\/#primaryimage"},"thumbnailUrl":"https:\/\/portaltela.pt\/s.01k8rhncp4jt1\/2026\/02\/img_1280x722uu2026-02-03-15-45-00-2264466.jpg","keywords":["alagamentos","condi\u00e7\u00f5es de tr\u00e2nsito","estradas","Figueira da Foz","Mondego"],"articleSection":["Not\u00edcias"],"inLanguage":"pt-PT"},{"@type":"WebPage","@id":"https:\/\/portaltela.pt\/noticias\/2026\/02\/27\/trecho-da-a14-na-figueira-da-foz-sem-previsao-de-reabertura-2\/","url":"https:\/\/portaltela.pt\/noticias\/2026\/02\/27\/trecho-da-a14-na-figueira-da-foz-sem-previsao-de-reabertura-2\/","name":"Trecho da A14 na Figueira da Foz sem previs\u00e3o de reabertura - Portal Tela Portugal","isPartOf":{"@id":"https:\/\/portaltela.pt\/#website"},"primaryImageOfPage":{"@id":"https:\/\/portaltela.pt\/noticias\/2026\/02\/27\/trecho-da-a14-na-figueira-da-foz-sem-previsao-de-reabertura-2\/#primaryimage"},"image":{"@id":"https:\/\/portaltela.pt\/noticias\/2026\/02\/27\/trecho-da-a14-na-figueira-da-foz-sem-previsao-de-reabertura-2\/#primaryimage"},"thumbnailUrl":"https:\/\/portaltela.pt\/s.01k8rhncp4jt1\/2026\/02\/img_1280x722uu2026-02-03-15-45-00-2264466.jpg","datePublished":"2026-02-27T09:43:30+00:00","author":{"@id":"https:\/\/portaltela.pt\/#\/schema\/person\/c4278d4a6028830caff9ee44b42d32ed"},"breadcrumb":{"@id":"https:\/\/portaltela.pt\/noticias\/2026\/02\/27\/trecho-da-a14-na-figueira-da-foz-sem-previsao-de-reabertura-2\/#breadcrumb"},"inLanguage":"pt-PT","potentialAction":[{"@type":"ReadAction","target":["https:\/\/portaltela.pt\/noticias\/2026\/02\/27\/trecho-da-a14-na-figueira-da-foz-sem-previsao-de-reabertura-2\/"]}]},{"@type":"ImageObject","inLanguage":"pt-PT","@id":"https:\/\/portaltela.pt\/noticias\/2026\/02\/27\/trecho-da-a14-na-figueira-da-foz-sem-previsao-de-reabertura-2\/#primaryimage","url":"https:\/\/portaltela.pt\/s.01k8rhncp4jt1\/2026\/02\/img_1280x722uu2026-02-03-15-45-00-2264466.jpg","contentUrl":"https:\/\/portaltela.pt\/s.01k8rhncp4jt1\/2026\/02\/img_1280x722uu2026-02-03-15-45-00-2264466.jpg","width":796,"height":448,"caption":"Circula\u00e7\u00e3o nos dois sentidos foi cortada ao tr\u00e2nsito devido \u00e0 subida das \u00e1guas nos campos agr\u00edcolas adjacentes do vale do Mondego, e n\u00e3o voltou a ser reaberta."},{"@type":"BreadcrumbList","@id":"https:\/\/portaltela.pt\/noticias\/2026\/02\/27\/trecho-da-a14-na-figueira-da-foz-sem-previsao-de-reabertura-2\/#breadcrumb","itemListElement":[{"@type":"ListItem","position":1,"name":"In\u00edcio","item":"https:\/\/portaltela.pt\/"},{"@type":"ListItem","position":2,"name":"Trecho da A14 na Figueira da Foz sem previs\u00e3o de reabertura"}]},{"@type":"WebSite","@id":"https:\/\/portaltela.pt\/#website","url":"https:\/\/portaltela.pt\/","name":"Portal Tela Portugal","description":"","potentialAction":[{"@type":"SearchAction","target":{"@type":"EntryPoint","urlTemplate":"https:\/\/portaltela.pt\/?s={search_term_string}"},"query-input":{"@type":"PropertyValueSpecification","valueRequired":true,"valueName":"search_term_string"}}],"inLanguage":"pt-PT"},{"@type":"Person","@id":"https:\/\/portaltela.pt\/#\/schema\/person\/c4278d4a6028830caff9ee44b42d32ed","name":"Telinha","image":{"@type":"ImageObject","inLanguage":"pt-PT","@id":"https:\/\/portaltela.pt\/s.01k8rhncp4jt1\/2025\/11\/talking-bot-125x125.png","url":"https:\/\/portaltela.pt\/s.01k8rhncp4jt1\/2025\/11\/talking-bot-125x125.png","contentUrl":"https:\/\/portaltela.pt\/s.01k8rhncp4jt1\/2025\/11\/talking-bot-125x125.png","caption":"Telinha"},"sameAs":["https:\/\/portaltela.pt\/"],"url":"https:\/\/portaltela.pt\/por\/367410592786\/"}]}},"_links":{"self":[{"href":"https:\/\/portaltela.pt\/api\/wp\/v2\/posts\/390372","targetHints":{"allow":["GET"]}}],"collection":[{"href":"https:\/\/portaltela.pt\/api\/wp\/v2\/posts"}],"about":[{"href":"https:\/\/portaltela.pt\/api\/wp\/v2\/types\/post"}],"author":[{"embeddable":true,"href":"https:\/\/portaltela.pt\/api\/wp\/v2\/users\/2"}],"replies":[{"embeddable":true,"href":"https:\/\/portaltela.pt\/api\/wp\/v2\/comments?post=390372"}],"version-history":[{"count":0,"href":"https:\/\/portaltela.pt\/api\/wp\/v2\/posts\/390372\/revisions"}],"wp:featuredmedia":[{"embeddable":true,"href":"https:\/\/portaltela.pt\/api\/wp\/v2\/media\/390379"}],"wp:attachment":[{"href":"https:\/\/portaltela.pt\/api\/wp\/v2\/media?parent=390372"}],"wp:term":[{"taxonomy":"category","embeddable":true,"href":"https:\/\/portaltela.pt\/api\/wp\/v2\/categories?post=390372"},{"taxonomy":"post_tag","embeddable":true,"href":"https:\/\/portaltela.pt\/api\/wp\/v2\/tags?post=390372"}],"curies":[{"name":"wp","href":"https:\/\/api.w.org\/{rel}","templated":true}]}}