{"id":390366,"date":"2026-02-27T06:37:00","date_gmt":"2026-02-27T09:37:00","guid":{"rendered":"https:\/\/portaltela.pt\/noticias\/2026\/02\/27\/forte-de-s-joao-aguarda-obras-ha-seis-anos\/"},"modified":"2026-02-27T06:37:00","modified_gmt":"2026-02-27T09:37:00","slug":"forte-de-s-joao-aguarda-obras-ha-seis-anos","status":"publish","type":"post","link":"https:\/\/portaltela.pt\/noticias\/2026\/02\/27\/forte-de-s-joao-aguarda-obras-ha-seis-anos\/","title":{"rendered":"Forte de S. Jo\u00e3o aguarda obras h\u00e1 seis anos"},"content":{"rendered":"<p>O Forte de S. Jo\u00e3o, em Vila do Conde, permanece encerrado h\u00e1 seis anos, reclamando obras urgentes. A interven\u00e7\u00e3o necess\u00e1ria ainda n\u00e3o arrancou, mesmo depois de v\u00e1rios concursos para a sua explora\u00e7\u00e3o terem sido lan\u00e7ados sem resultado.<\/p>\n<p>O processo est\u00e1 em curso no Patrim\u00f3nio Cultural-IP (PC-IP) h\u00e1 quatro anos, sem resolu\u00e7\u00e3o. A degrada\u00e7\u00e3o do monumento preocupa moradores, a vila e a C\u00e2mara Municipal, que pediu uma solu\u00e7\u00e3o r\u00e1pida e eficaz.<\/p>\n<p>A situa\u00e7\u00e3o acentua-se com o avan\u00e7ar do tempo e o aumento de interven\u00e7\u00f5es requeridas para a preserva\u00e7\u00e3o da fortifica\u00e7\u00e3o. Autarquias e autoridades competentes reiteram a necessidade de uma resposta de recurso p\u00fablico adequado.<\/p>\n","protected":false},"excerpt":{"rendered":"<ul>\n<li>O Forte de S. Jo\u00e3o, em Vila do Conde, est\u00e1 fechado h\u00e1 seis anos e necessita de obras urgentes.<\/li>\n<li>O processo de interven\u00e7\u00e3o est\u00e1 paralisado h\u00e1 quatro anos no Patrim\u00f3nio Cultural Instituto Portugu\u00eas (PC-IP).<\/li>\n<li>Diversos concursos para a explora\u00e7\u00e3o do espa\u00e7o n\u00e3o chegaram a conclus\u00e3o at\u00e9 ao momento.<\/li>\n<li>O forte tem vindo a degradar-se progressivamente e a situa\u00e7\u00e3o preocupa os habitantes e a autarquia.<\/li>\n<li>A interven\u00e7\u00e3o \u201curgente\u201d ainda n\u00e3o arrancou, mantendo a fortaleza em abandono.<\/li>\n<\/ul>\n","protected":false},"author":2,"featured_media":390373,"comment_status":"closed","ping_status":"closed","sticky":false,"template":"","format":"standard","meta":{"footnotes":""},"categories":[1],"tags":[5449,145,5959,5691,1175,5285],"class_list":["post-390366","post","type-post","status-publish","format-standard","has-post-thumbnail","hentry","category-noticias","tag-camara-municipal","tag-cultura","tag-monumentos-de-portugal","tag-obras","tag-patrimonio-cultural","tag-patrimonio-cultural-instituto-publico"],"yoast_head":"<!-- This site is optimized with the Yoast SEO plugin v27.2 - https:\/\/yoast.com\/product\/yoast-seo-wordpress\/ -->\n<title>Forte de S. Jo\u00e3o aguarda obras h\u00e1 seis anos - Portal Tela Portugal<\/title>\n<meta name=\"robots\" content=\"index, follow, max-snippet:-1, max-image-preview:large, max-video-preview:-1\" \/>\n<meta property=\"og:locale\" content=\"pt_PT\" \/>\n<meta property=\"og:type\" content=\"article\" \/>\n<meta property=\"og:title\" content=\"Forte de S. Jo\u00e3o aguarda obras h\u00e1 seis anos - Portal Tela Portugal\" \/>\n<meta property=\"og:description\" content=\"O Forte de S. Jo\u00e3o, em Vila do Conde, est\u00e1 fechado h\u00e1 seis anos e necessita de obras urgentes. O processo de interven\u00e7\u00e3o est\u00e1 paralisado h\u00e1 quatro anos no Patrim\u00f3nio Cultural Instituto Portugu\u00eas (PC-IP). Diversos concursos para a explora\u00e7\u00e3o do espa\u00e7o n\u00e3o chegaram a conclus\u00e3o at\u00e9 ao momento. O forte tem vindo a degradar-se progressivamente e a situa\u00e7\u00e3o preocupa os habitantes e a autarquia. A interven\u00e7\u00e3o \u201curgente\u201d ainda n\u00e3o arrancou, mantendo a fortaleza em abandono.\" \/>\n<meta property=\"og:url\" content=\"https:\/\/portaltela.pt\/noticias\/2026\/02\/27\/forte-de-s-joao-aguarda-obras-ha-seis-anos\/\" \/>\n<meta property=\"og:site_name\" content=\"Portal Tela Portugal\" \/>\n<meta property=\"article:published_time\" content=\"2026-02-27T09:37:00+00:00\" \/>\n<meta name=\"author\" content=\"Telinha\" \/>\n<meta name=\"twitter:card\" content=\"summary_large_image\" \/>\n<meta name=\"twitter:label1\" content=\"Escrito por\" \/>\n\t<meta name=\"twitter:data1\" content=\"Telinha\" \/>\n\t<meta name=\"twitter:label2\" content=\"Tempo estimado de leitura\" \/>\n\t<meta name=\"twitter:data2\" content=\"1 minuto\" \/>\n<script type=\"application\/ld+json\" class=\"yoast-schema-graph\">{\"@context\":\"https:\/\/schema.org\",\"@graph\":[{\"@type\":\"Article\",\"@id\":\"https:\/\/portaltela.pt\/noticias\/2026\/02\/27\/forte-de-s-joao-aguarda-obras-ha-seis-anos\/#article\",\"isPartOf\":{\"@id\":\"https:\/\/portaltela.pt\/noticias\/2026\/02\/27\/forte-de-s-joao-aguarda-obras-ha-seis-anos\/\"},\"author\":{\"name\":\"Telinha\",\"@id\":\"https:\/\/portaltela.pt\/#\/schema\/person\/c4278d4a6028830caff9ee44b42d32ed\"},\"headline\":\"Forte de S. Jo\u00e3o aguarda obras h\u00e1 seis anos\",\"datePublished\":\"2026-02-27T09:37:00+00:00\",\"mainEntityOfPage\":{\"@id\":\"https:\/\/portaltela.pt\/noticias\/2026\/02\/27\/forte-de-s-joao-aguarda-obras-ha-seis-anos\/\"},\"wordCount\":132,\"image\":{\"@id\":\"https:\/\/portaltela.pt\/noticias\/2026\/02\/27\/forte-de-s-joao-aguarda-obras-ha-seis-anos\/#primaryimage\"},\"thumbnailUrl\":\"https:\/\/portaltela.pt\/s.01k8rhncp4jt1\/2026\/02\/image-1986.jpg\",\"keywords\":[\"C\u00e2mara Municipal\",\"cultura\",\"Monumentos de Portugal\",\"obras\",\"Patrim\u00f3nio Cultural\",\"Patrim\u00f3nio Cultural \u2013 Instituto P\u00fablico\"],\"articleSection\":[\"Not\u00edcias\"],\"inLanguage\":\"pt-PT\"},{\"@type\":\"WebPage\",\"@id\":\"https:\/\/portaltela.pt\/noticias\/2026\/02\/27\/forte-de-s-joao-aguarda-obras-ha-seis-anos\/\",\"url\":\"https:\/\/portaltela.pt\/noticias\/2026\/02\/27\/forte-de-s-joao-aguarda-obras-ha-seis-anos\/\",\"name\":\"Forte de S. Jo\u00e3o aguarda obras h\u00e1 seis anos - Portal Tela Portugal\",\"isPartOf\":{\"@id\":\"https:\/\/portaltela.pt\/#website\"},\"primaryImageOfPage\":{\"@id\":\"https:\/\/portaltela.pt\/noticias\/2026\/02\/27\/forte-de-s-joao-aguarda-obras-ha-seis-anos\/#primaryimage\"},\"image\":{\"@id\":\"https:\/\/portaltela.pt\/noticias\/2026\/02\/27\/forte-de-s-joao-aguarda-obras-ha-seis-anos\/#primaryimage\"},\"thumbnailUrl\":\"https:\/\/portaltela.pt\/s.01k8rhncp4jt1\/2026\/02\/image-1986.jpg\",\"datePublished\":\"2026-02-27T09:37:00+00:00\",\"author\":{\"@id\":\"https:\/\/portaltela.pt\/#\/schema\/person\/c4278d4a6028830caff9ee44b42d32ed\"},\"breadcrumb\":{\"@id\":\"https:\/\/portaltela.pt\/noticias\/2026\/02\/27\/forte-de-s-joao-aguarda-obras-ha-seis-anos\/#breadcrumb\"},\"inLanguage\":\"pt-PT\",\"potentialAction\":[{\"@type\":\"ReadAction\",\"target\":[\"https:\/\/portaltela.pt\/noticias\/2026\/02\/27\/forte-de-s-joao-aguarda-obras-ha-seis-anos\/\"]}]},{\"@type\":\"ImageObject\",\"inLanguage\":\"pt-PT\",\"@id\":\"https:\/\/portaltela.pt\/noticias\/2026\/02\/27\/forte-de-s-joao-aguarda-obras-ha-seis-anos\/#primaryimage\",\"url\":\"https:\/\/portaltela.pt\/s.01k8rhncp4jt1\/2026\/02\/image-1986.jpg\",\"contentUrl\":\"https:\/\/portaltela.pt\/s.01k8rhncp4jt1\/2026\/02\/image-1986.jpg\",\"width\":796,\"height\":448,\"caption\":\"Edif\u00edcio emblem\u00e1tico do concelho de Vila do Conde est\u00e1 a degradar-se\"},{\"@type\":\"BreadcrumbList\",\"@id\":\"https:\/\/portaltela.pt\/noticias\/2026\/02\/27\/forte-de-s-joao-aguarda-obras-ha-seis-anos\/#breadcrumb\",\"itemListElement\":[{\"@type\":\"ListItem\",\"position\":1,\"name\":\"In\u00edcio\",\"item\":\"https:\/\/portaltela.pt\/\"},{\"@type\":\"ListItem\",\"position\":2,\"name\":\"Forte de S. Jo\u00e3o aguarda obras h\u00e1 seis anos\"}]},{\"@type\":\"WebSite\",\"@id\":\"https:\/\/portaltela.pt\/#website\",\"url\":\"https:\/\/portaltela.pt\/\",\"name\":\"Portal Tela Portugal\",\"description\":\"\",\"potentialAction\":[{\"@type\":\"SearchAction\",\"target\":{\"@type\":\"EntryPoint\",\"urlTemplate\":\"https:\/\/portaltela.pt\/?s={search_term_string}\"},\"query-input\":{\"@type\":\"PropertyValueSpecification\",\"valueRequired\":true,\"valueName\":\"search_term_string\"}}],\"inLanguage\":\"pt-PT\"},{\"@type\":\"Person\",\"@id\":\"https:\/\/portaltela.pt\/#\/schema\/person\/c4278d4a6028830caff9ee44b42d32ed\",\"name\":\"Telinha\",\"image\":{\"@type\":\"ImageObject\",\"inLanguage\":\"pt-PT\",\"@id\":\"https:\/\/portaltela.pt\/s.01k8rhncp4jt1\/2025\/11\/talking-bot-125x125.png\",\"url\":\"https:\/\/portaltela.pt\/s.01k8rhncp4jt1\/2025\/11\/talking-bot-125x125.png\",\"contentUrl\":\"https:\/\/portaltela.pt\/s.01k8rhncp4jt1\/2025\/11\/talking-bot-125x125.png\",\"caption\":\"Telinha\"},\"sameAs\":[\"https:\/\/portaltela.pt\/\"],\"url\":\"https:\/\/portaltela.pt\/por\/367410592786\/\"}]}<\/script>\n<!-- \/ Yoast SEO plugin. -->","yoast_head_json":{"title":"Forte de S. Jo\u00e3o aguarda obras h\u00e1 seis anos - Portal Tela Portugal","robots":{"index":"index","follow":"follow","max-snippet":"max-snippet:-1","max-image-preview":"max-image-preview:large","max-video-preview":"max-video-preview:-1"},"og_locale":"pt_PT","og_type":"article","og_title":"Forte de S. Jo\u00e3o aguarda obras h\u00e1 seis anos - Portal Tela Portugal","og_description":"O Forte de S. Jo\u00e3o, em Vila do Conde, est\u00e1 fechado h\u00e1 seis anos e necessita de obras urgentes. O processo de interven\u00e7\u00e3o est\u00e1 paralisado h\u00e1 quatro anos no Patrim\u00f3nio Cultural Instituto Portugu\u00eas (PC-IP). Diversos concursos para a explora\u00e7\u00e3o do espa\u00e7o n\u00e3o chegaram a conclus\u00e3o at\u00e9 ao momento. O forte tem vindo a degradar-se progressivamente e a situa\u00e7\u00e3o preocupa os habitantes e a autarquia. A interven\u00e7\u00e3o \u201curgente\u201d ainda n\u00e3o arrancou, mantendo a fortaleza em abandono.","og_url":"https:\/\/portaltela.pt\/noticias\/2026\/02\/27\/forte-de-s-joao-aguarda-obras-ha-seis-anos\/","og_site_name":"Portal Tela Portugal","article_published_time":"2026-02-27T09:37:00+00:00","author":"Telinha","twitter_card":"summary_large_image","twitter_misc":{"Escrito por":"Telinha","Tempo estimado de leitura":"1 minuto"},"schema":{"@context":"https:\/\/schema.org","@graph":[{"@type":"Article","@id":"https:\/\/portaltela.pt\/noticias\/2026\/02\/27\/forte-de-s-joao-aguarda-obras-ha-seis-anos\/#article","isPartOf":{"@id":"https:\/\/portaltela.pt\/noticias\/2026\/02\/27\/forte-de-s-joao-aguarda-obras-ha-seis-anos\/"},"author":{"name":"Telinha","@id":"https:\/\/portaltela.pt\/#\/schema\/person\/c4278d4a6028830caff9ee44b42d32ed"},"headline":"Forte de S. Jo\u00e3o aguarda obras h\u00e1 seis anos","datePublished":"2026-02-27T09:37:00+00:00","mainEntityOfPage":{"@id":"https:\/\/portaltela.pt\/noticias\/2026\/02\/27\/forte-de-s-joao-aguarda-obras-ha-seis-anos\/"},"wordCount":132,"image":{"@id":"https:\/\/portaltela.pt\/noticias\/2026\/02\/27\/forte-de-s-joao-aguarda-obras-ha-seis-anos\/#primaryimage"},"thumbnailUrl":"https:\/\/portaltela.pt\/s.01k8rhncp4jt1\/2026\/02\/image-1986.jpg","keywords":["C\u00e2mara Municipal","cultura","Monumentos de Portugal","obras","Patrim\u00f3nio Cultural","Patrim\u00f3nio Cultural \u2013 Instituto P\u00fablico"],"articleSection":["Not\u00edcias"],"inLanguage":"pt-PT"},{"@type":"WebPage","@id":"https:\/\/portaltela.pt\/noticias\/2026\/02\/27\/forte-de-s-joao-aguarda-obras-ha-seis-anos\/","url":"https:\/\/portaltela.pt\/noticias\/2026\/02\/27\/forte-de-s-joao-aguarda-obras-ha-seis-anos\/","name":"Forte de S. Jo\u00e3o aguarda obras h\u00e1 seis anos - Portal Tela Portugal","isPartOf":{"@id":"https:\/\/portaltela.pt\/#website"},"primaryImageOfPage":{"@id":"https:\/\/portaltela.pt\/noticias\/2026\/02\/27\/forte-de-s-joao-aguarda-obras-ha-seis-anos\/#primaryimage"},"image":{"@id":"https:\/\/portaltela.pt\/noticias\/2026\/02\/27\/forte-de-s-joao-aguarda-obras-ha-seis-anos\/#primaryimage"},"thumbnailUrl":"https:\/\/portaltela.pt\/s.01k8rhncp4jt1\/2026\/02\/image-1986.jpg","datePublished":"2026-02-27T09:37:00+00:00","author":{"@id":"https:\/\/portaltela.pt\/#\/schema\/person\/c4278d4a6028830caff9ee44b42d32ed"},"breadcrumb":{"@id":"https:\/\/portaltela.pt\/noticias\/2026\/02\/27\/forte-de-s-joao-aguarda-obras-ha-seis-anos\/#breadcrumb"},"inLanguage":"pt-PT","potentialAction":[{"@type":"ReadAction","target":["https:\/\/portaltela.pt\/noticias\/2026\/02\/27\/forte-de-s-joao-aguarda-obras-ha-seis-anos\/"]}]},{"@type":"ImageObject","inLanguage":"pt-PT","@id":"https:\/\/portaltela.pt\/noticias\/2026\/02\/27\/forte-de-s-joao-aguarda-obras-ha-seis-anos\/#primaryimage","url":"https:\/\/portaltela.pt\/s.01k8rhncp4jt1\/2026\/02\/image-1986.jpg","contentUrl":"https:\/\/portaltela.pt\/s.01k8rhncp4jt1\/2026\/02\/image-1986.jpg","width":796,"height":448,"caption":"Edif\u00edcio emblem\u00e1tico do concelho de Vila do Conde est\u00e1 a degradar-se"},{"@type":"BreadcrumbList","@id":"https:\/\/portaltela.pt\/noticias\/2026\/02\/27\/forte-de-s-joao-aguarda-obras-ha-seis-anos\/#breadcrumb","itemListElement":[{"@type":"ListItem","position":1,"name":"In\u00edcio","item":"https:\/\/portaltela.pt\/"},{"@type":"ListItem","position":2,"name":"Forte de S. Jo\u00e3o aguarda obras h\u00e1 seis anos"}]},{"@type":"WebSite","@id":"https:\/\/portaltela.pt\/#website","url":"https:\/\/portaltela.pt\/","name":"Portal Tela Portugal","description":"","potentialAction":[{"@type":"SearchAction","target":{"@type":"EntryPoint","urlTemplate":"https:\/\/portaltela.pt\/?s={search_term_string}"},"query-input":{"@type":"PropertyValueSpecification","valueRequired":true,"valueName":"search_term_string"}}],"inLanguage":"pt-PT"},{"@type":"Person","@id":"https:\/\/portaltela.pt\/#\/schema\/person\/c4278d4a6028830caff9ee44b42d32ed","name":"Telinha","image":{"@type":"ImageObject","inLanguage":"pt-PT","@id":"https:\/\/portaltela.pt\/s.01k8rhncp4jt1\/2025\/11\/talking-bot-125x125.png","url":"https:\/\/portaltela.pt\/s.01k8rhncp4jt1\/2025\/11\/talking-bot-125x125.png","contentUrl":"https:\/\/portaltela.pt\/s.01k8rhncp4jt1\/2025\/11\/talking-bot-125x125.png","caption":"Telinha"},"sameAs":["https:\/\/portaltela.pt\/"],"url":"https:\/\/portaltela.pt\/por\/367410592786\/"}]}},"_links":{"self":[{"href":"https:\/\/portaltela.pt\/api\/wp\/v2\/posts\/390366","targetHints":{"allow":["GET"]}}],"collection":[{"href":"https:\/\/portaltela.pt\/api\/wp\/v2\/posts"}],"about":[{"href":"https:\/\/portaltela.pt\/api\/wp\/v2\/types\/post"}],"author":[{"embeddable":true,"href":"https:\/\/portaltela.pt\/api\/wp\/v2\/users\/2"}],"replies":[{"embeddable":true,"href":"https:\/\/portaltela.pt\/api\/wp\/v2\/comments?post=390366"}],"version-history":[{"count":0,"href":"https:\/\/portaltela.pt\/api\/wp\/v2\/posts\/390366\/revisions"}],"wp:featuredmedia":[{"embeddable":true,"href":"https:\/\/portaltela.pt\/api\/wp\/v2\/media\/390373"}],"wp:attachment":[{"href":"https:\/\/portaltela.pt\/api\/wp\/v2\/media?parent=390366"}],"wp:term":[{"taxonomy":"category","embeddable":true,"href":"https:\/\/portaltela.pt\/api\/wp\/v2\/categories?post=390366"},{"taxonomy":"post_tag","embeddable":true,"href":"https:\/\/portaltela.pt\/api\/wp\/v2\/tags?post=390366"}],"curies":[{"name":"wp","href":"https:\/\/api.w.org\/{rel}","templated":true}]}}