{"id":390332,"date":"2026-02-27T06:13:00","date_gmt":"2026-02-27T09:13:00","guid":{"rendered":"https:\/\/portaltela.pt\/noticias\/2026\/02\/27\/premios-cesar-premiam-carine-tardieu-linklater-e-anderson\/"},"modified":"2026-02-27T06:13:00","modified_gmt":"2026-02-27T09:13:00","slug":"premios-cesar-premiam-carine-tardieu-linklater-e-anderson","status":"publish","type":"post","link":"https:\/\/portaltela.pt\/noticias\/2026\/02\/27\/premios-cesar-premiam-carine-tardieu-linklater-e-anderson\/","title":{"rendered":"Pr\u00e9mios C\u00e9sar premiam Carine Tardieu, Linklater e Anderson"},"content":{"rendered":"<p>Os Pr\u00e9mios C\u00e9sar do cinema franc\u00eas reconheceram Carine Tardieu, Richard Linklater e Paul Thomas Anderson. A not\u00edcia foi anunciada pela institui\u00e7\u00e3o respons\u00e1vel durante a cerim\u00f3nia de atribui\u00e7\u00e3o dos galard\u00f5es.<\/p>\n<p>Entre os premiados est\u00e3o Carine Tardieu, diretora francesa, e os cineastas norte-americanos Richard Linklater e Paul Thomas Anderson. A decis\u00e3o destaca contributos relevantes para o cinema contempor\u00e2neo.<\/p>\n<p>A divulga\u00e7\u00e3o oficial sublinha que as distin\u00e7\u00f5es visam reconhecer trajet\u00f3rias marcadas pela inova\u00e7\u00e3o, pela exig\u00eancia art\u00edstica e pela qualidade narrativa. O an\u00fancio insere-se numa edi\u00e7\u00e3o que re\u00fane nomes de v\u00e1rias escolas e estilos.<\/p>\n<p>A cerim\u00f3nia retrospectiva permitiu, ainda, abordar tend\u00eancias de produ\u00e7\u00e3o, distribui\u00e7\u00e3o e rece\u00e7\u00e3o cr\u00edtica. Os vencedores destacam-se pela versatilidade e pela capacidade de atravessar diferentes g\u00e9neros, sem recorrer a refer\u00eancias externas.<\/p>\n","protected":false},"excerpt":{"rendered":"<ul>\n<li>Carine Tardieu, Richard Linklater e Paul Thomas Anderson receberam Pr\u00e9mios C\u00e9sar.<\/li>\n<li>A not\u00edcia refere o reconhecimento de figuras no \u00e2mbito do cinema franc\u00eas.<\/li>\n<li>O conte\u00fado \u00e9 veiculado pela ag\u00eancia Lusa.<\/li>\n<li>N\u00e3o s\u00e3o apresentados detalhes sobre as categorias ou a cerim\u00f3nia no material fornecido.<\/li>\n<\/ul>\n","protected":false},"author":2,"featured_media":390342,"comment_status":"closed","ping_status":"closed","sticky":false,"template":"","format":"standard","meta":{"footnotes":""},"categories":[1],"tags":[112,1073,1856,6014,5752],"class_list":["post-390332","post","type-post","status-publish","format-standard","has-post-thumbnail","hentry","category-noticias","tag-cinema","tag-cinema-teatro-concertos","tag-franca","tag-noticias-internacionais","tag-premiacoes"],"yoast_head":"<!-- This site is optimized with the Yoast SEO plugin v27.2 - https:\/\/yoast.com\/product\/yoast-seo-wordpress\/ -->\n<title>Pr\u00e9mios C\u00e9sar premiam Carine Tardieu, Linklater e Anderson - Portal Tela Portugal<\/title>\n<meta name=\"robots\" content=\"index, follow, max-snippet:-1, max-image-preview:large, max-video-preview:-1\" \/>\n<meta property=\"og:locale\" content=\"pt_PT\" \/>\n<meta property=\"og:type\" content=\"article\" \/>\n<meta property=\"og:title\" content=\"Pr\u00e9mios C\u00e9sar premiam Carine Tardieu, Linklater e Anderson - Portal Tela Portugal\" \/>\n<meta property=\"og:description\" content=\"Carine Tardieu, Richard Linklater e Paul Thomas Anderson receberam Pr\u00e9mios C\u00e9sar. A not\u00edcia refere o reconhecimento de figuras no \u00e2mbito do cinema franc\u00eas. O conte\u00fado \u00e9 veiculado pela ag\u00eancia Lusa. N\u00e3o s\u00e3o apresentados detalhes sobre as categorias ou a cerim\u00f3nia no material fornecido.\" \/>\n<meta property=\"og:url\" content=\"https:\/\/portaltela.pt\/noticias\/2026\/02\/27\/premios-cesar-premiam-carine-tardieu-linklater-e-anderson\/\" \/>\n<meta property=\"og:site_name\" content=\"Portal Tela Portugal\" \/>\n<meta property=\"article:published_time\" content=\"2026-02-27T09:13:00+00:00\" \/>\n<meta name=\"author\" content=\"Telinha\" \/>\n<meta name=\"twitter:card\" content=\"summary_large_image\" \/>\n<meta name=\"twitter:label1\" content=\"Escrito por\" \/>\n\t<meta name=\"twitter:data1\" content=\"Telinha\" \/>\n\t<meta name=\"twitter:label2\" content=\"Tempo estimado de leitura\" \/>\n\t<meta name=\"twitter:data2\" content=\"1 minuto\" \/>\n<script type=\"application\/ld+json\" class=\"yoast-schema-graph\">{\"@context\":\"https:\/\/schema.org\",\"@graph\":[{\"@type\":\"Article\",\"@id\":\"https:\/\/portaltela.pt\/noticias\/2026\/02\/27\/premios-cesar-premiam-carine-tardieu-linklater-e-anderson\/#article\",\"isPartOf\":{\"@id\":\"https:\/\/portaltela.pt\/noticias\/2026\/02\/27\/premios-cesar-premiam-carine-tardieu-linklater-e-anderson\/\"},\"author\":{\"name\":\"Telinha\",\"@id\":\"https:\/\/portaltela.pt\/#\/schema\/person\/c4278d4a6028830caff9ee44b42d32ed\"},\"headline\":\"Pr\u00e9mios C\u00e9sar premiam Carine Tardieu, Linklater e Anderson\",\"datePublished\":\"2026-02-27T09:13:00+00:00\",\"mainEntityOfPage\":{\"@id\":\"https:\/\/portaltela.pt\/noticias\/2026\/02\/27\/premios-cesar-premiam-carine-tardieu-linklater-e-anderson\/\"},\"wordCount\":159,\"image\":{\"@id\":\"https:\/\/portaltela.pt\/noticias\/2026\/02\/27\/premios-cesar-premiam-carine-tardieu-linklater-e-anderson\/#primaryimage\"},\"thumbnailUrl\":\"https:\/\/portaltela.pt\/s.01k8rhncp4jt1\/2026\/02\/CACHE_780X1200_ANALOG_WATERMARKED_46649159_598407724000077.jpg\",\"keywords\":[\"cinema\",\"cinema\/teatro\/concertos\",\"Fran\u00e7a\",\"not\u00edcias internacionais\",\"premia\u00e7\u00f5es\"],\"articleSection\":[\"Not\u00edcias\"],\"inLanguage\":\"pt-PT\"},{\"@type\":\"WebPage\",\"@id\":\"https:\/\/portaltela.pt\/noticias\/2026\/02\/27\/premios-cesar-premiam-carine-tardieu-linklater-e-anderson\/\",\"url\":\"https:\/\/portaltela.pt\/noticias\/2026\/02\/27\/premios-cesar-premiam-carine-tardieu-linklater-e-anderson\/\",\"name\":\"Pr\u00e9mios C\u00e9sar premiam Carine Tardieu, Linklater e Anderson - Portal Tela Portugal\",\"isPartOf\":{\"@id\":\"https:\/\/portaltela.pt\/#website\"},\"primaryImageOfPage\":{\"@id\":\"https:\/\/portaltela.pt\/noticias\/2026\/02\/27\/premios-cesar-premiam-carine-tardieu-linklater-e-anderson\/#primaryimage\"},\"image\":{\"@id\":\"https:\/\/portaltela.pt\/noticias\/2026\/02\/27\/premios-cesar-premiam-carine-tardieu-linklater-e-anderson\/#primaryimage\"},\"thumbnailUrl\":\"https:\/\/portaltela.pt\/s.01k8rhncp4jt1\/2026\/02\/CACHE_780X1200_ANALOG_WATERMARKED_46649159_598407724000077.jpg\",\"datePublished\":\"2026-02-27T09:13:00+00:00\",\"author\":{\"@id\":\"https:\/\/portaltela.pt\/#\/schema\/person\/c4278d4a6028830caff9ee44b42d32ed\"},\"breadcrumb\":{\"@id\":\"https:\/\/portaltela.pt\/noticias\/2026\/02\/27\/premios-cesar-premiam-carine-tardieu-linklater-e-anderson\/#breadcrumb\"},\"inLanguage\":\"pt-PT\",\"potentialAction\":[{\"@type\":\"ReadAction\",\"target\":[\"https:\/\/portaltela.pt\/noticias\/2026\/02\/27\/premios-cesar-premiam-carine-tardieu-linklater-e-anderson\/\"]}]},{\"@type\":\"ImageObject\",\"inLanguage\":\"pt-PT\",\"@id\":\"https:\/\/portaltela.pt\/noticias\/2026\/02\/27\/premios-cesar-premiam-carine-tardieu-linklater-e-anderson\/#primaryimage\",\"url\":\"https:\/\/portaltela.pt\/s.01k8rhncp4jt1\/2026\/02\/CACHE_780X1200_ANALOG_WATERMARKED_46649159_598407724000077.jpg\",\"contentUrl\":\"https:\/\/portaltela.pt\/s.01k8rhncp4jt1\/2026\/02\/CACHE_780X1200_ANALOG_WATERMARKED_46649159_598407724000077.jpg\",\"width\":796,\"height\":448,\"caption\":\"Pr\u00e9mios C\u00e9sar do cinema franc\u00eas para Carine Tardieu, Richard Linklater e Paul Thomas Anderson\"},{\"@type\":\"BreadcrumbList\",\"@id\":\"https:\/\/portaltela.pt\/noticias\/2026\/02\/27\/premios-cesar-premiam-carine-tardieu-linklater-e-anderson\/#breadcrumb\",\"itemListElement\":[{\"@type\":\"ListItem\",\"position\":1,\"name\":\"In\u00edcio\",\"item\":\"https:\/\/portaltela.pt\/\"},{\"@type\":\"ListItem\",\"position\":2,\"name\":\"Pr\u00e9mios C\u00e9sar premiam Carine Tardieu, Linklater e Anderson\"}]},{\"@type\":\"WebSite\",\"@id\":\"https:\/\/portaltela.pt\/#website\",\"url\":\"https:\/\/portaltela.pt\/\",\"name\":\"Portal Tela Portugal\",\"description\":\"\",\"potentialAction\":[{\"@type\":\"SearchAction\",\"target\":{\"@type\":\"EntryPoint\",\"urlTemplate\":\"https:\/\/portaltela.pt\/?s={search_term_string}\"},\"query-input\":{\"@type\":\"PropertyValueSpecification\",\"valueRequired\":true,\"valueName\":\"search_term_string\"}}],\"inLanguage\":\"pt-PT\"},{\"@type\":\"Person\",\"@id\":\"https:\/\/portaltela.pt\/#\/schema\/person\/c4278d4a6028830caff9ee44b42d32ed\",\"name\":\"Telinha\",\"image\":{\"@type\":\"ImageObject\",\"inLanguage\":\"pt-PT\",\"@id\":\"https:\/\/portaltela.pt\/s.01k8rhncp4jt1\/2025\/11\/talking-bot-125x125.png\",\"url\":\"https:\/\/portaltela.pt\/s.01k8rhncp4jt1\/2025\/11\/talking-bot-125x125.png\",\"contentUrl\":\"https:\/\/portaltela.pt\/s.01k8rhncp4jt1\/2025\/11\/talking-bot-125x125.png\",\"caption\":\"Telinha\"},\"sameAs\":[\"https:\/\/portaltela.pt\/\"],\"url\":\"https:\/\/portaltela.pt\/por\/367410592786\/\"}]}<\/script>\n<!-- \/ Yoast SEO plugin. -->","yoast_head_json":{"title":"Pr\u00e9mios C\u00e9sar premiam Carine Tardieu, Linklater e Anderson - Portal Tela Portugal","robots":{"index":"index","follow":"follow","max-snippet":"max-snippet:-1","max-image-preview":"max-image-preview:large","max-video-preview":"max-video-preview:-1"},"og_locale":"pt_PT","og_type":"article","og_title":"Pr\u00e9mios C\u00e9sar premiam Carine Tardieu, Linklater e Anderson - Portal Tela Portugal","og_description":"Carine Tardieu, Richard Linklater e Paul Thomas Anderson receberam Pr\u00e9mios C\u00e9sar. A not\u00edcia refere o reconhecimento de figuras no \u00e2mbito do cinema franc\u00eas. O conte\u00fado \u00e9 veiculado pela ag\u00eancia Lusa. N\u00e3o s\u00e3o apresentados detalhes sobre as categorias ou a cerim\u00f3nia no material fornecido.","og_url":"https:\/\/portaltela.pt\/noticias\/2026\/02\/27\/premios-cesar-premiam-carine-tardieu-linklater-e-anderson\/","og_site_name":"Portal Tela Portugal","article_published_time":"2026-02-27T09:13:00+00:00","author":"Telinha","twitter_card":"summary_large_image","twitter_misc":{"Escrito por":"Telinha","Tempo estimado de leitura":"1 minuto"},"schema":{"@context":"https:\/\/schema.org","@graph":[{"@type":"Article","@id":"https:\/\/portaltela.pt\/noticias\/2026\/02\/27\/premios-cesar-premiam-carine-tardieu-linklater-e-anderson\/#article","isPartOf":{"@id":"https:\/\/portaltela.pt\/noticias\/2026\/02\/27\/premios-cesar-premiam-carine-tardieu-linklater-e-anderson\/"},"author":{"name":"Telinha","@id":"https:\/\/portaltela.pt\/#\/schema\/person\/c4278d4a6028830caff9ee44b42d32ed"},"headline":"Pr\u00e9mios C\u00e9sar premiam Carine Tardieu, Linklater e Anderson","datePublished":"2026-02-27T09:13:00+00:00","mainEntityOfPage":{"@id":"https:\/\/portaltela.pt\/noticias\/2026\/02\/27\/premios-cesar-premiam-carine-tardieu-linklater-e-anderson\/"},"wordCount":159,"image":{"@id":"https:\/\/portaltela.pt\/noticias\/2026\/02\/27\/premios-cesar-premiam-carine-tardieu-linklater-e-anderson\/#primaryimage"},"thumbnailUrl":"https:\/\/portaltela.pt\/s.01k8rhncp4jt1\/2026\/02\/CACHE_780X1200_ANALOG_WATERMARKED_46649159_598407724000077.jpg","keywords":["cinema","cinema\/teatro\/concertos","Fran\u00e7a","not\u00edcias internacionais","premia\u00e7\u00f5es"],"articleSection":["Not\u00edcias"],"inLanguage":"pt-PT"},{"@type":"WebPage","@id":"https:\/\/portaltela.pt\/noticias\/2026\/02\/27\/premios-cesar-premiam-carine-tardieu-linklater-e-anderson\/","url":"https:\/\/portaltela.pt\/noticias\/2026\/02\/27\/premios-cesar-premiam-carine-tardieu-linklater-e-anderson\/","name":"Pr\u00e9mios C\u00e9sar premiam Carine Tardieu, Linklater e Anderson - Portal Tela Portugal","isPartOf":{"@id":"https:\/\/portaltela.pt\/#website"},"primaryImageOfPage":{"@id":"https:\/\/portaltela.pt\/noticias\/2026\/02\/27\/premios-cesar-premiam-carine-tardieu-linklater-e-anderson\/#primaryimage"},"image":{"@id":"https:\/\/portaltela.pt\/noticias\/2026\/02\/27\/premios-cesar-premiam-carine-tardieu-linklater-e-anderson\/#primaryimage"},"thumbnailUrl":"https:\/\/portaltela.pt\/s.01k8rhncp4jt1\/2026\/02\/CACHE_780X1200_ANALOG_WATERMARKED_46649159_598407724000077.jpg","datePublished":"2026-02-27T09:13:00+00:00","author":{"@id":"https:\/\/portaltela.pt\/#\/schema\/person\/c4278d4a6028830caff9ee44b42d32ed"},"breadcrumb":{"@id":"https:\/\/portaltela.pt\/noticias\/2026\/02\/27\/premios-cesar-premiam-carine-tardieu-linklater-e-anderson\/#breadcrumb"},"inLanguage":"pt-PT","potentialAction":[{"@type":"ReadAction","target":["https:\/\/portaltela.pt\/noticias\/2026\/02\/27\/premios-cesar-premiam-carine-tardieu-linklater-e-anderson\/"]}]},{"@type":"ImageObject","inLanguage":"pt-PT","@id":"https:\/\/portaltela.pt\/noticias\/2026\/02\/27\/premios-cesar-premiam-carine-tardieu-linklater-e-anderson\/#primaryimage","url":"https:\/\/portaltela.pt\/s.01k8rhncp4jt1\/2026\/02\/CACHE_780X1200_ANALOG_WATERMARKED_46649159_598407724000077.jpg","contentUrl":"https:\/\/portaltela.pt\/s.01k8rhncp4jt1\/2026\/02\/CACHE_780X1200_ANALOG_WATERMARKED_46649159_598407724000077.jpg","width":796,"height":448,"caption":"Pr\u00e9mios C\u00e9sar do cinema franc\u00eas para Carine Tardieu, Richard Linklater e Paul Thomas Anderson"},{"@type":"BreadcrumbList","@id":"https:\/\/portaltela.pt\/noticias\/2026\/02\/27\/premios-cesar-premiam-carine-tardieu-linklater-e-anderson\/#breadcrumb","itemListElement":[{"@type":"ListItem","position":1,"name":"In\u00edcio","item":"https:\/\/portaltela.pt\/"},{"@type":"ListItem","position":2,"name":"Pr\u00e9mios C\u00e9sar premiam Carine Tardieu, Linklater e Anderson"}]},{"@type":"WebSite","@id":"https:\/\/portaltela.pt\/#website","url":"https:\/\/portaltela.pt\/","name":"Portal Tela Portugal","description":"","potentialAction":[{"@type":"SearchAction","target":{"@type":"EntryPoint","urlTemplate":"https:\/\/portaltela.pt\/?s={search_term_string}"},"query-input":{"@type":"PropertyValueSpecification","valueRequired":true,"valueName":"search_term_string"}}],"inLanguage":"pt-PT"},{"@type":"Person","@id":"https:\/\/portaltela.pt\/#\/schema\/person\/c4278d4a6028830caff9ee44b42d32ed","name":"Telinha","image":{"@type":"ImageObject","inLanguage":"pt-PT","@id":"https:\/\/portaltela.pt\/s.01k8rhncp4jt1\/2025\/11\/talking-bot-125x125.png","url":"https:\/\/portaltela.pt\/s.01k8rhncp4jt1\/2025\/11\/talking-bot-125x125.png","contentUrl":"https:\/\/portaltela.pt\/s.01k8rhncp4jt1\/2025\/11\/talking-bot-125x125.png","caption":"Telinha"},"sameAs":["https:\/\/portaltela.pt\/"],"url":"https:\/\/portaltela.pt\/por\/367410592786\/"}]}},"_links":{"self":[{"href":"https:\/\/portaltela.pt\/api\/wp\/v2\/posts\/390332","targetHints":{"allow":["GET"]}}],"collection":[{"href":"https:\/\/portaltela.pt\/api\/wp\/v2\/posts"}],"about":[{"href":"https:\/\/portaltela.pt\/api\/wp\/v2\/types\/post"}],"author":[{"embeddable":true,"href":"https:\/\/portaltela.pt\/api\/wp\/v2\/users\/2"}],"replies":[{"embeddable":true,"href":"https:\/\/portaltela.pt\/api\/wp\/v2\/comments?post=390332"}],"version-history":[{"count":0,"href":"https:\/\/portaltela.pt\/api\/wp\/v2\/posts\/390332\/revisions"}],"wp:featuredmedia":[{"embeddable":true,"href":"https:\/\/portaltela.pt\/api\/wp\/v2\/media\/390342"}],"wp:attachment":[{"href":"https:\/\/portaltela.pt\/api\/wp\/v2\/media?parent=390332"}],"wp:term":[{"taxonomy":"category","embeddable":true,"href":"https:\/\/portaltela.pt\/api\/wp\/v2\/categories?post=390332"},{"taxonomy":"post_tag","embeddable":true,"href":"https:\/\/portaltela.pt\/api\/wp\/v2\/tags?post=390332"}],"curies":[{"name":"wp","href":"https:\/\/api.w.org\/{rel}","templated":true}]}}