{"id":390312,"date":"2026-02-27T05:58:00","date_gmt":"2026-02-27T08:58:00","guid":{"rendered":"https:\/\/portaltela.pt\/noticias\/2026\/02\/27\/luis-paixao-martins-analisa-a-politica-e-os-politicos\/"},"modified":"2026-02-27T05:58:00","modified_gmt":"2026-02-27T08:58:00","slug":"luis-paixao-martins-analisa-a-politica-e-os-politicos","status":"publish","type":"post","link":"https:\/\/portaltela.pt\/noticias\/politica\/2026\/02\/27\/luis-paixao-martins-analisa-a-politica-e-os-politicos\/","title":{"rendered":"Lu\u00eds Paix\u00e3o Martins analisa a pol\u00edtica e os pol\u00edticos"},"content":{"rendered":"<p>Lu\u00eds Paix\u00e3o Martins passa a integrar o painel de analistas do hor\u00e1rio nobre do canal NOW. O especialista em comunica\u00e7\u00e3o ter\u00e1 um espa\u00e7o regular \u00e0s quartas-feiras, dedicado \u00e0 an\u00e1lise pol\u00edtica sob a perspetiva da comunica\u00e7\u00e3o e do marketing.<\/p>\n<p>O segmento ter\u00e1 a dura\u00e7\u00e3o de cerca de 15 a 20 minutos. Em cada emiss\u00e3o, o analista ir\u00e1 abordar tr\u00eas a quatro temas e contextualizar\u00e1 a comunica\u00e7\u00e3o que envolve os temas em estudo.<\/p>\n<p>Entre os temas j\u00e1 anunciados, destaca-se a explica\u00e7\u00e3o para a assim chamada debandada de vereadores do Chega ap\u00f3s as elei\u00e7\u00f5es. Outro foco ser\u00e1 as dificuldades previstas para Jos\u00e9 Lu\u00eds Carneiro numa futura lideran\u00e7a do PS.<\/p>\n<p>Outra novidade \u00e9 o recurso \u00e0 Intelig\u00eancia Artificial. Para cada tema, ser\u00e3o geradas imagens por IA, funcionais como caricaturas que acompanham a an\u00e1lise.<\/p>\n<p>Lu\u00eds Paix\u00e3o Martins junta-se a nomes j\u00e1 conhecidos do canal NOW, como Pedro Santana Lopes, Germano Almeida, Jos\u00e9 Lu\u00eds Arnaud, Duarte Cordeiro, Rita Matias e Isaltino Morais. Todos eles j\u00e1 t\u00eam espa\u00e7o de antena no canal.<\/p>\n<h3>Contribui\u00e7\u00e3o e formato<\/h3>\n<p>A nova presta\u00e7\u00e3o do analista vai explorar a interse\u00e7\u00e3o entre pol\u00edtica, comunica\u00e7\u00e3o e estrat\u00e9gias de marketing. O objetivo \u00e9 oferecer leitura cr\u00edtica dos acontecimentos atuais, com foco no impacto comunicacional.<\/p>\n<p>O formato pretende manter a neutralidade, evitando julgamentos, e apresentar dados e contexto de forma concisa e informativa. A emiss\u00e3o ter\u00e1 periodicidade semanal, sempre \u00e0s quartas.<\/p>\n","protected":false},"excerpt":{"rendered":"<ul>\n<li>Lu\u00eds Paix\u00e3o Martins junta-se ao painel de analistas do hor\u00e1rio nobre do NOW, com espa\u00e7o regular \u00e0s quartas\u2011feiras.<\/li>\n<li>A rubrica, com cerca de quinze a vinte minutos, analisa os acontecimentos pol\u00edticos do ponto de vista da comunica\u00e7\u00e3o e do marketing.<\/li>\n<li>Em cada emiss\u00e3o ser\u00e3o escolhidos tr\u00eas ou quatro temas; a primeira edi\u00e7\u00e3o aborda por que h\u00e1 vereadores do Chega que sa\u00edram do partido ap\u00f3s a elei\u00e7\u00e3o e as dificuldades de Jos\u00e9 Lu\u00eds Carneiro na recandidatura \u00e0 lideran\u00e7a do PS.<\/li>\n<li>A novidade inclui o recurso \u00e0 Intelig\u00eancia Artificial, com imagens criadas por IA a acompanhar cada tema.<\/li>\n<li>O programa junta\u2011se a nomes como Pedro Santana Lopes, Germano Almeida, Jos\u00e9 Lu\u00eds Arnaud, Duarte Cordeiro, Rita Matias e Isaltino Morais no NOW.<\/li>\n<\/ul>\n","protected":false},"author":2,"featured_media":390320,"comment_status":"closed","ping_status":"closed","sticky":false,"template":"","format":"standard","meta":{"footnotes":""},"categories":[1,5],"tags":[2607,51,788,5661,2832,133],"class_list":["post-390312","post","type-post","status-publish","format-standard","has-post-thumbnail","hentry","category-noticias","category-politica","tag-comunicacao","tag-inteligencia-artificial","tag-marketing","tag-pessoas-publicas","tag-politica","tag-politicas-publicas"],"yoast_head":"<!-- This site is optimized with the Yoast SEO plugin v27.2 - https:\/\/yoast.com\/product\/yoast-seo-wordpress\/ -->\n<title>Lu\u00eds Paix\u00e3o Martins analisa a pol\u00edtica e os pol\u00edticos - Portal Tela Portugal<\/title>\n<meta name=\"robots\" content=\"index, follow, max-snippet:-1, max-image-preview:large, max-video-preview:-1\" \/>\n<meta property=\"og:locale\" content=\"pt_PT\" \/>\n<meta property=\"og:type\" content=\"article\" \/>\n<meta property=\"og:title\" content=\"Lu\u00eds Paix\u00e3o Martins analisa a pol\u00edtica e os pol\u00edticos - Portal Tela Portugal\" \/>\n<meta property=\"og:description\" content=\"Lu\u00eds Paix\u00e3o Martins junta-se ao painel de analistas do hor\u00e1rio nobre do NOW, com espa\u00e7o regular \u00e0s quartas\u2011feiras. A rubrica, com cerca de quinze a vinte minutos, analisa os acontecimentos pol\u00edticos do ponto de vista da comunica\u00e7\u00e3o e do marketing. Em cada emiss\u00e3o ser\u00e3o escolhidos tr\u00eas ou quatro temas; a primeira edi\u00e7\u00e3o aborda por que h\u00e1 vereadores do Chega que sa\u00edram do partido ap\u00f3s a elei\u00e7\u00e3o e as dificuldades de Jos\u00e9 Lu\u00eds Carneiro na recandidatura \u00e0 lideran\u00e7a do PS. A novidade inclui o recurso \u00e0 Intelig\u00eancia Artificial, com imagens criadas por IA a acompanhar cada tema. O programa junta\u2011se a nomes como Pedro Santana Lopes, Germano Almeida, Jos\u00e9 Lu\u00eds Arnaud, Duarte Cordeiro, Rita Matias e Isaltino Morais no NOW.\" \/>\n<meta property=\"og:url\" content=\"https:\/\/portaltela.pt\/noticias\/2026\/02\/27\/luis-paixao-martins-analisa-a-politica-e-os-politicos\/\" \/>\n<meta property=\"og:site_name\" content=\"Portal Tela Portugal\" \/>\n<meta property=\"article:published_time\" content=\"2026-02-27T08:58:00+00:00\" \/>\n<meta name=\"author\" content=\"Telinha\" \/>\n<meta name=\"twitter:card\" content=\"summary_large_image\" \/>\n<meta name=\"twitter:label1\" content=\"Escrito por\" \/>\n\t<meta name=\"twitter:data1\" content=\"Telinha\" \/>\n\t<meta name=\"twitter:label2\" content=\"Tempo estimado de leitura\" \/>\n\t<meta name=\"twitter:data2\" content=\"1 minuto\" \/>\n<script type=\"application\/ld+json\" class=\"yoast-schema-graph\">{\"@context\":\"https:\/\/schema.org\",\"@graph\":[{\"@type\":\"Article\",\"@id\":\"https:\/\/portaltela.pt\/noticias\/2026\/02\/27\/luis-paixao-martins-analisa-a-politica-e-os-politicos\/#article\",\"isPartOf\":{\"@id\":\"https:\/\/portaltela.pt\/noticias\/2026\/02\/27\/luis-paixao-martins-analisa-a-politica-e-os-politicos\/\"},\"author\":{\"name\":\"Telinha\",\"@id\":\"https:\/\/portaltela.pt\/#\/schema\/person\/c4278d4a6028830caff9ee44b42d32ed\"},\"headline\":\"Lu\u00eds Paix\u00e3o Martins analisa a pol\u00edtica e os pol\u00edticos\",\"datePublished\":\"2026-02-27T08:58:00+00:00\",\"mainEntityOfPage\":{\"@id\":\"https:\/\/portaltela.pt\/noticias\/2026\/02\/27\/luis-paixao-martins-analisa-a-politica-e-os-politicos\/\"},\"wordCount\":264,\"image\":{\"@id\":\"https:\/\/portaltela.pt\/noticias\/2026\/02\/27\/luis-paixao-martins-analisa-a-politica-e-os-politicos\/#primaryimage\"},\"thumbnailUrl\":\"https:\/\/portaltela.pt\/s.01k8rhncp4jt1\/2026\/02\/img_1500x1000uu2026-02-27-08-57-41-2269282.jpg\",\"keywords\":[\"comunica\u00e7\u00e3o\",\"intelig\u00eancia artificial\",\"marketing\",\"pessoas p\u00fablicas\",\"pol\u00edtica\",\"pol\u00edticas p\u00fablicas\"],\"articleSection\":[\"Not\u00edcias\",\"Pol\u00edtica\"],\"inLanguage\":\"pt-PT\"},{\"@type\":\"WebPage\",\"@id\":\"https:\/\/portaltela.pt\/noticias\/2026\/02\/27\/luis-paixao-martins-analisa-a-politica-e-os-politicos\/\",\"url\":\"https:\/\/portaltela.pt\/noticias\/2026\/02\/27\/luis-paixao-martins-analisa-a-politica-e-os-politicos\/\",\"name\":\"Lu\u00eds Paix\u00e3o Martins analisa a pol\u00edtica e os pol\u00edticos - Portal Tela Portugal\",\"isPartOf\":{\"@id\":\"https:\/\/portaltela.pt\/#website\"},\"primaryImageOfPage\":{\"@id\":\"https:\/\/portaltela.pt\/noticias\/2026\/02\/27\/luis-paixao-martins-analisa-a-politica-e-os-politicos\/#primaryimage\"},\"image\":{\"@id\":\"https:\/\/portaltela.pt\/noticias\/2026\/02\/27\/luis-paixao-martins-analisa-a-politica-e-os-politicos\/#primaryimage\"},\"thumbnailUrl\":\"https:\/\/portaltela.pt\/s.01k8rhncp4jt1\/2026\/02\/img_1500x1000uu2026-02-27-08-57-41-2269282.jpg\",\"datePublished\":\"2026-02-27T08:58:00+00:00\",\"author\":{\"@id\":\"https:\/\/portaltela.pt\/#\/schema\/person\/c4278d4a6028830caff9ee44b42d32ed\"},\"breadcrumb\":{\"@id\":\"https:\/\/portaltela.pt\/noticias\/2026\/02\/27\/luis-paixao-martins-analisa-a-politica-e-os-politicos\/#breadcrumb\"},\"inLanguage\":\"pt-PT\",\"potentialAction\":[{\"@type\":\"ReadAction\",\"target\":[\"https:\/\/portaltela.pt\/noticias\/2026\/02\/27\/luis-paixao-martins-analisa-a-politica-e-os-politicos\/\"]}]},{\"@type\":\"ImageObject\",\"inLanguage\":\"pt-PT\",\"@id\":\"https:\/\/portaltela.pt\/noticias\/2026\/02\/27\/luis-paixao-martins-analisa-a-politica-e-os-politicos\/#primaryimage\",\"url\":\"https:\/\/portaltela.pt\/s.01k8rhncp4jt1\/2026\/02\/img_1500x1000uu2026-02-27-08-57-41-2269282.jpg\",\"contentUrl\":\"https:\/\/portaltela.pt\/s.01k8rhncp4jt1\/2026\/02\/img_1500x1000uu2026-02-27-08-57-41-2269282.jpg\",\"width\":796,\"height\":448,\"caption\":\"FOTO: Pedro Catarino\"},{\"@type\":\"BreadcrumbList\",\"@id\":\"https:\/\/portaltela.pt\/noticias\/2026\/02\/27\/luis-paixao-martins-analisa-a-politica-e-os-politicos\/#breadcrumb\",\"itemListElement\":[{\"@type\":\"ListItem\",\"position\":1,\"name\":\"In\u00edcio\",\"item\":\"https:\/\/portaltela.pt\/\"},{\"@type\":\"ListItem\",\"position\":2,\"name\":\"Lu\u00eds Paix\u00e3o Martins analisa a pol\u00edtica e os pol\u00edticos\"}]},{\"@type\":\"WebSite\",\"@id\":\"https:\/\/portaltela.pt\/#website\",\"url\":\"https:\/\/portaltela.pt\/\",\"name\":\"Portal Tela Portugal\",\"description\":\"\",\"potentialAction\":[{\"@type\":\"SearchAction\",\"target\":{\"@type\":\"EntryPoint\",\"urlTemplate\":\"https:\/\/portaltela.pt\/?s={search_term_string}\"},\"query-input\":{\"@type\":\"PropertyValueSpecification\",\"valueRequired\":true,\"valueName\":\"search_term_string\"}}],\"inLanguage\":\"pt-PT\"},{\"@type\":\"Person\",\"@id\":\"https:\/\/portaltela.pt\/#\/schema\/person\/c4278d4a6028830caff9ee44b42d32ed\",\"name\":\"Telinha\",\"image\":{\"@type\":\"ImageObject\",\"inLanguage\":\"pt-PT\",\"@id\":\"https:\/\/portaltela.pt\/s.01k8rhncp4jt1\/2025\/11\/talking-bot-125x125.png\",\"url\":\"https:\/\/portaltela.pt\/s.01k8rhncp4jt1\/2025\/11\/talking-bot-125x125.png\",\"contentUrl\":\"https:\/\/portaltela.pt\/s.01k8rhncp4jt1\/2025\/11\/talking-bot-125x125.png\",\"caption\":\"Telinha\"},\"sameAs\":[\"https:\/\/portaltela.pt\/\"],\"url\":\"https:\/\/portaltela.pt\/por\/367410592786\/\"}]}<\/script>\n<!-- \/ Yoast SEO plugin. -->","yoast_head_json":{"title":"Lu\u00eds Paix\u00e3o Martins analisa a pol\u00edtica e os pol\u00edticos - Portal Tela Portugal","robots":{"index":"index","follow":"follow","max-snippet":"max-snippet:-1","max-image-preview":"max-image-preview:large","max-video-preview":"max-video-preview:-1"},"og_locale":"pt_PT","og_type":"article","og_title":"Lu\u00eds Paix\u00e3o Martins analisa a pol\u00edtica e os pol\u00edticos - Portal Tela Portugal","og_description":"Lu\u00eds Paix\u00e3o Martins junta-se ao painel de analistas do hor\u00e1rio nobre do NOW, com espa\u00e7o regular \u00e0s quartas\u2011feiras. A rubrica, com cerca de quinze a vinte minutos, analisa os acontecimentos pol\u00edticos do ponto de vista da comunica\u00e7\u00e3o e do marketing. Em cada emiss\u00e3o ser\u00e3o escolhidos tr\u00eas ou quatro temas; a primeira edi\u00e7\u00e3o aborda por que h\u00e1 vereadores do Chega que sa\u00edram do partido ap\u00f3s a elei\u00e7\u00e3o e as dificuldades de Jos\u00e9 Lu\u00eds Carneiro na recandidatura \u00e0 lideran\u00e7a do PS. A novidade inclui o recurso \u00e0 Intelig\u00eancia Artificial, com imagens criadas por IA a acompanhar cada tema. O programa junta\u2011se a nomes como Pedro Santana Lopes, Germano Almeida, Jos\u00e9 Lu\u00eds Arnaud, Duarte Cordeiro, Rita Matias e Isaltino Morais no NOW.","og_url":"https:\/\/portaltela.pt\/noticias\/2026\/02\/27\/luis-paixao-martins-analisa-a-politica-e-os-politicos\/","og_site_name":"Portal Tela Portugal","article_published_time":"2026-02-27T08:58:00+00:00","author":"Telinha","twitter_card":"summary_large_image","twitter_misc":{"Escrito por":"Telinha","Tempo estimado de leitura":"1 minuto"},"schema":{"@context":"https:\/\/schema.org","@graph":[{"@type":"Article","@id":"https:\/\/portaltela.pt\/noticias\/2026\/02\/27\/luis-paixao-martins-analisa-a-politica-e-os-politicos\/#article","isPartOf":{"@id":"https:\/\/portaltela.pt\/noticias\/2026\/02\/27\/luis-paixao-martins-analisa-a-politica-e-os-politicos\/"},"author":{"name":"Telinha","@id":"https:\/\/portaltela.pt\/#\/schema\/person\/c4278d4a6028830caff9ee44b42d32ed"},"headline":"Lu\u00eds Paix\u00e3o Martins analisa a pol\u00edtica e os pol\u00edticos","datePublished":"2026-02-27T08:58:00+00:00","mainEntityOfPage":{"@id":"https:\/\/portaltela.pt\/noticias\/2026\/02\/27\/luis-paixao-martins-analisa-a-politica-e-os-politicos\/"},"wordCount":264,"image":{"@id":"https:\/\/portaltela.pt\/noticias\/2026\/02\/27\/luis-paixao-martins-analisa-a-politica-e-os-politicos\/#primaryimage"},"thumbnailUrl":"https:\/\/portaltela.pt\/s.01k8rhncp4jt1\/2026\/02\/img_1500x1000uu2026-02-27-08-57-41-2269282.jpg","keywords":["comunica\u00e7\u00e3o","intelig\u00eancia artificial","marketing","pessoas p\u00fablicas","pol\u00edtica","pol\u00edticas p\u00fablicas"],"articleSection":["Not\u00edcias","Pol\u00edtica"],"inLanguage":"pt-PT"},{"@type":"WebPage","@id":"https:\/\/portaltela.pt\/noticias\/2026\/02\/27\/luis-paixao-martins-analisa-a-politica-e-os-politicos\/","url":"https:\/\/portaltela.pt\/noticias\/2026\/02\/27\/luis-paixao-martins-analisa-a-politica-e-os-politicos\/","name":"Lu\u00eds Paix\u00e3o Martins analisa a pol\u00edtica e os pol\u00edticos - Portal Tela Portugal","isPartOf":{"@id":"https:\/\/portaltela.pt\/#website"},"primaryImageOfPage":{"@id":"https:\/\/portaltela.pt\/noticias\/2026\/02\/27\/luis-paixao-martins-analisa-a-politica-e-os-politicos\/#primaryimage"},"image":{"@id":"https:\/\/portaltela.pt\/noticias\/2026\/02\/27\/luis-paixao-martins-analisa-a-politica-e-os-politicos\/#primaryimage"},"thumbnailUrl":"https:\/\/portaltela.pt\/s.01k8rhncp4jt1\/2026\/02\/img_1500x1000uu2026-02-27-08-57-41-2269282.jpg","datePublished":"2026-02-27T08:58:00+00:00","author":{"@id":"https:\/\/portaltela.pt\/#\/schema\/person\/c4278d4a6028830caff9ee44b42d32ed"},"breadcrumb":{"@id":"https:\/\/portaltela.pt\/noticias\/2026\/02\/27\/luis-paixao-martins-analisa-a-politica-e-os-politicos\/#breadcrumb"},"inLanguage":"pt-PT","potentialAction":[{"@type":"ReadAction","target":["https:\/\/portaltela.pt\/noticias\/2026\/02\/27\/luis-paixao-martins-analisa-a-politica-e-os-politicos\/"]}]},{"@type":"ImageObject","inLanguage":"pt-PT","@id":"https:\/\/portaltela.pt\/noticias\/2026\/02\/27\/luis-paixao-martins-analisa-a-politica-e-os-politicos\/#primaryimage","url":"https:\/\/portaltela.pt\/s.01k8rhncp4jt1\/2026\/02\/img_1500x1000uu2026-02-27-08-57-41-2269282.jpg","contentUrl":"https:\/\/portaltela.pt\/s.01k8rhncp4jt1\/2026\/02\/img_1500x1000uu2026-02-27-08-57-41-2269282.jpg","width":796,"height":448,"caption":"FOTO: Pedro Catarino"},{"@type":"BreadcrumbList","@id":"https:\/\/portaltela.pt\/noticias\/2026\/02\/27\/luis-paixao-martins-analisa-a-politica-e-os-politicos\/#breadcrumb","itemListElement":[{"@type":"ListItem","position":1,"name":"In\u00edcio","item":"https:\/\/portaltela.pt\/"},{"@type":"ListItem","position":2,"name":"Lu\u00eds Paix\u00e3o Martins analisa a pol\u00edtica e os pol\u00edticos"}]},{"@type":"WebSite","@id":"https:\/\/portaltela.pt\/#website","url":"https:\/\/portaltela.pt\/","name":"Portal Tela Portugal","description":"","potentialAction":[{"@type":"SearchAction","target":{"@type":"EntryPoint","urlTemplate":"https:\/\/portaltela.pt\/?s={search_term_string}"},"query-input":{"@type":"PropertyValueSpecification","valueRequired":true,"valueName":"search_term_string"}}],"inLanguage":"pt-PT"},{"@type":"Person","@id":"https:\/\/portaltela.pt\/#\/schema\/person\/c4278d4a6028830caff9ee44b42d32ed","name":"Telinha","image":{"@type":"ImageObject","inLanguage":"pt-PT","@id":"https:\/\/portaltela.pt\/s.01k8rhncp4jt1\/2025\/11\/talking-bot-125x125.png","url":"https:\/\/portaltela.pt\/s.01k8rhncp4jt1\/2025\/11\/talking-bot-125x125.png","contentUrl":"https:\/\/portaltela.pt\/s.01k8rhncp4jt1\/2025\/11\/talking-bot-125x125.png","caption":"Telinha"},"sameAs":["https:\/\/portaltela.pt\/"],"url":"https:\/\/portaltela.pt\/por\/367410592786\/"}]}},"_links":{"self":[{"href":"https:\/\/portaltela.pt\/api\/wp\/v2\/posts\/390312","targetHints":{"allow":["GET"]}}],"collection":[{"href":"https:\/\/portaltela.pt\/api\/wp\/v2\/posts"}],"about":[{"href":"https:\/\/portaltela.pt\/api\/wp\/v2\/types\/post"}],"author":[{"embeddable":true,"href":"https:\/\/portaltela.pt\/api\/wp\/v2\/users\/2"}],"replies":[{"embeddable":true,"href":"https:\/\/portaltela.pt\/api\/wp\/v2\/comments?post=390312"}],"version-history":[{"count":0,"href":"https:\/\/portaltela.pt\/api\/wp\/v2\/posts\/390312\/revisions"}],"wp:featuredmedia":[{"embeddable":true,"href":"https:\/\/portaltela.pt\/api\/wp\/v2\/media\/390320"}],"wp:attachment":[{"href":"https:\/\/portaltela.pt\/api\/wp\/v2\/media?parent=390312"}],"wp:term":[{"taxonomy":"category","embeddable":true,"href":"https:\/\/portaltela.pt\/api\/wp\/v2\/categories?post=390312"},{"taxonomy":"post_tag","embeddable":true,"href":"https:\/\/portaltela.pt\/api\/wp\/v2\/tags?post=390312"}],"curies":[{"name":"wp","href":"https:\/\/api.w.org\/{rel}","templated":true}]}}