{"id":390292,"date":"2026-02-27T05:33:00","date_gmt":"2026-02-27T08:33:00","guid":{"rendered":"https:\/\/portaltela.pt\/noticias\/2026\/02\/27\/deco-alerta-sobre-reducao-de-servicos-digitais-apos-fidelizacao\/"},"modified":"2026-02-27T05:33:00","modified_gmt":"2026-02-27T08:33:00","slug":"deco-alerta-sobre-reducao-de-servicos-digitais-apos-fidelizacao","status":"publish","type":"post","link":"https:\/\/portaltela.pt\/noticias\/2026\/02\/27\/deco-alerta-sobre-reducao-de-servicos-digitais-apos-fidelizacao\/","title":{"rendered":"Deco alerta sobre redu\u00e7\u00e3o de servi\u00e7os digitais ap\u00f3s fideliza\u00e7\u00e3o"},"content":{"rendered":"<p>Em Portugal, a Deco \u2013 Associa\u00e7\u00e3o Portuguesa para a Defesa do Consumidor \u2013 pediu ao Estado para proibir as empresas de reduzir a qualidade dos servi\u00e7os digitais ou retirar funcionalidades ap\u00f3s a fideliza\u00e7\u00e3o. O objetivo \u00e9 impedir pr\u00e1ticas que surjam ap\u00f3s o consumidor aderir a um servi\u00e7o.<\/p>\n<p>A Deco afirma que estas estrat\u00e9gias de neg\u00f3cio visam manter o consumidor, iniciando com um servi\u00e7o de qualidade, que depois perde desempenho e funcionalidades para cumprir com aumentos de pre\u00e7o. O afastamento da qualidade fica, assim, condicionante do acesso ao que era originalmente oferecido.<\/p>\n<p>A associa\u00e7\u00e3o defende ainda que empresas n\u00e3o podem retirar recursos ap\u00f3s o per\u00edodo de fideliza\u00e7\u00e3o, garantindo estabilidade, durabilidade dos servi\u00e7os e impedindo portabilidade for\u00e7ada ou eleva\u00e7\u00e3o de custos caso haja consentimento para o tratamento de dados.<\/p>\n<p>A Deco sustenta que estas pr\u00e1ticas criam uma depend\u00eancia artificial, n\u00e3o sendo meras situa\u00e7\u00f5es casuais, mas escolhas estrat\u00e9gicas. Como exemplos, aponta redes sociais que priorizam publicidade, resultados de busca com mais conte\u00fado patrocinado, servi\u00e7os de mobilidade com solu\u00e7\u00f5es premium e plataformas de streaming que favorecem upselling.<\/p>\n<h3>Medidas e apelos aos consumidores<\/h3>\n<p>A Deco cita a apresenta\u00e7\u00e3o de preocupa\u00e7\u00f5es ao Governo sobre o impacto da redu\u00e7\u00e3o de qualidade de servi\u00e7os digitais, com o objetivo de travar este ciclo de degrada\u00e7\u00e3o. A associa\u00e7\u00e3o pede aos consumidores que denunciem situa\u00e7\u00f5es semelhantes sempre que ocorrerem.<\/p>\n<p>A organiza\u00e7\u00e3o refor\u00e7a que n\u00e3o deve haver conformidade com deteriora\u00e7\u00e3o do servi\u00e7o, an\u00fancios intrusivos ou entraves \u00e0 sa\u00edda de clientes. O direito \u00e0 qualidade \u00e9 apresentado como fundamental e n\u00e3o negoci\u00e1vel.<\/p>\n","protected":false},"excerpt":{"rendered":"<ul>\n<li>A Deco pediu ao Estado que pro\u00edba empresas fornecedoras de servi\u00e7os digitais de reduzir a qualidade ou retirar funcionalidades ap\u00f3s a fideliza\u00e7\u00e3o.<\/li>\n<li>A associa\u00e7\u00e3o afirma que essa degrada\u00e7\u00e3o \u00e9 uma estrat\u00e9gia de neg\u00f3cio para fidelizar o cliente e depois aumentar o pre\u00e7o.<\/li>\n<li>Exige ainda a proibi\u00e7\u00e3o de retirar funcionalidades ap\u00f3s o per\u00edodo de fideliza\u00e7\u00e3o e de tornar servi\u00e7os mais caros se houver consentimento para tratamento de dados.<\/li>\n<li>A Deco cita exemplos como o feed do Instagram e do Facebook favorecer publicidade, resultados de pesquisa patrocinados no Google e solu\u00e7\u00f5es premium que degradam o servi\u00e7o, bem como cat\u00e1logos fragmentados em plataformas de streaming.<\/li>\n<li>A organiza\u00e7\u00e3o j\u00e1 apresentou ao Governo preocupa\u00e7\u00f5es sobre o impacto e pede aos consumidores que denunciem estas pr\u00e1ticas, garantindo o direito \u00e0 qualidade.<\/li>\n<\/ul>\n","protected":false},"author":2,"featured_media":390302,"comment_status":"closed","ping_status":"closed","sticky":false,"template":"","format":"standard","meta":{"footnotes":""},"categories":[1],"tags":[4991,6337,6373,3562,5473],"class_list":["post-390292","post","type-post","status-publish","format-standard","has-post-thumbnail","hentry","category-noticias","tag-consumo","tag-direito","tag-direitos","tag-privacidade","tag-servicos-digitais"],"yoast_head":"<!-- This site is optimized with the Yoast SEO plugin v27.2 - https:\/\/yoast.com\/product\/yoast-seo-wordpress\/ -->\n<title>Deco alerta sobre redu\u00e7\u00e3o de servi\u00e7os digitais ap\u00f3s fideliza\u00e7\u00e3o - Portal Tela Portugal<\/title>\n<meta name=\"robots\" content=\"index, follow, max-snippet:-1, max-image-preview:large, max-video-preview:-1\" \/>\n<meta property=\"og:locale\" content=\"pt_PT\" \/>\n<meta property=\"og:type\" content=\"article\" \/>\n<meta property=\"og:title\" content=\"Deco alerta sobre redu\u00e7\u00e3o de servi\u00e7os digitais ap\u00f3s fideliza\u00e7\u00e3o - Portal Tela Portugal\" \/>\n<meta property=\"og:description\" content=\"A Deco pediu ao Estado que pro\u00edba empresas fornecedoras de servi\u00e7os digitais de reduzir a qualidade ou retirar funcionalidades ap\u00f3s a fideliza\u00e7\u00e3o. A associa\u00e7\u00e3o afirma que essa degrada\u00e7\u00e3o \u00e9 uma estrat\u00e9gia de neg\u00f3cio para fidelizar o cliente e depois aumentar o pre\u00e7o. Exige ainda a proibi\u00e7\u00e3o de retirar funcionalidades ap\u00f3s o per\u00edodo de fideliza\u00e7\u00e3o e de tornar servi\u00e7os mais caros se houver consentimento para tratamento de dados. A Deco cita exemplos como o feed do Instagram e do Facebook favorecer publicidade, resultados de pesquisa patrocinados no Google e solu\u00e7\u00f5es premium que degradam o servi\u00e7o, bem como cat\u00e1logos fragmentados em plataformas de streaming. A organiza\u00e7\u00e3o j\u00e1 apresentou ao Governo preocupa\u00e7\u00f5es sobre o impacto e pede aos consumidores que denunciem estas pr\u00e1ticas, garantindo o direito \u00e0 qualidade.\" \/>\n<meta property=\"og:url\" content=\"https:\/\/portaltela.pt\/noticias\/2026\/02\/27\/deco-alerta-sobre-reducao-de-servicos-digitais-apos-fidelizacao\/\" \/>\n<meta property=\"og:site_name\" content=\"Portal Tela Portugal\" \/>\n<meta property=\"article:published_time\" content=\"2026-02-27T08:33:00+00:00\" \/>\n<meta name=\"author\" content=\"Telinha\" \/>\n<meta name=\"twitter:card\" content=\"summary_large_image\" \/>\n<meta name=\"twitter:label1\" content=\"Escrito por\" \/>\n\t<meta name=\"twitter:data1\" content=\"Telinha\" \/>\n\t<meta name=\"twitter:label2\" content=\"Tempo estimado de leitura\" \/>\n\t<meta name=\"twitter:data2\" content=\"1 minuto\" \/>\n<script type=\"application\/ld+json\" class=\"yoast-schema-graph\">{\"@context\":\"https:\/\/schema.org\",\"@graph\":[{\"@type\":\"Article\",\"@id\":\"https:\/\/portaltela.pt\/noticias\/2026\/02\/27\/deco-alerta-sobre-reducao-de-servicos-digitais-apos-fidelizacao\/#article\",\"isPartOf\":{\"@id\":\"https:\/\/portaltela.pt\/noticias\/2026\/02\/27\/deco-alerta-sobre-reducao-de-servicos-digitais-apos-fidelizacao\/\"},\"author\":{\"name\":\"Telinha\",\"@id\":\"https:\/\/portaltela.pt\/#\/schema\/person\/c4278d4a6028830caff9ee44b42d32ed\"},\"headline\":\"Deco alerta sobre redu\u00e7\u00e3o de servi\u00e7os digitais ap\u00f3s fideliza\u00e7\u00e3o\",\"datePublished\":\"2026-02-27T08:33:00+00:00\",\"mainEntityOfPage\":{\"@id\":\"https:\/\/portaltela.pt\/noticias\/2026\/02\/27\/deco-alerta-sobre-reducao-de-servicos-digitais-apos-fidelizacao\/\"},\"wordCount\":299,\"image\":{\"@id\":\"https:\/\/portaltela.pt\/noticias\/2026\/02\/27\/deco-alerta-sobre-reducao-de-servicos-digitais-apos-fidelizacao\/#primaryimage\"},\"thumbnailUrl\":\"https:\/\/portaltela.pt\/s.01k8rhncp4jt1\/2026\/02\/image-1980.jpg\",\"keywords\":[\"consumo\",\"direito\",\"direitos\",\"privacidade\",\"servi\u00e7os digitais\"],\"articleSection\":[\"Not\u00edcias\"],\"inLanguage\":\"pt-PT\"},{\"@type\":\"WebPage\",\"@id\":\"https:\/\/portaltela.pt\/noticias\/2026\/02\/27\/deco-alerta-sobre-reducao-de-servicos-digitais-apos-fidelizacao\/\",\"url\":\"https:\/\/portaltela.pt\/noticias\/2026\/02\/27\/deco-alerta-sobre-reducao-de-servicos-digitais-apos-fidelizacao\/\",\"name\":\"Deco alerta sobre redu\u00e7\u00e3o de servi\u00e7os digitais ap\u00f3s fideliza\u00e7\u00e3o - Portal Tela Portugal\",\"isPartOf\":{\"@id\":\"https:\/\/portaltela.pt\/#website\"},\"primaryImageOfPage\":{\"@id\":\"https:\/\/portaltela.pt\/noticias\/2026\/02\/27\/deco-alerta-sobre-reducao-de-servicos-digitais-apos-fidelizacao\/#primaryimage\"},\"image\":{\"@id\":\"https:\/\/portaltela.pt\/noticias\/2026\/02\/27\/deco-alerta-sobre-reducao-de-servicos-digitais-apos-fidelizacao\/#primaryimage\"},\"thumbnailUrl\":\"https:\/\/portaltela.pt\/s.01k8rhncp4jt1\/2026\/02\/image-1980.jpg\",\"datePublished\":\"2026-02-27T08:33:00+00:00\",\"author\":{\"@id\":\"https:\/\/portaltela.pt\/#\/schema\/person\/c4278d4a6028830caff9ee44b42d32ed\"},\"breadcrumb\":{\"@id\":\"https:\/\/portaltela.pt\/noticias\/2026\/02\/27\/deco-alerta-sobre-reducao-de-servicos-digitais-apos-fidelizacao\/#breadcrumb\"},\"inLanguage\":\"pt-PT\",\"potentialAction\":[{\"@type\":\"ReadAction\",\"target\":[\"https:\/\/portaltela.pt\/noticias\/2026\/02\/27\/deco-alerta-sobre-reducao-de-servicos-digitais-apos-fidelizacao\/\"]}]},{\"@type\":\"ImageObject\",\"inLanguage\":\"pt-PT\",\"@id\":\"https:\/\/portaltela.pt\/noticias\/2026\/02\/27\/deco-alerta-sobre-reducao-de-servicos-digitais-apos-fidelizacao\/#primaryimage\",\"url\":\"https:\/\/portaltela.pt\/s.01k8rhncp4jt1\/2026\/02\/image-1980.jpg\",\"contentUrl\":\"https:\/\/portaltela.pt\/s.01k8rhncp4jt1\/2026\/02\/image-1980.jpg\",\"width\":796,\"height\":448,\"caption\":\"\\\"O direito \u00e0 qualidade n\u00e3o \u00e9 negoci\u00e1vel\\\", sublinha a Associa\u00e7\u00e3o Deco\"},{\"@type\":\"BreadcrumbList\",\"@id\":\"https:\/\/portaltela.pt\/noticias\/2026\/02\/27\/deco-alerta-sobre-reducao-de-servicos-digitais-apos-fidelizacao\/#breadcrumb\",\"itemListElement\":[{\"@type\":\"ListItem\",\"position\":1,\"name\":\"In\u00edcio\",\"item\":\"https:\/\/portaltela.pt\/\"},{\"@type\":\"ListItem\",\"position\":2,\"name\":\"Deco alerta sobre redu\u00e7\u00e3o de servi\u00e7os digitais ap\u00f3s fideliza\u00e7\u00e3o\"}]},{\"@type\":\"WebSite\",\"@id\":\"https:\/\/portaltela.pt\/#website\",\"url\":\"https:\/\/portaltela.pt\/\",\"name\":\"Portal Tela Portugal\",\"description\":\"\",\"potentialAction\":[{\"@type\":\"SearchAction\",\"target\":{\"@type\":\"EntryPoint\",\"urlTemplate\":\"https:\/\/portaltela.pt\/?s={search_term_string}\"},\"query-input\":{\"@type\":\"PropertyValueSpecification\",\"valueRequired\":true,\"valueName\":\"search_term_string\"}}],\"inLanguage\":\"pt-PT\"},{\"@type\":\"Person\",\"@id\":\"https:\/\/portaltela.pt\/#\/schema\/person\/c4278d4a6028830caff9ee44b42d32ed\",\"name\":\"Telinha\",\"image\":{\"@type\":\"ImageObject\",\"inLanguage\":\"pt-PT\",\"@id\":\"https:\/\/portaltela.pt\/s.01k8rhncp4jt1\/2025\/11\/talking-bot-125x125.png\",\"url\":\"https:\/\/portaltela.pt\/s.01k8rhncp4jt1\/2025\/11\/talking-bot-125x125.png\",\"contentUrl\":\"https:\/\/portaltela.pt\/s.01k8rhncp4jt1\/2025\/11\/talking-bot-125x125.png\",\"caption\":\"Telinha\"},\"sameAs\":[\"https:\/\/portaltela.pt\/\"],\"url\":\"https:\/\/portaltela.pt\/por\/367410592786\/\"}]}<\/script>\n<!-- \/ Yoast SEO plugin. -->","yoast_head_json":{"title":"Deco alerta sobre redu\u00e7\u00e3o de servi\u00e7os digitais ap\u00f3s fideliza\u00e7\u00e3o - Portal Tela Portugal","robots":{"index":"index","follow":"follow","max-snippet":"max-snippet:-1","max-image-preview":"max-image-preview:large","max-video-preview":"max-video-preview:-1"},"og_locale":"pt_PT","og_type":"article","og_title":"Deco alerta sobre redu\u00e7\u00e3o de servi\u00e7os digitais ap\u00f3s fideliza\u00e7\u00e3o - Portal Tela Portugal","og_description":"A Deco pediu ao Estado que pro\u00edba empresas fornecedoras de servi\u00e7os digitais de reduzir a qualidade ou retirar funcionalidades ap\u00f3s a fideliza\u00e7\u00e3o. A associa\u00e7\u00e3o afirma que essa degrada\u00e7\u00e3o \u00e9 uma estrat\u00e9gia de neg\u00f3cio para fidelizar o cliente e depois aumentar o pre\u00e7o. Exige ainda a proibi\u00e7\u00e3o de retirar funcionalidades ap\u00f3s o per\u00edodo de fideliza\u00e7\u00e3o e de tornar servi\u00e7os mais caros se houver consentimento para tratamento de dados. A Deco cita exemplos como o feed do Instagram e do Facebook favorecer publicidade, resultados de pesquisa patrocinados no Google e solu\u00e7\u00f5es premium que degradam o servi\u00e7o, bem como cat\u00e1logos fragmentados em plataformas de streaming. A organiza\u00e7\u00e3o j\u00e1 apresentou ao Governo preocupa\u00e7\u00f5es sobre o impacto e pede aos consumidores que denunciem estas pr\u00e1ticas, garantindo o direito \u00e0 qualidade.","og_url":"https:\/\/portaltela.pt\/noticias\/2026\/02\/27\/deco-alerta-sobre-reducao-de-servicos-digitais-apos-fidelizacao\/","og_site_name":"Portal Tela Portugal","article_published_time":"2026-02-27T08:33:00+00:00","author":"Telinha","twitter_card":"summary_large_image","twitter_misc":{"Escrito por":"Telinha","Tempo estimado de leitura":"1 minuto"},"schema":{"@context":"https:\/\/schema.org","@graph":[{"@type":"Article","@id":"https:\/\/portaltela.pt\/noticias\/2026\/02\/27\/deco-alerta-sobre-reducao-de-servicos-digitais-apos-fidelizacao\/#article","isPartOf":{"@id":"https:\/\/portaltela.pt\/noticias\/2026\/02\/27\/deco-alerta-sobre-reducao-de-servicos-digitais-apos-fidelizacao\/"},"author":{"name":"Telinha","@id":"https:\/\/portaltela.pt\/#\/schema\/person\/c4278d4a6028830caff9ee44b42d32ed"},"headline":"Deco alerta sobre redu\u00e7\u00e3o de servi\u00e7os digitais ap\u00f3s fideliza\u00e7\u00e3o","datePublished":"2026-02-27T08:33:00+00:00","mainEntityOfPage":{"@id":"https:\/\/portaltela.pt\/noticias\/2026\/02\/27\/deco-alerta-sobre-reducao-de-servicos-digitais-apos-fidelizacao\/"},"wordCount":299,"image":{"@id":"https:\/\/portaltela.pt\/noticias\/2026\/02\/27\/deco-alerta-sobre-reducao-de-servicos-digitais-apos-fidelizacao\/#primaryimage"},"thumbnailUrl":"https:\/\/portaltela.pt\/s.01k8rhncp4jt1\/2026\/02\/image-1980.jpg","keywords":["consumo","direito","direitos","privacidade","servi\u00e7os digitais"],"articleSection":["Not\u00edcias"],"inLanguage":"pt-PT"},{"@type":"WebPage","@id":"https:\/\/portaltela.pt\/noticias\/2026\/02\/27\/deco-alerta-sobre-reducao-de-servicos-digitais-apos-fidelizacao\/","url":"https:\/\/portaltela.pt\/noticias\/2026\/02\/27\/deco-alerta-sobre-reducao-de-servicos-digitais-apos-fidelizacao\/","name":"Deco alerta sobre redu\u00e7\u00e3o de servi\u00e7os digitais ap\u00f3s fideliza\u00e7\u00e3o - Portal Tela Portugal","isPartOf":{"@id":"https:\/\/portaltela.pt\/#website"},"primaryImageOfPage":{"@id":"https:\/\/portaltela.pt\/noticias\/2026\/02\/27\/deco-alerta-sobre-reducao-de-servicos-digitais-apos-fidelizacao\/#primaryimage"},"image":{"@id":"https:\/\/portaltela.pt\/noticias\/2026\/02\/27\/deco-alerta-sobre-reducao-de-servicos-digitais-apos-fidelizacao\/#primaryimage"},"thumbnailUrl":"https:\/\/portaltela.pt\/s.01k8rhncp4jt1\/2026\/02\/image-1980.jpg","datePublished":"2026-02-27T08:33:00+00:00","author":{"@id":"https:\/\/portaltela.pt\/#\/schema\/person\/c4278d4a6028830caff9ee44b42d32ed"},"breadcrumb":{"@id":"https:\/\/portaltela.pt\/noticias\/2026\/02\/27\/deco-alerta-sobre-reducao-de-servicos-digitais-apos-fidelizacao\/#breadcrumb"},"inLanguage":"pt-PT","potentialAction":[{"@type":"ReadAction","target":["https:\/\/portaltela.pt\/noticias\/2026\/02\/27\/deco-alerta-sobre-reducao-de-servicos-digitais-apos-fidelizacao\/"]}]},{"@type":"ImageObject","inLanguage":"pt-PT","@id":"https:\/\/portaltela.pt\/noticias\/2026\/02\/27\/deco-alerta-sobre-reducao-de-servicos-digitais-apos-fidelizacao\/#primaryimage","url":"https:\/\/portaltela.pt\/s.01k8rhncp4jt1\/2026\/02\/image-1980.jpg","contentUrl":"https:\/\/portaltela.pt\/s.01k8rhncp4jt1\/2026\/02\/image-1980.jpg","width":796,"height":448,"caption":"\"O direito \u00e0 qualidade n\u00e3o \u00e9 negoci\u00e1vel\", sublinha a Associa\u00e7\u00e3o Deco"},{"@type":"BreadcrumbList","@id":"https:\/\/portaltela.pt\/noticias\/2026\/02\/27\/deco-alerta-sobre-reducao-de-servicos-digitais-apos-fidelizacao\/#breadcrumb","itemListElement":[{"@type":"ListItem","position":1,"name":"In\u00edcio","item":"https:\/\/portaltela.pt\/"},{"@type":"ListItem","position":2,"name":"Deco alerta sobre redu\u00e7\u00e3o de servi\u00e7os digitais ap\u00f3s fideliza\u00e7\u00e3o"}]},{"@type":"WebSite","@id":"https:\/\/portaltela.pt\/#website","url":"https:\/\/portaltela.pt\/","name":"Portal Tela Portugal","description":"","potentialAction":[{"@type":"SearchAction","target":{"@type":"EntryPoint","urlTemplate":"https:\/\/portaltela.pt\/?s={search_term_string}"},"query-input":{"@type":"PropertyValueSpecification","valueRequired":true,"valueName":"search_term_string"}}],"inLanguage":"pt-PT"},{"@type":"Person","@id":"https:\/\/portaltela.pt\/#\/schema\/person\/c4278d4a6028830caff9ee44b42d32ed","name":"Telinha","image":{"@type":"ImageObject","inLanguage":"pt-PT","@id":"https:\/\/portaltela.pt\/s.01k8rhncp4jt1\/2025\/11\/talking-bot-125x125.png","url":"https:\/\/portaltela.pt\/s.01k8rhncp4jt1\/2025\/11\/talking-bot-125x125.png","contentUrl":"https:\/\/portaltela.pt\/s.01k8rhncp4jt1\/2025\/11\/talking-bot-125x125.png","caption":"Telinha"},"sameAs":["https:\/\/portaltela.pt\/"],"url":"https:\/\/portaltela.pt\/por\/367410592786\/"}]}},"_links":{"self":[{"href":"https:\/\/portaltela.pt\/api\/wp\/v2\/posts\/390292","targetHints":{"allow":["GET"]}}],"collection":[{"href":"https:\/\/portaltela.pt\/api\/wp\/v2\/posts"}],"about":[{"href":"https:\/\/portaltela.pt\/api\/wp\/v2\/types\/post"}],"author":[{"embeddable":true,"href":"https:\/\/portaltela.pt\/api\/wp\/v2\/users\/2"}],"replies":[{"embeddable":true,"href":"https:\/\/portaltela.pt\/api\/wp\/v2\/comments?post=390292"}],"version-history":[{"count":0,"href":"https:\/\/portaltela.pt\/api\/wp\/v2\/posts\/390292\/revisions"}],"wp:featuredmedia":[{"embeddable":true,"href":"https:\/\/portaltela.pt\/api\/wp\/v2\/media\/390302"}],"wp:attachment":[{"href":"https:\/\/portaltela.pt\/api\/wp\/v2\/media?parent=390292"}],"wp:term":[{"taxonomy":"category","embeddable":true,"href":"https:\/\/portaltela.pt\/api\/wp\/v2\/categories?post=390292"},{"taxonomy":"post_tag","embeddable":true,"href":"https:\/\/portaltela.pt\/api\/wp\/v2\/tags?post=390292"}],"curies":[{"name":"wp","href":"https:\/\/api.w.org\/{rel}","templated":true}]}}