{"id":390288,"date":"2026-02-27T05:40:00","date_gmt":"2026-02-27T08:40:00","guid":{"rendered":"https:\/\/portaltela.pt\/noticias\/2026\/02\/27\/aumento-de-diagnosticos-de-diabetes-tipo-1-em-criancas-de-5-a-9-anos\/"},"modified":"2026-02-27T05:40:00","modified_gmt":"2026-02-27T08:40:00","slug":"aumento-de-diagnosticos-de-diabetes-tipo-1-em-criancas-de-5-a-9-anos","status":"publish","type":"post","link":"https:\/\/portaltela.pt\/noticias\/2026\/02\/27\/aumento-de-diagnosticos-de-diabetes-tipo-1-em-criancas-de-5-a-9-anos\/","title":{"rendered":"Aumento de diagn\u00f3sticos de diabetes tipo 1 em crian\u00e7as de 5 a 9 anos"},"content":{"rendered":"<p>O diagn\u00f3stico de diabetes tipo I em crian\u00e7as tem aumentado, segundo dados recentes. No total, 3600 menores de 19 anos convivem com a doen\u00e7a autoimune, em Portugal. Entre os cinco e os nove anos, 636 casos foram registados, a \u00fanica faixa et\u00e1ria com crescimento entre 2022 e 2024.<\/p>\n<p>Especialistas ouvidos pelo JN sublinham que o aumento nesta faixa et\u00e1ria exige uma resposta de rastreio eficiente. O objetivo \u00e9 sinalizar antecipadamente a doen\u00e7a, antes do seu desenvolvimento cl\u00ednico, reduzindo internamentos.<\/p>\n<p>Ajustes no diagn\u00f3stico precoce poderiam ainda permitir que fam\u00edlias e profissionais de sa\u00fade aprendam a gerir o problema desde cedo. A iniciativa visa atrasar complica\u00e7\u00f5es associadas ao diabetes tipo I e melhorar a qualidade de vida das crian\u00e7as.<\/p>\n<h3>Rastreio nacional em debate<\/h3>\n<p>Os m\u00e9dicos defendem um programa de rastreio que identifique fatores de risco e sinais precoces. A medida poderia envolver testes de detec\u00e7\u00e3o de marcadores autoimunes em idade escolar.<\/p>\n<p>Autoridades de sa\u00fade n\u00e3o confirmaram uma implementa\u00e7\u00e3o imediata, mas apontam para a necessidade de investiga\u00e7\u00e3o sobre estrat\u00e9gias de preven\u00e7\u00e3o. A prioridade contempor\u00e2nea \u00e9 reduzir o impacto cl\u00ednico e social da doen\u00e7a.<\/p>\n<p>Especialistas destacam ainda a import\u00e2ncia de campanhas educativas para fam\u00edlias. Informa\u00e7\u00f5es sobre gest\u00e3o di\u00e1ria, alimenta\u00e7\u00e3o e monitoriza\u00e7\u00e3o seriam vitais para evitar hospitaliza\u00e7\u00f5es.<\/p>\n","protected":false},"excerpt":{"rendered":"<ul>\n<li>S\u00e3o cerca de 3600 menores de 19 anos com diabetes tipo I, no total.<\/li>\n<li>A faixa dos cinco aos nove anos \u00e9 a \u00fanica em que houve aumento entre 2022 e 2024, com 636 casos nesse grupo.<\/li>\n<li>M\u00e9dicos defendem um rastreio nacional para sinalizar a doen\u00e7a antes do seu desenvolvimento e evitar internamentos.<\/li>\n<li>O rastreio permitiria \u00e0s fam\u00edlias aprenderem a lidar com a condi\u00e7\u00e3o e atrasar as complica\u00e7\u00f5es associadas.<\/li>\n<\/ul>\n","protected":false},"author":2,"featured_media":390301,"comment_status":"closed","ping_status":"closed","sticky":false,"template":"","format":"standard","meta":{"footnotes":""},"categories":[1],"tags":[3953,5814,3631,1759,1014,271],"class_list":["post-390288","post","type-post","status-publish","format-standard","has-post-thumbnail","hentry","category-noticias","tag-criancas","tag-diabetes","tag-diabeticos","tag-infancia","tag-portugal","tag-saude-publica"],"yoast_head":"<!-- This site is optimized with the Yoast SEO plugin v27.2 - https:\/\/yoast.com\/product\/yoast-seo-wordpress\/ -->\n<title>Aumento de diagn\u00f3sticos de diabetes tipo 1 em crian\u00e7as de 5 a 9 anos - Portal Tela Portugal<\/title>\n<meta name=\"robots\" content=\"index, follow, max-snippet:-1, max-image-preview:large, max-video-preview:-1\" \/>\n<meta property=\"og:locale\" content=\"pt_PT\" \/>\n<meta property=\"og:type\" content=\"article\" \/>\n<meta property=\"og:title\" content=\"Aumento de diagn\u00f3sticos de diabetes tipo 1 em crian\u00e7as de 5 a 9 anos - Portal Tela Portugal\" \/>\n<meta property=\"og:description\" content=\"S\u00e3o cerca de 3600 menores de 19 anos com diabetes tipo I, no total. A faixa dos cinco aos nove anos \u00e9 a \u00fanica em que houve aumento entre 2022 e 2024, com 636 casos nesse grupo. M\u00e9dicos defendem um rastreio nacional para sinalizar a doen\u00e7a antes do seu desenvolvimento e evitar internamentos. O rastreio permitiria \u00e0s fam\u00edlias aprenderem a lidar com a condi\u00e7\u00e3o e atrasar as complica\u00e7\u00f5es associadas.\" \/>\n<meta property=\"og:url\" content=\"https:\/\/portaltela.pt\/noticias\/2026\/02\/27\/aumento-de-diagnosticos-de-diabetes-tipo-1-em-criancas-de-5-a-9-anos\/\" \/>\n<meta property=\"og:site_name\" content=\"Portal Tela Portugal\" \/>\n<meta property=\"article:published_time\" content=\"2026-02-27T08:40:00+00:00\" \/>\n<meta name=\"author\" content=\"Telinha\" \/>\n<meta name=\"twitter:card\" content=\"summary_large_image\" \/>\n<meta name=\"twitter:label1\" content=\"Escrito por\" \/>\n\t<meta name=\"twitter:data1\" content=\"Telinha\" \/>\n\t<meta name=\"twitter:label2\" content=\"Tempo estimado de leitura\" \/>\n\t<meta name=\"twitter:data2\" content=\"1 minuto\" \/>\n<script type=\"application\/ld+json\" class=\"yoast-schema-graph\">{\"@context\":\"https:\/\/schema.org\",\"@graph\":[{\"@type\":\"Article\",\"@id\":\"https:\/\/portaltela.pt\/noticias\/2026\/02\/27\/aumento-de-diagnosticos-de-diabetes-tipo-1-em-criancas-de-5-a-9-anos\/#article\",\"isPartOf\":{\"@id\":\"https:\/\/portaltela.pt\/noticias\/2026\/02\/27\/aumento-de-diagnosticos-de-diabetes-tipo-1-em-criancas-de-5-a-9-anos\/\"},\"author\":{\"name\":\"Telinha\",\"@id\":\"https:\/\/portaltela.pt\/#\/schema\/person\/c4278d4a6028830caff9ee44b42d32ed\"},\"headline\":\"Aumento de diagn\u00f3sticos de diabetes tipo 1 em crian\u00e7as de 5 a 9 anos\",\"datePublished\":\"2026-02-27T08:40:00+00:00\",\"mainEntityOfPage\":{\"@id\":\"https:\/\/portaltela.pt\/noticias\/2026\/02\/27\/aumento-de-diagnosticos-de-diabetes-tipo-1-em-criancas-de-5-a-9-anos\/\"},\"wordCount\":239,\"image\":{\"@id\":\"https:\/\/portaltela.pt\/noticias\/2026\/02\/27\/aumento-de-diagnosticos-de-diabetes-tipo-1-em-criancas-de-5-a-9-anos\/#primaryimage\"},\"thumbnailUrl\":\"https:\/\/portaltela.pt\/s.01k8rhncp4jt1\/2026\/02\/image-1979.jpg\",\"keywords\":[\"crian\u00e7as\",\"diabetes\",\"diab\u00e9ticos\",\"inf\u00e2ncia\",\"Portugal\",\"sa\u00fade p\u00fablica\"],\"articleSection\":[\"Not\u00edcias\"],\"inLanguage\":\"pt-PT\"},{\"@type\":\"WebPage\",\"@id\":\"https:\/\/portaltela.pt\/noticias\/2026\/02\/27\/aumento-de-diagnosticos-de-diabetes-tipo-1-em-criancas-de-5-a-9-anos\/\",\"url\":\"https:\/\/portaltela.pt\/noticias\/2026\/02\/27\/aumento-de-diagnosticos-de-diabetes-tipo-1-em-criancas-de-5-a-9-anos\/\",\"name\":\"Aumento de diagn\u00f3sticos de diabetes tipo 1 em crian\u00e7as de 5 a 9 anos - Portal Tela Portugal\",\"isPartOf\":{\"@id\":\"https:\/\/portaltela.pt\/#website\"},\"primaryImageOfPage\":{\"@id\":\"https:\/\/portaltela.pt\/noticias\/2026\/02\/27\/aumento-de-diagnosticos-de-diabetes-tipo-1-em-criancas-de-5-a-9-anos\/#primaryimage\"},\"image\":{\"@id\":\"https:\/\/portaltela.pt\/noticias\/2026\/02\/27\/aumento-de-diagnosticos-de-diabetes-tipo-1-em-criancas-de-5-a-9-anos\/#primaryimage\"},\"thumbnailUrl\":\"https:\/\/portaltela.pt\/s.01k8rhncp4jt1\/2026\/02\/image-1979.jpg\",\"datePublished\":\"2026-02-27T08:40:00+00:00\",\"author\":{\"@id\":\"https:\/\/portaltela.pt\/#\/schema\/person\/c4278d4a6028830caff9ee44b42d32ed\"},\"breadcrumb\":{\"@id\":\"https:\/\/portaltela.pt\/noticias\/2026\/02\/27\/aumento-de-diagnosticos-de-diabetes-tipo-1-em-criancas-de-5-a-9-anos\/#breadcrumb\"},\"inLanguage\":\"pt-PT\",\"potentialAction\":[{\"@type\":\"ReadAction\",\"target\":[\"https:\/\/portaltela.pt\/noticias\/2026\/02\/27\/aumento-de-diagnosticos-de-diabetes-tipo-1-em-criancas-de-5-a-9-anos\/\"]}]},{\"@type\":\"ImageObject\",\"inLanguage\":\"pt-PT\",\"@id\":\"https:\/\/portaltela.pt\/noticias\/2026\/02\/27\/aumento-de-diagnosticos-de-diabetes-tipo-1-em-criancas-de-5-a-9-anos\/#primaryimage\",\"url\":\"https:\/\/portaltela.pt\/s.01k8rhncp4jt1\/2026\/02\/image-1979.jpg\",\"contentUrl\":\"https:\/\/portaltela.pt\/s.01k8rhncp4jt1\/2026\/02\/image-1979.jpg\",\"width\":796,\"height\":448,\"caption\":\"Aparelho no bra\u00e7o para medir a glicose\"},{\"@type\":\"BreadcrumbList\",\"@id\":\"https:\/\/portaltela.pt\/noticias\/2026\/02\/27\/aumento-de-diagnosticos-de-diabetes-tipo-1-em-criancas-de-5-a-9-anos\/#breadcrumb\",\"itemListElement\":[{\"@type\":\"ListItem\",\"position\":1,\"name\":\"In\u00edcio\",\"item\":\"https:\/\/portaltela.pt\/\"},{\"@type\":\"ListItem\",\"position\":2,\"name\":\"Aumento de diagn\u00f3sticos de diabetes tipo 1 em crian\u00e7as de 5 a 9 anos\"}]},{\"@type\":\"WebSite\",\"@id\":\"https:\/\/portaltela.pt\/#website\",\"url\":\"https:\/\/portaltela.pt\/\",\"name\":\"Portal Tela Portugal\",\"description\":\"\",\"potentialAction\":[{\"@type\":\"SearchAction\",\"target\":{\"@type\":\"EntryPoint\",\"urlTemplate\":\"https:\/\/portaltela.pt\/?s={search_term_string}\"},\"query-input\":{\"@type\":\"PropertyValueSpecification\",\"valueRequired\":true,\"valueName\":\"search_term_string\"}}],\"inLanguage\":\"pt-PT\"},{\"@type\":\"Person\",\"@id\":\"https:\/\/portaltela.pt\/#\/schema\/person\/c4278d4a6028830caff9ee44b42d32ed\",\"name\":\"Telinha\",\"image\":{\"@type\":\"ImageObject\",\"inLanguage\":\"pt-PT\",\"@id\":\"https:\/\/portaltela.pt\/s.01k8rhncp4jt1\/2025\/11\/talking-bot-125x125.png\",\"url\":\"https:\/\/portaltela.pt\/s.01k8rhncp4jt1\/2025\/11\/talking-bot-125x125.png\",\"contentUrl\":\"https:\/\/portaltela.pt\/s.01k8rhncp4jt1\/2025\/11\/talking-bot-125x125.png\",\"caption\":\"Telinha\"},\"sameAs\":[\"https:\/\/portaltela.pt\/\"],\"url\":\"https:\/\/portaltela.pt\/por\/367410592786\/\"}]}<\/script>\n<!-- \/ Yoast SEO plugin. -->","yoast_head_json":{"title":"Aumento de diagn\u00f3sticos de diabetes tipo 1 em crian\u00e7as de 5 a 9 anos - Portal Tela Portugal","robots":{"index":"index","follow":"follow","max-snippet":"max-snippet:-1","max-image-preview":"max-image-preview:large","max-video-preview":"max-video-preview:-1"},"og_locale":"pt_PT","og_type":"article","og_title":"Aumento de diagn\u00f3sticos de diabetes tipo 1 em crian\u00e7as de 5 a 9 anos - Portal Tela Portugal","og_description":"S\u00e3o cerca de 3600 menores de 19 anos com diabetes tipo I, no total. A faixa dos cinco aos nove anos \u00e9 a \u00fanica em que houve aumento entre 2022 e 2024, com 636 casos nesse grupo. M\u00e9dicos defendem um rastreio nacional para sinalizar a doen\u00e7a antes do seu desenvolvimento e evitar internamentos. O rastreio permitiria \u00e0s fam\u00edlias aprenderem a lidar com a condi\u00e7\u00e3o e atrasar as complica\u00e7\u00f5es associadas.","og_url":"https:\/\/portaltela.pt\/noticias\/2026\/02\/27\/aumento-de-diagnosticos-de-diabetes-tipo-1-em-criancas-de-5-a-9-anos\/","og_site_name":"Portal Tela Portugal","article_published_time":"2026-02-27T08:40:00+00:00","author":"Telinha","twitter_card":"summary_large_image","twitter_misc":{"Escrito por":"Telinha","Tempo estimado de leitura":"1 minuto"},"schema":{"@context":"https:\/\/schema.org","@graph":[{"@type":"Article","@id":"https:\/\/portaltela.pt\/noticias\/2026\/02\/27\/aumento-de-diagnosticos-de-diabetes-tipo-1-em-criancas-de-5-a-9-anos\/#article","isPartOf":{"@id":"https:\/\/portaltela.pt\/noticias\/2026\/02\/27\/aumento-de-diagnosticos-de-diabetes-tipo-1-em-criancas-de-5-a-9-anos\/"},"author":{"name":"Telinha","@id":"https:\/\/portaltela.pt\/#\/schema\/person\/c4278d4a6028830caff9ee44b42d32ed"},"headline":"Aumento de diagn\u00f3sticos de diabetes tipo 1 em crian\u00e7as de 5 a 9 anos","datePublished":"2026-02-27T08:40:00+00:00","mainEntityOfPage":{"@id":"https:\/\/portaltela.pt\/noticias\/2026\/02\/27\/aumento-de-diagnosticos-de-diabetes-tipo-1-em-criancas-de-5-a-9-anos\/"},"wordCount":239,"image":{"@id":"https:\/\/portaltela.pt\/noticias\/2026\/02\/27\/aumento-de-diagnosticos-de-diabetes-tipo-1-em-criancas-de-5-a-9-anos\/#primaryimage"},"thumbnailUrl":"https:\/\/portaltela.pt\/s.01k8rhncp4jt1\/2026\/02\/image-1979.jpg","keywords":["crian\u00e7as","diabetes","diab\u00e9ticos","inf\u00e2ncia","Portugal","sa\u00fade p\u00fablica"],"articleSection":["Not\u00edcias"],"inLanguage":"pt-PT"},{"@type":"WebPage","@id":"https:\/\/portaltela.pt\/noticias\/2026\/02\/27\/aumento-de-diagnosticos-de-diabetes-tipo-1-em-criancas-de-5-a-9-anos\/","url":"https:\/\/portaltela.pt\/noticias\/2026\/02\/27\/aumento-de-diagnosticos-de-diabetes-tipo-1-em-criancas-de-5-a-9-anos\/","name":"Aumento de diagn\u00f3sticos de diabetes tipo 1 em crian\u00e7as de 5 a 9 anos - Portal Tela Portugal","isPartOf":{"@id":"https:\/\/portaltela.pt\/#website"},"primaryImageOfPage":{"@id":"https:\/\/portaltela.pt\/noticias\/2026\/02\/27\/aumento-de-diagnosticos-de-diabetes-tipo-1-em-criancas-de-5-a-9-anos\/#primaryimage"},"image":{"@id":"https:\/\/portaltela.pt\/noticias\/2026\/02\/27\/aumento-de-diagnosticos-de-diabetes-tipo-1-em-criancas-de-5-a-9-anos\/#primaryimage"},"thumbnailUrl":"https:\/\/portaltela.pt\/s.01k8rhncp4jt1\/2026\/02\/image-1979.jpg","datePublished":"2026-02-27T08:40:00+00:00","author":{"@id":"https:\/\/portaltela.pt\/#\/schema\/person\/c4278d4a6028830caff9ee44b42d32ed"},"breadcrumb":{"@id":"https:\/\/portaltela.pt\/noticias\/2026\/02\/27\/aumento-de-diagnosticos-de-diabetes-tipo-1-em-criancas-de-5-a-9-anos\/#breadcrumb"},"inLanguage":"pt-PT","potentialAction":[{"@type":"ReadAction","target":["https:\/\/portaltela.pt\/noticias\/2026\/02\/27\/aumento-de-diagnosticos-de-diabetes-tipo-1-em-criancas-de-5-a-9-anos\/"]}]},{"@type":"ImageObject","inLanguage":"pt-PT","@id":"https:\/\/portaltela.pt\/noticias\/2026\/02\/27\/aumento-de-diagnosticos-de-diabetes-tipo-1-em-criancas-de-5-a-9-anos\/#primaryimage","url":"https:\/\/portaltela.pt\/s.01k8rhncp4jt1\/2026\/02\/image-1979.jpg","contentUrl":"https:\/\/portaltela.pt\/s.01k8rhncp4jt1\/2026\/02\/image-1979.jpg","width":796,"height":448,"caption":"Aparelho no bra\u00e7o para medir a glicose"},{"@type":"BreadcrumbList","@id":"https:\/\/portaltela.pt\/noticias\/2026\/02\/27\/aumento-de-diagnosticos-de-diabetes-tipo-1-em-criancas-de-5-a-9-anos\/#breadcrumb","itemListElement":[{"@type":"ListItem","position":1,"name":"In\u00edcio","item":"https:\/\/portaltela.pt\/"},{"@type":"ListItem","position":2,"name":"Aumento de diagn\u00f3sticos de diabetes tipo 1 em crian\u00e7as de 5 a 9 anos"}]},{"@type":"WebSite","@id":"https:\/\/portaltela.pt\/#website","url":"https:\/\/portaltela.pt\/","name":"Portal Tela Portugal","description":"","potentialAction":[{"@type":"SearchAction","target":{"@type":"EntryPoint","urlTemplate":"https:\/\/portaltela.pt\/?s={search_term_string}"},"query-input":{"@type":"PropertyValueSpecification","valueRequired":true,"valueName":"search_term_string"}}],"inLanguage":"pt-PT"},{"@type":"Person","@id":"https:\/\/portaltela.pt\/#\/schema\/person\/c4278d4a6028830caff9ee44b42d32ed","name":"Telinha","image":{"@type":"ImageObject","inLanguage":"pt-PT","@id":"https:\/\/portaltela.pt\/s.01k8rhncp4jt1\/2025\/11\/talking-bot-125x125.png","url":"https:\/\/portaltela.pt\/s.01k8rhncp4jt1\/2025\/11\/talking-bot-125x125.png","contentUrl":"https:\/\/portaltela.pt\/s.01k8rhncp4jt1\/2025\/11\/talking-bot-125x125.png","caption":"Telinha"},"sameAs":["https:\/\/portaltela.pt\/"],"url":"https:\/\/portaltela.pt\/por\/367410592786\/"}]}},"_links":{"self":[{"href":"https:\/\/portaltela.pt\/api\/wp\/v2\/posts\/390288","targetHints":{"allow":["GET"]}}],"collection":[{"href":"https:\/\/portaltela.pt\/api\/wp\/v2\/posts"}],"about":[{"href":"https:\/\/portaltela.pt\/api\/wp\/v2\/types\/post"}],"author":[{"embeddable":true,"href":"https:\/\/portaltela.pt\/api\/wp\/v2\/users\/2"}],"replies":[{"embeddable":true,"href":"https:\/\/portaltela.pt\/api\/wp\/v2\/comments?post=390288"}],"version-history":[{"count":0,"href":"https:\/\/portaltela.pt\/api\/wp\/v2\/posts\/390288\/revisions"}],"wp:featuredmedia":[{"embeddable":true,"href":"https:\/\/portaltela.pt\/api\/wp\/v2\/media\/390301"}],"wp:attachment":[{"href":"https:\/\/portaltela.pt\/api\/wp\/v2\/media?parent=390288"}],"wp:term":[{"taxonomy":"category","embeddable":true,"href":"https:\/\/portaltela.pt\/api\/wp\/v2\/categories?post=390288"},{"taxonomy":"post_tag","embeddable":true,"href":"https:\/\/portaltela.pt\/api\/wp\/v2\/tags?post=390288"}],"curies":[{"name":"wp","href":"https:\/\/api.w.org\/{rel}","templated":true}]}}