{"id":390273,"date":"2026-02-27T05:32:21","date_gmt":"2026-02-27T08:32:21","guid":{"rendered":"https:\/\/portaltela.pt\/noticias\/2026\/02\/27\/tres-anos-apos-tempe-como-esta-a-seguranca-dos-comboios-na-grecia\/"},"modified":"2026-02-27T05:32:21","modified_gmt":"2026-02-27T08:32:21","slug":"tres-anos-apos-tempe-como-esta-a-seguranca-dos-comboios-na-grecia","status":"publish","type":"post","link":"https:\/\/portaltela.pt\/noticias\/2026\/02\/27\/tres-anos-apos-tempe-como-esta-a-seguranca-dos-comboios-na-grecia\/","title":{"rendered":"Tr\u00eas anos ap\u00f3s Tempe, como est\u00e1 a seguran\u00e7a dos comboios na Gr\u00e9cia"},"content":{"rendered":"<p>Tr\u00eas anos ap\u00f3s a trag\u00e9dia de Tempe, a Gr\u00e9cia investe em seguran\u00e7a ferrovi\u00e1ria para evitar repeti\u00e7\u00e3o de falhas. O governo operou mudan\u00e7as profundas em tecnologia, forma\u00e7\u00e3o e frota, visando maior confiabilidade nas liga\u00e7\u00f5es entre Atenas e Sal\u00f3nica.<\/p>\n<p>A Euronews ouviu o vice-ministro dos Transportes, Konstantinos Kyranakis, trabalhadores do setor e passageiros. O objetivo foi perceber o que mudou desde o acidente de Tempe e quais s\u00e3o as perspetivas de seguran\u00e7a atuais.<\/p>\n<p>A situa\u00e7\u00e3o levou a uma forte aposta na moderniza\u00e7\u00e3o, com foco em sistemas de sinaliza\u00e7\u00e3o, telecomando e forma\u00e7\u00e3o cont\u00ednua de colaboradores. O pa\u00eds descreve avan\u00e7os significativos face a 2019.<\/p>\n<h3>Atualiza\u00e7\u00e3o tecnol\u00f3gica e forma\u00e7\u00e3o<\/h3>\n<p>Kyranakis afirma que hoje os comboios s\u00e3o mais seguros do que em Tempe e muito mais que em 2019. A rede passou de 1% de telecomando em 2019 para 80%, com 100% previsto no pr\u00f3ximo ver\u00e3o.<\/p>\n<p>O ETCS e a sinaliza\u00e7\u00e3o passam a estar totalmente operacionais, refor\u00e7ando a supervis\u00e3o de vias e comboios. A seguran\u00e7a depende tamb\u00e9m de operadores bem formados.<\/p>\n<p>Entre as medidas destacadas est\u00e1 o refor\u00e7o da forma\u00e7\u00e3o dos trabalhadores, com foco em reflexos, gest\u00e3o de incidentes sob press\u00e3o e uso de simuladores. A intention \u00e9 manter a qualidade ao longo do tempo.<\/p>\n<h3>O simulador Rentis e o controle autom\u00e1tico<\/h3>\n<p>Um novo simulador ultrarr\u00e1pido, importado da Alemanha, est\u00e1 instalado no Centro de Forma\u00e7\u00e3o Profissional da OSE em Rentis. Serve para treinar maquinistas em cen\u00e1rios reais, dia\/noite e condi\u00e7\u00f5es clim\u00e1ticas diversas.<\/p>\n<p>O sistema de travagem autom\u00e1tica atua se houver viola\u00e7\u00e3o de regras, reduzindo riscos. Al\u00e9m disso, o ETCS integra a forma\u00e7\u00e3o com o controlo de comboios, melhorando a interoperabilidade entre plataformas.<\/p>\n<h3>Geolocaliza\u00e7\u00e3o com Starlink<\/h3>\n<p>A Gr\u00e9cia apresentou tamb\u00e9m um sistema de geolocaliza\u00e7\u00e3o de alta precis\u00e3o para comboios, em parceria com a rede Starlink de Elon Musk. O servi\u00e7o permite localizar comboios com precis\u00e3o de poucos cent\u00edmetros.<\/p>\n<p>O sistema facilita a dete\u00e7\u00e3o de incumprimentos ou desvios de via, com acionamento imediato de travagem quando necess\u00e1rio. A tecnologia \u00e9 apresentada como pioneira na Europa.<\/p>\n<h3>Frota e financiamento europeu<\/h3>\n<p>A renova\u00e7\u00e3o da frota avan\u00e7a com a chegada de comboios CORadia, anunciada como melhoria importante ap\u00f3s duas d\u00e9cadas. Testes j\u00e1 come\u00e7aram e v\u00e3o intensificar-se nos pr\u00f3ximos dias.<\/p>\n<p>Os projetos contam com financiamento do Fundo de Recupera\u00e7\u00e3o da Uni\u00e3o Europeia. O governo descreve o apoio como crucial para instalar sistemas europeus e modernizar infraestruturas.<\/p>\n<h3>Auditorias e perspetivas de seguran\u00e7a<\/h3>\n<p>A Comiss\u00e3o Europeia tem acompanhado o plano de a\u00e7\u00e3o do governo grego para cumprir a legisla\u00e7\u00e3o ferrovi\u00e1ria da UE. Relat\u00f3rios bimestrais indicam progressos, ainda que haja lacunas antigas a superar.<\/p>\n<p>Perguntado sobre a perce\u00e7\u00e3o de seguran\u00e7a pelos gregos, o vice-ministro aponta para a evid\u00eancia pr\u00e1tica: sistemas digitais ativos, componentes de seguran\u00e7a instalados e opera\u00e7\u00f5es mais seguras.<\/p>\n","protected":false},"excerpt":{"rendered":"<ul>\n<li>Tr\u00eas anos ap\u00f3s Tempe, o governo grego afirma que os comboios s\u00e3o mais seguros hoje, com melhorias significativas em compara\u00e7\u00e3o com 2019.<\/li>\n<li>A sinaliza\u00e7\u00e3o e o controlo remoto (ETCS) est\u00e3o a avan\u00e7ar: em Atenas\u2011Tessal\u00f3nica pass\u00e1mos de 1% para 80% de sinaliza\u00e7\u00e3o ativa, com 100% previsto no pr\u00f3ximo ver\u00e3o.<\/li>\n<li>Foi instalado um simulador ultrarr\u00e1pido no Rentis para forma\u00e7\u00e3o pr\u00e1tica de maquinistas e outros trabalhadores, com cen\u00e1rios de dia\/noite e v\u00e1rias condi\u00e7\u00f5es clim\u00e1ticas.<\/li>\n<li>Um sistema de geolocaliza\u00e7\u00e3o de comboios via Starlink permite conhecer a posi\u00e7\u00e3o dos comboios com precis\u00e3o de at\u00e9 5 cent\u00edmetros, aumentando a dete\u00e7\u00e3o de incumprimentos.<\/li>\n<li>A renova\u00e7\u00e3o da frota, incluindo os comboios CORADIA, e o financiamento europeu do Fundo de Recupera\u00e7\u00e3o s\u00e3o partes cr\u00edticas dos avan\u00e7os em seguran\u00e7a.<\/li>\n<\/ul>\n","protected":false},"author":2,"featured_media":390279,"comment_status":"closed","ping_status":"closed","sticky":false,"template":"","format":"standard","meta":{"footnotes":""},"categories":[1],"tags":[3683,6436,2262,5010,192,2055],"class_list":["post-390273","post","type-post","status-publish","format-standard","has-post-thumbnail","hentry","category-noticias","tag-comboios","tag-etcs","tag-sinalizacao","tag-starlink","tag-transporte","tag-uniao-europeia"],"yoast_head":"<!-- This site is optimized with the Yoast SEO plugin v27.2 - https:\/\/yoast.com\/product\/yoast-seo-wordpress\/ -->\n<title>Tr\u00eas anos ap\u00f3s Tempe, como est\u00e1 a seguran\u00e7a dos comboios na Gr\u00e9cia - Portal Tela Portugal<\/title>\n<meta name=\"robots\" content=\"index, follow, max-snippet:-1, max-image-preview:large, max-video-preview:-1\" \/>\n<meta property=\"og:locale\" content=\"pt_PT\" \/>\n<meta property=\"og:type\" content=\"article\" \/>\n<meta property=\"og:title\" content=\"Tr\u00eas anos ap\u00f3s Tempe, como est\u00e1 a seguran\u00e7a dos comboios na Gr\u00e9cia - Portal Tela Portugal\" \/>\n<meta property=\"og:description\" content=\"Tr\u00eas anos ap\u00f3s Tempe, o governo grego afirma que os comboios s\u00e3o mais seguros hoje, com melhorias significativas em compara\u00e7\u00e3o com 2019. A sinaliza\u00e7\u00e3o e o controlo remoto (ETCS) est\u00e3o a avan\u00e7ar: em Atenas\u2011Tessal\u00f3nica pass\u00e1mos de 1% para 80% de sinaliza\u00e7\u00e3o ativa, com 100% previsto no pr\u00f3ximo ver\u00e3o. Foi instalado um simulador ultrarr\u00e1pido no Rentis para forma\u00e7\u00e3o pr\u00e1tica de maquinistas e outros trabalhadores, com cen\u00e1rios de dia\/noite e v\u00e1rias condi\u00e7\u00f5es clim\u00e1ticas. Um sistema de geolocaliza\u00e7\u00e3o de comboios via Starlink permite conhecer a posi\u00e7\u00e3o dos comboios com precis\u00e3o de at\u00e9 5 cent\u00edmetros, aumentando a dete\u00e7\u00e3o de incumprimentos. A renova\u00e7\u00e3o da frota, incluindo os comboios CORADIA, e o financiamento europeu do Fundo de Recupera\u00e7\u00e3o s\u00e3o partes cr\u00edticas dos avan\u00e7os em seguran\u00e7a.\" \/>\n<meta property=\"og:url\" content=\"https:\/\/portaltela.pt\/noticias\/2026\/02\/27\/tres-anos-apos-tempe-como-esta-a-seguranca-dos-comboios-na-grecia\/\" \/>\n<meta property=\"og:site_name\" content=\"Portal Tela Portugal\" \/>\n<meta property=\"article:published_time\" content=\"2026-02-27T08:32:21+00:00\" \/>\n<meta name=\"author\" content=\"Telinha\" \/>\n<meta name=\"twitter:card\" content=\"summary_large_image\" \/>\n<meta name=\"twitter:label1\" content=\"Escrito por\" \/>\n\t<meta name=\"twitter:data1\" content=\"Telinha\" \/>\n\t<meta name=\"twitter:label2\" content=\"Tempo estimado de leitura\" \/>\n\t<meta name=\"twitter:data2\" content=\"3 minutos\" \/>\n<script type=\"application\/ld+json\" class=\"yoast-schema-graph\">{\"@context\":\"https:\/\/schema.org\",\"@graph\":[{\"@type\":\"Article\",\"@id\":\"https:\/\/portaltela.pt\/noticias\/2026\/02\/27\/tres-anos-apos-tempe-como-esta-a-seguranca-dos-comboios-na-grecia\/#article\",\"isPartOf\":{\"@id\":\"https:\/\/portaltela.pt\/noticias\/2026\/02\/27\/tres-anos-apos-tempe-como-esta-a-seguranca-dos-comboios-na-grecia\/\"},\"author\":{\"name\":\"Telinha\",\"@id\":\"https:\/\/portaltela.pt\/#\/schema\/person\/c4278d4a6028830caff9ee44b42d32ed\"},\"headline\":\"Tr\u00eas anos ap\u00f3s Tempe, como est\u00e1 a seguran\u00e7a dos comboios na Gr\u00e9cia\",\"datePublished\":\"2026-02-27T08:32:21+00:00\",\"mainEntityOfPage\":{\"@id\":\"https:\/\/portaltela.pt\/noticias\/2026\/02\/27\/tres-anos-apos-tempe-como-esta-a-seguranca-dos-comboios-na-grecia\/\"},\"wordCount\":530,\"image\":{\"@id\":\"https:\/\/portaltela.pt\/noticias\/2026\/02\/27\/tres-anos-apos-tempe-como-esta-a-seguranca-dos-comboios-na-grecia\/#primaryimage\"},\"thumbnailUrl\":\"https:\/\/portaltela.pt\/s.01k8rhncp4jt1\/2026\/02\/1536x864_cmsv2_ed664dcd-a3e4-5586-bb49-12c6c87512cd-9661880.jpg\",\"keywords\":[\"comboios\",\"ETCS\",\"sinaliza\u00e7\u00e3o\",\"Starlink\",\"transporte\",\"Uni\u00e3o Europeia\"],\"articleSection\":[\"Not\u00edcias\"],\"inLanguage\":\"pt-PT\"},{\"@type\":\"WebPage\",\"@id\":\"https:\/\/portaltela.pt\/noticias\/2026\/02\/27\/tres-anos-apos-tempe-como-esta-a-seguranca-dos-comboios-na-grecia\/\",\"url\":\"https:\/\/portaltela.pt\/noticias\/2026\/02\/27\/tres-anos-apos-tempe-como-esta-a-seguranca-dos-comboios-na-grecia\/\",\"name\":\"Tr\u00eas anos ap\u00f3s Tempe, como est\u00e1 a seguran\u00e7a dos comboios na Gr\u00e9cia - Portal Tela Portugal\",\"isPartOf\":{\"@id\":\"https:\/\/portaltela.pt\/#website\"},\"primaryImageOfPage\":{\"@id\":\"https:\/\/portaltela.pt\/noticias\/2026\/02\/27\/tres-anos-apos-tempe-como-esta-a-seguranca-dos-comboios-na-grecia\/#primaryimage\"},\"image\":{\"@id\":\"https:\/\/portaltela.pt\/noticias\/2026\/02\/27\/tres-anos-apos-tempe-como-esta-a-seguranca-dos-comboios-na-grecia\/#primaryimage\"},\"thumbnailUrl\":\"https:\/\/portaltela.pt\/s.01k8rhncp4jt1\/2026\/02\/1536x864_cmsv2_ed664dcd-a3e4-5586-bb49-12c6c87512cd-9661880.jpg\",\"datePublished\":\"2026-02-27T08:32:21+00:00\",\"author\":{\"@id\":\"https:\/\/portaltela.pt\/#\/schema\/person\/c4278d4a6028830caff9ee44b42d32ed\"},\"breadcrumb\":{\"@id\":\"https:\/\/portaltela.pt\/noticias\/2026\/02\/27\/tres-anos-apos-tempe-como-esta-a-seguranca-dos-comboios-na-grecia\/#breadcrumb\"},\"inLanguage\":\"pt-PT\",\"potentialAction\":[{\"@type\":\"ReadAction\",\"target\":[\"https:\/\/portaltela.pt\/noticias\/2026\/02\/27\/tres-anos-apos-tempe-como-esta-a-seguranca-dos-comboios-na-grecia\/\"]}]},{\"@type\":\"ImageObject\",\"inLanguage\":\"pt-PT\",\"@id\":\"https:\/\/portaltela.pt\/noticias\/2026\/02\/27\/tres-anos-apos-tempe-como-esta-a-seguranca-dos-comboios-na-grecia\/#primaryimage\",\"url\":\"https:\/\/portaltela.pt\/s.01k8rhncp4jt1\/2026\/02\/1536x864_cmsv2_ed664dcd-a3e4-5586-bb49-12c6c87512cd-9661880.jpg\",\"contentUrl\":\"https:\/\/portaltela.pt\/s.01k8rhncp4jt1\/2026\/02\/1536x864_cmsv2_ed664dcd-a3e4-5586-bb49-12c6c87512cd-9661880.jpg\",\"width\":796,\"height\":448,\"caption\":\"Funcion\u00e1rio da Hellenic Train na esta\u00e7\u00e3o de Larissa\"},{\"@type\":\"BreadcrumbList\",\"@id\":\"https:\/\/portaltela.pt\/noticias\/2026\/02\/27\/tres-anos-apos-tempe-como-esta-a-seguranca-dos-comboios-na-grecia\/#breadcrumb\",\"itemListElement\":[{\"@type\":\"ListItem\",\"position\":1,\"name\":\"In\u00edcio\",\"item\":\"https:\/\/portaltela.pt\/\"},{\"@type\":\"ListItem\",\"position\":2,\"name\":\"Tr\u00eas anos ap\u00f3s Tempe, como est\u00e1 a seguran\u00e7a dos comboios na Gr\u00e9cia\"}]},{\"@type\":\"WebSite\",\"@id\":\"https:\/\/portaltela.pt\/#website\",\"url\":\"https:\/\/portaltela.pt\/\",\"name\":\"Portal Tela Portugal\",\"description\":\"\",\"potentialAction\":[{\"@type\":\"SearchAction\",\"target\":{\"@type\":\"EntryPoint\",\"urlTemplate\":\"https:\/\/portaltela.pt\/?s={search_term_string}\"},\"query-input\":{\"@type\":\"PropertyValueSpecification\",\"valueRequired\":true,\"valueName\":\"search_term_string\"}}],\"inLanguage\":\"pt-PT\"},{\"@type\":\"Person\",\"@id\":\"https:\/\/portaltela.pt\/#\/schema\/person\/c4278d4a6028830caff9ee44b42d32ed\",\"name\":\"Telinha\",\"image\":{\"@type\":\"ImageObject\",\"inLanguage\":\"pt-PT\",\"@id\":\"https:\/\/portaltela.pt\/s.01k8rhncp4jt1\/2025\/11\/talking-bot-125x125.png\",\"url\":\"https:\/\/portaltela.pt\/s.01k8rhncp4jt1\/2025\/11\/talking-bot-125x125.png\",\"contentUrl\":\"https:\/\/portaltela.pt\/s.01k8rhncp4jt1\/2025\/11\/talking-bot-125x125.png\",\"caption\":\"Telinha\"},\"sameAs\":[\"https:\/\/portaltela.pt\/\"],\"url\":\"https:\/\/portaltela.pt\/por\/367410592786\/\"}]}<\/script>\n<!-- \/ Yoast SEO plugin. -->","yoast_head_json":{"title":"Tr\u00eas anos ap\u00f3s Tempe, como est\u00e1 a seguran\u00e7a dos comboios na Gr\u00e9cia - Portal Tela Portugal","robots":{"index":"index","follow":"follow","max-snippet":"max-snippet:-1","max-image-preview":"max-image-preview:large","max-video-preview":"max-video-preview:-1"},"og_locale":"pt_PT","og_type":"article","og_title":"Tr\u00eas anos ap\u00f3s Tempe, como est\u00e1 a seguran\u00e7a dos comboios na Gr\u00e9cia - Portal Tela Portugal","og_description":"Tr\u00eas anos ap\u00f3s Tempe, o governo grego afirma que os comboios s\u00e3o mais seguros hoje, com melhorias significativas em compara\u00e7\u00e3o com 2019. A sinaliza\u00e7\u00e3o e o controlo remoto (ETCS) est\u00e3o a avan\u00e7ar: em Atenas\u2011Tessal\u00f3nica pass\u00e1mos de 1% para 80% de sinaliza\u00e7\u00e3o ativa, com 100% previsto no pr\u00f3ximo ver\u00e3o. Foi instalado um simulador ultrarr\u00e1pido no Rentis para forma\u00e7\u00e3o pr\u00e1tica de maquinistas e outros trabalhadores, com cen\u00e1rios de dia\/noite e v\u00e1rias condi\u00e7\u00f5es clim\u00e1ticas. Um sistema de geolocaliza\u00e7\u00e3o de comboios via Starlink permite conhecer a posi\u00e7\u00e3o dos comboios com precis\u00e3o de at\u00e9 5 cent\u00edmetros, aumentando a dete\u00e7\u00e3o de incumprimentos. A renova\u00e7\u00e3o da frota, incluindo os comboios CORADIA, e o financiamento europeu do Fundo de Recupera\u00e7\u00e3o s\u00e3o partes cr\u00edticas dos avan\u00e7os em seguran\u00e7a.","og_url":"https:\/\/portaltela.pt\/noticias\/2026\/02\/27\/tres-anos-apos-tempe-como-esta-a-seguranca-dos-comboios-na-grecia\/","og_site_name":"Portal Tela Portugal","article_published_time":"2026-02-27T08:32:21+00:00","author":"Telinha","twitter_card":"summary_large_image","twitter_misc":{"Escrito por":"Telinha","Tempo estimado de leitura":"3 minutos"},"schema":{"@context":"https:\/\/schema.org","@graph":[{"@type":"Article","@id":"https:\/\/portaltela.pt\/noticias\/2026\/02\/27\/tres-anos-apos-tempe-como-esta-a-seguranca-dos-comboios-na-grecia\/#article","isPartOf":{"@id":"https:\/\/portaltela.pt\/noticias\/2026\/02\/27\/tres-anos-apos-tempe-como-esta-a-seguranca-dos-comboios-na-grecia\/"},"author":{"name":"Telinha","@id":"https:\/\/portaltela.pt\/#\/schema\/person\/c4278d4a6028830caff9ee44b42d32ed"},"headline":"Tr\u00eas anos ap\u00f3s Tempe, como est\u00e1 a seguran\u00e7a dos comboios na Gr\u00e9cia","datePublished":"2026-02-27T08:32:21+00:00","mainEntityOfPage":{"@id":"https:\/\/portaltela.pt\/noticias\/2026\/02\/27\/tres-anos-apos-tempe-como-esta-a-seguranca-dos-comboios-na-grecia\/"},"wordCount":530,"image":{"@id":"https:\/\/portaltela.pt\/noticias\/2026\/02\/27\/tres-anos-apos-tempe-como-esta-a-seguranca-dos-comboios-na-grecia\/#primaryimage"},"thumbnailUrl":"https:\/\/portaltela.pt\/s.01k8rhncp4jt1\/2026\/02\/1536x864_cmsv2_ed664dcd-a3e4-5586-bb49-12c6c87512cd-9661880.jpg","keywords":["comboios","ETCS","sinaliza\u00e7\u00e3o","Starlink","transporte","Uni\u00e3o Europeia"],"articleSection":["Not\u00edcias"],"inLanguage":"pt-PT"},{"@type":"WebPage","@id":"https:\/\/portaltela.pt\/noticias\/2026\/02\/27\/tres-anos-apos-tempe-como-esta-a-seguranca-dos-comboios-na-grecia\/","url":"https:\/\/portaltela.pt\/noticias\/2026\/02\/27\/tres-anos-apos-tempe-como-esta-a-seguranca-dos-comboios-na-grecia\/","name":"Tr\u00eas anos ap\u00f3s Tempe, como est\u00e1 a seguran\u00e7a dos comboios na Gr\u00e9cia - Portal Tela Portugal","isPartOf":{"@id":"https:\/\/portaltela.pt\/#website"},"primaryImageOfPage":{"@id":"https:\/\/portaltela.pt\/noticias\/2026\/02\/27\/tres-anos-apos-tempe-como-esta-a-seguranca-dos-comboios-na-grecia\/#primaryimage"},"image":{"@id":"https:\/\/portaltela.pt\/noticias\/2026\/02\/27\/tres-anos-apos-tempe-como-esta-a-seguranca-dos-comboios-na-grecia\/#primaryimage"},"thumbnailUrl":"https:\/\/portaltela.pt\/s.01k8rhncp4jt1\/2026\/02\/1536x864_cmsv2_ed664dcd-a3e4-5586-bb49-12c6c87512cd-9661880.jpg","datePublished":"2026-02-27T08:32:21+00:00","author":{"@id":"https:\/\/portaltela.pt\/#\/schema\/person\/c4278d4a6028830caff9ee44b42d32ed"},"breadcrumb":{"@id":"https:\/\/portaltela.pt\/noticias\/2026\/02\/27\/tres-anos-apos-tempe-como-esta-a-seguranca-dos-comboios-na-grecia\/#breadcrumb"},"inLanguage":"pt-PT","potentialAction":[{"@type":"ReadAction","target":["https:\/\/portaltela.pt\/noticias\/2026\/02\/27\/tres-anos-apos-tempe-como-esta-a-seguranca-dos-comboios-na-grecia\/"]}]},{"@type":"ImageObject","inLanguage":"pt-PT","@id":"https:\/\/portaltela.pt\/noticias\/2026\/02\/27\/tres-anos-apos-tempe-como-esta-a-seguranca-dos-comboios-na-grecia\/#primaryimage","url":"https:\/\/portaltela.pt\/s.01k8rhncp4jt1\/2026\/02\/1536x864_cmsv2_ed664dcd-a3e4-5586-bb49-12c6c87512cd-9661880.jpg","contentUrl":"https:\/\/portaltela.pt\/s.01k8rhncp4jt1\/2026\/02\/1536x864_cmsv2_ed664dcd-a3e4-5586-bb49-12c6c87512cd-9661880.jpg","width":796,"height":448,"caption":"Funcion\u00e1rio da Hellenic Train na esta\u00e7\u00e3o de Larissa"},{"@type":"BreadcrumbList","@id":"https:\/\/portaltela.pt\/noticias\/2026\/02\/27\/tres-anos-apos-tempe-como-esta-a-seguranca-dos-comboios-na-grecia\/#breadcrumb","itemListElement":[{"@type":"ListItem","position":1,"name":"In\u00edcio","item":"https:\/\/portaltela.pt\/"},{"@type":"ListItem","position":2,"name":"Tr\u00eas anos ap\u00f3s Tempe, como est\u00e1 a seguran\u00e7a dos comboios na Gr\u00e9cia"}]},{"@type":"WebSite","@id":"https:\/\/portaltela.pt\/#website","url":"https:\/\/portaltela.pt\/","name":"Portal Tela Portugal","description":"","potentialAction":[{"@type":"SearchAction","target":{"@type":"EntryPoint","urlTemplate":"https:\/\/portaltela.pt\/?s={search_term_string}"},"query-input":{"@type":"PropertyValueSpecification","valueRequired":true,"valueName":"search_term_string"}}],"inLanguage":"pt-PT"},{"@type":"Person","@id":"https:\/\/portaltela.pt\/#\/schema\/person\/c4278d4a6028830caff9ee44b42d32ed","name":"Telinha","image":{"@type":"ImageObject","inLanguage":"pt-PT","@id":"https:\/\/portaltela.pt\/s.01k8rhncp4jt1\/2025\/11\/talking-bot-125x125.png","url":"https:\/\/portaltela.pt\/s.01k8rhncp4jt1\/2025\/11\/talking-bot-125x125.png","contentUrl":"https:\/\/portaltela.pt\/s.01k8rhncp4jt1\/2025\/11\/talking-bot-125x125.png","caption":"Telinha"},"sameAs":["https:\/\/portaltela.pt\/"],"url":"https:\/\/portaltela.pt\/por\/367410592786\/"}]}},"_links":{"self":[{"href":"https:\/\/portaltela.pt\/api\/wp\/v2\/posts\/390273","targetHints":{"allow":["GET"]}}],"collection":[{"href":"https:\/\/portaltela.pt\/api\/wp\/v2\/posts"}],"about":[{"href":"https:\/\/portaltela.pt\/api\/wp\/v2\/types\/post"}],"author":[{"embeddable":true,"href":"https:\/\/portaltela.pt\/api\/wp\/v2\/users\/2"}],"replies":[{"embeddable":true,"href":"https:\/\/portaltela.pt\/api\/wp\/v2\/comments?post=390273"}],"version-history":[{"count":0,"href":"https:\/\/portaltela.pt\/api\/wp\/v2\/posts\/390273\/revisions"}],"wp:featuredmedia":[{"embeddable":true,"href":"https:\/\/portaltela.pt\/api\/wp\/v2\/media\/390279"}],"wp:attachment":[{"href":"https:\/\/portaltela.pt\/api\/wp\/v2\/media?parent=390273"}],"wp:term":[{"taxonomy":"category","embeddable":true,"href":"https:\/\/portaltela.pt\/api\/wp\/v2\/categories?post=390273"},{"taxonomy":"post_tag","embeddable":true,"href":"https:\/\/portaltela.pt\/api\/wp\/v2\/tags?post=390273"}],"curies":[{"name":"wp","href":"https:\/\/api.w.org\/{rel}","templated":true}]}}