{"id":390263,"date":"2026-02-27T05:12:42","date_gmt":"2026-02-27T08:12:42","guid":{"rendered":"https:\/\/portaltela.pt\/noticias\/2026\/02\/27\/homem-detido-por-20-crimes-de-furto-na-regiao-oeste\/"},"modified":"2026-02-27T05:12:42","modified_gmt":"2026-02-27T08:12:42","slug":"homem-detido-por-20-crimes-de-furto-na-regiao-oeste","status":"publish","type":"post","link":"https:\/\/portaltela.pt\/noticias\/2026\/02\/27\/homem-detido-por-20-crimes-de-furto-na-regiao-oeste\/","title":{"rendered":"Homem detido por 20 crimes de furto na regi\u00e3o Oeste"},"content":{"rendered":"<p>Um homem de 41 anos foi detido na segunda-feira pela pr\u00e1tica de 20 crimes de furto em estabelecimentos de ensino, centros sociais, casa mortu\u00e1ria e igrejas na regi\u00e3o Oeste, revelou a Guarda Nacional Republicana (GNR) numa nota.<\/p>\n<p>Os furtos ocorreram nos concelhos de Bombarral, Caldas da Rainha, \u00d3bidos e Alcoba\u00e7a, no distrito de Leiria. Em sede de investiga\u00e7\u00e3o, a GNR realizou uma busca domicili\u00e1ria e apreendeu itens como gorro passa-montanhas, luvas, lanterna frontal, powerbank, tr\u00eas chaves de fendas, chave estrela, spray W.40, dois pares de sapatilhas e uma tesoura.<\/p>\n<p>O detido, com antecedentes por furto e tr\u00e1fico de droga, tinha um mandado de deten\u00e7\u00e3o e condu\u00e7\u00e3o ao Estabelecimento Prisional para cumprimento de pena. Seguiu para o Estabelecimento Prisional de Caldas da Rainha.<\/p>\n","protected":false},"excerpt":{"rendered":"<ul>\n<li>Um homem de 41 anos foi detido na segunda-feira por 20 crimes de furto em estabelecimentos de ensino, centros sociais, casa mortu\u00e1ria e igrejas na regi\u00e3o Oeste.<\/li>\n<li>Os furtos ocorreram nos concelhos de Bombarral, Caldas da Rainha, \u00d3bidos e Alcoba\u00e7a, no distrito de Leiria.<\/li>\n<li>Em busca domicili\u00e1ria foram apreendidos gorro passa-montanhas, luvas, lanterna frontal, powerbank e tr\u00eas chaves de fendas, bem como chave estrela, spray W.40, dois pares de sapatilhas e tesoura.<\/li>\n<li>O detido tem antecedentes por furto e tr\u00e1fico de droga; h\u00e1 mandado de deten\u00e7\u00e3o para cumprimento de pena de pris\u00e3o efetiva por outros furtos, e foi conduzido ao Estabelecimento Prisional de Caldas da Rainha.<\/li>\n<li>Foi constitu\u00eddo arguido por dois crimes de furto em estabelecimentos escolares no Cadaval, com os autos remetidos ao Tribunal Judicial de Alenquer.<\/li>\n<\/ul>\n","protected":false},"author":2,"featured_media":390266,"comment_status":"closed","ping_status":"closed","sticky":false,"template":"","format":"standard","meta":{"footnotes":""},"categories":[1],"tags":[2148,1672,424,3686,1385,1280],"class_list":["post-390263","post","type-post","status-publish","format-standard","has-post-thumbnail","hentry","category-noticias","tag-alcobaca","tag-caldas-da-rainha","tag-furto","tag-furtos","tag-leiria","tag-obidos"],"yoast_head":"<!-- This site is optimized with the Yoast SEO plugin v27.2 - https:\/\/yoast.com\/product\/yoast-seo-wordpress\/ -->\n<title>Homem detido por 20 crimes de furto na regi\u00e3o Oeste - Portal Tela Portugal<\/title>\n<meta name=\"robots\" content=\"index, follow, max-snippet:-1, max-image-preview:large, max-video-preview:-1\" \/>\n<meta property=\"og:locale\" content=\"pt_PT\" \/>\n<meta property=\"og:type\" content=\"article\" \/>\n<meta property=\"og:title\" content=\"Homem detido por 20 crimes de furto na regi\u00e3o Oeste - Portal Tela Portugal\" \/>\n<meta property=\"og:description\" content=\"Um homem de 41 anos foi detido na segunda-feira por 20 crimes de furto em estabelecimentos de ensino, centros sociais, casa mortu\u00e1ria e igrejas na regi\u00e3o Oeste. Os furtos ocorreram nos concelhos de Bombarral, Caldas da Rainha, \u00d3bidos e Alcoba\u00e7a, no distrito de Leiria. Em busca domicili\u00e1ria foram apreendidos gorro passa-montanhas, luvas, lanterna frontal, powerbank e tr\u00eas chaves de fendas, bem como chave estrela, spray W.40, dois pares de sapatilhas e tesoura. O detido tem antecedentes por furto e tr\u00e1fico de droga; h\u00e1 mandado de deten\u00e7\u00e3o para cumprimento de pena de pris\u00e3o efetiva por outros furtos, e foi conduzido ao Estabelecimento Prisional de Caldas da Rainha. Foi constitu\u00eddo arguido por dois crimes de furto em estabelecimentos escolares no Cadaval, com os autos remetidos ao Tribunal Judicial de Alenquer.\" \/>\n<meta property=\"og:url\" content=\"https:\/\/portaltela.pt\/noticias\/2026\/02\/27\/homem-detido-por-20-crimes-de-furto-na-regiao-oeste\/\" \/>\n<meta property=\"og:site_name\" content=\"Portal Tela Portugal\" \/>\n<meta property=\"article:published_time\" content=\"2026-02-27T08:12:42+00:00\" \/>\n<meta name=\"author\" content=\"Telinha\" \/>\n<meta name=\"twitter:card\" content=\"summary_large_image\" \/>\n<meta name=\"twitter:label1\" content=\"Escrito por\" \/>\n\t<meta name=\"twitter:data1\" content=\"Telinha\" \/>\n\t<meta name=\"twitter:label2\" content=\"Tempo estimado de leitura\" \/>\n\t<meta name=\"twitter:data2\" content=\"1 minuto\" \/>\n<script type=\"application\/ld+json\" class=\"yoast-schema-graph\">{\"@context\":\"https:\/\/schema.org\",\"@graph\":[{\"@type\":\"Article\",\"@id\":\"https:\/\/portaltela.pt\/noticias\/2026\/02\/27\/homem-detido-por-20-crimes-de-furto-na-regiao-oeste\/#article\",\"isPartOf\":{\"@id\":\"https:\/\/portaltela.pt\/noticias\/2026\/02\/27\/homem-detido-por-20-crimes-de-furto-na-regiao-oeste\/\"},\"author\":{\"name\":\"Telinha\",\"@id\":\"https:\/\/portaltela.pt\/#\/schema\/person\/c4278d4a6028830caff9ee44b42d32ed\"},\"headline\":\"Homem detido por 20 crimes de furto na regi\u00e3o Oeste\",\"datePublished\":\"2026-02-27T08:12:42+00:00\",\"mainEntityOfPage\":{\"@id\":\"https:\/\/portaltela.pt\/noticias\/2026\/02\/27\/homem-detido-por-20-crimes-de-furto-na-regiao-oeste\/\"},\"wordCount\":140,\"image\":{\"@id\":\"https:\/\/portaltela.pt\/noticias\/2026\/02\/27\/homem-detido-por-20-crimes-de-furto-na-regiao-oeste\/#primaryimage\"},\"thumbnailUrl\":\"https:\/\/portaltela.pt\/s.01k8rhncp4jt1\/2026\/02\/img_1500x1000uu2020-03-07-11-25-42-929677.jpg\",\"keywords\":[\"Alcoba\u00e7a\",\"Caldas da Rainha\",\"furto\",\"furtos\",\"Leiria\",\"\u00d3bidos\"],\"articleSection\":[\"Not\u00edcias\"],\"inLanguage\":\"pt-PT\"},{\"@type\":\"WebPage\",\"@id\":\"https:\/\/portaltela.pt\/noticias\/2026\/02\/27\/homem-detido-por-20-crimes-de-furto-na-regiao-oeste\/\",\"url\":\"https:\/\/portaltela.pt\/noticias\/2026\/02\/27\/homem-detido-por-20-crimes-de-furto-na-regiao-oeste\/\",\"name\":\"Homem detido por 20 crimes de furto na regi\u00e3o Oeste - Portal Tela Portugal\",\"isPartOf\":{\"@id\":\"https:\/\/portaltela.pt\/#website\"},\"primaryImageOfPage\":{\"@id\":\"https:\/\/portaltela.pt\/noticias\/2026\/02\/27\/homem-detido-por-20-crimes-de-furto-na-regiao-oeste\/#primaryimage\"},\"image\":{\"@id\":\"https:\/\/portaltela.pt\/noticias\/2026\/02\/27\/homem-detido-por-20-crimes-de-furto-na-regiao-oeste\/#primaryimage\"},\"thumbnailUrl\":\"https:\/\/portaltela.pt\/s.01k8rhncp4jt1\/2026\/02\/img_1500x1000uu2020-03-07-11-25-42-929677.jpg\",\"datePublished\":\"2026-02-27T08:12:42+00:00\",\"author\":{\"@id\":\"https:\/\/portaltela.pt\/#\/schema\/person\/c4278d4a6028830caff9ee44b42d32ed\"},\"breadcrumb\":{\"@id\":\"https:\/\/portaltela.pt\/noticias\/2026\/02\/27\/homem-detido-por-20-crimes-de-furto-na-regiao-oeste\/#breadcrumb\"},\"inLanguage\":\"pt-PT\",\"potentialAction\":[{\"@type\":\"ReadAction\",\"target\":[\"https:\/\/portaltela.pt\/noticias\/2026\/02\/27\/homem-detido-por-20-crimes-de-furto-na-regiao-oeste\/\"]}]},{\"@type\":\"ImageObject\",\"inLanguage\":\"pt-PT\",\"@id\":\"https:\/\/portaltela.pt\/noticias\/2026\/02\/27\/homem-detido-por-20-crimes-de-furto-na-regiao-oeste\/#primaryimage\",\"url\":\"https:\/\/portaltela.pt\/s.01k8rhncp4jt1\/2026\/02\/img_1500x1000uu2020-03-07-11-25-42-929677.jpg\",\"contentUrl\":\"https:\/\/portaltela.pt\/s.01k8rhncp4jt1\/2026\/02\/img_1500x1000uu2020-03-07-11-25-42-929677.jpg\",\"width\":796,\"height\":448,\"caption\":\"Homem de 41 anos foi detido na segunda-feira por 20 crimes de furto em estabelecimentos de ensino, centros sociais, casa mortu\u00e1ria e igrejas na regi\u00e3o Oeste, informou esta sexta-feira a Guarda Nacional Republicana (GNR).\"},{\"@type\":\"BreadcrumbList\",\"@id\":\"https:\/\/portaltela.pt\/noticias\/2026\/02\/27\/homem-detido-por-20-crimes-de-furto-na-regiao-oeste\/#breadcrumb\",\"itemListElement\":[{\"@type\":\"ListItem\",\"position\":1,\"name\":\"In\u00edcio\",\"item\":\"https:\/\/portaltela.pt\/\"},{\"@type\":\"ListItem\",\"position\":2,\"name\":\"Homem detido por 20 crimes de furto na regi\u00e3o Oeste\"}]},{\"@type\":\"WebSite\",\"@id\":\"https:\/\/portaltela.pt\/#website\",\"url\":\"https:\/\/portaltela.pt\/\",\"name\":\"Portal Tela Portugal\",\"description\":\"\",\"potentialAction\":[{\"@type\":\"SearchAction\",\"target\":{\"@type\":\"EntryPoint\",\"urlTemplate\":\"https:\/\/portaltela.pt\/?s={search_term_string}\"},\"query-input\":{\"@type\":\"PropertyValueSpecification\",\"valueRequired\":true,\"valueName\":\"search_term_string\"}}],\"inLanguage\":\"pt-PT\"},{\"@type\":\"Person\",\"@id\":\"https:\/\/portaltela.pt\/#\/schema\/person\/c4278d4a6028830caff9ee44b42d32ed\",\"name\":\"Telinha\",\"image\":{\"@type\":\"ImageObject\",\"inLanguage\":\"pt-PT\",\"@id\":\"https:\/\/portaltela.pt\/s.01k8rhncp4jt1\/2025\/11\/talking-bot-125x125.png\",\"url\":\"https:\/\/portaltela.pt\/s.01k8rhncp4jt1\/2025\/11\/talking-bot-125x125.png\",\"contentUrl\":\"https:\/\/portaltela.pt\/s.01k8rhncp4jt1\/2025\/11\/talking-bot-125x125.png\",\"caption\":\"Telinha\"},\"sameAs\":[\"https:\/\/portaltela.pt\/\"],\"url\":\"https:\/\/portaltela.pt\/por\/367410592786\/\"}]}<\/script>\n<!-- \/ Yoast SEO plugin. -->","yoast_head_json":{"title":"Homem detido por 20 crimes de furto na regi\u00e3o Oeste - Portal Tela Portugal","robots":{"index":"index","follow":"follow","max-snippet":"max-snippet:-1","max-image-preview":"max-image-preview:large","max-video-preview":"max-video-preview:-1"},"og_locale":"pt_PT","og_type":"article","og_title":"Homem detido por 20 crimes de furto na regi\u00e3o Oeste - Portal Tela Portugal","og_description":"Um homem de 41 anos foi detido na segunda-feira por 20 crimes de furto em estabelecimentos de ensino, centros sociais, casa mortu\u00e1ria e igrejas na regi\u00e3o Oeste. Os furtos ocorreram nos concelhos de Bombarral, Caldas da Rainha, \u00d3bidos e Alcoba\u00e7a, no distrito de Leiria. Em busca domicili\u00e1ria foram apreendidos gorro passa-montanhas, luvas, lanterna frontal, powerbank e tr\u00eas chaves de fendas, bem como chave estrela, spray W.40, dois pares de sapatilhas e tesoura. O detido tem antecedentes por furto e tr\u00e1fico de droga; h\u00e1 mandado de deten\u00e7\u00e3o para cumprimento de pena de pris\u00e3o efetiva por outros furtos, e foi conduzido ao Estabelecimento Prisional de Caldas da Rainha. Foi constitu\u00eddo arguido por dois crimes de furto em estabelecimentos escolares no Cadaval, com os autos remetidos ao Tribunal Judicial de Alenquer.","og_url":"https:\/\/portaltela.pt\/noticias\/2026\/02\/27\/homem-detido-por-20-crimes-de-furto-na-regiao-oeste\/","og_site_name":"Portal Tela Portugal","article_published_time":"2026-02-27T08:12:42+00:00","author":"Telinha","twitter_card":"summary_large_image","twitter_misc":{"Escrito por":"Telinha","Tempo estimado de leitura":"1 minuto"},"schema":{"@context":"https:\/\/schema.org","@graph":[{"@type":"Article","@id":"https:\/\/portaltela.pt\/noticias\/2026\/02\/27\/homem-detido-por-20-crimes-de-furto-na-regiao-oeste\/#article","isPartOf":{"@id":"https:\/\/portaltela.pt\/noticias\/2026\/02\/27\/homem-detido-por-20-crimes-de-furto-na-regiao-oeste\/"},"author":{"name":"Telinha","@id":"https:\/\/portaltela.pt\/#\/schema\/person\/c4278d4a6028830caff9ee44b42d32ed"},"headline":"Homem detido por 20 crimes de furto na regi\u00e3o Oeste","datePublished":"2026-02-27T08:12:42+00:00","mainEntityOfPage":{"@id":"https:\/\/portaltela.pt\/noticias\/2026\/02\/27\/homem-detido-por-20-crimes-de-furto-na-regiao-oeste\/"},"wordCount":140,"image":{"@id":"https:\/\/portaltela.pt\/noticias\/2026\/02\/27\/homem-detido-por-20-crimes-de-furto-na-regiao-oeste\/#primaryimage"},"thumbnailUrl":"https:\/\/portaltela.pt\/s.01k8rhncp4jt1\/2026\/02\/img_1500x1000uu2020-03-07-11-25-42-929677.jpg","keywords":["Alcoba\u00e7a","Caldas da Rainha","furto","furtos","Leiria","\u00d3bidos"],"articleSection":["Not\u00edcias"],"inLanguage":"pt-PT"},{"@type":"WebPage","@id":"https:\/\/portaltela.pt\/noticias\/2026\/02\/27\/homem-detido-por-20-crimes-de-furto-na-regiao-oeste\/","url":"https:\/\/portaltela.pt\/noticias\/2026\/02\/27\/homem-detido-por-20-crimes-de-furto-na-regiao-oeste\/","name":"Homem detido por 20 crimes de furto na regi\u00e3o Oeste - Portal Tela Portugal","isPartOf":{"@id":"https:\/\/portaltela.pt\/#website"},"primaryImageOfPage":{"@id":"https:\/\/portaltela.pt\/noticias\/2026\/02\/27\/homem-detido-por-20-crimes-de-furto-na-regiao-oeste\/#primaryimage"},"image":{"@id":"https:\/\/portaltela.pt\/noticias\/2026\/02\/27\/homem-detido-por-20-crimes-de-furto-na-regiao-oeste\/#primaryimage"},"thumbnailUrl":"https:\/\/portaltela.pt\/s.01k8rhncp4jt1\/2026\/02\/img_1500x1000uu2020-03-07-11-25-42-929677.jpg","datePublished":"2026-02-27T08:12:42+00:00","author":{"@id":"https:\/\/portaltela.pt\/#\/schema\/person\/c4278d4a6028830caff9ee44b42d32ed"},"breadcrumb":{"@id":"https:\/\/portaltela.pt\/noticias\/2026\/02\/27\/homem-detido-por-20-crimes-de-furto-na-regiao-oeste\/#breadcrumb"},"inLanguage":"pt-PT","potentialAction":[{"@type":"ReadAction","target":["https:\/\/portaltela.pt\/noticias\/2026\/02\/27\/homem-detido-por-20-crimes-de-furto-na-regiao-oeste\/"]}]},{"@type":"ImageObject","inLanguage":"pt-PT","@id":"https:\/\/portaltela.pt\/noticias\/2026\/02\/27\/homem-detido-por-20-crimes-de-furto-na-regiao-oeste\/#primaryimage","url":"https:\/\/portaltela.pt\/s.01k8rhncp4jt1\/2026\/02\/img_1500x1000uu2020-03-07-11-25-42-929677.jpg","contentUrl":"https:\/\/portaltela.pt\/s.01k8rhncp4jt1\/2026\/02\/img_1500x1000uu2020-03-07-11-25-42-929677.jpg","width":796,"height":448,"caption":"Homem de 41 anos foi detido na segunda-feira por 20 crimes de furto em estabelecimentos de ensino, centros sociais, casa mortu\u00e1ria e igrejas na regi\u00e3o Oeste, informou esta sexta-feira a Guarda Nacional Republicana (GNR)."},{"@type":"BreadcrumbList","@id":"https:\/\/portaltela.pt\/noticias\/2026\/02\/27\/homem-detido-por-20-crimes-de-furto-na-regiao-oeste\/#breadcrumb","itemListElement":[{"@type":"ListItem","position":1,"name":"In\u00edcio","item":"https:\/\/portaltela.pt\/"},{"@type":"ListItem","position":2,"name":"Homem detido por 20 crimes de furto na regi\u00e3o Oeste"}]},{"@type":"WebSite","@id":"https:\/\/portaltela.pt\/#website","url":"https:\/\/portaltela.pt\/","name":"Portal Tela Portugal","description":"","potentialAction":[{"@type":"SearchAction","target":{"@type":"EntryPoint","urlTemplate":"https:\/\/portaltela.pt\/?s={search_term_string}"},"query-input":{"@type":"PropertyValueSpecification","valueRequired":true,"valueName":"search_term_string"}}],"inLanguage":"pt-PT"},{"@type":"Person","@id":"https:\/\/portaltela.pt\/#\/schema\/person\/c4278d4a6028830caff9ee44b42d32ed","name":"Telinha","image":{"@type":"ImageObject","inLanguage":"pt-PT","@id":"https:\/\/portaltela.pt\/s.01k8rhncp4jt1\/2025\/11\/talking-bot-125x125.png","url":"https:\/\/portaltela.pt\/s.01k8rhncp4jt1\/2025\/11\/talking-bot-125x125.png","contentUrl":"https:\/\/portaltela.pt\/s.01k8rhncp4jt1\/2025\/11\/talking-bot-125x125.png","caption":"Telinha"},"sameAs":["https:\/\/portaltela.pt\/"],"url":"https:\/\/portaltela.pt\/por\/367410592786\/"}]}},"_links":{"self":[{"href":"https:\/\/portaltela.pt\/api\/wp\/v2\/posts\/390263","targetHints":{"allow":["GET"]}}],"collection":[{"href":"https:\/\/portaltela.pt\/api\/wp\/v2\/posts"}],"about":[{"href":"https:\/\/portaltela.pt\/api\/wp\/v2\/types\/post"}],"author":[{"embeddable":true,"href":"https:\/\/portaltela.pt\/api\/wp\/v2\/users\/2"}],"replies":[{"embeddable":true,"href":"https:\/\/portaltela.pt\/api\/wp\/v2\/comments?post=390263"}],"version-history":[{"count":0,"href":"https:\/\/portaltela.pt\/api\/wp\/v2\/posts\/390263\/revisions"}],"wp:featuredmedia":[{"embeddable":true,"href":"https:\/\/portaltela.pt\/api\/wp\/v2\/media\/390266"}],"wp:attachment":[{"href":"https:\/\/portaltela.pt\/api\/wp\/v2\/media?parent=390263"}],"wp:term":[{"taxonomy":"category","embeddable":true,"href":"https:\/\/portaltela.pt\/api\/wp\/v2\/categories?post=390263"},{"taxonomy":"post_tag","embeddable":true,"href":"https:\/\/portaltela.pt\/api\/wp\/v2\/tags?post=390263"}],"curies":[{"name":"wp","href":"https:\/\/api.w.org\/{rel}","templated":true}]}}