{"id":390245,"date":"2026-02-27T05:01:56","date_gmt":"2026-02-27T08:01:56","guid":{"rendered":"https:\/\/portaltela.pt\/noticias\/2026\/02\/27\/primeiros-ministros-da-estonia-e-da-lituania-dao-entrevista-exclusiva-a-euronews\/"},"modified":"2026-02-27T05:01:56","modified_gmt":"2026-02-27T08:01:56","slug":"primeiros-ministros-da-estonia-e-da-lituania-dao-entrevista-exclusiva-a-euronews","status":"publish","type":"post","link":"https:\/\/portaltela.pt\/noticias\/politica\/2026\/02\/27\/primeiros-ministros-da-estonia-e-da-lituania-dao-entrevista-exclusiva-a-euronews\/","title":{"rendered":"Primeiros-ministros da Est\u00f3nia e da Litu\u00e2nia d\u00e3o entrevista exclusiva \u00e0 Euronews"},"content":{"rendered":"<p>O Europe Today estreia como formato matinal da Euronews, apresentando as principais not\u00edcias do dia em 20 minutos. Hoje inclui entrevistas exclusivas com os primeiros-ministros da Est\u00f3nia e da Litu\u00e2nia, bem como com a ministra austr\u00edaca da Mulher, Ci\u00eancia e Investiga\u00e7\u00e3o. H\u00e1 tamb\u00e9m an\u00e1lise sobre o oleoduto Druzhba e a proposta de uma miss\u00e3o de averigua\u00e7\u00e3o.<\/p>\n<p>Maria Tadeo, editora da Uni\u00e3o Europeia, analisa o dano no oleoduto Druzhba e a resposta de Hungria, que prop\u00f4s uma miss\u00e3o de averigua\u00e7\u00e3o para avaliar os preju\u00edzos. O objetivo \u00e9 esclarecer responsabilidades e impactos no abastecimento energ\u00e9tico da regi\u00e3o.<\/p>\n<p>Entrevistas em exclusivo com Kristen Michal, Primeiro-Ministro da Est\u00f3nia, Inga Ruginien\u0117, Primeira-Ministra da Litu\u00e2nia, e Eva-Maria Holzleitner, Ministra austr\u00edaca da Mulher, Ci\u00eancia e Investiga\u00e7\u00e3o, comp\u00f5em o segmento central. As declara\u00e7\u00f5es ajudam a entender perspetivas sobre pol\u00edticas da UE.<\/p>\n<p>Jakub Janas explica o que \u00e9 uma iniciativa de cidadania europeia, na sequ\u00eancia da resposta da Comiss\u00e3o Europeia a uma peti\u00e7\u00e3o sobre o direito a aborto seguro e acess\u00edvel em toda a UE. O objetivo \u00e9 esclarecer os mecanismos de participa\u00e7\u00e3o c\u00edvica europeia.<\/p>\n<p>Quando e onde assistir<\/p>\n<p>Todos os dias, M\u00e9abh Mc Mahon e Maria Tadeo apresentam a not\u00edcia em direto na televis\u00e3o, no website e nas plataformas digitais da Euronews. O novo formato oferece uma leitura r\u00e1pida dos acontecimentos da UE com an\u00e1lise contextual. Tamb\u00e9m est\u00e1 dispon\u00edvel em newsletter e podcast.<\/p>\n","protected":false},"excerpt":{"rendered":"<ul>\n<li>Maria Tadeo analisa as \u00faltimas not\u00edcias sobre o oleoduto Druzhba danificado e a proposta da Hungria de uma miss\u00e3o de averigua\u00e7\u00e3o para avaliar os danos.<\/li>\n<li>Entrevistas exclusivas com o primeiro-ministro da Est\u00f3nia, Kristen Michal, e com a primeira-ministra da Litu\u00e2nia, Inga Ruginien\u0117.<\/li>\n<li>Entrevista com Eva-Maria Holzleitner, ministra austr\u00edaca da Mulher, Ci\u00eancia e Investiga\u00e7\u00e3o.<\/li>\n<li>Jakub Janas explica o que \u00e9 uma iniciativa de cidadania europeia, na sequ\u00eancia da resposta da Comiss\u00e3o Europeia a uma peti\u00e7\u00e3o sobre o direito ao aborto seguro.<\/li>\n<li>Europe Today \u00e9 emitido todos os dias e est\u00e1 dispon\u00edvel na televis\u00e3o, no s\u00edtio Web e nas plataformas digitais da Euronews, bem como em newsletter e podcast.<\/li>\n<\/ul>\n","protected":false},"author":2,"featured_media":390252,"comment_status":"closed","ping_status":"closed","sticky":false,"template":"","format":"standard","meta":{"footnotes":""},"categories":[1,5],"tags":[174,3486,2487,6435,3630,2055],"class_list":["post-390245","post","type-post","status-publish","format-standard","has-post-thumbnail","hentry","category-noticias","category-politica","tag-energia","tag-estonia","tag-europa","tag-iniciativa-de-cidadania-europeia","tag-lituania","tag-uniao-europeia"],"yoast_head":"<!-- This site is optimized with the Yoast SEO plugin v27.2 - https:\/\/yoast.com\/product\/yoast-seo-wordpress\/ -->\n<title>Primeiros-ministros da Est\u00f3nia e da Litu\u00e2nia d\u00e3o entrevista exclusiva \u00e0 Euronews - Portal Tela Portugal<\/title>\n<meta name=\"robots\" content=\"index, follow, max-snippet:-1, max-image-preview:large, max-video-preview:-1\" \/>\n<meta property=\"og:locale\" content=\"pt_PT\" \/>\n<meta property=\"og:type\" content=\"article\" \/>\n<meta property=\"og:title\" content=\"Primeiros-ministros da Est\u00f3nia e da Litu\u00e2nia d\u00e3o entrevista exclusiva \u00e0 Euronews - Portal Tela Portugal\" \/>\n<meta property=\"og:description\" content=\"Maria Tadeo analisa as \u00faltimas not\u00edcias sobre o oleoduto Druzhba danificado e a proposta da Hungria de uma miss\u00e3o de averigua\u00e7\u00e3o para avaliar os danos. Entrevistas exclusivas com o primeiro-ministro da Est\u00f3nia, Kristen Michal, e com a primeira-ministra da Litu\u00e2nia, Inga Ruginien\u0117. Entrevista com Eva-Maria Holzleitner, ministra austr\u00edaca da Mulher, Ci\u00eancia e Investiga\u00e7\u00e3o. Jakub Janas explica o que \u00e9 uma iniciativa de cidadania europeia, na sequ\u00eancia da resposta da Comiss\u00e3o Europeia a uma peti\u00e7\u00e3o sobre o direito ao aborto seguro. Europe Today \u00e9 emitido todos os dias e est\u00e1 dispon\u00edvel na televis\u00e3o, no s\u00edtio Web e nas plataformas digitais da Euronews, bem como em newsletter e podcast.\" \/>\n<meta property=\"og:url\" content=\"https:\/\/portaltela.pt\/noticias\/2026\/02\/27\/primeiros-ministros-da-estonia-e-da-lituania-dao-entrevista-exclusiva-a-euronews\/\" \/>\n<meta property=\"og:site_name\" content=\"Portal Tela Portugal\" \/>\n<meta property=\"article:published_time\" content=\"2026-02-27T08:01:56+00:00\" \/>\n<meta name=\"author\" content=\"Telinha\" \/>\n<meta name=\"twitter:card\" content=\"summary_large_image\" \/>\n<meta name=\"twitter:label1\" content=\"Escrito por\" \/>\n\t<meta name=\"twitter:data1\" content=\"Telinha\" \/>\n\t<meta name=\"twitter:label2\" content=\"Tempo estimado de leitura\" \/>\n\t<meta name=\"twitter:data2\" content=\"1 minuto\" \/>\n<script type=\"application\/ld+json\" class=\"yoast-schema-graph\">{\"@context\":\"https:\/\/schema.org\",\"@graph\":[{\"@type\":\"Article\",\"@id\":\"https:\/\/portaltela.pt\/noticias\/2026\/02\/27\/primeiros-ministros-da-estonia-e-da-lituania-dao-entrevista-exclusiva-a-euronews\/#article\",\"isPartOf\":{\"@id\":\"https:\/\/portaltela.pt\/noticias\/2026\/02\/27\/primeiros-ministros-da-estonia-e-da-lituania-dao-entrevista-exclusiva-a-euronews\/\"},\"author\":{\"name\":\"Telinha\",\"@id\":\"https:\/\/portaltela.pt\/#\/schema\/person\/c4278d4a6028830caff9ee44b42d32ed\"},\"headline\":\"Primeiros-ministros da Est\u00f3nia e da Litu\u00e2nia d\u00e3o entrevista exclusiva \u00e0 Euronews\",\"datePublished\":\"2026-02-27T08:01:56+00:00\",\"mainEntityOfPage\":{\"@id\":\"https:\/\/portaltela.pt\/noticias\/2026\/02\/27\/primeiros-ministros-da-estonia-e-da-lituania-dao-entrevista-exclusiva-a-euronews\/\"},\"wordCount\":272,\"image\":{\"@id\":\"https:\/\/portaltela.pt\/noticias\/2026\/02\/27\/primeiros-ministros-da-estonia-e-da-lituania-dao-entrevista-exclusiva-a-euronews\/#primaryimage\"},\"thumbnailUrl\":\"https:\/\/portaltela.pt\/s.01k8rhncp4jt1\/2026\/02\/1536x864_cmsv2_2a138613-2a04-58f7-9379-1af1801f8d3e-9660008.jpg\",\"keywords\":[\"energia\",\"Est\u00f3nia\",\"Europa\",\"Iniciativa de cidadania europeia\",\"Litu\u00e2nia\",\"Uni\u00e3o Europeia\"],\"articleSection\":[\"Not\u00edcias\",\"Pol\u00edtica\"],\"inLanguage\":\"pt-PT\"},{\"@type\":\"WebPage\",\"@id\":\"https:\/\/portaltela.pt\/noticias\/2026\/02\/27\/primeiros-ministros-da-estonia-e-da-lituania-dao-entrevista-exclusiva-a-euronews\/\",\"url\":\"https:\/\/portaltela.pt\/noticias\/2026\/02\/27\/primeiros-ministros-da-estonia-e-da-lituania-dao-entrevista-exclusiva-a-euronews\/\",\"name\":\"Primeiros-ministros da Est\u00f3nia e da Litu\u00e2nia d\u00e3o entrevista exclusiva \u00e0 Euronews - Portal Tela Portugal\",\"isPartOf\":{\"@id\":\"https:\/\/portaltela.pt\/#website\"},\"primaryImageOfPage\":{\"@id\":\"https:\/\/portaltela.pt\/noticias\/2026\/02\/27\/primeiros-ministros-da-estonia-e-da-lituania-dao-entrevista-exclusiva-a-euronews\/#primaryimage\"},\"image\":{\"@id\":\"https:\/\/portaltela.pt\/noticias\/2026\/02\/27\/primeiros-ministros-da-estonia-e-da-lituania-dao-entrevista-exclusiva-a-euronews\/#primaryimage\"},\"thumbnailUrl\":\"https:\/\/portaltela.pt\/s.01k8rhncp4jt1\/2026\/02\/1536x864_cmsv2_2a138613-2a04-58f7-9379-1af1801f8d3e-9660008.jpg\",\"datePublished\":\"2026-02-27T08:01:56+00:00\",\"author\":{\"@id\":\"https:\/\/portaltela.pt\/#\/schema\/person\/c4278d4a6028830caff9ee44b42d32ed\"},\"breadcrumb\":{\"@id\":\"https:\/\/portaltela.pt\/noticias\/2026\/02\/27\/primeiros-ministros-da-estonia-e-da-lituania-dao-entrevista-exclusiva-a-euronews\/#breadcrumb\"},\"inLanguage\":\"pt-PT\",\"potentialAction\":[{\"@type\":\"ReadAction\",\"target\":[\"https:\/\/portaltela.pt\/noticias\/2026\/02\/27\/primeiros-ministros-da-estonia-e-da-lituania-dao-entrevista-exclusiva-a-euronews\/\"]}]},{\"@type\":\"ImageObject\",\"inLanguage\":\"pt-PT\",\"@id\":\"https:\/\/portaltela.pt\/noticias\/2026\/02\/27\/primeiros-ministros-da-estonia-e-da-lituania-dao-entrevista-exclusiva-a-euronews\/#primaryimage\",\"url\":\"https:\/\/portaltela.pt\/s.01k8rhncp4jt1\/2026\/02\/1536x864_cmsv2_2a138613-2a04-58f7-9379-1af1801f8d3e-9660008.jpg\",\"contentUrl\":\"https:\/\/portaltela.pt\/s.01k8rhncp4jt1\/2026\/02\/1536x864_cmsv2_2a138613-2a04-58f7-9379-1af1801f8d3e-9660008.jpg\",\"width\":796,\"height\":448,\"caption\":\"Para a esquerda: Inga Ruginien\u0117, primeira-ministra da Litu\u00e2nia; \u00e0 direita: Kristen Michal, Primeiro-Ministro da Est\u00f3nia\"},{\"@type\":\"BreadcrumbList\",\"@id\":\"https:\/\/portaltela.pt\/noticias\/2026\/02\/27\/primeiros-ministros-da-estonia-e-da-lituania-dao-entrevista-exclusiva-a-euronews\/#breadcrumb\",\"itemListElement\":[{\"@type\":\"ListItem\",\"position\":1,\"name\":\"In\u00edcio\",\"item\":\"https:\/\/portaltela.pt\/\"},{\"@type\":\"ListItem\",\"position\":2,\"name\":\"Primeiros-ministros da Est\u00f3nia e da Litu\u00e2nia d\u00e3o entrevista exclusiva \u00e0 Euronews\"}]},{\"@type\":\"WebSite\",\"@id\":\"https:\/\/portaltela.pt\/#website\",\"url\":\"https:\/\/portaltela.pt\/\",\"name\":\"Portal Tela Portugal\",\"description\":\"\",\"potentialAction\":[{\"@type\":\"SearchAction\",\"target\":{\"@type\":\"EntryPoint\",\"urlTemplate\":\"https:\/\/portaltela.pt\/?s={search_term_string}\"},\"query-input\":{\"@type\":\"PropertyValueSpecification\",\"valueRequired\":true,\"valueName\":\"search_term_string\"}}],\"inLanguage\":\"pt-PT\"},{\"@type\":\"Person\",\"@id\":\"https:\/\/portaltela.pt\/#\/schema\/person\/c4278d4a6028830caff9ee44b42d32ed\",\"name\":\"Telinha\",\"image\":{\"@type\":\"ImageObject\",\"inLanguage\":\"pt-PT\",\"@id\":\"https:\/\/portaltela.pt\/s.01k8rhncp4jt1\/2025\/11\/talking-bot-125x125.png\",\"url\":\"https:\/\/portaltela.pt\/s.01k8rhncp4jt1\/2025\/11\/talking-bot-125x125.png\",\"contentUrl\":\"https:\/\/portaltela.pt\/s.01k8rhncp4jt1\/2025\/11\/talking-bot-125x125.png\",\"caption\":\"Telinha\"},\"sameAs\":[\"https:\/\/portaltela.pt\/\"],\"url\":\"https:\/\/portaltela.pt\/por\/367410592786\/\"}]}<\/script>\n<!-- \/ Yoast SEO plugin. -->","yoast_head_json":{"title":"Primeiros-ministros da Est\u00f3nia e da Litu\u00e2nia d\u00e3o entrevista exclusiva \u00e0 Euronews - Portal Tela Portugal","robots":{"index":"index","follow":"follow","max-snippet":"max-snippet:-1","max-image-preview":"max-image-preview:large","max-video-preview":"max-video-preview:-1"},"og_locale":"pt_PT","og_type":"article","og_title":"Primeiros-ministros da Est\u00f3nia e da Litu\u00e2nia d\u00e3o entrevista exclusiva \u00e0 Euronews - Portal Tela Portugal","og_description":"Maria Tadeo analisa as \u00faltimas not\u00edcias sobre o oleoduto Druzhba danificado e a proposta da Hungria de uma miss\u00e3o de averigua\u00e7\u00e3o para avaliar os danos. Entrevistas exclusivas com o primeiro-ministro da Est\u00f3nia, Kristen Michal, e com a primeira-ministra da Litu\u00e2nia, Inga Ruginien\u0117. Entrevista com Eva-Maria Holzleitner, ministra austr\u00edaca da Mulher, Ci\u00eancia e Investiga\u00e7\u00e3o. Jakub Janas explica o que \u00e9 uma iniciativa de cidadania europeia, na sequ\u00eancia da resposta da Comiss\u00e3o Europeia a uma peti\u00e7\u00e3o sobre o direito ao aborto seguro. Europe Today \u00e9 emitido todos os dias e est\u00e1 dispon\u00edvel na televis\u00e3o, no s\u00edtio Web e nas plataformas digitais da Euronews, bem como em newsletter e podcast.","og_url":"https:\/\/portaltela.pt\/noticias\/2026\/02\/27\/primeiros-ministros-da-estonia-e-da-lituania-dao-entrevista-exclusiva-a-euronews\/","og_site_name":"Portal Tela Portugal","article_published_time":"2026-02-27T08:01:56+00:00","author":"Telinha","twitter_card":"summary_large_image","twitter_misc":{"Escrito por":"Telinha","Tempo estimado de leitura":"1 minuto"},"schema":{"@context":"https:\/\/schema.org","@graph":[{"@type":"Article","@id":"https:\/\/portaltela.pt\/noticias\/2026\/02\/27\/primeiros-ministros-da-estonia-e-da-lituania-dao-entrevista-exclusiva-a-euronews\/#article","isPartOf":{"@id":"https:\/\/portaltela.pt\/noticias\/2026\/02\/27\/primeiros-ministros-da-estonia-e-da-lituania-dao-entrevista-exclusiva-a-euronews\/"},"author":{"name":"Telinha","@id":"https:\/\/portaltela.pt\/#\/schema\/person\/c4278d4a6028830caff9ee44b42d32ed"},"headline":"Primeiros-ministros da Est\u00f3nia e da Litu\u00e2nia d\u00e3o entrevista exclusiva \u00e0 Euronews","datePublished":"2026-02-27T08:01:56+00:00","mainEntityOfPage":{"@id":"https:\/\/portaltela.pt\/noticias\/2026\/02\/27\/primeiros-ministros-da-estonia-e-da-lituania-dao-entrevista-exclusiva-a-euronews\/"},"wordCount":272,"image":{"@id":"https:\/\/portaltela.pt\/noticias\/2026\/02\/27\/primeiros-ministros-da-estonia-e-da-lituania-dao-entrevista-exclusiva-a-euronews\/#primaryimage"},"thumbnailUrl":"https:\/\/portaltela.pt\/s.01k8rhncp4jt1\/2026\/02\/1536x864_cmsv2_2a138613-2a04-58f7-9379-1af1801f8d3e-9660008.jpg","keywords":["energia","Est\u00f3nia","Europa","Iniciativa de cidadania europeia","Litu\u00e2nia","Uni\u00e3o Europeia"],"articleSection":["Not\u00edcias","Pol\u00edtica"],"inLanguage":"pt-PT"},{"@type":"WebPage","@id":"https:\/\/portaltela.pt\/noticias\/2026\/02\/27\/primeiros-ministros-da-estonia-e-da-lituania-dao-entrevista-exclusiva-a-euronews\/","url":"https:\/\/portaltela.pt\/noticias\/2026\/02\/27\/primeiros-ministros-da-estonia-e-da-lituania-dao-entrevista-exclusiva-a-euronews\/","name":"Primeiros-ministros da Est\u00f3nia e da Litu\u00e2nia d\u00e3o entrevista exclusiva \u00e0 Euronews - Portal Tela Portugal","isPartOf":{"@id":"https:\/\/portaltela.pt\/#website"},"primaryImageOfPage":{"@id":"https:\/\/portaltela.pt\/noticias\/2026\/02\/27\/primeiros-ministros-da-estonia-e-da-lituania-dao-entrevista-exclusiva-a-euronews\/#primaryimage"},"image":{"@id":"https:\/\/portaltela.pt\/noticias\/2026\/02\/27\/primeiros-ministros-da-estonia-e-da-lituania-dao-entrevista-exclusiva-a-euronews\/#primaryimage"},"thumbnailUrl":"https:\/\/portaltela.pt\/s.01k8rhncp4jt1\/2026\/02\/1536x864_cmsv2_2a138613-2a04-58f7-9379-1af1801f8d3e-9660008.jpg","datePublished":"2026-02-27T08:01:56+00:00","author":{"@id":"https:\/\/portaltela.pt\/#\/schema\/person\/c4278d4a6028830caff9ee44b42d32ed"},"breadcrumb":{"@id":"https:\/\/portaltela.pt\/noticias\/2026\/02\/27\/primeiros-ministros-da-estonia-e-da-lituania-dao-entrevista-exclusiva-a-euronews\/#breadcrumb"},"inLanguage":"pt-PT","potentialAction":[{"@type":"ReadAction","target":["https:\/\/portaltela.pt\/noticias\/2026\/02\/27\/primeiros-ministros-da-estonia-e-da-lituania-dao-entrevista-exclusiva-a-euronews\/"]}]},{"@type":"ImageObject","inLanguage":"pt-PT","@id":"https:\/\/portaltela.pt\/noticias\/2026\/02\/27\/primeiros-ministros-da-estonia-e-da-lituania-dao-entrevista-exclusiva-a-euronews\/#primaryimage","url":"https:\/\/portaltela.pt\/s.01k8rhncp4jt1\/2026\/02\/1536x864_cmsv2_2a138613-2a04-58f7-9379-1af1801f8d3e-9660008.jpg","contentUrl":"https:\/\/portaltela.pt\/s.01k8rhncp4jt1\/2026\/02\/1536x864_cmsv2_2a138613-2a04-58f7-9379-1af1801f8d3e-9660008.jpg","width":796,"height":448,"caption":"Para a esquerda: Inga Ruginien\u0117, primeira-ministra da Litu\u00e2nia; \u00e0 direita: Kristen Michal, Primeiro-Ministro da Est\u00f3nia"},{"@type":"BreadcrumbList","@id":"https:\/\/portaltela.pt\/noticias\/2026\/02\/27\/primeiros-ministros-da-estonia-e-da-lituania-dao-entrevista-exclusiva-a-euronews\/#breadcrumb","itemListElement":[{"@type":"ListItem","position":1,"name":"In\u00edcio","item":"https:\/\/portaltela.pt\/"},{"@type":"ListItem","position":2,"name":"Primeiros-ministros da Est\u00f3nia e da Litu\u00e2nia d\u00e3o entrevista exclusiva \u00e0 Euronews"}]},{"@type":"WebSite","@id":"https:\/\/portaltela.pt\/#website","url":"https:\/\/portaltela.pt\/","name":"Portal Tela Portugal","description":"","potentialAction":[{"@type":"SearchAction","target":{"@type":"EntryPoint","urlTemplate":"https:\/\/portaltela.pt\/?s={search_term_string}"},"query-input":{"@type":"PropertyValueSpecification","valueRequired":true,"valueName":"search_term_string"}}],"inLanguage":"pt-PT"},{"@type":"Person","@id":"https:\/\/portaltela.pt\/#\/schema\/person\/c4278d4a6028830caff9ee44b42d32ed","name":"Telinha","image":{"@type":"ImageObject","inLanguage":"pt-PT","@id":"https:\/\/portaltela.pt\/s.01k8rhncp4jt1\/2025\/11\/talking-bot-125x125.png","url":"https:\/\/portaltela.pt\/s.01k8rhncp4jt1\/2025\/11\/talking-bot-125x125.png","contentUrl":"https:\/\/portaltela.pt\/s.01k8rhncp4jt1\/2025\/11\/talking-bot-125x125.png","caption":"Telinha"},"sameAs":["https:\/\/portaltela.pt\/"],"url":"https:\/\/portaltela.pt\/por\/367410592786\/"}]}},"_links":{"self":[{"href":"https:\/\/portaltela.pt\/api\/wp\/v2\/posts\/390245","targetHints":{"allow":["GET"]}}],"collection":[{"href":"https:\/\/portaltela.pt\/api\/wp\/v2\/posts"}],"about":[{"href":"https:\/\/portaltela.pt\/api\/wp\/v2\/types\/post"}],"author":[{"embeddable":true,"href":"https:\/\/portaltela.pt\/api\/wp\/v2\/users\/2"}],"replies":[{"embeddable":true,"href":"https:\/\/portaltela.pt\/api\/wp\/v2\/comments?post=390245"}],"version-history":[{"count":0,"href":"https:\/\/portaltela.pt\/api\/wp\/v2\/posts\/390245\/revisions"}],"wp:featuredmedia":[{"embeddable":true,"href":"https:\/\/portaltela.pt\/api\/wp\/v2\/media\/390252"}],"wp:attachment":[{"href":"https:\/\/portaltela.pt\/api\/wp\/v2\/media?parent=390245"}],"wp:term":[{"taxonomy":"category","embeddable":true,"href":"https:\/\/portaltela.pt\/api\/wp\/v2\/categories?post=390245"},{"taxonomy":"post_tag","embeddable":true,"href":"https:\/\/portaltela.pt\/api\/wp\/v2\/tags?post=390245"}],"curies":[{"name":"wp","href":"https:\/\/api.w.org\/{rel}","templated":true}]}}